{"id":103425,"date":"2017-03-07T23:51:31","date_gmt":"2017-03-07T22:51:31","guid":{"rendered":"http:\/\/www.visit-ulcinj.com\/blog\/?p=103425"},"modified":"2017-03-08T18:55:27","modified_gmt":"2017-03-08T17:55:27","slug":"komuna-e-ulqinit-ne-panairin-e-investimve-mipim-2017","status":"publish","type":"post","link":"https:\/\/www.visit-ulcinj.com\/blog\/2017\/03\/07\/komuna-e-ulqinit-ne-panairin-e-investimve-mipim-2017\/","title":{"rendered":"Komuna e Ulqinit ne panairin e investimeve MIPIM 2017"},"content":{"rendered":"<p><a href=\"http:\/\/www.visit-ulcinj.com\/blog\/wp-content\/uploads\/2017\/03\/Komuna-e-Ulqinit-ne-panairin-e-investimve-MIPIM-2017.png\"><img loading=\"lazy\" class=\"alignleft wp-image-103426\" src=\"http:\/\/www.visit-ulcinj.com\/blog\/wp-content\/uploads\/2017\/03\/Komuna-e-Ulqinit-ne-panairin-e-investimve-MIPIM-2017.png\" alt=\"Komuna e Ulqinit ne panairin e investimve MIPIM 2017\" width=\"508\" height=\"261\" srcset=\"https:\/\/www.visit-ulcinj.com\/blog\/wp-content\/uploads\/2017\/03\/Komuna-e-Ulqinit-ne-panairin-e-investimve-MIPIM-2017.png 681w, https:\/\/www.visit-ulcinj.com\/blog\/wp-content\/uploads\/2017\/03\/Komuna-e-Ulqinit-ne-panairin-e-investimve-MIPIM-2017-300x154.png 300w\" sizes=\"(max-width: 508px) 100vw, 508px\" \/><\/a>N\u00eb kuad\u00ebr t\u00eb fushat\u00ebs p\u00ebr promovimin e investimeve t\u00eb huaja n\u00eb Komun\u00eb e Ulqinit, kryetari i Komun\u00ebs Nazif Cungu do t\u00eb marr pj\u00ebs\u00eb n\u00eb panairin nd\u00ebrkomb\u00ebtar t\u00eb patundshm\u00ebrive dhe investimeve MIPIM 2017, i cili do t\u00eb mbahet me datat 14-17 mars n\u00eb Kan t\u00eb Franc\u00ebs. Kryetari Cungu gjat\u00eb q\u00ebndrimit n\u00eb Kan do t\u00eb ket\u00eb nj\u00eb num\u00ebr t\u00eb konsideruesh\u00ebm t\u00eb takimeve bilaterale m\u00eb investor\u00eb t\u00eb njohur potencial, me theks t\u00eb ve\u00e7ant\u00eb tek investimet n\u00eb fush\u00ebn e turizmit.<\/p>\n<p>N\u00eb panairin e p\u00ebrmendur do t\u00eb marr pjes\u00eb edhe ministri p\u00ebr zhvillim t\u00eb qendruesh\u00ebm dhe turiz\u00ebm t\u00eb Malit t\u00eb Zi Pavlle Raduloviq.<\/p>\n<p>MIPIM \u00ebsht\u00eb panairi m\u00eb madh nd\u00ebrkomb\u00ebtar p\u00ebr patundshm\u00ebri dhe investime, i cili k\u00ebte vit sh\u00ebnon edicionin e 28-t\u00eb. N\u00eb MIPIM marrim pjes\u00eb m\u00eb shum\u00eb se 90 shtete nga gjith\u00eb bota. Panairin e viziton m\u00eb shum\u00eb se 21.000 vizitor\u00eb, p\u00ebrfshir\u00eb k\u00ebtu dhe mbi 4800 investitor\u00eb potencial, klient\u00eb korporativ dhe grupacione hotelijerike.<\/p>\n","protected":false},"excerpt":{"rendered":"<p>N\u00eb kuad\u00ebr t\u00eb fushat\u00ebs p\u00ebr promovimin e investimeve t\u00eb huaja n\u00eb Komun\u00eb e Ulqinit, kryetari i Komun\u00ebs Nazif Cungu do t\u00eb marr pj\u00ebs\u00eb n\u00eb panairin nd\u00ebrkomb\u00ebtar t\u00eb patundshm\u00ebrive dhe investimeve MIPIM 2017, i cili do t\u00eb mbahet me datat 14-17 mars n\u00eb Kan t\u00eb Franc\u00ebs. Kryetari Cungu gjat\u00eb q\u00ebndrimit n\u00eb Kan do t\u00eb ket\u00eb nj\u00eb [&hellip;]<\/p>\n","protected":false},"author":1,"featured_media":0,"comment_status":"closed","ping_status":"closed","sticky":false,"template":"","format":"standard","meta":{"spay_email":"","jetpack_publicize_message":"","jetpack_is_tweetstorm":false,"jetpack_publicize_feature_enabled":true},"categories":[10,1],"tags":[],"jetpack_publicize_connections":[],"yoast_head":"<!-- This site is optimized with the Yoast SEO plugin v19.1 - https:\/\/yoast.com\/wordpress\/plugins\/seo\/ -->\n<title>Komuna e Ulqinit ne panairin e investimeve MIPIM 2017 - Lajme nga Ulqini<\/title>\n<meta name=\"description\" content=\"N\u00eb kuad\u00ebr t\u00eb fushat\u00ebs p\u00ebr promovimin e investimeve t\u00eb huaja n\u00eb Komun\u00eb e Ulqinit, kryetari i Komun\u00ebs Nazif Cungu do t\u00eb marr pj\u00ebs\u00eb n\u00eb panairin nd\u00ebrkomb\u00ebtar\" \/>\n<meta name=\"robots\" content=\"index, follow, max-snippet:-1, max-image-preview:large, max-video-preview:-1\" \/>\n<link rel=\"canonical\" href=\"https:\/\/www.visit-ulcinj.com\/blog\/2017\/03\/07\/komuna-e-ulqinit-ne-panairin-e-investimve-mipim-2017\/\" \/>\n<meta property=\"og:locale\" content=\"en_US\" \/>\n<meta property=\"og:type\" content=\"article\" \/>\n<meta property=\"og:title\" content=\"Komuna e Ulqinit ne panairin e investimeve MIPIM 2017 - Lajme nga Ulqini\" \/>\n<meta property=\"og:description\" content=\"N\u00eb kuad\u00ebr t\u00eb fushat\u00ebs p\u00ebr promovimin e investimeve t\u00eb huaja n\u00eb Komun\u00eb e Ulqinit, kryetari i Komun\u00ebs Nazif Cungu do t\u00eb marr pj\u00ebs\u00eb n\u00eb panairin nd\u00ebrkomb\u00ebtar\" \/>\n<meta property=\"og:url\" content=\"https:\/\/www.visit-ulcinj.com\/blog\/2017\/03\/07\/komuna-e-ulqinit-ne-panairin-e-investimve-mipim-2017\/\" \/>\n<meta property=\"og:site_name\" content=\"Lajme nga Ulqini\" \/>\n<meta property=\"article:published_time\" content=\"2017-03-07T22:51:31+00:00\" \/>\n<meta property=\"article:modified_time\" content=\"2017-03-08T17:55:27+00:00\" \/>\n<meta property=\"og:image\" content=\"http:\/\/www.visit-ulcinj.com\/blog\/wp-content\/uploads\/2017\/03\/Komuna-e-Ulqinit-ne-panairin-e-investimve-MIPIM-2017.png\" \/>\n<meta name=\"twitter:label1\" content=\"Written by\" \/>\n\t<meta name=\"twitter:data1\" content=\"ulqini\" \/>\n\t<meta name=\"twitter:label2\" content=\"Est. reading time\" \/>\n\t<meta name=\"twitter:data2\" content=\"1 minute\" \/>\n<script type=\"application\/ld+json\" class=\"yoast-schema-graph\">{\"@context\":\"https:\/\/schema.org\",\"@graph\":[{\"@type\":\"WebSite\",\"@id\":\"https:\/\/www.visit-ulcinj.com\/blog\/#website\",\"url\":\"https:\/\/www.visit-ulcinj.com\/blog\/\",\"name\":\"Lajme nga Ulqini\",\"description\":\"Lajme,Vijesti,Ulqini,Ulqin,Crna Gora,Mali i Zi\",\"potentialAction\":[{\"@type\":\"SearchAction\",\"target\":{\"@type\":\"EntryPoint\",\"urlTemplate\":\"https:\/\/www.visit-ulcinj.com\/blog\/?s={search_term_string}\"},\"query-input\":\"required name=search_term_string\"}],\"inLanguage\":\"en-US\"},{\"@type\":\"ImageObject\",\"inLanguage\":\"en-US\",\"@id\":\"https:\/\/www.visit-ulcinj.com\/blog\/2017\/03\/07\/komuna-e-ulqinit-ne-panairin-e-investimve-mipim-2017\/#primaryimage\",\"url\":\"https:\/\/www.visit-ulcinj.com\/blog\/wp-content\/uploads\/2017\/03\/Komuna-e-Ulqinit-ne-panairin-e-investimve-MIPIM-2017.png\",\"contentUrl\":\"https:\/\/www.visit-ulcinj.com\/blog\/wp-content\/uploads\/2017\/03\/Komuna-e-Ulqinit-ne-panairin-e-investimve-MIPIM-2017.png\",\"width\":681,\"height\":350},{\"@type\":\"WebPage\",\"@id\":\"https:\/\/www.visit-ulcinj.com\/blog\/2017\/03\/07\/komuna-e-ulqinit-ne-panairin-e-investimve-mipim-2017\/#webpage\",\"url\":\"https:\/\/www.visit-ulcinj.com\/blog\/2017\/03\/07\/komuna-e-ulqinit-ne-panairin-e-investimve-mipim-2017\/\",\"name\":\"Komuna e Ulqinit ne panairin e investimeve MIPIM 2017 - Lajme nga Ulqini\",\"isPartOf\":{\"@id\":\"https:\/\/www.visit-ulcinj.com\/blog\/#website\"},\"primaryImageOfPage\":{\"@id\":\"https:\/\/www.visit-ulcinj.com\/blog\/2017\/03\/07\/komuna-e-ulqinit-ne-panairin-e-investimve-mipim-2017\/#primaryimage\"},\"datePublished\":\"2017-03-07T22:51:31+00:00\",\"dateModified\":\"2017-03-08T17:55:27+00:00\",\"author\":{\"@id\":\"https:\/\/www.visit-ulcinj.com\/blog\/#\/schema\/person\/dcab619c614d3038751c63bc2aadc06d\"},\"description\":\"N\u00eb kuad\u00ebr t\u00eb fushat\u00ebs p\u00ebr promovimin e investimeve t\u00eb huaja n\u00eb Komun\u00eb e Ulqinit, kryetari i Komun\u00ebs Nazif Cungu do t\u00eb marr pj\u00ebs\u00eb n\u00eb panairin nd\u00ebrkomb\u00ebtar\",\"breadcrumb\":{\"@id\":\"https:\/\/www.visit-ulcinj.com\/blog\/2017\/03\/07\/komuna-e-ulqinit-ne-panairin-e-investimve-mipim-2017\/#breadcrumb\"},\"inLanguage\":\"en-US\",\"potentialAction\":[{\"@type\":\"ReadAction\",\"target\":[\"https:\/\/www.visit-ulcinj.com\/blog\/2017\/03\/07\/komuna-e-ulqinit-ne-panairin-e-investimve-mipim-2017\/\"]}]},{\"@type\":\"BreadcrumbList\",\"@id\":\"https:\/\/www.visit-ulcinj.com\/blog\/2017\/03\/07\/komuna-e-ulqinit-ne-panairin-e-investimve-mipim-2017\/#breadcrumb\",\"itemListElement\":[{\"@type\":\"ListItem\",\"position\":1,\"name\":\"Komuna e Ulqinit ne panairin e investimeve MIPIM 2017\"}]},{\"@type\":\"Person\",\"@id\":\"https:\/\/www.visit-ulcinj.com\/blog\/#\/schema\/person\/dcab619c614d3038751c63bc2aadc06d\",\"name\":\"ulqini\",\"sameAs\":[\"http:\/\/www.visit-ulcinj.com\"],\"url\":\"https:\/\/www.visit-ulcinj.com\/blog\/author\/admin\/\"}]}<\/script>\n<!-- \/ Yoast SEO plugin. -->","yoast_head_json":{"title":"Komuna e Ulqinit ne panairin e investimeve MIPIM 2017 - Lajme nga Ulqini","description":"N\u00eb kuad\u00ebr t\u00eb fushat\u00ebs p\u00ebr promovimin e investimeve t\u00eb huaja n\u00eb Komun\u00eb e Ulqinit, kryetari i Komun\u00ebs Nazif Cungu do t\u00eb marr pj\u00ebs\u00eb n\u00eb panairin nd\u00ebrkomb\u00ebtar","robots":{"index":"index","follow":"follow","max-snippet":"max-snippet:-1","max-image-preview":"max-image-preview:large","max-video-preview":"max-video-preview:-1"},"canonical":"https:\/\/www.visit-ulcinj.com\/blog\/2017\/03\/07\/komuna-e-ulqinit-ne-panairin-e-investimve-mipim-2017\/","og_locale":"en_US","og_type":"article","og_title":"Komuna e Ulqinit ne panairin e investimeve MIPIM 2017 - Lajme nga Ulqini","og_description":"N\u00eb kuad\u00ebr t\u00eb fushat\u00ebs p\u00ebr promovimin e investimeve t\u00eb huaja n\u00eb Komun\u00eb e Ulqinit, kryetari i Komun\u00ebs Nazif Cungu do t\u00eb marr pj\u00ebs\u00eb n\u00eb panairin nd\u00ebrkomb\u00ebtar","og_url":"https:\/\/www.visit-ulcinj.com\/blog\/2017\/03\/07\/komuna-e-ulqinit-ne-panairin-e-investimve-mipim-2017\/","og_site_name":"Lajme nga Ulqini","article_published_time":"2017-03-07T22:51:31+00:00","article_modified_time":"2017-03-08T17:55:27+00:00","og_image":[{"url":"http:\/\/www.visit-ulcinj.com\/blog\/wp-content\/uploads\/2017\/03\/Komuna-e-Ulqinit-ne-panairin-e-investimve-MIPIM-2017.png"}],"twitter_misc":{"Written by":"ulqini","Est. reading time":"1 minute"},"schema":{"@context":"https:\/\/schema.org","@graph":[{"@type":"WebSite","@id":"https:\/\/www.visit-ulcinj.com\/blog\/#website","url":"https:\/\/www.visit-ulcinj.com\/blog\/","name":"Lajme nga Ulqini","description":"Lajme,Vijesti,Ulqini,Ulqin,Crna Gora,Mali i Zi","potentialAction":[{"@type":"SearchAction","target":{"@type":"EntryPoint","urlTemplate":"https:\/\/www.visit-ulcinj.com\/blog\/?s={search_term_string}"},"query-input":"required name=search_term_string"}],"inLanguage":"en-US"},{"@type":"ImageObject","inLanguage":"en-US","@id":"https:\/\/www.visit-ulcinj.com\/blog\/2017\/03\/07\/komuna-e-ulqinit-ne-panairin-e-investimve-mipim-2017\/#primaryimage","url":"https:\/\/www.visit-ulcinj.com\/blog\/wp-content\/uploads\/2017\/03\/Komuna-e-Ulqinit-ne-panairin-e-investimve-MIPIM-2017.png","contentUrl":"https:\/\/www.visit-ulcinj.com\/blog\/wp-content\/uploads\/2017\/03\/Komuna-e-Ulqinit-ne-panairin-e-investimve-MIPIM-2017.png","width":681,"height":350},{"@type":"WebPage","@id":"https:\/\/www.visit-ulcinj.com\/blog\/2017\/03\/07\/komuna-e-ulqinit-ne-panairin-e-investimve-mipim-2017\/#webpage","url":"https:\/\/www.visit-ulcinj.com\/blog\/2017\/03\/07\/komuna-e-ulqinit-ne-panairin-e-investimve-mipim-2017\/","name":"Komuna e Ulqinit ne panairin e investimeve MIPIM 2017 - Lajme nga Ulqini","isPartOf":{"@id":"https:\/\/www.visit-ulcinj.com\/blog\/#website"},"primaryImageOfPage":{"@id":"https:\/\/www.visit-ulcinj.com\/blog\/2017\/03\/07\/komuna-e-ulqinit-ne-panairin-e-investimve-mipim-2017\/#primaryimage"},"datePublished":"2017-03-07T22:51:31+00:00","dateModified":"2017-03-08T17:55:27+00:00","author":{"@id":"https:\/\/www.visit-ulcinj.com\/blog\/#\/schema\/person\/dcab619c614d3038751c63bc2aadc06d"},"description":"N\u00eb kuad\u00ebr t\u00eb fushat\u00ebs p\u00ebr promovimin e investimeve t\u00eb huaja n\u00eb Komun\u00eb e Ulqinit, kryetari i Komun\u00ebs Nazif Cungu do t\u00eb marr pj\u00ebs\u00eb n\u00eb panairin nd\u00ebrkomb\u00ebtar","breadcrumb":{"@id":"https:\/\/www.visit-ulcinj.com\/blog\/2017\/03\/07\/komuna-e-ulqinit-ne-panairin-e-investimve-mipim-2017\/#breadcrumb"},"inLanguage":"en-US","potentialAction":[{"@type":"ReadAction","target":["https:\/\/www.visit-ulcinj.com\/blog\/2017\/03\/07\/komuna-e-ulqinit-ne-panairin-e-investimve-mipim-2017\/"]}]},{"@type":"BreadcrumbList","@id":"https:\/\/www.visit-ulcinj.com\/blog\/2017\/03\/07\/komuna-e-ulqinit-ne-panairin-e-investimve-mipim-2017\/#breadcrumb","itemListElement":[{"@type":"ListItem","position":1,"name":"Komuna e Ulqinit ne panairin e investimeve MIPIM 2017"}]},{"@type":"Person","@id":"https:\/\/www.visit-ulcinj.com\/blog\/#\/schema\/person\/dcab619c614d3038751c63bc2aadc06d","name":"ulqini","sameAs":["http:\/\/www.visit-ulcinj.com"],"url":"https:\/\/www.visit-ulcinj.com\/blog\/author\/admin\/"}]}},"jetpack_featured_media_url":"","jetpack_sharing_enabled":true,"jetpack_shortlink":"https:\/\/wp.me\/pe6lTn-qU9","_links":{"self":[{"href":"https:\/\/www.visit-ulcinj.com\/blog\/wp-json\/wp\/v2\/posts\/103425"}],"collection":[{"href":"https:\/\/www.visit-ulcinj.com\/blog\/wp-json\/wp\/v2\/posts"}],"about":[{"href":"https:\/\/www.visit-ulcinj.com\/blog\/wp-json\/wp\/v2\/types\/post"}],"author":[{"embeddable":true,"href":"https:\/\/www.visit-ulcinj.com\/blog\/wp-json\/wp\/v2\/users\/1"}],"replies":[{"embeddable":true,"href":"https:\/\/www.visit-ulcinj.com\/blog\/wp-json\/wp\/v2\/comments?post=103425"}],"version-history":[{"count":2,"href":"https:\/\/www.visit-ulcinj.com\/blog\/wp-json\/wp\/v2\/posts\/103425\/revisions"}],"predecessor-version":[{"id":103431,"href":"https:\/\/www.visit-ulcinj.com\/blog\/wp-json\/wp\/v2\/posts\/103425\/revisions\/103431"}],"wp:attachment":[{"href":"https:\/\/www.visit-ulcinj.com\/blog\/wp-json\/wp\/v2\/media?parent=103425"}],"wp:term":[{"taxonomy":"category","embeddable":true,"href":"https:\/\/www.visit-ulcinj.com\/blog\/wp-json\/wp\/v2\/categories?post=103425"},{"taxonomy":"post_tag","embeddable":true,"href":"https:\/\/www.visit-ulcinj.com\/blog\/wp-json\/wp\/v2\/tags?post=103425"}],"curies":[{"name":"wp","href":"https:\/\/api.w.org\/{rel}","templated":true}]}}