{"id":103476,"date":"2017-03-09T14:30:03","date_gmt":"2017-03-09T13:30:03","guid":{"rendered":"http:\/\/www.visit-ulcinj.com\/blog\/?p=103476"},"modified":"2017-03-10T22:34:34","modified_gmt":"2017-03-10T21:34:34","slug":"ismet-mollabeqirin-e-merr-malli-per-ulqin","status":"publish","type":"post","link":"https:\/\/www.visit-ulcinj.com\/blog\/2017\/03\/09\/ismet-mollabeqirin-e-merr-malli-per-ulqin\/","title":{"rendered":"Ismet Mollabeqirin e merr malli p\u00ebr Ulqin"},"content":{"rendered":"<div id=\"js_9\" class=\"_5pbx userContent\" data-ft=\"{&quot;tn&quot;:&quot;K&quot;}\">\n<p style=\"text-align: center;\"><strong><a href=\"http:\/\/www.visit-ulcinj.com\/blog\/wp-content\/uploads\/2017\/03\/Ismet-Mollabeqiri-Malli-per-Ulqin.jpg\"><img loading=\"lazy\" class=\"alignleft wp-image-103477\" src=\"http:\/\/www.visit-ulcinj.com\/blog\/wp-content\/uploads\/2017\/03\/Ismet-Mollabeqiri-Malli-per-Ulqin.jpg\" alt=\"Ismet-Mollabeqiri-Malli per Ulqin\" width=\"508\" height=\"381\" srcset=\"https:\/\/www.visit-ulcinj.com\/blog\/wp-content\/uploads\/2017\/03\/Ismet-Mollabeqiri-Malli-per-Ulqin.jpg 480w, https:\/\/www.visit-ulcinj.com\/blog\/wp-content\/uploads\/2017\/03\/Ismet-Mollabeqiri-Malli-per-Ulqin-300x225.jpg 300w\" sizes=\"(max-width: 508px) 100vw, 508px\" \/><\/a>Malli p\u00ebr ULQIN<\/strong><\/p>\n<p><strong> PORTRET: Ismet MOLLABEQIRI<\/strong><br \/>\nV\u00ebshtir\u00eb t\u00eb shkruash p\u00ebr m\u00ebrgimtar\u00ebt, p\u00ebr njer\u00ebzit tan\u00eb, t\u00eb cil\u00ebt tash nj\u00eb koh\u00eb t\u00eb gjat\u00eb, posa\u00e7\u00ebrisht nga mjedisi i shekullit t\u00eb kaluar, m\u00eb shumic\u00eb filluan ta l\u00ebshojn\u00eb vendlindjen. V\u00ebshtir\u00eb, pasi q\u00eb shum\u00eb m\u00ebrgimtar\u00ebt u inkuadrun n\u00eb shtetet ku shkun p\u00ebr pun\u00eb, ku edhe gjet\u00ebn pun\u00eb, dhe kushte t\u00eb jetes\u00ebs m\u00eb t\u00eb mir\u00eb.<br \/>\nPara disa vitesh filluan t\u00eb vinin n\u00eb vendlindje n\u00eb Ulqin, p\u00ebr t\u00eb kaluar nj\u00eb pjes\u00eb e pushimeve tyre. Mir\u00ebpo, \u00e7ka \u00ebsht\u00eb m\u00eb tragjike, shum\u00eb nga f\u00ebmij\u00ebt e tyre, t\u00eb cil\u00ebt rriten dhe shkollohen atje, posa\u00e7\u00ebrisht ata nga Australia dhe Amerika, n\u00eb vendlindje t\u00eb prind\u00ebrve t\u00eb tyre vin rall\u00eb ose asnj\u00ebher\u00eb. Natyrisht, mjedisi, kushtet ekonomike, i kan\u00eb larguar edhe m\u00eb shum\u00eb nga vendlindja e prindr\u00ebve t\u00eb tyre. Koh\u00ebn e fundit, p\u00ebrs\u00ebri \u00ebsht\u00eb nj\u00eb \u201ctrend \u201c ku shum\u00eb t\u00eb rinj\u00eb p\u00ebr shkak kushteve ekonomike, p\u00ebrs\u00ebri po largohen nga qyteti yn\u00eb, \u00e7ka duhet t\u00eb na brengos\u00eb. Prandaj, \u00ebsht\u00eb v\u00ebshtir\u00eb t\u00eb shkruash p\u00ebr m\u00ebrgimtar\u00eb.<br \/>\nMir\u00ebpo, un\u00eb sot d\u00ebshiroi t\u00eb shkruaj p\u00ebr ato t\u00eb cil\u00ebt kan\u00eb pasur mall t\u00eb madh p\u00ebr vendlinden, dhe ky \u00ebsht\u00eb nj\u00ebri nga faktet, i cili m\u00eb s\u00eb tep\u00ebrmi ka ndikuar q\u00eb disa nga ato ti kthehen vendlindjes. Kjo duhet t\u00eb p\u00ebrsh\u00ebndetur. Edhe m\u00eb par\u00eb, n\u00eb librin tim \u201cKalaja, legjend\u00eb dhe art\u201d kam shkruar p\u00ebr familjen ISHMAKU nga Rana e jon\u00eb, m\u00ebrgimtar\u00eb nga Australia e larg\u00ebt, t\u00eb cil\u00ebt tashm\u00eb, kan\u00eb nd\u00ebrtuar sht\u00ebpit\u00eb n\u00eb pronen e tyre n\u00eb Ran\u00ebn ton\u00eb t\u00eb bukur, \u00e7ka \u00ebsht\u00eb nj\u00eb shenj pozitiv. Padyshim, edhe f\u00ebmit e tyre m\u00eb s\u00eb pakti n\u00eb pushime , do t\u00eb vinin n\u00eb Ulqin.<\/p>\n<p><a href=\"http:\/\/www.visit-ulcinj.com\/blog\/wp-content\/uploads\/2017\/03\/Sanalli-i-Ismet-Mollabeqirit-Malli-per-Ulqin.jpg\"><img loading=\"lazy\" class=\"alignleft wp-image-103480\" src=\"http:\/\/www.visit-ulcinj.com\/blog\/wp-content\/uploads\/2017\/03\/Sanalli-i-Ismet-Mollabeqirit-Malli-per-Ulqin.jpg\" alt=\"Sanalli i Ismet-Mollabeqirit-Malli per Ulqin\" width=\"508\" height=\"299\" srcset=\"https:\/\/www.visit-ulcinj.com\/blog\/wp-content\/uploads\/2017\/03\/Sanalli-i-Ismet-Mollabeqirit-Malli-per-Ulqin.jpg 925w, https:\/\/www.visit-ulcinj.com\/blog\/wp-content\/uploads\/2017\/03\/Sanalli-i-Ismet-Mollabeqirit-Malli-per-Ulqin-300x177.jpg 300w, https:\/\/www.visit-ulcinj.com\/blog\/wp-content\/uploads\/2017\/03\/Sanalli-i-Ismet-Mollabeqirit-Malli-per-Ulqin-768x452.jpg 768w\" sizes=\"(max-width: 508px) 100vw, 508px\" \/><\/a><br \/>\nPor sot n\u00eb fokusin tim \u00ebsht\u00eb nj\u00eb m\u00ebrgimtar i cili gjithashtu vjen nga Australia e larg\u00ebt, dhe tash nj\u00eb koh\u00eb \u00ebsht\u00eb kthyer n\u00eb vendlindje. Fjala \u00ebsht\u00eb p\u00ebr Ismet MOLLABEQIRIN, nj\u00ebrin nga fisi i madh i njohur Mollabeqiri nga Ulqini.<br \/>\nISMETI, \u00ebsht\u00eb nj\u00eb njeri i thjesht i but, modest, i pash\u00ebm dhe gjithmon\u00eb elegant i veshur. Pavarsisht se tashm\u00eb \u00ebsht\u00eb n\u00eb moshen 75 vje\u00e7are, ende \u00ebsht\u00eb vital dhe padyshim nj\u00eb figur markante e qytetit ton\u00eb. Shpesh takohet me Shefko ISHMAKUN , shokun tim nga f\u00ebm\u00ebria dhe rinia, i cili gjithashtu \u00ebsht\u00eb m\u00ebrgimtar nga Australia e larg\u00ebt. Ky fakt edhe m\u00eb ka shtyr q\u00eb t\u00eb bisedoj pak edhe me te, pavar\u00ebsisht se un\u00eb ISMETIN e njoh , dhe e kam njohur edhe m\u00eb par\u00eb.<br \/>\nP\u00ebr \u00e7do dit\u00eb n\u00eb or\u00ebt e mengjesit, Ismeti del n\u00eb Ran\u00eb, takohet me shok\u00ebt e tij nga rinia, dhe pastaj n\u00eb kafenen \u201cTIMONI\u201d pin kafen e par\u00eb t\u00eb mengjesit. Kthimi nga m\u00ebrgimi dhe malli i madh p\u00ebr vendlindje, n\u00eb ve\u00e7anti p\u00ebr Ran\u00eb , p\u00ebr pamjen n\u00eb det dhe n\u00eb Kala, dhe p\u00ebr ato shok\u00ebt e tij t\u00eb cil\u00ebt ende jetojn\u00eb, e shtyn q\u00eb p\u00ebr \u00e7do dit\u00eb, sa \u00e7el syt\u00eb, menj\u00ebher\u00eb t\u00eb ulet n\u00eb Ran\u00eb.<br \/>\nIsmeti ka nj\u00eb biografi interesante. M\u00eb tregon, se si ka vendosur t\u00eb largohet nga vendlindja, p\u00ebr t\u00eb k\u00ebrkuar pun\u00eb, dhe kushte p\u00ebr nj\u00eb jetes\u00eb m\u00eb t\u00eb mir\u00eb, p\u00ebr vete dhe p\u00ebr familjen e tij. Ismet MOLLABEQIRI, \u00ebsht\u00eb larguar nga vendlindja n\u00eb vitet e 70 t\u00eb shekullit t\u00eb kaluar. V\u00ebshtir\u00eb ta paramendosh, se nj\u00eb nj\u00ebri nga k\u00ebto treva t\u00eb shkoj\u00eb deri te Zelanda e Re, me dy f\u00ebmij\u00eb t\u00eb vegj\u00ebl. V\u00ebshtir\u00eb ta imagjinosh edhe sot, e jo m\u00eb n\u00eb ato koh\u00eb t\u00eb viteve t\u00eb 70 t\u00eb shekullit t\u00eb kaluar. M\u00eb tregon p\u00ebr kohen e kaluar n\u00eb Zeland\u00ebn e Re, n\u00eb qytetin OCLAND, ku ka punuar dhe q\u00ebndruar af\u00ebr 3 vite. Pas tre viteve vendosi t\u00eb kaloj\u00eb n\u00eb Australi, n\u00eb MELBOURNE, ku ka qendruar 37 vite.<br \/>\nISMETI \u00ebsht\u00eb bojaxhI, ( MOLER) me profesion, zanat q\u00eb e ka m\u00ebsuar n\u00eb Sarajev\u00eb. Pas kthimit nga Sarajeva n\u00eb Ulqin, fillon t\u00eb punoj\u00eb si bojaxhi s\u00eb bashku me t\u00eb ndjerin Bahri RESULBEGUN , Fejzi ISMAILAG\u00cbN dhe t\u00eb tjer\u00ebt, n\u00eb nj\u00eb nd\u00ebrmarjeje t\u00eb Ulqinit. Bahriu ka nd\u00ebrruar jet\u00eb, kurse Fejzi ISMAILAGA gjithashtu \u00ebsht\u00eb m\u00ebrgimtar n\u00eb SHBA t\u00eb Amerik\u00ebs dhe ende edhe sot jeton atje. Edhe mua m\u00eb kujtohet shefi i tyre, i ndjeri Luka PRODANOVIQ, nj\u00eb mjesht\u00ebr me nam i asaj kohe nga Ulqini i k\u00ebsaj nd\u00ebrmarjeje. M\u00eb ka mbetur n\u00eb kujtes\u00eb kjo koh\u00eb, (vitet 60 t\u00eb shekullit t\u00eb kaluar), pasi q\u00eb shpesh her\u00eb si f\u00ebmij\u00eb , kam shkuar t\u00eb i a \u00e7oj (drek\u00ebn) \u201cbuk\u00ebn\u201d Fejziut, kur k\u00ebta mjeshtra kan\u00eb rinovuar hotelin \u201cJADRAN\u201d, p\u00ebr t\u00eb pritur mysafir\u00ebt e par\u00eb.<br \/>\nIshte kjo koha e fillimeve t\u00eb turizmit ton\u00eb. Fejziun e kam pasur djal halle, dhe mua dhe motr\u00ebs sime Hyrijes, gjithmon\u00eb na ka takuar, me degjojm\u00eb hall\u00ebn (Hajlije ISMAILAGA) p\u00ebr t\u00eb ia \u201c\u00e7u\u201d( drek\u00ebn) \u201cbuk\u00ebn\u201d Fejziut n\u00eb hotelin \u201cJADRAN\u201d, pasi q\u00eb kemi qen\u00eb m\u00eb t\u00eb vegj\u00eblit n\u00eb familljen ton\u00eb.<\/p>\n<p><a href=\"http:\/\/www.visit-ulcinj.com\/blog\/wp-content\/uploads\/2017\/03\/Ismet-Mollabeqiri-Malli-per-Ulqin-2.jpg\"><img loading=\"lazy\" class=\"alignleft wp-image-103478\" src=\"http:\/\/www.visit-ulcinj.com\/blog\/wp-content\/uploads\/2017\/03\/Ismet-Mollabeqiri-Malli-per-Ulqin-2.jpg\" alt=\"Ismet-Mollabeqiri-Malli per Ulqin-2\" width=\"508\" height=\"381\" srcset=\"https:\/\/www.visit-ulcinj.com\/blog\/wp-content\/uploads\/2017\/03\/Ismet-Mollabeqiri-Malli-per-Ulqin-2.jpg 960w, https:\/\/www.visit-ulcinj.com\/blog\/wp-content\/uploads\/2017\/03\/Ismet-Mollabeqiri-Malli-per-Ulqin-2-300x225.jpg 300w, https:\/\/www.visit-ulcinj.com\/blog\/wp-content\/uploads\/2017\/03\/Ismet-Mollabeqiri-Malli-per-Ulqin-2-768x576.jpg 768w\" sizes=\"(max-width: 508px) 100vw, 508px\" \/><\/a><br \/>\nPs kthimit nga Zelanda e Re n\u00eb Australi, Ismet MOLLABEQIRI, takohet k\u00ebtu me kush\u00ebririn tim t\u00eb ndjer\u00eb Ibrahim KARAMANAGA, i i cili i ka ndihmuar shum\u00eb p\u00ebr qendrimin e tij n\u00eb Australin\u00eb e larg\u00ebt.<br \/>\nEdhe IBRAHIMI ka qen\u00eb bojaxhi me profesion. S\u00eb bashku me t\u00eb ndjerin ( VOJO) \u00c7ILINGIRIN, gjithashtu nga Kalaja, jan\u00eb larguar shum\u00eb m\u00eb par\u00eb n\u00eb (vitet e 50 )nga vendlindja, p\u00ebr t\u00eb k\u00ebrkuar pun\u00eb. Kan\u00eb mb\u00ebrritur deri n\u00eb Australi, ku edhe kan\u00eb gjetur kushte p\u00ebr pun\u00eb dhe p\u00ebr jetes\u00eb, m\u00eb t\u00eb mir\u00eb se k\u00ebtu.<br \/>\nNuk kam dijeni, se a ka qen\u00eb i ndjeri (VOJO) ndonj\u00ebher\u00eb n\u00eb Ulqin, mir\u00ebpo, IBRAHIMI ka qen\u00eb disa her\u00eb ku edhe ka kaluar pushimet n\u00eb Kala dhe n\u00eb Ulqin. Pas ndrimit jete, trash\u00ebgimtar\u00ebt nga ana e bashk\u00ebshortes t\u00eb tij Terez\u00ebs, ia kan\u00eb plot\u00ebsur d\u00ebshir\u00ebn e tij, dhe e kan\u00eb sjell\u00eb t\u00eb ndjerin Ibrahim KARAMANAGA n\u00eb Ulqin, ku edhe \u00ebshr\u00eb varrosur, n\u00eb varrezat e Karamanag\u00ebve n\u00eb Meteriz. Ka pasur mall t\u00eb madh p\u00ebr vendlindjen dhe n\u00eb varrin e tij \u00ebsht\u00eb mbishkrimi, d\u00ebshira e tij e l\u00ebn\u00eb m\u00eb goj dhe m\u00eb shkrim, i q\u00eb tregon qart\u00eb se \u00e7ka \u00ebsht\u00eb migrimi: \u201cI dashuri atdhe. Tash kthehem, n\u00eb pushimin e p\u00ebrgjithmonsh\u00ebm\u201d.<br \/>\nNga Ibrahimi Ismeti ka pasur p\u00ebrkrahje dhe ndihmes\u00eb t\u00eb madhe. Kur flet p\u00ebr te, flet me nj\u00eb nostalgji, pietet dhe respekt t\u00eb madh, t\u00eb ve\u00e7ant\u00eb. Edhe kur ka nd\u00ebrruar jet\u00eb Ibrahimi, Ismet MOLLABEQIRI ka qen\u00eb pran\u00eb tij. &#8221; K\u00ebshillat, ndihm\u00ebn dhe fjal\u00ebt e tij nuk i harroj kurr\u00eb&#8221;, tregon ky nj\u00ebri i cili \u00ebsht\u00eb mir\u00ebnjoh\u00ebs p\u00ebr secil\u00ebn fjal\u00eb, ndihm\u00eb dhe k\u00ebshill\u00eb t\u00eb cili\u00ebn e ka pasur nga ky person i familjes ton\u00eb KARAMANAGA.<br \/>\nIsmeti, \u00ebsht\u00eb nj\u00eb nj\u00ebri i k\u00ebnaqur me pun\u00ebn dhe me jet\u00ebn e tij, n\u00eb p\u00ebrgjith\u00ebsi. &#8220;E kam kryer misionin tim si nj\u00ebri, por edhe si prind me sukses\u00eb&#8221;, shprehet ai.<br \/>\nNatyrisht, gjithmon\u00eb vler\u00ebson rolin e madh dhe p\u00ebrkrahjen e bashk\u00ebshortes s\u00eb tij HYRIJES, e cila ka qen\u00eb shtylla kryesore n\u00eb jet\u00ebn e familjes s\u00eb tij, n\u00eb m\u00ebrgim, thot\u00eb Ismeti. Pas kthimit nga Australia jeton n\u00eb shtepin\u00eb e tij n\u00eb rrug\u00ebn 7, e cila gjendet pas shkoll\u00ebs \u201cBoshko Strugar\u201d, p\u00ebrtej bedeneve t\u00eb Kalas\u00eb. S\u00eb bashku me bash\u00ebshorten e tij HYRIJEN, nj\u00eb zonj\u00eb nga familija SULA, jeton n\u00eb nj\u00eb harmoni t\u00eb jasht\u00ebzakonshme.<\/p>\n<p><a href=\"http:\/\/www.visit-ulcinj.com\/blog\/wp-content\/uploads\/2017\/03\/Ismet-Mollabeqiri-Malli-per-Ulqin-1.jpg\"><img loading=\"lazy\" class=\"alignleft wp-image-103479\" src=\"http:\/\/www.visit-ulcinj.com\/blog\/wp-content\/uploads\/2017\/03\/Ismet-Mollabeqiri-Malli-per-Ulqin-1.jpg\" alt=\"Ismet-Mollabeqiri-Malli per Ulqin-1\" width=\"508\" height=\"590\" srcset=\"https:\/\/www.visit-ulcinj.com\/blog\/wp-content\/uploads\/2017\/03\/Ismet-Mollabeqiri-Malli-per-Ulqin-1.jpg 720w, https:\/\/www.visit-ulcinj.com\/blog\/wp-content\/uploads\/2017\/03\/Ismet-Mollabeqiri-Malli-per-Ulqin-1-258x300.jpg 258w\" sizes=\"(max-width: 508px) 100vw, 508px\" \/><\/a><br \/>\nEdhe di\u00e7ka nga jeta e tij. Ismeti ka lindur pran\u00eb detit, dhe detin , barkat dhe sanallat gjithmon\u00eb i ka pasur dhe ende i ka n\u00eb gjak. Prandaj, edhe kam pasur dy hobi, thot\u00eb Ismeti, peshkimin dhe gjuetin. &#8220;Kur kam pasur koh\u00eb t\u00eb lir\u00eb, gjat\u00eb fundjav\u00ebs shpesh kam shkuar n\u00eb peshkim , a po n\u00eb gjueti, varet nga stina e vitit. N\u00eb Australi, duhet ti respektoni ligjet t\u00eb cil\u00ebt sundojn\u00eb n\u00eb peshkim , a po n\u00eb gjueti . K\u00ebt\u00eb e b\u00ebj\u00eb edhe k\u00ebtu n\u00eb Ulqin&#8221;.<br \/>\nI biri ARMENDI, dhe e bija GJYLI, kan\u00eb lindur n\u00eb Ulqin, Edhe ato dhe f\u00ebmij\u00ebt e tyre jetojn\u00eb dhe punojn\u00eb n\u00eb MELBOURNE, t\u00eb Australis\u00eb. Mir\u00ebpo, fakti se edhe ato i kan\u00eb bashk\u00ebshort\u00ebt t\u00eb lindur n\u00eb Ulqin, tregon qart\u00eb se nj\u00eb dit\u00eb edhe ata do t\u00eb kthehen n\u00eb vendlindjen e tyre, n\u00eb Ulqin. ISMETI dhe zonja HYRIJA nuk e humbin shpres\u00ebn kurr\u00eb.<br \/>\nMendoj se \u00ebsht\u00eb mir\u00eb q\u00eb personazh\u00ebt si\u00e7 \u00ebsht\u00eb edhe Ismet MOLLABEQIRI, dhe shum\u00eb t\u00eb tjer nga qyteti yn\u00eb, ti sh\u00ebnojm\u00eb dhe mos ti harrojm\u00eb. \u00cbsht\u00eb mir\u00eb q\u00eb edhe gjeneratat e sotme t\u00eb njoftohen me k\u00ebto njer\u00ebz t\u00eb cil\u00ebt e kan\u00eb sh\u00ebnuar qytetin ton\u00eb n\u00eb shekullin e kaluar. Ndoshta dikur edhe ta g\u00ebzojn\u00eb vendin e merituar n\u00eb trash\u00ebgimin\u00eb ton\u00eb.<\/p>\n<p><strong>Ulqin, shkurt 2017 Ismet KARAMANAGA<\/strong><\/p>\n<p id=\"js_1l\" class=\"_5pbw _5vra\" data-ft=\"{&quot;tn&quot;:&quot;C&quot;}\"><strong><span class=\"fwn fcg\"><span class=\"fcg\"><span class=\"fwb\"><a id=\"js_y7\" class=\"profileLink\" href=\"https:\/\/www.facebook.com\/ismet.karamanaga\" data-ft=\"{&quot;tn&quot;:&quot;l&quot;}\" data-hovercard=\"\/ajax\/hovercard\/user.php?id=1359492972\" data-hovercard-prefer-more-content-show=\"1\">Ismet Karamanaga Facebook<\/a><\/span><\/span><\/span><\/strong><\/p>\n<\/div>\n","protected":false},"excerpt":{"rendered":"<p>Malli p\u00ebr ULQIN PORTRET: Ismet MOLLABEQIRI V\u00ebshtir\u00eb t\u00eb shkruash p\u00ebr m\u00ebrgimtar\u00ebt, p\u00ebr njer\u00ebzit tan\u00eb, t\u00eb cil\u00ebt tash nj\u00eb koh\u00eb t\u00eb gjat\u00eb, posa\u00e7\u00ebrisht nga mjedisi i shekullit t\u00eb kaluar, m\u00eb shumic\u00eb filluan ta l\u00ebshojn\u00eb vendlindjen. V\u00ebshtir\u00eb, pasi q\u00eb shum\u00eb m\u00ebrgimtar\u00ebt u inkuadrun n\u00eb shtetet ku shkun p\u00ebr pun\u00eb, ku edhe gjet\u00ebn pun\u00eb, dhe kushte t\u00eb jetes\u00ebs [&hellip;]<\/p>\n","protected":false},"author":1,"featured_media":0,"comment_status":"closed","ping_status":"closed","sticky":false,"template":"","format":"standard","meta":{"spay_email":"","jetpack_publicize_message":"","jetpack_is_tweetstorm":false,"jetpack_publicize_feature_enabled":true},"categories":[6950,13],"tags":[],"jetpack_publicize_connections":[],"yoast_head":"<!-- This site is optimized with the Yoast SEO plugin v19.1 - https:\/\/yoast.com\/wordpress\/plugins\/seo\/ -->\n<title>Ismet Mollabeqirin e merr malli p\u00ebr Ulqin - Lajme nga Ulqini<\/title>\n<meta name=\"description\" content=\"Malli p\u00ebr ULQIN PORTRET: Ismet MOLLABEQIRI V\u00ebshtir\u00eb t\u00eb shkruash p\u00ebr m\u00ebrgimtar\u00ebt, p\u00ebr njer\u00ebzit tan\u00eb, t\u00eb cil\u00ebt tash nj\u00eb koh\u00eb t\u00eb gjat\u00eb, posa\u00e7\u00ebrisht nga\" \/>\n<meta name=\"robots\" content=\"index, follow, max-snippet:-1, max-image-preview:large, max-video-preview:-1\" \/>\n<link rel=\"canonical\" href=\"https:\/\/www.visit-ulcinj.com\/blog\/2017\/03\/09\/ismet-mollabeqirin-e-merr-malli-per-ulqin\/\" \/>\n<meta property=\"og:locale\" content=\"en_US\" \/>\n<meta property=\"og:type\" content=\"article\" \/>\n<meta property=\"og:title\" content=\"Ismet Mollabeqirin e merr malli p\u00ebr Ulqin - Lajme nga Ulqini\" \/>\n<meta property=\"og:description\" content=\"Malli p\u00ebr ULQIN PORTRET: Ismet MOLLABEQIRI V\u00ebshtir\u00eb t\u00eb shkruash p\u00ebr m\u00ebrgimtar\u00ebt, p\u00ebr njer\u00ebzit tan\u00eb, t\u00eb cil\u00ebt tash nj\u00eb koh\u00eb t\u00eb gjat\u00eb, posa\u00e7\u00ebrisht nga\" \/>\n<meta property=\"og:url\" content=\"https:\/\/www.visit-ulcinj.com\/blog\/2017\/03\/09\/ismet-mollabeqirin-e-merr-malli-per-ulqin\/\" \/>\n<meta property=\"og:site_name\" content=\"Lajme nga Ulqini\" \/>\n<meta property=\"article:published_time\" content=\"2017-03-09T13:30:03+00:00\" \/>\n<meta property=\"article:modified_time\" content=\"2017-03-10T21:34:34+00:00\" \/>\n<meta property=\"og:image\" content=\"http:\/\/www.visit-ulcinj.com\/blog\/wp-content\/uploads\/2017\/03\/Ismet-Mollabeqiri-Malli-per-Ulqin.jpg\" \/>\n<meta name=\"twitter:label1\" content=\"Written by\" \/>\n\t<meta name=\"twitter:data1\" content=\"ulqini\" \/>\n\t<meta name=\"twitter:label2\" content=\"Est. reading time\" \/>\n\t<meta name=\"twitter:data2\" content=\"8 minutes\" \/>\n<script type=\"application\/ld+json\" class=\"yoast-schema-graph\">{\"@context\":\"https:\/\/schema.org\",\"@graph\":[{\"@type\":\"WebSite\",\"@id\":\"https:\/\/www.visit-ulcinj.com\/blog\/#website\",\"url\":\"https:\/\/www.visit-ulcinj.com\/blog\/\",\"name\":\"Lajme nga Ulqini\",\"description\":\"Lajme,Vijesti,Ulqini,Ulqin,Crna Gora,Mali i Zi\",\"potentialAction\":[{\"@type\":\"SearchAction\",\"target\":{\"@type\":\"EntryPoint\",\"urlTemplate\":\"https:\/\/www.visit-ulcinj.com\/blog\/?s={search_term_string}\"},\"query-input\":\"required name=search_term_string\"}],\"inLanguage\":\"en-US\"},{\"@type\":\"ImageObject\",\"inLanguage\":\"en-US\",\"@id\":\"https:\/\/www.visit-ulcinj.com\/blog\/2017\/03\/09\/ismet-mollabeqirin-e-merr-malli-per-ulqin\/#primaryimage\",\"url\":\"https:\/\/www.visit-ulcinj.com\/blog\/wp-content\/uploads\/2017\/03\/Ismet-Mollabeqiri-Malli-per-Ulqin.jpg\",\"contentUrl\":\"https:\/\/www.visit-ulcinj.com\/blog\/wp-content\/uploads\/2017\/03\/Ismet-Mollabeqiri-Malli-per-Ulqin.jpg\",\"width\":480,\"height\":360},{\"@type\":\"WebPage\",\"@id\":\"https:\/\/www.visit-ulcinj.com\/blog\/2017\/03\/09\/ismet-mollabeqirin-e-merr-malli-per-ulqin\/#webpage\",\"url\":\"https:\/\/www.visit-ulcinj.com\/blog\/2017\/03\/09\/ismet-mollabeqirin-e-merr-malli-per-ulqin\/\",\"name\":\"Ismet Mollabeqirin e merr malli p\u00ebr Ulqin - Lajme nga Ulqini\",\"isPartOf\":{\"@id\":\"https:\/\/www.visit-ulcinj.com\/blog\/#website\"},\"primaryImageOfPage\":{\"@id\":\"https:\/\/www.visit-ulcinj.com\/blog\/2017\/03\/09\/ismet-mollabeqirin-e-merr-malli-per-ulqin\/#primaryimage\"},\"datePublished\":\"2017-03-09T13:30:03+00:00\",\"dateModified\":\"2017-03-10T21:34:34+00:00\",\"author\":{\"@id\":\"https:\/\/www.visit-ulcinj.com\/blog\/#\/schema\/person\/dcab619c614d3038751c63bc2aadc06d\"},\"description\":\"Malli p\u00ebr ULQIN PORTRET: Ismet MOLLABEQIRI V\u00ebshtir\u00eb t\u00eb shkruash p\u00ebr m\u00ebrgimtar\u00ebt, p\u00ebr njer\u00ebzit tan\u00eb, t\u00eb cil\u00ebt tash nj\u00eb koh\u00eb t\u00eb gjat\u00eb, posa\u00e7\u00ebrisht nga\",\"breadcrumb\":{\"@id\":\"https:\/\/www.visit-ulcinj.com\/blog\/2017\/03\/09\/ismet-mollabeqirin-e-merr-malli-per-ulqin\/#breadcrumb\"},\"inLanguage\":\"en-US\",\"potentialAction\":[{\"@type\":\"ReadAction\",\"target\":[\"https:\/\/www.visit-ulcinj.com\/blog\/2017\/03\/09\/ismet-mollabeqirin-e-merr-malli-per-ulqin\/\"]}]},{\"@type\":\"BreadcrumbList\",\"@id\":\"https:\/\/www.visit-ulcinj.com\/blog\/2017\/03\/09\/ismet-mollabeqirin-e-merr-malli-per-ulqin\/#breadcrumb\",\"itemListElement\":[{\"@type\":\"ListItem\",\"position\":1,\"name\":\"Ismet Mollabeqirin e merr malli p\u00ebr Ulqin\"}]},{\"@type\":\"Person\",\"@id\":\"https:\/\/www.visit-ulcinj.com\/blog\/#\/schema\/person\/dcab619c614d3038751c63bc2aadc06d\",\"name\":\"ulqini\",\"sameAs\":[\"http:\/\/www.visit-ulcinj.com\"],\"url\":\"https:\/\/www.visit-ulcinj.com\/blog\/author\/admin\/\"}]}<\/script>\n<!-- \/ Yoast SEO plugin. -->","yoast_head_json":{"title":"Ismet Mollabeqirin e merr malli p\u00ebr Ulqin - Lajme nga Ulqini","description":"Malli p\u00ebr ULQIN PORTRET: Ismet MOLLABEQIRI V\u00ebshtir\u00eb t\u00eb shkruash p\u00ebr m\u00ebrgimtar\u00ebt, p\u00ebr njer\u00ebzit tan\u00eb, t\u00eb cil\u00ebt tash nj\u00eb koh\u00eb t\u00eb gjat\u00eb, posa\u00e7\u00ebrisht nga","robots":{"index":"index","follow":"follow","max-snippet":"max-snippet:-1","max-image-preview":"max-image-preview:large","max-video-preview":"max-video-preview:-1"},"canonical":"https:\/\/www.visit-ulcinj.com\/blog\/2017\/03\/09\/ismet-mollabeqirin-e-merr-malli-per-ulqin\/","og_locale":"en_US","og_type":"article","og_title":"Ismet Mollabeqirin e merr malli p\u00ebr Ulqin - Lajme nga Ulqini","og_description":"Malli p\u00ebr ULQIN PORTRET: Ismet MOLLABEQIRI V\u00ebshtir\u00eb t\u00eb shkruash p\u00ebr m\u00ebrgimtar\u00ebt, p\u00ebr njer\u00ebzit tan\u00eb, t\u00eb cil\u00ebt tash nj\u00eb koh\u00eb t\u00eb gjat\u00eb, posa\u00e7\u00ebrisht nga","og_url":"https:\/\/www.visit-ulcinj.com\/blog\/2017\/03\/09\/ismet-mollabeqirin-e-merr-malli-per-ulqin\/","og_site_name":"Lajme nga Ulqini","article_published_time":"2017-03-09T13:30:03+00:00","article_modified_time":"2017-03-10T21:34:34+00:00","og_image":[{"url":"http:\/\/www.visit-ulcinj.com\/blog\/wp-content\/uploads\/2017\/03\/Ismet-Mollabeqiri-Malli-per-Ulqin.jpg"}],"twitter_misc":{"Written by":"ulqini","Est. reading time":"8 minutes"},"schema":{"@context":"https:\/\/schema.org","@graph":[{"@type":"WebSite","@id":"https:\/\/www.visit-ulcinj.com\/blog\/#website","url":"https:\/\/www.visit-ulcinj.com\/blog\/","name":"Lajme nga Ulqini","description":"Lajme,Vijesti,Ulqini,Ulqin,Crna Gora,Mali i Zi","potentialAction":[{"@type":"SearchAction","target":{"@type":"EntryPoint","urlTemplate":"https:\/\/www.visit-ulcinj.com\/blog\/?s={search_term_string}"},"query-input":"required name=search_term_string"}],"inLanguage":"en-US"},{"@type":"ImageObject","inLanguage":"en-US","@id":"https:\/\/www.visit-ulcinj.com\/blog\/2017\/03\/09\/ismet-mollabeqirin-e-merr-malli-per-ulqin\/#primaryimage","url":"https:\/\/www.visit-ulcinj.com\/blog\/wp-content\/uploads\/2017\/03\/Ismet-Mollabeqiri-Malli-per-Ulqin.jpg","contentUrl":"https:\/\/www.visit-ulcinj.com\/blog\/wp-content\/uploads\/2017\/03\/Ismet-Mollabeqiri-Malli-per-Ulqin.jpg","width":480,"height":360},{"@type":"WebPage","@id":"https:\/\/www.visit-ulcinj.com\/blog\/2017\/03\/09\/ismet-mollabeqirin-e-merr-malli-per-ulqin\/#webpage","url":"https:\/\/www.visit-ulcinj.com\/blog\/2017\/03\/09\/ismet-mollabeqirin-e-merr-malli-per-ulqin\/","name":"Ismet Mollabeqirin e merr malli p\u00ebr Ulqin - Lajme nga Ulqini","isPartOf":{"@id":"https:\/\/www.visit-ulcinj.com\/blog\/#website"},"primaryImageOfPage":{"@id":"https:\/\/www.visit-ulcinj.com\/blog\/2017\/03\/09\/ismet-mollabeqirin-e-merr-malli-per-ulqin\/#primaryimage"},"datePublished":"2017-03-09T13:30:03+00:00","dateModified":"2017-03-10T21:34:34+00:00","author":{"@id":"https:\/\/www.visit-ulcinj.com\/blog\/#\/schema\/person\/dcab619c614d3038751c63bc2aadc06d"},"description":"Malli p\u00ebr ULQIN PORTRET: Ismet MOLLABEQIRI V\u00ebshtir\u00eb t\u00eb shkruash p\u00ebr m\u00ebrgimtar\u00ebt, p\u00ebr njer\u00ebzit tan\u00eb, t\u00eb cil\u00ebt tash nj\u00eb koh\u00eb t\u00eb gjat\u00eb, posa\u00e7\u00ebrisht nga","breadcrumb":{"@id":"https:\/\/www.visit-ulcinj.com\/blog\/2017\/03\/09\/ismet-mollabeqirin-e-merr-malli-per-ulqin\/#breadcrumb"},"inLanguage":"en-US","potentialAction":[{"@type":"ReadAction","target":["https:\/\/www.visit-ulcinj.com\/blog\/2017\/03\/09\/ismet-mollabeqirin-e-merr-malli-per-ulqin\/"]}]},{"@type":"BreadcrumbList","@id":"https:\/\/www.visit-ulcinj.com\/blog\/2017\/03\/09\/ismet-mollabeqirin-e-merr-malli-per-ulqin\/#breadcrumb","itemListElement":[{"@type":"ListItem","position":1,"name":"Ismet Mollabeqirin e merr malli p\u00ebr Ulqin"}]},{"@type":"Person","@id":"https:\/\/www.visit-ulcinj.com\/blog\/#\/schema\/person\/dcab619c614d3038751c63bc2aadc06d","name":"ulqini","sameAs":["http:\/\/www.visit-ulcinj.com"],"url":"https:\/\/www.visit-ulcinj.com\/blog\/author\/admin\/"}]}},"jetpack_featured_media_url":"","jetpack_sharing_enabled":true,"jetpack_shortlink":"https:\/\/wp.me\/pe6lTn-qUY","_links":{"self":[{"href":"https:\/\/www.visit-ulcinj.com\/blog\/wp-json\/wp\/v2\/posts\/103476"}],"collection":[{"href":"https:\/\/www.visit-ulcinj.com\/blog\/wp-json\/wp\/v2\/posts"}],"about":[{"href":"https:\/\/www.visit-ulcinj.com\/blog\/wp-json\/wp\/v2\/types\/post"}],"author":[{"embeddable":true,"href":"https:\/\/www.visit-ulcinj.com\/blog\/wp-json\/wp\/v2\/users\/1"}],"replies":[{"embeddable":true,"href":"https:\/\/www.visit-ulcinj.com\/blog\/wp-json\/wp\/v2\/comments?post=103476"}],"version-history":[{"count":2,"href":"https:\/\/www.visit-ulcinj.com\/blog\/wp-json\/wp\/v2\/posts\/103476\/revisions"}],"predecessor-version":[{"id":103482,"href":"https:\/\/www.visit-ulcinj.com\/blog\/wp-json\/wp\/v2\/posts\/103476\/revisions\/103482"}],"wp:attachment":[{"href":"https:\/\/www.visit-ulcinj.com\/blog\/wp-json\/wp\/v2\/media?parent=103476"}],"wp:term":[{"taxonomy":"category","embeddable":true,"href":"https:\/\/www.visit-ulcinj.com\/blog\/wp-json\/wp\/v2\/categories?post=103476"},{"taxonomy":"post_tag","embeddable":true,"href":"https:\/\/www.visit-ulcinj.com\/blog\/wp-json\/wp\/v2\/tags?post=103476"}],"curies":[{"name":"wp","href":"https:\/\/api.w.org\/{rel}","templated":true}]}}