{"id":103483,"date":"2017-03-09T14:40:06","date_gmt":"2017-03-09T13:40:06","guid":{"rendered":"http:\/\/www.visit-ulcinj.com\/blog\/?p=103483"},"modified":"2017-03-11T15:11:52","modified_gmt":"2017-03-11T14:11:52","slug":"u-shkeput-meteorii-arsimit-anes-se-malit-dhe-ulqinit-rrukije-shaba","status":"publish","type":"post","link":"https:\/\/www.visit-ulcinj.com\/blog\/2017\/03\/09\/u-shkeput-meteorii-arsimit-anes-se-malit-dhe-ulqinit-rrukije-shaba\/","title":{"rendered":"U shk\u00ebput meteori i arsimit i An\u00ebs s\u00eb Malit dhe Ulqinit, Rrukije Shaba"},"content":{"rendered":"<p><strong><a href=\"http:\/\/www.visit-ulcinj.com\/blog\/wp-content\/uploads\/2017\/03\/IM-MEMORIAM-Rrukije-Shaba-veterane-e-arsimimit.jpg\"><img loading=\"lazy\" class=\"alignleft wp-image-103484\" src=\"http:\/\/www.visit-ulcinj.com\/blog\/wp-content\/uploads\/2017\/03\/IM-MEMORIAM-Rrukije-Shaba-veterane-e-arsimimit.jpg\" alt=\"IM MEMORIAM Rrukije Shaba veterane e arsimimit\" width=\"508\" height=\"450\" srcset=\"https:\/\/www.visit-ulcinj.com\/blog\/wp-content\/uploads\/2017\/03\/IM-MEMORIAM-Rrukije-Shaba-veterane-e-arsimimit.jpg 697w, https:\/\/www.visit-ulcinj.com\/blog\/wp-content\/uploads\/2017\/03\/IM-MEMORIAM-Rrukije-Shaba-veterane-e-arsimimit-300x266.jpg 300w\" sizes=\"(max-width: 508px) 100vw, 508px\" \/><\/a>NGA JETA U NDA M\u00cbSUESJA E PAR\u00cb E K\u00cbSAJ TREVE, KOLEGJA RRUKIJE SHABA<\/strong><\/p>\n<p>&nbsp;<\/p>\n<p><strong>Shkruan: Rexhep Lleshi<\/strong><\/p>\n<p>Rrukija u lind n\u00eb Brajsh\u00eb, n\u00eb familjen e varf\u00ebr, por e ndersh\u00ebme e bujare, e qet\u00eb dhe shum\u00eb p\u00ebrparimtare, LIKA. M\u00ebsimin fillestar e kreu n\u00eb Shkoll\u00ebn fillore n\u00eb Kat\u00ebrkoll\u00eb. Ishte vajza &#8211; nx\u00ebn\u00ebsja e par\u00eb e cila rregullisht e vijoi shkoll\u00ebn, m\u00ebsonte m\u00ebsimet dhe me sukses e kryen shkoll\u00ebn tet\u00ebklas\u00ebshe. Me ato parime rregull\u00ebsie, e nxituar nga drejtori i shkoll\u00ebs Junuz Divanoviqi dhe p\u00ebrkrahje t\u00eb plot\u00eb t\u00eb prind\u00ebrve, bab\u00eb Merushit e n\u00ebn\u00ebs Vace, n\u00eb shtator 1959, niset n\u00eb rrug\u00ebn e paimagjinueshme p\u00ebr vajzat shqipe t\u00eb asaj kohe e t\u00eb k\u00ebtij vendi. Shkon n\u00eb shkoll\u00eb t\u00eb mesme, Normale t\u00eb Prishtin\u00ebs. Ajo edhe aty tregohet e suksessh\u00ebme. Pes\u00ebklas\u00ebshen e kryen n\u00eb afat, b\u00ebhet m\u00ebsuese. M\u00ebsuesja e par\u00eb e An\u00ebs s\u00eb Malit. Sipas \u00ebnd\u00ebrrimit rinor, n\u00eb cil\u00ebsin\u00eb e m\u00ebsueses, n\u00eb shtator 1964, inkuadrohet n\u00eb vendlindje, n\u00eb shkoll\u00eb ku m\u00ebsoi shkronjat e para.<\/p>\n<p>&nbsp;<\/p>\n<p>Me mundim e sakrific\u00eb, angazhim e sukses, \u201cAjo vajz\u00eb\u201d arrijti ti p\u00ebrballoi t\u00eb gjitha furtunat e koh\u00ebs dhe e para t\u00eb thei akullin e shum\u00ebfisht\u00eb e t\u00eb fort\u00eb, t\u00eb hapi rrug\u00ebn e arsimimit t\u00eb vajzave shqiptare. Me at vet\u00ebguxim e t\u00eb arrime t\u00eb mir\u00ebfill\u00ebta, Rrukija fiton simpatin\u00eb dhe b\u00ebhet e adhuruara e vajzave t\u00eb k\u00ebti vendi.<\/p>\n<p>&nbsp;<\/p>\n<p>Gjat\u00eb pun\u00ebs n\u00eb shkoll\u00eb, diturit\u00eb pedagogjike me dashamir\u00ebsi t\u00eb plot\u00eb i p\u00ebrcjell te nx\u00ebn\u00ebsit e vet\u00eb, t\u00eb cil\u00ebt kurdoher\u00eb i kishte n\u00eb v\u00ebmendje dhe i donte shum\u00eb. Me q\u00ebndrim t\u00eb drejt\u00eb e takt pedagogjik m\u00ebson e edukon dhe krijon af\u00ebrsi e besim te nx\u00ebn\u00ebsit dhe prind\u00ebrit, p\u00ebr \u00e7ka fiton mir\u00ebsi, \u00a0\u201cSi m\u00ebsuese Rrukja\u201d.<\/p>\n<p>&nbsp;<\/p>\n<p>Krahas pun\u00ebs me nx\u00ebn\u00ebs ajo i kushton kujdes edhe p\u00ebrfeksionimit profesional. Me korrespondenc\u00eb studjon dhe arrin\u00eb kualifikimin e lart\u00eb, arsimtare e m\u00ebsimit klasor. Merr\u00eb pjes\u00eb n\u00eb k\u00ebshillime, seminare, tribuna e tryeza me karakter arsimor. \u00cbsht\u00eb recensue e Abetares 1984, nga e cila shum\u00eb fillorist\u00eb n\u00eb Mal t\u00eb Zi m\u00ebsuen shkronjat shqipe.<\/p>\n<p>&nbsp;<\/p>\n<p>Ashtu, gjithmon\u00eb e p\u00ebrkatitur, e palodhur dhe kurr e merzitur, m\u00ebsoi dhe edukoi 35 gjenerata nx\u00ebn\u00ebsish nga klasa e par\u00eb n\u00eb t\u00eb kat\u00ebrten, deri n\u00eb vitin 2000, kur e mbyll karrier\u00ebn e pun\u00ebs dhe shkon n\u00eb pushim t\u00eb merituar, n\u00eb pension.<\/p>\n<p>&nbsp;<\/p>\n<p>N\u00eb kolektivin e madh t\u00eb Shkoll\u00ebs fillore \u201cBedri Elezaga\u201d n\u00eb Kat\u00ebrkoll\u00eb, Rrukija ishte pun\u00ebtore e denj\u00eb, kolege e dashur, aktiviste e dalluar. P\u00ebr vlera q\u00eb posedonte, angazhim n\u00eb pun\u00eb, suksese t\u00eb arrijtura, moral njer\u00ebzor, aktivitet politik-shoq\u00ebror, g\u00ebzonte besimin e trupit arsimor e punues t\u00eb shkoll\u00ebs dhe banor\u00ebve t\u00eb mjedisit t\u00eb saj. Si e till\u00eb ishte p\u00ebrfaq\u00ebsuese e tyre n\u00eb organet e shkoll\u00ebs, vendore dhe komunale.<\/p>\n<p>&nbsp;<\/p>\n<p>Rrukija ishte prij\u00ebse reale, ecte ballhapur, k\u00ebshillonte, ndihmonte, inkurrajonte dhe jepte optimiz\u00ebm njerz\u00ebve n\u00eb t\u00eb mir\u00ebn e tyre dhe p\u00ebrparimit t\u00eb vendit. Ishte e vendosur p\u00ebr \u00e7fardo q\u00eb \u00e7onte n\u00eb t\u00eb miren e k\u00ebtij n\u00ebnqelli.<\/p>\n<p>&nbsp;<\/p>\n<p>Me Rrukijen dhe vlerat\u00eb e saj, Ana e Malit gjithmon\u00eb mburrej. Ashtu duhet t\u00eb ndihet edhe sot. Kjo bi p\u00ebrgjithmon\u00eb do t\u00eb mbesi krenaria e k\u00ebti vendi.<\/p>\n<p>&nbsp;<\/p>\n<p>Qoft\u00eb i ndritur dhe i p\u00ebrhersh\u00ebm kujtimi n\u00eb ty kolege e nderuar!<\/p>\n<p>Pusho e qet\u00eb n\u00eb parajsin e merituar!<\/p>\n<!--YouTube Error: bad URL entered-->\n","protected":false},"excerpt":{"rendered":"<p>NGA JETA U NDA M\u00cbSUESJA E PAR\u00cb E K\u00cbSAJ TREVE, KOLEGJA RRUKIJE SHABA &nbsp; Shkruan: Rexhep Lleshi Rrukija u lind n\u00eb Brajsh\u00eb, n\u00eb familjen e varf\u00ebr, por e ndersh\u00ebme e bujare, e qet\u00eb dhe shum\u00eb p\u00ebrparimtare, LIKA. M\u00ebsimin fillestar e kreu n\u00eb Shkoll\u00ebn fillore n\u00eb Kat\u00ebrkoll\u00eb. Ishte vajza &#8211; nx\u00ebn\u00ebsja e par\u00eb e cila rregullisht [&hellip;]<\/p>\n","protected":false},"author":1,"featured_media":0,"comment_status":"closed","ping_status":"closed","sticky":false,"template":"","format":"standard","meta":{"spay_email":"","jetpack_publicize_message":"","jetpack_is_tweetstorm":false,"jetpack_publicize_feature_enabled":true},"categories":[1,12],"tags":[],"jetpack_publicize_connections":[],"yoast_head":"<!-- This site is optimized with the Yoast SEO plugin v19.1 - https:\/\/yoast.com\/wordpress\/plugins\/seo\/ -->\n<title>U shk\u00ebput meteori i arsimit i An\u00ebs s\u00eb Malit dhe Ulqinit, Rrukije Shaba - Lajme nga Ulqini<\/title>\n<meta name=\"description\" content=\"NGA JETA U NDA M\u00cbSUESJA E PAR\u00cb E K\u00cbSAJ TREVE, KOLEGJA RRUKIJE SHABA &nbsp; Shkruan: Rexhep Lleshi Rrukija u lind n\u00eb Brajsh\u00eb, n\u00eb familjen e varf\u00ebr, por e\" \/>\n<meta name=\"robots\" content=\"index, follow, max-snippet:-1, max-image-preview:large, max-video-preview:-1\" \/>\n<link rel=\"canonical\" href=\"https:\/\/www.visit-ulcinj.com\/blog\/2017\/03\/09\/u-shkeput-meteorii-arsimit-anes-se-malit-dhe-ulqinit-rrukije-shaba\/\" \/>\n<meta property=\"og:locale\" content=\"en_US\" \/>\n<meta property=\"og:type\" content=\"article\" \/>\n<meta property=\"og:title\" content=\"U shk\u00ebput meteori i arsimit i An\u00ebs s\u00eb Malit dhe Ulqinit, Rrukije Shaba - Lajme nga Ulqini\" \/>\n<meta property=\"og:description\" content=\"NGA JETA U NDA M\u00cbSUESJA E PAR\u00cb E K\u00cbSAJ TREVE, KOLEGJA RRUKIJE SHABA &nbsp; Shkruan: Rexhep Lleshi Rrukija u lind n\u00eb Brajsh\u00eb, n\u00eb familjen e varf\u00ebr, por e\" \/>\n<meta property=\"og:url\" content=\"https:\/\/www.visit-ulcinj.com\/blog\/2017\/03\/09\/u-shkeput-meteorii-arsimit-anes-se-malit-dhe-ulqinit-rrukije-shaba\/\" \/>\n<meta property=\"og:site_name\" content=\"Lajme nga Ulqini\" \/>\n<meta property=\"article:published_time\" content=\"2017-03-09T13:40:06+00:00\" \/>\n<meta property=\"article:modified_time\" content=\"2017-03-11T14:11:52+00:00\" \/>\n<meta property=\"og:image\" content=\"http:\/\/www.visit-ulcinj.com\/blog\/wp-content\/uploads\/2017\/03\/IM-MEMORIAM-Rrukije-Shaba-veterane-e-arsimimit.jpg\" \/>\n<meta name=\"twitter:label1\" content=\"Written by\" \/>\n\t<meta name=\"twitter:data1\" content=\"ulqini\" \/>\n\t<meta name=\"twitter:label2\" content=\"Est. reading time\" \/>\n\t<meta name=\"twitter:data2\" content=\"3 minutes\" \/>\n<script type=\"application\/ld+json\" class=\"yoast-schema-graph\">{\"@context\":\"https:\/\/schema.org\",\"@graph\":[{\"@type\":\"WebSite\",\"@id\":\"https:\/\/www.visit-ulcinj.com\/blog\/#website\",\"url\":\"https:\/\/www.visit-ulcinj.com\/blog\/\",\"name\":\"Lajme nga Ulqini\",\"description\":\"Lajme,Vijesti,Ulqini,Ulqin,Crna Gora,Mali i Zi\",\"potentialAction\":[{\"@type\":\"SearchAction\",\"target\":{\"@type\":\"EntryPoint\",\"urlTemplate\":\"https:\/\/www.visit-ulcinj.com\/blog\/?s={search_term_string}\"},\"query-input\":\"required name=search_term_string\"}],\"inLanguage\":\"en-US\"},{\"@type\":\"ImageObject\",\"inLanguage\":\"en-US\",\"@id\":\"https:\/\/www.visit-ulcinj.com\/blog\/2017\/03\/09\/u-shkeput-meteorii-arsimit-anes-se-malit-dhe-ulqinit-rrukije-shaba\/#primaryimage\",\"url\":\"https:\/\/www.visit-ulcinj.com\/blog\/wp-content\/uploads\/2017\/03\/IM-MEMORIAM-Rrukije-Shaba-veterane-e-arsimimit.jpg\",\"contentUrl\":\"https:\/\/www.visit-ulcinj.com\/blog\/wp-content\/uploads\/2017\/03\/IM-MEMORIAM-Rrukije-Shaba-veterane-e-arsimimit.jpg\",\"width\":697,\"height\":617},{\"@type\":\"WebPage\",\"@id\":\"https:\/\/www.visit-ulcinj.com\/blog\/2017\/03\/09\/u-shkeput-meteorii-arsimit-anes-se-malit-dhe-ulqinit-rrukije-shaba\/#webpage\",\"url\":\"https:\/\/www.visit-ulcinj.com\/blog\/2017\/03\/09\/u-shkeput-meteorii-arsimit-anes-se-malit-dhe-ulqinit-rrukije-shaba\/\",\"name\":\"U shk\u00ebput meteori i arsimit i An\u00ebs s\u00eb Malit dhe Ulqinit, Rrukije Shaba - Lajme nga Ulqini\",\"isPartOf\":{\"@id\":\"https:\/\/www.visit-ulcinj.com\/blog\/#website\"},\"primaryImageOfPage\":{\"@id\":\"https:\/\/www.visit-ulcinj.com\/blog\/2017\/03\/09\/u-shkeput-meteorii-arsimit-anes-se-malit-dhe-ulqinit-rrukije-shaba\/#primaryimage\"},\"datePublished\":\"2017-03-09T13:40:06+00:00\",\"dateModified\":\"2017-03-11T14:11:52+00:00\",\"author\":{\"@id\":\"https:\/\/www.visit-ulcinj.com\/blog\/#\/schema\/person\/dcab619c614d3038751c63bc2aadc06d\"},\"description\":\"NGA JETA U NDA M\u00cbSUESJA E PAR\u00cb E K\u00cbSAJ TREVE, KOLEGJA RRUKIJE SHABA &nbsp; Shkruan: Rexhep Lleshi Rrukija u lind n\u00eb Brajsh\u00eb, n\u00eb familjen e varf\u00ebr, por e\",\"breadcrumb\":{\"@id\":\"https:\/\/www.visit-ulcinj.com\/blog\/2017\/03\/09\/u-shkeput-meteorii-arsimit-anes-se-malit-dhe-ulqinit-rrukije-shaba\/#breadcrumb\"},\"inLanguage\":\"en-US\",\"potentialAction\":[{\"@type\":\"ReadAction\",\"target\":[\"https:\/\/www.visit-ulcinj.com\/blog\/2017\/03\/09\/u-shkeput-meteorii-arsimit-anes-se-malit-dhe-ulqinit-rrukije-shaba\/\"]}]},{\"@type\":\"BreadcrumbList\",\"@id\":\"https:\/\/www.visit-ulcinj.com\/blog\/2017\/03\/09\/u-shkeput-meteorii-arsimit-anes-se-malit-dhe-ulqinit-rrukije-shaba\/#breadcrumb\",\"itemListElement\":[{\"@type\":\"ListItem\",\"position\":1,\"name\":\"U shk\u00ebput meteori i arsimit i An\u00ebs s\u00eb Malit dhe Ulqinit, Rrukije Shaba\"}]},{\"@type\":\"Person\",\"@id\":\"https:\/\/www.visit-ulcinj.com\/blog\/#\/schema\/person\/dcab619c614d3038751c63bc2aadc06d\",\"name\":\"ulqini\",\"sameAs\":[\"http:\/\/www.visit-ulcinj.com\"],\"url\":\"https:\/\/www.visit-ulcinj.com\/blog\/author\/admin\/\"}]}<\/script>\n<!-- \/ Yoast SEO plugin. -->","yoast_head_json":{"title":"U shk\u00ebput meteori i arsimit i An\u00ebs s\u00eb Malit dhe Ulqinit, Rrukije Shaba - Lajme nga Ulqini","description":"NGA JETA U NDA M\u00cbSUESJA E PAR\u00cb E K\u00cbSAJ TREVE, KOLEGJA RRUKIJE SHABA &nbsp; Shkruan: Rexhep Lleshi Rrukija u lind n\u00eb Brajsh\u00eb, n\u00eb familjen e varf\u00ebr, por e","robots":{"index":"index","follow":"follow","max-snippet":"max-snippet:-1","max-image-preview":"max-image-preview:large","max-video-preview":"max-video-preview:-1"},"canonical":"https:\/\/www.visit-ulcinj.com\/blog\/2017\/03\/09\/u-shkeput-meteorii-arsimit-anes-se-malit-dhe-ulqinit-rrukije-shaba\/","og_locale":"en_US","og_type":"article","og_title":"U shk\u00ebput meteori i arsimit i An\u00ebs s\u00eb Malit dhe Ulqinit, Rrukije Shaba - Lajme nga Ulqini","og_description":"NGA JETA U NDA M\u00cbSUESJA E PAR\u00cb E K\u00cbSAJ TREVE, KOLEGJA RRUKIJE SHABA &nbsp; Shkruan: Rexhep Lleshi Rrukija u lind n\u00eb Brajsh\u00eb, n\u00eb familjen e varf\u00ebr, por e","og_url":"https:\/\/www.visit-ulcinj.com\/blog\/2017\/03\/09\/u-shkeput-meteorii-arsimit-anes-se-malit-dhe-ulqinit-rrukije-shaba\/","og_site_name":"Lajme nga Ulqini","article_published_time":"2017-03-09T13:40:06+00:00","article_modified_time":"2017-03-11T14:11:52+00:00","og_image":[{"url":"http:\/\/www.visit-ulcinj.com\/blog\/wp-content\/uploads\/2017\/03\/IM-MEMORIAM-Rrukije-Shaba-veterane-e-arsimimit.jpg"}],"twitter_misc":{"Written by":"ulqini","Est. reading time":"3 minutes"},"schema":{"@context":"https:\/\/schema.org","@graph":[{"@type":"WebSite","@id":"https:\/\/www.visit-ulcinj.com\/blog\/#website","url":"https:\/\/www.visit-ulcinj.com\/blog\/","name":"Lajme nga Ulqini","description":"Lajme,Vijesti,Ulqini,Ulqin,Crna Gora,Mali i Zi","potentialAction":[{"@type":"SearchAction","target":{"@type":"EntryPoint","urlTemplate":"https:\/\/www.visit-ulcinj.com\/blog\/?s={search_term_string}"},"query-input":"required name=search_term_string"}],"inLanguage":"en-US"},{"@type":"ImageObject","inLanguage":"en-US","@id":"https:\/\/www.visit-ulcinj.com\/blog\/2017\/03\/09\/u-shkeput-meteorii-arsimit-anes-se-malit-dhe-ulqinit-rrukije-shaba\/#primaryimage","url":"https:\/\/www.visit-ulcinj.com\/blog\/wp-content\/uploads\/2017\/03\/IM-MEMORIAM-Rrukije-Shaba-veterane-e-arsimimit.jpg","contentUrl":"https:\/\/www.visit-ulcinj.com\/blog\/wp-content\/uploads\/2017\/03\/IM-MEMORIAM-Rrukije-Shaba-veterane-e-arsimimit.jpg","width":697,"height":617},{"@type":"WebPage","@id":"https:\/\/www.visit-ulcinj.com\/blog\/2017\/03\/09\/u-shkeput-meteorii-arsimit-anes-se-malit-dhe-ulqinit-rrukije-shaba\/#webpage","url":"https:\/\/www.visit-ulcinj.com\/blog\/2017\/03\/09\/u-shkeput-meteorii-arsimit-anes-se-malit-dhe-ulqinit-rrukije-shaba\/","name":"U shk\u00ebput meteori i arsimit i An\u00ebs s\u00eb Malit dhe Ulqinit, Rrukije Shaba - Lajme nga Ulqini","isPartOf":{"@id":"https:\/\/www.visit-ulcinj.com\/blog\/#website"},"primaryImageOfPage":{"@id":"https:\/\/www.visit-ulcinj.com\/blog\/2017\/03\/09\/u-shkeput-meteorii-arsimit-anes-se-malit-dhe-ulqinit-rrukije-shaba\/#primaryimage"},"datePublished":"2017-03-09T13:40:06+00:00","dateModified":"2017-03-11T14:11:52+00:00","author":{"@id":"https:\/\/www.visit-ulcinj.com\/blog\/#\/schema\/person\/dcab619c614d3038751c63bc2aadc06d"},"description":"NGA JETA U NDA M\u00cbSUESJA E PAR\u00cb E K\u00cbSAJ TREVE, KOLEGJA RRUKIJE SHABA &nbsp; Shkruan: Rexhep Lleshi Rrukija u lind n\u00eb Brajsh\u00eb, n\u00eb familjen e varf\u00ebr, por e","breadcrumb":{"@id":"https:\/\/www.visit-ulcinj.com\/blog\/2017\/03\/09\/u-shkeput-meteorii-arsimit-anes-se-malit-dhe-ulqinit-rrukije-shaba\/#breadcrumb"},"inLanguage":"en-US","potentialAction":[{"@type":"ReadAction","target":["https:\/\/www.visit-ulcinj.com\/blog\/2017\/03\/09\/u-shkeput-meteorii-arsimit-anes-se-malit-dhe-ulqinit-rrukije-shaba\/"]}]},{"@type":"BreadcrumbList","@id":"https:\/\/www.visit-ulcinj.com\/blog\/2017\/03\/09\/u-shkeput-meteorii-arsimit-anes-se-malit-dhe-ulqinit-rrukije-shaba\/#breadcrumb","itemListElement":[{"@type":"ListItem","position":1,"name":"U shk\u00ebput meteori i arsimit i An\u00ebs s\u00eb Malit dhe Ulqinit, Rrukije Shaba"}]},{"@type":"Person","@id":"https:\/\/www.visit-ulcinj.com\/blog\/#\/schema\/person\/dcab619c614d3038751c63bc2aadc06d","name":"ulqini","sameAs":["http:\/\/www.visit-ulcinj.com"],"url":"https:\/\/www.visit-ulcinj.com\/blog\/author\/admin\/"}]}},"jetpack_featured_media_url":"","jetpack_sharing_enabled":true,"jetpack_shortlink":"https:\/\/wp.me\/pe6lTn-qV5","_links":{"self":[{"href":"https:\/\/www.visit-ulcinj.com\/blog\/wp-json\/wp\/v2\/posts\/103483"}],"collection":[{"href":"https:\/\/www.visit-ulcinj.com\/blog\/wp-json\/wp\/v2\/posts"}],"about":[{"href":"https:\/\/www.visit-ulcinj.com\/blog\/wp-json\/wp\/v2\/types\/post"}],"author":[{"embeddable":true,"href":"https:\/\/www.visit-ulcinj.com\/blog\/wp-json\/wp\/v2\/users\/1"}],"replies":[{"embeddable":true,"href":"https:\/\/www.visit-ulcinj.com\/blog\/wp-json\/wp\/v2\/comments?post=103483"}],"version-history":[{"count":4,"href":"https:\/\/www.visit-ulcinj.com\/blog\/wp-json\/wp\/v2\/posts\/103483\/revisions"}],"predecessor-version":[{"id":103517,"href":"https:\/\/www.visit-ulcinj.com\/blog\/wp-json\/wp\/v2\/posts\/103483\/revisions\/103517"}],"wp:attachment":[{"href":"https:\/\/www.visit-ulcinj.com\/blog\/wp-json\/wp\/v2\/media?parent=103483"}],"wp:term":[{"taxonomy":"category","embeddable":true,"href":"https:\/\/www.visit-ulcinj.com\/blog\/wp-json\/wp\/v2\/categories?post=103483"},{"taxonomy":"post_tag","embeddable":true,"href":"https:\/\/www.visit-ulcinj.com\/blog\/wp-json\/wp\/v2\/tags?post=103483"}],"curies":[{"name":"wp","href":"https:\/\/api.w.org\/{rel}","templated":true}]}}