{"id":103495,"date":"2017-03-09T15:07:05","date_gmt":"2017-03-09T14:07:05","guid":{"rendered":"http:\/\/www.visit-ulcinj.com\/blog\/?p=103495"},"modified":"2017-03-09T19:18:11","modified_gmt":"2017-03-09T18:18:11","slug":"predstavljanje-turisticke-ponude-ulcinja-na-sajmu-u-berlinu","status":"publish","type":"post","link":"https:\/\/www.visit-ulcinj.com\/blog\/2017\/03\/09\/predstavljanje-turisticke-ponude-ulcinja-na-sajmu-u-berlinu\/","title":{"rendered":"Predstavljanje turisti\u010dke ponude Ulcinja na sajmu u Berlinu"},"content":{"rendered":"<p><strong><a href=\"http:\/\/www.visit-ulcinj.com\/blog\/wp-content\/uploads\/2017\/03\/OT-e-Ulqinit-prezantohet-n\u00eb-Panairin-e-Berlinit-2.jpg\"><img loading=\"lazy\" class=\"alignleft wp-image-103493\" src=\"http:\/\/www.visit-ulcinj.com\/blog\/wp-content\/uploads\/2017\/03\/OT-e-Ulqinit-prezantohet-n\u00eb-Panairin-e-Berlinit-2.jpg\" alt=\"OT e Ulqinit prezantohet n\u00eb Panairin e Berlinit-2\" width=\"508\" height=\"431\" srcset=\"https:\/\/www.visit-ulcinj.com\/blog\/wp-content\/uploads\/2017\/03\/OT-e-Ulqinit-prezantohet-n\u00eb-Panairin-e-Berlinit-2.jpg 727w, https:\/\/www.visit-ulcinj.com\/blog\/wp-content\/uploads\/2017\/03\/OT-e-Ulqinit-prezantohet-n\u00eb-Panairin-e-Berlinit-2-300x255.jpg 300w\" sizes=\"(max-width: 508px) 100vw, 508px\" \/><\/a>TO Ulcinj na sajmu u Berlinu 08-12.03.2017<\/strong><\/p>\n<p>Na ovogodi\u0161njem me\u0111unarodnom sajmu turizma u Berlinu ITB koji se odr\u017eava u periodu od 08.-12. marta 2017. godine, Turisti\u010dka organizacija Ulcinj nastupa na organizovanom \u0161tandu Nacionalne turisti\u010dke organizacije Crne Gore. Sajam turizma \u201eITB\u201c u Berlinu \u0107e ove godine okupiti preko 180.000 posjetilaca, od \u010dega je 120.000 profesionalaca iz oblasti turizma, kao i preko 11.000 kompanija iz 180 zemalja, te se s pravom mo\u017ee re\u0107i da je ovaj sajam jedan od ja\u010dih ove vrste u svijetu.<\/p>\n<p>Na organizovanom \u0161tandu NTO nastupaju i lokalne organizacije kao i turisti\u010dki privrednici, na kojem su objedinili cjelokupnu turisti\u010dku ponudu Crne Gore. Od tu\u00adri\u00adsti\u010d\u00adkih pri\u00advred\u00adni\u00adka sa pod\u00adru\u010d\u00adja op\u00ad\u0161ti\u00adne pri\u00adsut\u00adni su i HTP \u201eUl\u00adcinj\u00adska ri\u00advi\u00adje\u00adra\u201c,ko\u00adji \u0107e to\u00adkom svih da\u00adna saj\u00adma ima\u00adti kon\u00adtak\u00adte sa broj\u00adnim part\u00adne\u00adri\u00adma i za\u00adin\u00adte\u00adre\u00adso\u00adva\u00adnim kli\u00adjen\u00adti\u00adma. Pr\u00adva tri da\u00adna saj\u00adma su pred\u00advi\u00ad\u0111e\u00adna za su\u00adsre\u00adte, dok je po\u00adsled\u00adnja dva da\u00adna sa\u00adjam otvo\u00adren i za po\u00adsje\u00adti\u00ado\u00adce. Za Ulcinj Nje\u00adma\u010d\u00adka je jed\u00adno od glav\u00adnih emi\u00adtiv\u00adnih tr\u00ad\u017ei\u00ad\u0161ta jer sva\u00adke go\u00addi\u00adne go\u00adsti iz Nje\u00adma\u010d\u00adke u Ul\u00adcinj\u00adskoj ri\u00advi\u00adje\u00adri se vra\u0107aju u sve ve\u0107em broju. Njem\u00adci su tra\u00addi\u00adci\u00ado\u00adnal\u00adno ve\u00adli\u00adki lju\u00adbi\u00adte\u00adlji prirode, Borove \u0161ume, Velike pla\u017ee i Ade Bo\u00adja\u00adne i do\u00adla\u00adze uglavnom po\u00adsred\u00adstvom tu\u00adri\u00adsti\u010d\u00adkih agen\u00adci\u00adja .<\/p>\n<p>Delegaciju Crne Gore predvode direktorica Nacionalne turisti\u010dke organizacije Crne Gore \u017deljka Radak Kukavi\u010di\u0107 i savjetnica ministra odr\u017eivog razvoja i turizma Nada Pavi\u0107evi\u0107, koje \u0107e se tokom sajma sastati sa predstavnicima turisti\u010dkog i privrednog sektora Njema\u010dke, turoperatorima i medijima.<\/p>\n<p>Direktor Turisti\u010dke Organizacije Ulcinj Mr Fuad Had\u017eibeti je dao izjavu novinarki Vijesti za dijasporu a Ulcinjska Rivijera je tako\u0111e imala sastanak sa predstavnicima poznate agencije Obena .<\/p>\n<p>Svi posjetioci ITB-a, koji \u0107e trajati do nedjelje, \u0107e imati priliku da se vi\u0161e informi\u0161u o crnogorskim za\u0161ti\u0107enim podru\u010djima, aktivnom odmoru i ponudama koje ne treba propustiti prilikom posjete nacionalnim parkovima, a me\u0111u njima se nalazi i Ulcinsjka Solana.<\/p>\n<p>Op\u0161tinu Ulcinj je tokom 2016.godine posjetilo 11.955 turista iz Njema\u010dke, koji su ostvarili 73.148 no\u0107enja.<\/p>\n<p>&nbsp;<\/p>\n<p>Stru\u010dna slu\u017eba TO Ulcinj<\/p>\n<p><a href=\"http:\/\/www.visit-ulcinj.com\/blog\/wp-content\/uploads\/2017\/03\/OT-e-Ulqinit-prezantohet-n\u00eb-Panairin-e-Berlinit-1.jpg\"><img loading=\"lazy\" class=\"alignleft wp-image-103492\" src=\"http:\/\/www.visit-ulcinj.com\/blog\/wp-content\/uploads\/2017\/03\/OT-e-Ulqinit-prezantohet-n\u00eb-Panairin-e-Berlinit-1.jpg\" alt=\"OT e Ulqinit prezantohet n\u00eb Panairin e Berlinit-1\" width=\"508\" height=\"305\" srcset=\"https:\/\/www.visit-ulcinj.com\/blog\/wp-content\/uploads\/2017\/03\/OT-e-Ulqinit-prezantohet-n\u00eb-Panairin-e-Berlinit-1.jpg 1028w, https:\/\/www.visit-ulcinj.com\/blog\/wp-content\/uploads\/2017\/03\/OT-e-Ulqinit-prezantohet-n\u00eb-Panairin-e-Berlinit-1-300x180.jpg 300w, https:\/\/www.visit-ulcinj.com\/blog\/wp-content\/uploads\/2017\/03\/OT-e-Ulqinit-prezantohet-n\u00eb-Panairin-e-Berlinit-1-768x461.jpg 768w, https:\/\/www.visit-ulcinj.com\/blog\/wp-content\/uploads\/2017\/03\/OT-e-Ulqinit-prezantohet-n\u00eb-Panairin-e-Berlinit-1-1024x615.jpg 1024w\" sizes=\"(max-width: 508px) 100vw, 508px\" \/><\/a><\/p>\n<p>&nbsp;<\/p>\n<p>&nbsp;<\/p>\n<p><a href=\"http:\/\/www.visit-ulcinj.com\/blog\/wp-content\/uploads\/2017\/03\/OT-e-Ulqinit-prezantohet-n\u00eb-Panairin-e-Berlinit.jpg\"><img loading=\"lazy\" class=\"alignleft wp-image-103491\" src=\"http:\/\/www.visit-ulcinj.com\/blog\/wp-content\/uploads\/2017\/03\/OT-e-Ulqinit-prezantohet-n\u00eb-Panairin-e-Berlinit.jpg\" alt=\"OT e Ulqinit prezantohet n\u00eb Panairin e Berlinit\" width=\"508\" height=\"381\" srcset=\"https:\/\/www.visit-ulcinj.com\/blog\/wp-content\/uploads\/2017\/03\/OT-e-Ulqinit-prezantohet-n\u00eb-Panairin-e-Berlinit.jpg 823w, https:\/\/www.visit-ulcinj.com\/blog\/wp-content\/uploads\/2017\/03\/OT-e-Ulqinit-prezantohet-n\u00eb-Panairin-e-Berlinit-300x225.jpg 300w, https:\/\/www.visit-ulcinj.com\/blog\/wp-content\/uploads\/2017\/03\/OT-e-Ulqinit-prezantohet-n\u00eb-Panairin-e-Berlinit-768x576.jpg 768w\" sizes=\"(max-width: 508px) 100vw, 508px\" \/><\/a><\/p>\n<p><a href=\"http:\/\/www.visit-ulcinj.com\/blog\/wp-content\/uploads\/2017\/03\/Vebija-Kovacevic-u-sajmu-Berlin-2017.jpg\"><img loading=\"lazy\" class=\"alignleft wp-image-103501\" src=\"http:\/\/www.visit-ulcinj.com\/blog\/wp-content\/uploads\/2017\/03\/Vebija-Kovacevic-u-sajmu-Berlin-2017.jpg\" alt=\"Vebija Kovacevic u sajmu Berlin 2017\" width=\"508\" height=\"286\" srcset=\"https:\/\/www.visit-ulcinj.com\/blog\/wp-content\/uploads\/2017\/03\/Vebija-Kovacevic-u-sajmu-Berlin-2017.jpg 960w, https:\/\/www.visit-ulcinj.com\/blog\/wp-content\/uploads\/2017\/03\/Vebija-Kovacevic-u-sajmu-Berlin-2017-300x169.jpg 300w, https:\/\/www.visit-ulcinj.com\/blog\/wp-content\/uploads\/2017\/03\/Vebija-Kovacevic-u-sajmu-Berlin-2017-768x432.jpg 768w\" sizes=\"(max-width: 508px) 100vw, 508px\" \/><\/a><\/p>\n","protected":false},"excerpt":{"rendered":"<p>TO Ulcinj na sajmu u Berlinu 08-12.03.2017 Na ovogodi\u0161njem me\u0111unarodnom sajmu turizma u Berlinu ITB koji se odr\u017eava u periodu od 08.-12. marta 2017. godine, Turisti\u010dka organizacija Ulcinj nastupa na organizovanom \u0161tandu Nacionalne turisti\u010dke organizacije Crne Gore. Sajam turizma \u201eITB\u201c u Berlinu \u0107e ove godine okupiti preko 180.000 posjetilaca, od \u010dega je 120.000 profesionalaca iz [&hellip;]<\/p>\n","protected":false},"author":1,"featured_media":0,"comment_status":"closed","ping_status":"closed","sticky":false,"template":"","format":"standard","meta":{"spay_email":"","jetpack_publicize_message":"","jetpack_is_tweetstorm":false,"jetpack_publicize_feature_enabled":true},"categories":[8337],"tags":[],"jetpack_publicize_connections":[],"yoast_head":"<!-- This site is optimized with the Yoast SEO plugin v19.1 - https:\/\/yoast.com\/wordpress\/plugins\/seo\/ -->\n<title>Predstavljanje turisti\u010dke ponude Ulcinja na sajmu u Berlinu - Lajme nga Ulqini<\/title>\n<meta name=\"description\" content=\"TO Ulcinj na sajmu u Berlinu 08-12.03.2017 Na ovogodi\u0161njem me\u0111unarodnom sajmu turizma u Berlinu ITB koji se odr\u017eava u periodu od 08.-12. marta 2017.\" \/>\n<meta name=\"robots\" content=\"index, follow, max-snippet:-1, max-image-preview:large, max-video-preview:-1\" \/>\n<link rel=\"canonical\" href=\"https:\/\/www.visit-ulcinj.com\/blog\/2017\/03\/09\/predstavljanje-turisticke-ponude-ulcinja-na-sajmu-u-berlinu\/\" \/>\n<meta property=\"og:locale\" content=\"en_US\" \/>\n<meta property=\"og:type\" content=\"article\" \/>\n<meta property=\"og:title\" content=\"Predstavljanje turisti\u010dke ponude Ulcinja na sajmu u Berlinu - Lajme nga Ulqini\" \/>\n<meta property=\"og:description\" content=\"TO Ulcinj na sajmu u Berlinu 08-12.03.2017 Na ovogodi\u0161njem me\u0111unarodnom sajmu turizma u Berlinu ITB koji se odr\u017eava u periodu od 08.-12. marta 2017.\" \/>\n<meta property=\"og:url\" content=\"https:\/\/www.visit-ulcinj.com\/blog\/2017\/03\/09\/predstavljanje-turisticke-ponude-ulcinja-na-sajmu-u-berlinu\/\" \/>\n<meta property=\"og:site_name\" content=\"Lajme nga Ulqini\" \/>\n<meta property=\"article:published_time\" content=\"2017-03-09T14:07:05+00:00\" \/>\n<meta property=\"article:modified_time\" content=\"2017-03-09T18:18:11+00:00\" \/>\n<meta property=\"og:image\" content=\"http:\/\/www.visit-ulcinj.com\/blog\/wp-content\/uploads\/2017\/03\/Vebija-Kovacevic-u-sajmu-Berlin-2017.jpg\" \/>\n<meta name=\"twitter:label1\" content=\"Written by\" \/>\n\t<meta name=\"twitter:data1\" content=\"ulqini\" \/>\n\t<meta name=\"twitter:label2\" content=\"Est. reading time\" \/>\n\t<meta name=\"twitter:data2\" content=\"2 minutes\" \/>\n<script type=\"application\/ld+json\" class=\"yoast-schema-graph\">{\"@context\":\"https:\/\/schema.org\",\"@graph\":[{\"@type\":\"WebSite\",\"@id\":\"https:\/\/www.visit-ulcinj.com\/blog\/#website\",\"url\":\"https:\/\/www.visit-ulcinj.com\/blog\/\",\"name\":\"Lajme nga Ulqini\",\"description\":\"Lajme,Vijesti,Ulqini,Ulqin,Crna Gora,Mali i Zi\",\"potentialAction\":[{\"@type\":\"SearchAction\",\"target\":{\"@type\":\"EntryPoint\",\"urlTemplate\":\"https:\/\/www.visit-ulcinj.com\/blog\/?s={search_term_string}\"},\"query-input\":\"required name=search_term_string\"}],\"inLanguage\":\"en-US\"},{\"@type\":\"ImageObject\",\"inLanguage\":\"en-US\",\"@id\":\"https:\/\/www.visit-ulcinj.com\/blog\/2017\/03\/09\/predstavljanje-turisticke-ponude-ulcinja-na-sajmu-u-berlinu\/#primaryimage\",\"url\":\"https:\/\/www.visit-ulcinj.com\/blog\/wp-content\/uploads\/2017\/03\/Vebija-Kovacevic-u-sajmu-Berlin-2017.jpg\",\"contentUrl\":\"https:\/\/www.visit-ulcinj.com\/blog\/wp-content\/uploads\/2017\/03\/Vebija-Kovacevic-u-sajmu-Berlin-2017.jpg\",\"width\":960,\"height\":540},{\"@type\":\"WebPage\",\"@id\":\"https:\/\/www.visit-ulcinj.com\/blog\/2017\/03\/09\/predstavljanje-turisticke-ponude-ulcinja-na-sajmu-u-berlinu\/#webpage\",\"url\":\"https:\/\/www.visit-ulcinj.com\/blog\/2017\/03\/09\/predstavljanje-turisticke-ponude-ulcinja-na-sajmu-u-berlinu\/\",\"name\":\"Predstavljanje turisti\u010dke ponude Ulcinja na sajmu u Berlinu - Lajme nga Ulqini\",\"isPartOf\":{\"@id\":\"https:\/\/www.visit-ulcinj.com\/blog\/#website\"},\"primaryImageOfPage\":{\"@id\":\"https:\/\/www.visit-ulcinj.com\/blog\/2017\/03\/09\/predstavljanje-turisticke-ponude-ulcinja-na-sajmu-u-berlinu\/#primaryimage\"},\"datePublished\":\"2017-03-09T14:07:05+00:00\",\"dateModified\":\"2017-03-09T18:18:11+00:00\",\"author\":{\"@id\":\"https:\/\/www.visit-ulcinj.com\/blog\/#\/schema\/person\/dcab619c614d3038751c63bc2aadc06d\"},\"description\":\"TO Ulcinj na sajmu u Berlinu 08-12.03.2017 Na ovogodi\u0161njem me\u0111unarodnom sajmu turizma u Berlinu ITB koji se odr\u017eava u periodu od 08.-12. marta 2017.\",\"breadcrumb\":{\"@id\":\"https:\/\/www.visit-ulcinj.com\/blog\/2017\/03\/09\/predstavljanje-turisticke-ponude-ulcinja-na-sajmu-u-berlinu\/#breadcrumb\"},\"inLanguage\":\"en-US\",\"potentialAction\":[{\"@type\":\"ReadAction\",\"target\":[\"https:\/\/www.visit-ulcinj.com\/blog\/2017\/03\/09\/predstavljanje-turisticke-ponude-ulcinja-na-sajmu-u-berlinu\/\"]}]},{\"@type\":\"BreadcrumbList\",\"@id\":\"https:\/\/www.visit-ulcinj.com\/blog\/2017\/03\/09\/predstavljanje-turisticke-ponude-ulcinja-na-sajmu-u-berlinu\/#breadcrumb\",\"itemListElement\":[{\"@type\":\"ListItem\",\"position\":1,\"name\":\"Predstavljanje turisti\u010dke ponude Ulcinja na sajmu u Berlinu\"}]},{\"@type\":\"Person\",\"@id\":\"https:\/\/www.visit-ulcinj.com\/blog\/#\/schema\/person\/dcab619c614d3038751c63bc2aadc06d\",\"name\":\"ulqini\",\"sameAs\":[\"http:\/\/www.visit-ulcinj.com\"],\"url\":\"https:\/\/www.visit-ulcinj.com\/blog\/author\/admin\/\"}]}<\/script>\n<!-- \/ Yoast SEO plugin. -->","yoast_head_json":{"title":"Predstavljanje turisti\u010dke ponude Ulcinja na sajmu u Berlinu - Lajme nga Ulqini","description":"TO Ulcinj na sajmu u Berlinu 08-12.03.2017 Na ovogodi\u0161njem me\u0111unarodnom sajmu turizma u Berlinu ITB koji se odr\u017eava u periodu od 08.-12. marta 2017.","robots":{"index":"index","follow":"follow","max-snippet":"max-snippet:-1","max-image-preview":"max-image-preview:large","max-video-preview":"max-video-preview:-1"},"canonical":"https:\/\/www.visit-ulcinj.com\/blog\/2017\/03\/09\/predstavljanje-turisticke-ponude-ulcinja-na-sajmu-u-berlinu\/","og_locale":"en_US","og_type":"article","og_title":"Predstavljanje turisti\u010dke ponude Ulcinja na sajmu u Berlinu - Lajme nga Ulqini","og_description":"TO Ulcinj na sajmu u Berlinu 08-12.03.2017 Na ovogodi\u0161njem me\u0111unarodnom sajmu turizma u Berlinu ITB koji se odr\u017eava u periodu od 08.-12. marta 2017.","og_url":"https:\/\/www.visit-ulcinj.com\/blog\/2017\/03\/09\/predstavljanje-turisticke-ponude-ulcinja-na-sajmu-u-berlinu\/","og_site_name":"Lajme nga Ulqini","article_published_time":"2017-03-09T14:07:05+00:00","article_modified_time":"2017-03-09T18:18:11+00:00","og_image":[{"url":"http:\/\/www.visit-ulcinj.com\/blog\/wp-content\/uploads\/2017\/03\/Vebija-Kovacevic-u-sajmu-Berlin-2017.jpg"}],"twitter_misc":{"Written by":"ulqini","Est. reading time":"2 minutes"},"schema":{"@context":"https:\/\/schema.org","@graph":[{"@type":"WebSite","@id":"https:\/\/www.visit-ulcinj.com\/blog\/#website","url":"https:\/\/www.visit-ulcinj.com\/blog\/","name":"Lajme nga Ulqini","description":"Lajme,Vijesti,Ulqini,Ulqin,Crna Gora,Mali i Zi","potentialAction":[{"@type":"SearchAction","target":{"@type":"EntryPoint","urlTemplate":"https:\/\/www.visit-ulcinj.com\/blog\/?s={search_term_string}"},"query-input":"required name=search_term_string"}],"inLanguage":"en-US"},{"@type":"ImageObject","inLanguage":"en-US","@id":"https:\/\/www.visit-ulcinj.com\/blog\/2017\/03\/09\/predstavljanje-turisticke-ponude-ulcinja-na-sajmu-u-berlinu\/#primaryimage","url":"https:\/\/www.visit-ulcinj.com\/blog\/wp-content\/uploads\/2017\/03\/Vebija-Kovacevic-u-sajmu-Berlin-2017.jpg","contentUrl":"https:\/\/www.visit-ulcinj.com\/blog\/wp-content\/uploads\/2017\/03\/Vebija-Kovacevic-u-sajmu-Berlin-2017.jpg","width":960,"height":540},{"@type":"WebPage","@id":"https:\/\/www.visit-ulcinj.com\/blog\/2017\/03\/09\/predstavljanje-turisticke-ponude-ulcinja-na-sajmu-u-berlinu\/#webpage","url":"https:\/\/www.visit-ulcinj.com\/blog\/2017\/03\/09\/predstavljanje-turisticke-ponude-ulcinja-na-sajmu-u-berlinu\/","name":"Predstavljanje turisti\u010dke ponude Ulcinja na sajmu u Berlinu - Lajme nga Ulqini","isPartOf":{"@id":"https:\/\/www.visit-ulcinj.com\/blog\/#website"},"primaryImageOfPage":{"@id":"https:\/\/www.visit-ulcinj.com\/blog\/2017\/03\/09\/predstavljanje-turisticke-ponude-ulcinja-na-sajmu-u-berlinu\/#primaryimage"},"datePublished":"2017-03-09T14:07:05+00:00","dateModified":"2017-03-09T18:18:11+00:00","author":{"@id":"https:\/\/www.visit-ulcinj.com\/blog\/#\/schema\/person\/dcab619c614d3038751c63bc2aadc06d"},"description":"TO Ulcinj na sajmu u Berlinu 08-12.03.2017 Na ovogodi\u0161njem me\u0111unarodnom sajmu turizma u Berlinu ITB koji se odr\u017eava u periodu od 08.-12. marta 2017.","breadcrumb":{"@id":"https:\/\/www.visit-ulcinj.com\/blog\/2017\/03\/09\/predstavljanje-turisticke-ponude-ulcinja-na-sajmu-u-berlinu\/#breadcrumb"},"inLanguage":"en-US","potentialAction":[{"@type":"ReadAction","target":["https:\/\/www.visit-ulcinj.com\/blog\/2017\/03\/09\/predstavljanje-turisticke-ponude-ulcinja-na-sajmu-u-berlinu\/"]}]},{"@type":"BreadcrumbList","@id":"https:\/\/www.visit-ulcinj.com\/blog\/2017\/03\/09\/predstavljanje-turisticke-ponude-ulcinja-na-sajmu-u-berlinu\/#breadcrumb","itemListElement":[{"@type":"ListItem","position":1,"name":"Predstavljanje turisti\u010dke ponude Ulcinja na sajmu u Berlinu"}]},{"@type":"Person","@id":"https:\/\/www.visit-ulcinj.com\/blog\/#\/schema\/person\/dcab619c614d3038751c63bc2aadc06d","name":"ulqini","sameAs":["http:\/\/www.visit-ulcinj.com"],"url":"https:\/\/www.visit-ulcinj.com\/blog\/author\/admin\/"}]}},"jetpack_featured_media_url":"","jetpack_sharing_enabled":true,"jetpack_shortlink":"https:\/\/wp.me\/pe6lTn-qVh","_links":{"self":[{"href":"https:\/\/www.visit-ulcinj.com\/blog\/wp-json\/wp\/v2\/posts\/103495"}],"collection":[{"href":"https:\/\/www.visit-ulcinj.com\/blog\/wp-json\/wp\/v2\/posts"}],"about":[{"href":"https:\/\/www.visit-ulcinj.com\/blog\/wp-json\/wp\/v2\/types\/post"}],"author":[{"embeddable":true,"href":"https:\/\/www.visit-ulcinj.com\/blog\/wp-json\/wp\/v2\/users\/1"}],"replies":[{"embeddable":true,"href":"https:\/\/www.visit-ulcinj.com\/blog\/wp-json\/wp\/v2\/comments?post=103495"}],"version-history":[{"count":3,"href":"https:\/\/www.visit-ulcinj.com\/blog\/wp-json\/wp\/v2\/posts\/103495\/revisions"}],"predecessor-version":[{"id":103503,"href":"https:\/\/www.visit-ulcinj.com\/blog\/wp-json\/wp\/v2\/posts\/103495\/revisions\/103503"}],"wp:attachment":[{"href":"https:\/\/www.visit-ulcinj.com\/blog\/wp-json\/wp\/v2\/media?parent=103495"}],"wp:term":[{"taxonomy":"category","embeddable":true,"href":"https:\/\/www.visit-ulcinj.com\/blog\/wp-json\/wp\/v2\/categories?post=103495"},{"taxonomy":"post_tag","embeddable":true,"href":"https:\/\/www.visit-ulcinj.com\/blog\/wp-json\/wp\/v2\/tags?post=103495"}],"curies":[{"name":"wp","href":"https:\/\/api.w.org\/{rel}","templated":true}]}}