{"id":10350,"date":"2009-02-02T19:51:21","date_gmt":"2009-02-02T18:51:21","guid":{"rendered":"http:\/\/www.visit-ulcinj.com\/blog\/?p=10350"},"modified":"2009-02-03T19:18:02","modified_gmt":"2009-02-03T18:18:02","slug":"lideri-tri-albanskih-partije-sastali-se-u-tuzima","status":"publish","type":"post","link":"https:\/\/www.visit-ulcinj.com\/blog\/2009\/02\/02\/lideri-tri-albanskih-partije-sastali-se-u-tuzima\/","title":{"rendered":"Lideri tri albanskih partije sastali se u Tuzima"},"content":{"rendered":"<p><strong><a rel=\"attachment wp-att-10351\" href=\"http:\/\/www.visit-ulcinj.com\/blog\/2009\/02\/02\/lideri-tri-albanskih-partije-sastali-se-u-tuzima\/politika-2-2\/\"><img loading=\"lazy\" class=\"alignleft size-full wp-image-10351\" title=\"Politika\" src=\"http:\/\/www.visit-ulcinj.com\/blog\/wp-content\/uploads\/2009\/02\/bardhi_sinishtaj.jpg\" alt=\"Politika\" width=\"360\" height=\"236\" \/><\/a>Albanci po?eli pregovore<\/strong><br \/>\nPodgorica &#8211; Predstavnici Albanske alternative (AA), Demokratskog saveza (DSCG) i Force razgovarali su u subotu uve?e o mogu?nosti zajedni?kog nastupa na parlamentarnim izborima, saznaju \u201cVijesti\u201d.<br \/>\nInicijativni sastanak albanskih politi?ara odr\u017ean je u restoranu \u201cTroja\u201d u Tuzima, a prisustvovali su mu lideri albanskih stranaka ?er? Camaj, Mehmet Bardhi i Nazif Cungu, kao i njihovi najbli\u017ei saradnici. Izvor \u201cVijesti\u201d blizak albanskim politi?arima tvrdi da su svi iskazali spremnost za saradnju, ali da jo\u0161 uvjek nije bilo konkretnih predloga kako bi ona trebala da izgleda. On tvrdi da su se albanski politi?ari dogovorili da u narednih 15 dana nastave intenzivniji razgovore u kojima bi razradili detalje zajedni?kog nastupa.<br \/>\nPrema rije?ima sagovornika \u201dVijesti\u201d na sastanak u Tuzima nijesu pozvani predstavnici Demokratske unije Albanaca (DUA), jer je u pitanju inicijativni sastanak na kome se rasparavljalo o programskim ciljevima mogu?e koalcijice.<br \/>\n\u201cAko se mi budemo slo\u017eili o programskim ciljevima,onda ?emo pozvati nacionalne subjekte da se okupe oko tih ciljeva\u201d, kazao je on, isti?u?i da su me?u glavni prinicipima funkcionisanje samostalne op\u0161tine Tuzi i saradnja na lokalnom nivou u Ulcinju Predstavnici albanskih stranaka ranije su javno iskazali raspolo\u017eenje za zajedni?ki nastup na vanrednim izborima 29. marta, isti?u?i da bi tako sprije?ili osipanje glasova Albanaca u Crnoj Gori. Predstavnici AA, DSCG i Force tada su najavili mogu?nost stravaranja \u0161iroke albanske koaliciji, dok je lider DUA Ferhat Dino\u0161a predlo\u017eio izlazak u dvije kolone.<br \/>\n<strong>Sa.K.<br \/>\nIzvor \/ Vijesti<\/strong><\/p>\n","protected":false},"excerpt":{"rendered":"<p>Albanci po?eli pregovore Podgorica &#8211; Predstavnici Albanske alternative (AA), Demokratskog saveza (DSCG) i Force razgovarali su u subotu uve?e o mogu?nosti zajedni?kog nastupa na parlamentarnim izborima, saznaju \u201cVijesti\u201d. Inicijativni sastanak albanskih politi?ara odr\u017ean je u restoranu \u201cTroja\u201d u Tuzima, a prisustvovali su mu lideri albanskih stranaka ?er? Camaj, Mehmet Bardhi i Nazif Cungu, kao i [&hellip;]<\/p>\n","protected":false},"author":1,"featured_media":0,"comment_status":"open","ping_status":"closed","sticky":false,"template":"","format":"standard","meta":{"spay_email":"","jetpack_publicize_message":"","jetpack_is_tweetstorm":false,"jetpack_publicize_feature_enabled":true},"categories":[12],"tags":[6360,6363,6362,6365,6367,6364,6361,2781,6366],"jetpack_publicize_connections":[],"yoast_head":"<!-- This site is optimized with the Yoast SEO plugin v19.1 - https:\/\/yoast.com\/wordpress\/plugins\/seo\/ -->\n<title>Lideri tri albanskih partije sastali se u Tuzima - Lajme nga Ulqini<\/title>\n<meta name=\"description\" content=\"Albanci po?eli pregovore Podgorica - Predstavnici Albanske alternative (AA), Demokratskog saveza (DSCG) i Force razgovarali su u subotu uve?e o mogu?nosti\" \/>\n<meta name=\"robots\" content=\"index, follow, max-snippet:-1, max-image-preview:large, max-video-preview:-1\" \/>\n<link rel=\"canonical\" href=\"https:\/\/www.visit-ulcinj.com\/blog\/2009\/02\/02\/lideri-tri-albanskih-partije-sastali-se-u-tuzima\/\" \/>\n<meta property=\"og:locale\" content=\"en_US\" \/>\n<meta property=\"og:type\" content=\"article\" \/>\n<meta property=\"og:title\" content=\"Lideri tri albanskih partije sastali se u Tuzima - Lajme nga Ulqini\" \/>\n<meta property=\"og:description\" content=\"Albanci po?eli pregovore Podgorica - Predstavnici Albanske alternative (AA), Demokratskog saveza (DSCG) i Force razgovarali su u subotu uve?e o mogu?nosti\" \/>\n<meta property=\"og:url\" content=\"https:\/\/www.visit-ulcinj.com\/blog\/2009\/02\/02\/lideri-tri-albanskih-partije-sastali-se-u-tuzima\/\" \/>\n<meta property=\"og:site_name\" content=\"Lajme nga Ulqini\" \/>\n<meta property=\"article:published_time\" content=\"2009-02-02T18:51:21+00:00\" \/>\n<meta property=\"article:modified_time\" content=\"2009-02-03T18:18:02+00:00\" \/>\n<meta property=\"og:image\" content=\"http:\/\/www.visit-ulcinj.com\/blog\/wp-content\/uploads\/2009\/02\/bardhi_sinishtaj.jpg\" \/>\n<meta name=\"twitter:label1\" content=\"Written by\" \/>\n\t<meta name=\"twitter:data1\" content=\"ulqini\" \/>\n\t<meta name=\"twitter:label2\" content=\"Est. reading time\" \/>\n\t<meta name=\"twitter:data2\" content=\"1 minute\" \/>\n<script type=\"application\/ld+json\" class=\"yoast-schema-graph\">{\"@context\":\"https:\/\/schema.org\",\"@graph\":[{\"@type\":\"WebSite\",\"@id\":\"https:\/\/www.visit-ulcinj.com\/blog\/#website\",\"url\":\"https:\/\/www.visit-ulcinj.com\/blog\/\",\"name\":\"Lajme nga Ulqini\",\"description\":\"Lajme,Vijesti,Ulqini,Ulqin,Crna Gora,Mali i Zi\",\"potentialAction\":[{\"@type\":\"SearchAction\",\"target\":{\"@type\":\"EntryPoint\",\"urlTemplate\":\"https:\/\/www.visit-ulcinj.com\/blog\/?s={search_term_string}\"},\"query-input\":\"required name=search_term_string\"}],\"inLanguage\":\"en-US\"},{\"@type\":\"ImageObject\",\"inLanguage\":\"en-US\",\"@id\":\"https:\/\/www.visit-ulcinj.com\/blog\/2009\/02\/02\/lideri-tri-albanskih-partije-sastali-se-u-tuzima\/#primaryimage\",\"url\":\"https:\/\/www.visit-ulcinj.com\/blog\/wp-content\/uploads\/2009\/02\/bardhi_sinishtaj.jpg\",\"contentUrl\":\"https:\/\/www.visit-ulcinj.com\/blog\/wp-content\/uploads\/2009\/02\/bardhi_sinishtaj.jpg\",\"width\":\"290\",\"height\":\"190\"},{\"@type\":\"WebPage\",\"@id\":\"https:\/\/www.visit-ulcinj.com\/blog\/2009\/02\/02\/lideri-tri-albanskih-partije-sastali-se-u-tuzima\/#webpage\",\"url\":\"https:\/\/www.visit-ulcinj.com\/blog\/2009\/02\/02\/lideri-tri-albanskih-partije-sastali-se-u-tuzima\/\",\"name\":\"Lideri tri albanskih partije sastali se u Tuzima - Lajme nga Ulqini\",\"isPartOf\":{\"@id\":\"https:\/\/www.visit-ulcinj.com\/blog\/#website\"},\"primaryImageOfPage\":{\"@id\":\"https:\/\/www.visit-ulcinj.com\/blog\/2009\/02\/02\/lideri-tri-albanskih-partije-sastali-se-u-tuzima\/#primaryimage\"},\"datePublished\":\"2009-02-02T18:51:21+00:00\",\"dateModified\":\"2009-02-03T18:18:02+00:00\",\"author\":{\"@id\":\"https:\/\/www.visit-ulcinj.com\/blog\/#\/schema\/person\/dcab619c614d3038751c63bc2aadc06d\"},\"description\":\"Albanci po?eli pregovore Podgorica - Predstavnici Albanske alternative (AA), Demokratskog saveza (DSCG) i Force razgovarali su u subotu uve?e o mogu?nosti\",\"breadcrumb\":{\"@id\":\"https:\/\/www.visit-ulcinj.com\/blog\/2009\/02\/02\/lideri-tri-albanskih-partije-sastali-se-u-tuzima\/#breadcrumb\"},\"inLanguage\":\"en-US\",\"potentialAction\":[{\"@type\":\"ReadAction\",\"target\":[\"https:\/\/www.visit-ulcinj.com\/blog\/2009\/02\/02\/lideri-tri-albanskih-partije-sastali-se-u-tuzima\/\"]}]},{\"@type\":\"BreadcrumbList\",\"@id\":\"https:\/\/www.visit-ulcinj.com\/blog\/2009\/02\/02\/lideri-tri-albanskih-partije-sastali-se-u-tuzima\/#breadcrumb\",\"itemListElement\":[{\"@type\":\"ListItem\",\"position\":1,\"name\":\"Lideri tri albanskih partije sastali se u Tuzima\"}]},{\"@type\":\"Person\",\"@id\":\"https:\/\/www.visit-ulcinj.com\/blog\/#\/schema\/person\/dcab619c614d3038751c63bc2aadc06d\",\"name\":\"ulqini\",\"sameAs\":[\"http:\/\/www.visit-ulcinj.com\"],\"url\":\"https:\/\/www.visit-ulcinj.com\/blog\/author\/admin\/\"}]}<\/script>\n<!-- \/ Yoast SEO plugin. -->","yoast_head_json":{"title":"Lideri tri albanskih partije sastali se u Tuzima - Lajme nga Ulqini","description":"Albanci po?eli pregovore Podgorica - Predstavnici Albanske alternative (AA), Demokratskog saveza (DSCG) i Force razgovarali su u subotu uve?e o mogu?nosti","robots":{"index":"index","follow":"follow","max-snippet":"max-snippet:-1","max-image-preview":"max-image-preview:large","max-video-preview":"max-video-preview:-1"},"canonical":"https:\/\/www.visit-ulcinj.com\/blog\/2009\/02\/02\/lideri-tri-albanskih-partije-sastali-se-u-tuzima\/","og_locale":"en_US","og_type":"article","og_title":"Lideri tri albanskih partije sastali se u Tuzima - Lajme nga Ulqini","og_description":"Albanci po?eli pregovore Podgorica - Predstavnici Albanske alternative (AA), Demokratskog saveza (DSCG) i Force razgovarali su u subotu uve?e o mogu?nosti","og_url":"https:\/\/www.visit-ulcinj.com\/blog\/2009\/02\/02\/lideri-tri-albanskih-partije-sastali-se-u-tuzima\/","og_site_name":"Lajme nga Ulqini","article_published_time":"2009-02-02T18:51:21+00:00","article_modified_time":"2009-02-03T18:18:02+00:00","og_image":[{"url":"http:\/\/www.visit-ulcinj.com\/blog\/wp-content\/uploads\/2009\/02\/bardhi_sinishtaj.jpg"}],"twitter_misc":{"Written by":"ulqini","Est. reading time":"1 minute"},"schema":{"@context":"https:\/\/schema.org","@graph":[{"@type":"WebSite","@id":"https:\/\/www.visit-ulcinj.com\/blog\/#website","url":"https:\/\/www.visit-ulcinj.com\/blog\/","name":"Lajme nga Ulqini","description":"Lajme,Vijesti,Ulqini,Ulqin,Crna Gora,Mali i Zi","potentialAction":[{"@type":"SearchAction","target":{"@type":"EntryPoint","urlTemplate":"https:\/\/www.visit-ulcinj.com\/blog\/?s={search_term_string}"},"query-input":"required name=search_term_string"}],"inLanguage":"en-US"},{"@type":"ImageObject","inLanguage":"en-US","@id":"https:\/\/www.visit-ulcinj.com\/blog\/2009\/02\/02\/lideri-tri-albanskih-partije-sastali-se-u-tuzima\/#primaryimage","url":"https:\/\/www.visit-ulcinj.com\/blog\/wp-content\/uploads\/2009\/02\/bardhi_sinishtaj.jpg","contentUrl":"https:\/\/www.visit-ulcinj.com\/blog\/wp-content\/uploads\/2009\/02\/bardhi_sinishtaj.jpg","width":"290","height":"190"},{"@type":"WebPage","@id":"https:\/\/www.visit-ulcinj.com\/blog\/2009\/02\/02\/lideri-tri-albanskih-partije-sastali-se-u-tuzima\/#webpage","url":"https:\/\/www.visit-ulcinj.com\/blog\/2009\/02\/02\/lideri-tri-albanskih-partije-sastali-se-u-tuzima\/","name":"Lideri tri albanskih partije sastali se u Tuzima - Lajme nga Ulqini","isPartOf":{"@id":"https:\/\/www.visit-ulcinj.com\/blog\/#website"},"primaryImageOfPage":{"@id":"https:\/\/www.visit-ulcinj.com\/blog\/2009\/02\/02\/lideri-tri-albanskih-partije-sastali-se-u-tuzima\/#primaryimage"},"datePublished":"2009-02-02T18:51:21+00:00","dateModified":"2009-02-03T18:18:02+00:00","author":{"@id":"https:\/\/www.visit-ulcinj.com\/blog\/#\/schema\/person\/dcab619c614d3038751c63bc2aadc06d"},"description":"Albanci po?eli pregovore Podgorica - Predstavnici Albanske alternative (AA), Demokratskog saveza (DSCG) i Force razgovarali su u subotu uve?e o mogu?nosti","breadcrumb":{"@id":"https:\/\/www.visit-ulcinj.com\/blog\/2009\/02\/02\/lideri-tri-albanskih-partije-sastali-se-u-tuzima\/#breadcrumb"},"inLanguage":"en-US","potentialAction":[{"@type":"ReadAction","target":["https:\/\/www.visit-ulcinj.com\/blog\/2009\/02\/02\/lideri-tri-albanskih-partije-sastali-se-u-tuzima\/"]}]},{"@type":"BreadcrumbList","@id":"https:\/\/www.visit-ulcinj.com\/blog\/2009\/02\/02\/lideri-tri-albanskih-partije-sastali-se-u-tuzima\/#breadcrumb","itemListElement":[{"@type":"ListItem","position":1,"name":"Lideri tri albanskih partije sastali se u Tuzima"}]},{"@type":"Person","@id":"https:\/\/www.visit-ulcinj.com\/blog\/#\/schema\/person\/dcab619c614d3038751c63bc2aadc06d","name":"ulqini","sameAs":["http:\/\/www.visit-ulcinj.com"],"url":"https:\/\/www.visit-ulcinj.com\/blog\/author\/admin\/"}]}},"jetpack_featured_media_url":"","jetpack_sharing_enabled":true,"jetpack_shortlink":"https:\/\/wp.me\/pe6lTn-2GW","_links":{"self":[{"href":"https:\/\/www.visit-ulcinj.com\/blog\/wp-json\/wp\/v2\/posts\/10350"}],"collection":[{"href":"https:\/\/www.visit-ulcinj.com\/blog\/wp-json\/wp\/v2\/posts"}],"about":[{"href":"https:\/\/www.visit-ulcinj.com\/blog\/wp-json\/wp\/v2\/types\/post"}],"author":[{"embeddable":true,"href":"https:\/\/www.visit-ulcinj.com\/blog\/wp-json\/wp\/v2\/users\/1"}],"replies":[{"embeddable":true,"href":"https:\/\/www.visit-ulcinj.com\/blog\/wp-json\/wp\/v2\/comments?post=10350"}],"version-history":[{"count":0,"href":"https:\/\/www.visit-ulcinj.com\/blog\/wp-json\/wp\/v2\/posts\/10350\/revisions"}],"wp:attachment":[{"href":"https:\/\/www.visit-ulcinj.com\/blog\/wp-json\/wp\/v2\/media?parent=10350"}],"wp:term":[{"taxonomy":"category","embeddable":true,"href":"https:\/\/www.visit-ulcinj.com\/blog\/wp-json\/wp\/v2\/categories?post=10350"},{"taxonomy":"post_tag","embeddable":true,"href":"https:\/\/www.visit-ulcinj.com\/blog\/wp-json\/wp\/v2\/tags?post=10350"}],"curies":[{"name":"wp","href":"https:\/\/api.w.org\/{rel}","templated":true}]}}