{"id":103506,"date":"2017-03-09T19:43:52","date_gmt":"2017-03-09T18:43:52","guid":{"rendered":"http:\/\/www.visit-ulcinj.com\/blog\/?p=103506"},"modified":"2017-03-09T19:43:52","modified_gmt":"2017-03-09T18:43:52","slug":"nika-bravo-luigj-edhe-pse-mori-nishan-shkreli-nuk-ia-beri-bam","status":"publish","type":"post","link":"https:\/\/www.visit-ulcinj.com\/blog\/2017\/03\/09\/nika-bravo-luigj-edhe-pse-mori-nishan-shkreli-nuk-ia-beri-bam\/","title":{"rendered":"Nika: Bravo Luigj &#8211; edhe  pse mori Nishan, Shkreli nuk  ia b\u00ebri bam..?!!"},"content":{"rendered":"<p><strong><a href=\"http:\/\/www.visit-ulcinj.com\/blog\/wp-content\/uploads\/2015\/03\/Bujar-Nishani-viziton-Ulqinin-Fatmir-Gjeka-2.jpg\"><img loading=\"lazy\" class=\"alignleft wp-image-89609\" src=\"http:\/\/www.visit-ulcinj.com\/blog\/wp-content\/uploads\/2015\/03\/Bujar-Nishani-viziton-Ulqinin-Fatmir-Gjeka-2.jpg\" alt=\"Bujar-Nishani-viziton-Ulqinin-Fatmir-Gjeka-2\" width=\"508\" height=\"339\" srcset=\"https:\/\/www.visit-ulcinj.com\/blog\/wp-content\/uploads\/2015\/03\/Bujar-Nishani-viziton-Ulqinin-Fatmir-Gjeka-2.jpg 1200w, https:\/\/www.visit-ulcinj.com\/blog\/wp-content\/uploads\/2015\/03\/Bujar-Nishani-viziton-Ulqinin-Fatmir-Gjeka-2-300x200.jpg 300w, https:\/\/www.visit-ulcinj.com\/blog\/wp-content\/uploads\/2015\/03\/Bujar-Nishani-viziton-Ulqinin-Fatmir-Gjeka-2-1024x683.jpg 1024w\" sizes=\"(max-width: 508px) 100vw, 508px\" \/><\/a>Shkruan Muhamet Nika<\/strong><\/p>\n<p>Pasi\u00a0 kuvendi i Ulqinit\u00a0 k\u00ebrkoi\u00a0 t\u00eb t\u00ebrhiqet\u00a0 propozimi p\u00ebr dekorim t\u00eb presidentit Bujar Nishani- nga Nazif Cungu, si qytetar\u00eb nderi i Ulqinit, \u00a0p\u00ebr\u00a0 arsye procedure , p\u00ebrs\u00ebri sot \u00a0deri sa po votohej miratimi i vendimit p\u00ebr dekorata pati huti dhe shqet\u00ebsime t\u00eb ndryshme n\u00eb mesin e k\u00ebshilltar\u00ebve t\u00eb Forc\u00ebs .<\/p>\n<p>\u201c&#8230;Mir\u00eb q\u00eb nxirret ky vendim\u00a0 p\u00ebr nderim t\u00eb personaliteteve t\u00eb\u00a0 dalluara \u2013 dihet\u00a0 p\u00ebr ke \u00a0e nga kush dhe pse p\u00ebrgatitet\u00a0 p\u00ebr\u00a0 Dit\u00eb t\u00eb\u00a0 Ulqinit- mir\u00eb q\u00eb b\u00ebhet kjo \u00a0\u2013 por\u00a0 a ka nevoj\u00eb\u00a0 p\u00ebr nj\u00eb k\u00ebrkes\u00eb\u00a0 paraprake t\u00eb pranimit\u00a0 dhe p\u00eblqimit t\u00eb dekorat\u00ebs\u00a0 dhe n\u00ebse duhet t\u00eb shkohet\u00a0 n\u00eb diskutim publik\u00eb para se ta\u00a0 votojm\u00eb si k\u00ebshilltar\u00eb e ta kemi gati\u00a0\u00a0 p\u00ebr 2 apo 3 jav\u00eb &#8230;\u201d, cek\u00ebn ata &#8211; Luigj Shkreli&#8230;?!<\/p>\n<p>Nd\u00ebrsa ky i fundit \u00a0shtoi edhe k\u00ebt\u00eb \u00a0se \u00a0\u201c ka pas respekt\u00a0 \u00a0q\u00eb bashk\u00eb me gjith\u00eb t\u00eb tjer\u00ebt, t\u00eb fotografohet me Th\u00e7in dhe Ram\u00ebn , \u00a0Dit\u00ebn e Ulqinit\u00a0 kur u b\u00eb dekorimi\u00a0 n\u00eb Kuvend . E tash p\u00ebr t\u00eb mos ndodh\u00eb kjo dilem\u00eb \u00a0propozoj t\u00eb shkohet n\u00eb diskutim publik para se t\u00eb votohet &#8230;\u201d?!<\/p>\n<p>Por kjo si duket\u00a0 futi huti t\u00eb \u00a0k\u00ebshilltar\u00ebt e Forc\u00ebs t\u00eb cil\u00ebt presin me padurim aktin e dekorimit t\u00eb Nishanit.<\/p>\n<p>Si duket\u00a0 u pa q\u00eb ata \u00a0i druheshin propozimit t\u00eb Shkrelit rreth diskutimit publik \u00a0si zvarritje\u00a0 t\u00eb q\u00ebllimt\u00eb?!\u00a0 Shqet\u00ebsimi\u00a0 u b\u00eb edhe m\u00eb i madh , kur Kryetari Ndrekiq , k\u00ebrkoi\u00a0\u00a0 zb\u00ebrthim edhe m\u00eb\u00a0 t\u00eb thukt\u00eb e respektim t\u00eb ligjit , duke shtuar \u00a0: \u201c&#8230;. Kemi\u00a0 kondicion t\u00eb flasim dhe mund\u00ebna\u00a0 t\u00eb flasim p\u00ebr k\u00ebt\u00eb pun\u00eb-\u00a0 deri n\u00eb mesnat\u00eb e t\u00eb presim p\u00ebr k\u00ebt\u00eb jo vet\u00ebm 2 jav\u00eb \u00a0a tri , apo\u00a0\u00a0 tre\u00a0 muaj\u00a0 po edhe\u00a0 6 vjet\u201d&#8230;.,\u00a0 n\u00ebse k\u00ebrkohet?!<\/p>\n<p>Pas k\u00ebsaj un\u00eb \u00a0e pranoj q\u00eb\u00a0 shkova dhe \u00a0i thash\u00eb n\u00eb vesh Luigjit \u00a0me\u00a0\u00a0 t\u00eb timen \u00a0: \u201c se n\u00ebse\u00a0 e zvarrisni , un\u00eb do t\u00eb shkruaj n\u00eb portal, nes\u00ebr \u00a0q\u00eb : \u201c Luigj Shkreli\u00a0 e la Nishanin <strong>\u00a0pa Nishan..<\/strong>\u201d?!<\/p>\n<p>Kjo si duket e nxiti at\u00eb t\u00eb reflektoj\u00eb\u00a0 dhe\u00a0\u00a0 propozoi heqjen\u00a0 e propozimit p\u00ebr diskutim publik\u00a0 duke th\u00ebn\u00eb\u00a0\u00a0 publikisht n\u00eb foltore\u00a0 se k\u00ebt\u00eb e b\u00ebn\u00eb q\u00eb t\u00eb mos keqkuptohet nes\u00ebr\u00a0 n\u00ebse \u00a0ndodh\u00eb\u00a0 e kund\u00ebrta duke p\u00ebrs\u00ebritur edhe nj\u00eb her\u00eb fjal\u00ebt e mia n\u00eb foltore.<\/p>\n<p><strong><em>\u00a0Si e prit\u00ebm\u00a0 Nishanin\u00a0 n\u00eb Ulqin dhe ku pranoi t\u00eb takohet\u00a0 me shqiptar\u00ebt ?!<\/em><\/strong><\/p>\n<p><strong><em>\u00a0<a href=\"http:\/\/www.visit-ulcinj.com\/blog\/wp-content\/uploads\/2015\/03\/Bujar-Nishani-viziton-Ulqinin.jpg\"><img loading=\"lazy\" class=\"alignleft wp-image-89602\" src=\"http:\/\/www.visit-ulcinj.com\/blog\/wp-content\/uploads\/2015\/03\/Bujar-Nishani-viziton-Ulqinin.jpg\" alt=\"Bujar Nishani  viziton Ulqinin\" width=\"508\" height=\"339\" srcset=\"https:\/\/www.visit-ulcinj.com\/blog\/wp-content\/uploads\/2015\/03\/Bujar-Nishani-viziton-Ulqinin.jpg 960w, https:\/\/www.visit-ulcinj.com\/blog\/wp-content\/uploads\/2015\/03\/Bujar-Nishani-viziton-Ulqinin-300x200.jpg 300w\" sizes=\"(max-width: 508px) 100vw, 508px\" \/><\/a><\/em><\/strong><\/p>\n<p><strong><em>Pse thua\u00a0 Nishani , p\u00ebrzgjodhi\u00a0 t\u2019i mbledh\u00eb krer\u00ebt politik\u00eb \u00a0shqiptar\u00eb fillimisht\u00a0 te ky varr n\u00eb Ulqin&#8230;.?! Jo po p\u00ebr k\u00ebt\u00eb edhe vet\u00eb do ta kisha dekoruar- potez i q\u00eblluar..?!! Po k\u00ebta disa\u00a0 edhe sikur&#8230;, jo spo e them&#8230;?!!<\/em><\/strong><\/p>\n<p>Ka mbetur e regjistruar\u00a0 n\u00eb kujtes\u00ebn time se n\u00eb vizit\u00ebn e par\u00eb\u00a0 paraprake\u00a0 t\u00eb presidentit \u00a0Nishani n\u00eb Ulqin, ai kish preferuar\u00a0 q\u00eb vet\u00ebm n\u00eb largim nga qytetit\u00a0 i Ulqinit, t\u00eb kthej\u00eb sa p\u00ebr nj\u00eb kafe n\u00eb\u00a0 komun\u00eb\u00a0 te kryetari Gjeka\u00a0 dhe mund\u00ebsisht\u00a0 jo n\u00eb katin e tret\u00eb..?!<\/p>\n<p>P\u00ebr k\u00ebt\u00eb\u00a0 pritja\u00a0 iu b\u00eb \u00a0gjat\u00eb largimit n\u00eb sall\u00ebn e kuror\u00ebzimeve t\u00eb komun\u00ebs , \u00a0&#8211; pasi ishte kthyer\u00a0 nga takimi me politikan\u00ebt\u00a0 sipas protokollit t\u00eb parapar\u00eb\u00a0 me \u00a0k\u00ebshillin \u00a0komb\u00ebtar\u00eb\u00a0 te Varri i Ymer Prizrenit n\u00eb M\u00ebhall\u00eb t\u00eb Re&#8230;?! O , BO \u2013BO,\u00a0 P\u00cbR NE&#8230;?!<\/p>\n<p>Nj\u00eb pritje shum\u00eb dometh\u00ebn\u00ebse . Ai k\u00ebshtu , \u00a0fillimisht \u00a0del se \u00a0p\u00ebrzgjodhi t\u00eb takohej\u00a0 me nj\u00eb t\u00eb vdekur n\u00eb Ulqin&#8230;,dhe\u00a0 u takua\u00a0 me politik\u00eb vet\u00ebm \u00a0n\u00eb sall\u00ebn e kuror\u00ebzimeve \u2013 ku merren edhe certifikatat e t\u00eb vdekurve&#8230;?!!<\/p>\n<p>Kjo \u00ebsht\u00eb shqet\u00ebsuese &#8230;, por\u00a0 edhe Rama\u00a0 n\u00eb fjalimin e tij dit\u00ebn e dekorimit , tha se \u201c nuk\u00a0 kam ardhur k\u00ebtu p\u00ebr\u00a0 pun\u00eb t\u00eb asaj k\u00ebng\u00ebs \u2013 mka shku mendja me u feju e me marr nj\u00eb ulqinake..\u201d<\/p>\n<p>Shyqyr \u00a0q\u00eb na e tha vet\u00eb se edhe k\u00ebtij &#8230;, hoj p\u00ebr\u00a0 t\u00eb gjall\u00eb , hoj p\u00ebr t\u00eb vdekur- \u00a0\u00a0ne i fusim\u00a0 n\u00eb sall\u00ebn e kuror\u00ebzimeve &#8230;.?!!<\/p>\n<p>V\u00ebrtet\u00eb jan\u00eb nder\u00eb e shkuar nder\u00ebs&#8230;?!! Bravo\u00a0 Luigj..?!<\/p>\n\n\t\t<style type=\"text\/css\">\n\t\t\t#gallery-1 {\n\t\t\t\tmargin: auto;\n\t\t\t}\n\t\t\t#gallery-1 .gallery-item {\n\t\t\t\tfloat: left;\n\t\t\t\tmargin-top: 10px;\n\t\t\t\ttext-align: center;\n\t\t\t\twidth: 33%;\n\t\t\t}\n\t\t\t#gallery-1 img {\n\t\t\t\tborder: 2px solid #cfcfcf;\n\t\t\t}\n\t\t\t#gallery-1 .gallery-caption {\n\t\t\t\tmargin-left: 0;\n\t\t\t}\n\t\t\t\/* see gallery_shortcode() in wp-includes\/media.php *\/\n\t\t<\/style>\n\t\t<div id='gallery-1' class='gallery galleryid-103506 gallery-columns-3 gallery-size-thumbnail'><dl class='gallery-item'>\n\t\t\t<dt class='gallery-icon landscape'>\n\t\t\t\t<a href='https:\/\/www.visit-ulcinj.com\/blog\/2015\/03\/24\/presidenti-i-shqiperise-bujar-nishani-viziton-ulqinin\/bujar-nishani-viziton-ulqinin-genci-nimanbegu\/'><img width=\"150\" height=\"150\" src=\"https:\/\/www.visit-ulcinj.com\/blog\/wp-content\/uploads\/2015\/03\/Bujar-Nishani-viziton-Ulqinin-Genci-Nimanbegu-150x150.jpg\" class=\"attachment-thumbnail size-thumbnail\" alt=\"\" loading=\"lazy\" \/><\/a>\n\t\t\t<\/dt><\/dl><dl class='gallery-item'>\n\t\t\t<dt class='gallery-icon landscape'>\n\t\t\t\t<a href='https:\/\/www.visit-ulcinj.com\/blog\/2015\/03\/24\/presidenti-i-shqiperise-bujar-nishani-viziton-ulqinin\/bujar-nishani-viziton-ulqinin-fatmir-gjeka-haxhibeti\/'><img width=\"150\" height=\"150\" src=\"https:\/\/www.visit-ulcinj.com\/blog\/wp-content\/uploads\/2015\/03\/Bujar-Nishani-viziton-Ulqinin-Fatmir-Gjeka-Haxhibeti-150x150.jpg\" class=\"attachment-thumbnail size-thumbnail\" alt=\"\" loading=\"lazy\" \/><\/a>\n\t\t\t<\/dt><\/dl><dl class='gallery-item'>\n\t\t\t<dt class='gallery-icon portrait'>\n\t\t\t\t<a href='https:\/\/www.visit-ulcinj.com\/blog\/2015\/03\/24\/presidenti-i-shqiperise-bujar-nishani-viziton-ulqinin\/bujar-nishani-viziton-ulqinin-fatmir-gjeka-8\/'><img width=\"150\" height=\"150\" src=\"https:\/\/www.visit-ulcinj.com\/blog\/wp-content\/uploads\/2015\/03\/Bujar-Nishani-viziton-Ulqinin-Fatmir-Gjeka-8-150x150.jpg\" class=\"attachment-thumbnail size-thumbnail\" alt=\"\" loading=\"lazy\" \/><\/a>\n\t\t\t<\/dt><\/dl><br style=\"clear: both\" \/><dl class='gallery-item'>\n\t\t\t<dt class='gallery-icon landscape'>\n\t\t\t\t<a href='https:\/\/www.visit-ulcinj.com\/blog\/2015\/03\/24\/presidenti-i-shqiperise-bujar-nishani-viziton-ulqinin\/bujar-nishani-viziton-ulqinin-fatmir-gjeka-7\/'><img width=\"150\" height=\"150\" src=\"https:\/\/www.visit-ulcinj.com\/blog\/wp-content\/uploads\/2015\/03\/Bujar-Nishani-viziton-Ulqinin-Fatmir-Gjeka-7-150x150.jpg\" class=\"attachment-thumbnail size-thumbnail\" alt=\"\" loading=\"lazy\" \/><\/a>\n\t\t\t<\/dt><\/dl><dl class='gallery-item'>\n\t\t\t<dt class='gallery-icon landscape'>\n\t\t\t\t<a href='https:\/\/www.visit-ulcinj.com\/blog\/2015\/03\/24\/presidenti-i-shqiperise-bujar-nishani-viziton-ulqinin\/bujar-nishani-viziton-ulqinin-fatmir-gjeka-6\/'><img width=\"150\" height=\"150\" src=\"https:\/\/www.visit-ulcinj.com\/blog\/wp-content\/uploads\/2015\/03\/Bujar-Nishani-viziton-Ulqinin-Fatmir-Gjeka-6-150x150.jpg\" class=\"attachment-thumbnail size-thumbnail\" alt=\"\" loading=\"lazy\" \/><\/a>\n\t\t\t<\/dt><\/dl><dl class='gallery-item'>\n\t\t\t<dt class='gallery-icon landscape'>\n\t\t\t\t<a href='https:\/\/www.visit-ulcinj.com\/blog\/2015\/03\/24\/presidenti-i-shqiperise-bujar-nishani-viziton-ulqinin\/bujar-nishani-viziton-ulqinin-fatmir-gjeka-5\/'><img width=\"150\" height=\"150\" src=\"https:\/\/www.visit-ulcinj.com\/blog\/wp-content\/uploads\/2015\/03\/Bujar-Nishani-viziton-Ulqinin-Fatmir-Gjeka-5-150x150.jpg\" class=\"attachment-thumbnail size-thumbnail\" alt=\"\" loading=\"lazy\" \/><\/a>\n\t\t\t<\/dt><\/dl><br style=\"clear: both\" \/><dl class='gallery-item'>\n\t\t\t<dt class='gallery-icon landscape'>\n\t\t\t\t<a href='https:\/\/www.visit-ulcinj.com\/blog\/2015\/03\/24\/presidenti-i-shqiperise-bujar-nishani-viziton-ulqinin\/bujar-nishani-viziton-ulqinin-fatmir-gjeka-4\/'><img width=\"150\" height=\"150\" src=\"https:\/\/www.visit-ulcinj.com\/blog\/wp-content\/uploads\/2015\/03\/Bujar-Nishani-viziton-Ulqinin-Fatmir-Gjeka-4-150x150.jpg\" class=\"attachment-thumbnail size-thumbnail\" alt=\"\" loading=\"lazy\" \/><\/a>\n\t\t\t<\/dt><\/dl><dl class='gallery-item'>\n\t\t\t<dt class='gallery-icon landscape'>\n\t\t\t\t<a href='https:\/\/www.visit-ulcinj.com\/blog\/2015\/03\/24\/presidenti-i-shqiperise-bujar-nishani-viziton-ulqinin\/bujar-nishani-viziton-ulqinin-fatmir-gjeka-3\/'><img width=\"150\" height=\"150\" src=\"https:\/\/www.visit-ulcinj.com\/blog\/wp-content\/uploads\/2015\/03\/Bujar-Nishani-viziton-Ulqinin-Fatmir-Gjeka-3-150x150.jpg\" class=\"attachment-thumbnail size-thumbnail\" alt=\"\" loading=\"lazy\" \/><\/a>\n\t\t\t<\/dt><\/dl><dl class='gallery-item'>\n\t\t\t<dt class='gallery-icon landscape'>\n\t\t\t\t<a href='https:\/\/www.visit-ulcinj.com\/blog\/2015\/03\/24\/presidenti-i-shqiperise-bujar-nishani-viziton-ulqinin\/bujar-nishani-viziton-ulqinin-fatmir-gjeka-2\/'><img width=\"150\" height=\"150\" src=\"https:\/\/www.visit-ulcinj.com\/blog\/wp-content\/uploads\/2015\/03\/Bujar-Nishani-viziton-Ulqinin-Fatmir-Gjeka-2-150x150.jpg\" class=\"attachment-thumbnail size-thumbnail\" alt=\"\" loading=\"lazy\" \/><\/a>\n\t\t\t<\/dt><\/dl><br style=\"clear: both\" \/><dl class='gallery-item'>\n\t\t\t<dt class='gallery-icon landscape'>\n\t\t\t\t<a href='https:\/\/www.visit-ulcinj.com\/blog\/2015\/03\/24\/presidenti-i-shqiperise-bujar-nishani-viziton-ulqinin\/bujar-nishani-viziton-ulqinin-fatmir-gjeka-1\/'><img width=\"150\" height=\"150\" src=\"https:\/\/www.visit-ulcinj.com\/blog\/wp-content\/uploads\/2015\/03\/Bujar-Nishani-viziton-Ulqinin-Fatmir-Gjeka-1-150x150.jpg\" class=\"attachment-thumbnail size-thumbnail\" alt=\"\" loading=\"lazy\" \/><\/a>\n\t\t\t<\/dt><\/dl><dl class='gallery-item'>\n\t\t\t<dt class='gallery-icon landscape'>\n\t\t\t\t<a href='https:\/\/www.visit-ulcinj.com\/blog\/2015\/03\/24\/presidenti-i-shqiperise-bujar-nishani-viziton-ulqinin\/bujar-nishani-viziton-ulqinin-3\/'><img width=\"150\" height=\"150\" src=\"https:\/\/www.visit-ulcinj.com\/blog\/wp-content\/uploads\/2015\/03\/Bujar-Nishani-viziton-Ulqinin-3-150x150.jpg\" class=\"attachment-thumbnail size-thumbnail\" alt=\"\" loading=\"lazy\" \/><\/a>\n\t\t\t<\/dt><\/dl><dl class='gallery-item'>\n\t\t\t<dt class='gallery-icon landscape'>\n\t\t\t\t<a href='https:\/\/www.visit-ulcinj.com\/blog\/2015\/03\/24\/presidenti-i-shqiperise-bujar-nishani-viziton-ulqinin\/bujar-nishani-viziton-ulqinin-2\/'><img width=\"150\" height=\"150\" src=\"https:\/\/www.visit-ulcinj.com\/blog\/wp-content\/uploads\/2015\/03\/Bujar-Nishani-viziton-Ulqinin-2-150x150.jpg\" class=\"attachment-thumbnail size-thumbnail\" alt=\"\" loading=\"lazy\" \/><\/a>\n\t\t\t<\/dt><\/dl><br style=\"clear: both\" \/><dl class='gallery-item'>\n\t\t\t<dt class='gallery-icon landscape'>\n\t\t\t\t<a href='https:\/\/www.visit-ulcinj.com\/blog\/2015\/03\/24\/presidenti-i-shqiperise-bujar-nishani-viziton-ulqinin\/bujar-nishani-viziton-ulqinin-1\/'><img width=\"150\" height=\"150\" src=\"https:\/\/www.visit-ulcinj.com\/blog\/wp-content\/uploads\/2015\/03\/Bujar-Nishani-viziton-Ulqinin-1-150x150.jpg\" class=\"attachment-thumbnail size-thumbnail\" alt=\"\" loading=\"lazy\" \/><\/a>\n\t\t\t<\/dt><\/dl>\n\t\t\t<br style='clear: both' \/>\n\t\t<\/div>\n\n","protected":false},"excerpt":{"rendered":"<p>Shkruan Muhamet Nika Pasi\u00a0 kuvendi i Ulqinit\u00a0 k\u00ebrkoi\u00a0 t\u00eb t\u00ebrhiqet\u00a0 propozimi p\u00ebr dekorim t\u00eb presidentit Bujar Nishani- nga Nazif Cungu, si qytetar\u00eb nderi i Ulqinit, \u00a0p\u00ebr\u00a0 arsye procedure , p\u00ebrs\u00ebri sot \u00a0deri sa po votohej miratimi i vendimit p\u00ebr dekorata pati huti dhe shqet\u00ebsime t\u00eb ndryshme n\u00eb mesin e k\u00ebshilltar\u00ebve t\u00eb Forc\u00ebs . \u201c&#8230;Mir\u00eb q\u00eb [&hellip;]<\/p>\n","protected":false},"author":1,"featured_media":0,"comment_status":"closed","ping_status":"closed","sticky":false,"template":"","format":"standard","meta":{"spay_email":"","jetpack_publicize_message":"","jetpack_is_tweetstorm":false,"jetpack_publicize_feature_enabled":true},"categories":[14249],"tags":[],"jetpack_publicize_connections":[],"yoast_head":"<!-- This site is optimized with the Yoast SEO plugin v19.1 - https:\/\/yoast.com\/wordpress\/plugins\/seo\/ -->\n<title>Nika: Bravo Luigj - edhe pse mori Nishan, Shkreli nuk ia b\u00ebri bam..?!! - Lajme nga Ulqini<\/title>\n<meta name=\"description\" content=\"Shkruan Muhamet Nika Pasi\u00a0 kuvendi i Ulqinit\u00a0 k\u00ebrkoi\u00a0 t\u00eb t\u00ebrhiqet\u00a0 propozimi p\u00ebr dekorim t\u00eb presidentit Bujar Nishani- nga Nazif Cungu, si qytetar\u00eb nderi\" \/>\n<meta name=\"robots\" content=\"index, follow, max-snippet:-1, max-image-preview:large, max-video-preview:-1\" \/>\n<link rel=\"canonical\" href=\"https:\/\/www.visit-ulcinj.com\/blog\/2017\/03\/09\/nika-bravo-luigj-edhe-pse-mori-nishan-shkreli-nuk-ia-beri-bam\/\" \/>\n<meta property=\"og:locale\" content=\"en_US\" \/>\n<meta property=\"og:type\" content=\"article\" \/>\n<meta property=\"og:title\" content=\"Nika: Bravo Luigj - edhe pse mori Nishan, Shkreli nuk ia b\u00ebri bam..?!! - Lajme nga Ulqini\" \/>\n<meta property=\"og:description\" content=\"Shkruan Muhamet Nika Pasi\u00a0 kuvendi i Ulqinit\u00a0 k\u00ebrkoi\u00a0 t\u00eb t\u00ebrhiqet\u00a0 propozimi p\u00ebr dekorim t\u00eb presidentit Bujar Nishani- nga Nazif Cungu, si qytetar\u00eb nderi\" \/>\n<meta property=\"og:url\" content=\"https:\/\/www.visit-ulcinj.com\/blog\/2017\/03\/09\/nika-bravo-luigj-edhe-pse-mori-nishan-shkreli-nuk-ia-beri-bam\/\" \/>\n<meta property=\"og:site_name\" content=\"Lajme nga Ulqini\" \/>\n<meta property=\"article:published_time\" content=\"2017-03-09T18:43:52+00:00\" \/>\n<meta property=\"og:image\" content=\"https:\/\/www.visit-ulcinj.com\/blog\/wp-content\/uploads\/2015\/03\/Bujar-Nishani-viziton-Ulqinin-Genci-Nimanbegu-150x150.jpg\" \/>\n<meta name=\"twitter:label1\" content=\"Written by\" \/>\n\t<meta name=\"twitter:data1\" content=\"ulqini\" \/>\n\t<meta name=\"twitter:label2\" content=\"Est. reading time\" \/>\n\t<meta name=\"twitter:data2\" content=\"3 minutes\" \/>\n<script type=\"application\/ld+json\" class=\"yoast-schema-graph\">{\"@context\":\"https:\/\/schema.org\",\"@graph\":[{\"@type\":\"WebSite\",\"@id\":\"https:\/\/www.visit-ulcinj.com\/blog\/#website\",\"url\":\"https:\/\/www.visit-ulcinj.com\/blog\/\",\"name\":\"Lajme nga Ulqini\",\"description\":\"Lajme,Vijesti,Ulqini,Ulqin,Crna Gora,Mali i Zi\",\"potentialAction\":[{\"@type\":\"SearchAction\",\"target\":{\"@type\":\"EntryPoint\",\"urlTemplate\":\"https:\/\/www.visit-ulcinj.com\/blog\/?s={search_term_string}\"},\"query-input\":\"required name=search_term_string\"}],\"inLanguage\":\"en-US\"},{\"@type\":\"ImageObject\",\"inLanguage\":\"en-US\",\"@id\":\"https:\/\/www.visit-ulcinj.com\/blog\/2017\/03\/09\/nika-bravo-luigj-edhe-pse-mori-nishan-shkreli-nuk-ia-beri-bam\/#primaryimage\",\"url\":\"https:\/\/www.visit-ulcinj.com\/blog\/wp-content\/uploads\/2015\/03\/Bujar-Nishani-viziton-Ulqinin-Fatmir-Gjeka-2.jpg\",\"contentUrl\":\"https:\/\/www.visit-ulcinj.com\/blog\/wp-content\/uploads\/2015\/03\/Bujar-Nishani-viziton-Ulqinin-Fatmir-Gjeka-2.jpg\",\"width\":1200,\"height\":800},{\"@type\":\"WebPage\",\"@id\":\"https:\/\/www.visit-ulcinj.com\/blog\/2017\/03\/09\/nika-bravo-luigj-edhe-pse-mori-nishan-shkreli-nuk-ia-beri-bam\/#webpage\",\"url\":\"https:\/\/www.visit-ulcinj.com\/blog\/2017\/03\/09\/nika-bravo-luigj-edhe-pse-mori-nishan-shkreli-nuk-ia-beri-bam\/\",\"name\":\"Nika: Bravo Luigj - edhe pse mori Nishan, Shkreli nuk ia b\u00ebri bam..?!! - Lajme nga Ulqini\",\"isPartOf\":{\"@id\":\"https:\/\/www.visit-ulcinj.com\/blog\/#website\"},\"primaryImageOfPage\":{\"@id\":\"https:\/\/www.visit-ulcinj.com\/blog\/2017\/03\/09\/nika-bravo-luigj-edhe-pse-mori-nishan-shkreli-nuk-ia-beri-bam\/#primaryimage\"},\"datePublished\":\"2017-03-09T18:43:52+00:00\",\"dateModified\":\"2017-03-09T18:43:52+00:00\",\"author\":{\"@id\":\"https:\/\/www.visit-ulcinj.com\/blog\/#\/schema\/person\/dcab619c614d3038751c63bc2aadc06d\"},\"description\":\"Shkruan Muhamet Nika Pasi\u00a0 kuvendi i Ulqinit\u00a0 k\u00ebrkoi\u00a0 t\u00eb t\u00ebrhiqet\u00a0 propozimi p\u00ebr dekorim t\u00eb presidentit Bujar Nishani- nga Nazif Cungu, si qytetar\u00eb nderi\",\"breadcrumb\":{\"@id\":\"https:\/\/www.visit-ulcinj.com\/blog\/2017\/03\/09\/nika-bravo-luigj-edhe-pse-mori-nishan-shkreli-nuk-ia-beri-bam\/#breadcrumb\"},\"inLanguage\":\"en-US\",\"potentialAction\":[{\"@type\":\"ReadAction\",\"target\":[\"https:\/\/www.visit-ulcinj.com\/blog\/2017\/03\/09\/nika-bravo-luigj-edhe-pse-mori-nishan-shkreli-nuk-ia-beri-bam\/\"]}]},{\"@type\":\"BreadcrumbList\",\"@id\":\"https:\/\/www.visit-ulcinj.com\/blog\/2017\/03\/09\/nika-bravo-luigj-edhe-pse-mori-nishan-shkreli-nuk-ia-beri-bam\/#breadcrumb\",\"itemListElement\":[{\"@type\":\"ListItem\",\"position\":1,\"name\":\"Nika: Bravo Luigj &#8211; edhe pse mori Nishan, Shkreli nuk ia b\u00ebri bam..?!!\"}]},{\"@type\":\"Person\",\"@id\":\"https:\/\/www.visit-ulcinj.com\/blog\/#\/schema\/person\/dcab619c614d3038751c63bc2aadc06d\",\"name\":\"ulqini\",\"sameAs\":[\"http:\/\/www.visit-ulcinj.com\"],\"url\":\"https:\/\/www.visit-ulcinj.com\/blog\/author\/admin\/\"}]}<\/script>\n<!-- \/ Yoast SEO plugin. -->","yoast_head_json":{"title":"Nika: Bravo Luigj - edhe pse mori Nishan, Shkreli nuk ia b\u00ebri bam..?!! - Lajme nga Ulqini","description":"Shkruan Muhamet Nika Pasi\u00a0 kuvendi i Ulqinit\u00a0 k\u00ebrkoi\u00a0 t\u00eb t\u00ebrhiqet\u00a0 propozimi p\u00ebr dekorim t\u00eb presidentit Bujar Nishani- nga Nazif Cungu, si qytetar\u00eb nderi","robots":{"index":"index","follow":"follow","max-snippet":"max-snippet:-1","max-image-preview":"max-image-preview:large","max-video-preview":"max-video-preview:-1"},"canonical":"https:\/\/www.visit-ulcinj.com\/blog\/2017\/03\/09\/nika-bravo-luigj-edhe-pse-mori-nishan-shkreli-nuk-ia-beri-bam\/","og_locale":"en_US","og_type":"article","og_title":"Nika: Bravo Luigj - edhe pse mori Nishan, Shkreli nuk ia b\u00ebri bam..?!! - Lajme nga Ulqini","og_description":"Shkruan Muhamet Nika Pasi\u00a0 kuvendi i Ulqinit\u00a0 k\u00ebrkoi\u00a0 t\u00eb t\u00ebrhiqet\u00a0 propozimi p\u00ebr dekorim t\u00eb presidentit Bujar Nishani- nga Nazif Cungu, si qytetar\u00eb nderi","og_url":"https:\/\/www.visit-ulcinj.com\/blog\/2017\/03\/09\/nika-bravo-luigj-edhe-pse-mori-nishan-shkreli-nuk-ia-beri-bam\/","og_site_name":"Lajme nga Ulqini","article_published_time":"2017-03-09T18:43:52+00:00","og_image":[{"url":"https:\/\/www.visit-ulcinj.com\/blog\/wp-content\/uploads\/2015\/03\/Bujar-Nishani-viziton-Ulqinin-Genci-Nimanbegu-150x150.jpg"}],"twitter_misc":{"Written by":"ulqini","Est. reading time":"3 minutes"},"schema":{"@context":"https:\/\/schema.org","@graph":[{"@type":"WebSite","@id":"https:\/\/www.visit-ulcinj.com\/blog\/#website","url":"https:\/\/www.visit-ulcinj.com\/blog\/","name":"Lajme nga Ulqini","description":"Lajme,Vijesti,Ulqini,Ulqin,Crna Gora,Mali i Zi","potentialAction":[{"@type":"SearchAction","target":{"@type":"EntryPoint","urlTemplate":"https:\/\/www.visit-ulcinj.com\/blog\/?s={search_term_string}"},"query-input":"required name=search_term_string"}],"inLanguage":"en-US"},{"@type":"ImageObject","inLanguage":"en-US","@id":"https:\/\/www.visit-ulcinj.com\/blog\/2017\/03\/09\/nika-bravo-luigj-edhe-pse-mori-nishan-shkreli-nuk-ia-beri-bam\/#primaryimage","url":"https:\/\/www.visit-ulcinj.com\/blog\/wp-content\/uploads\/2015\/03\/Bujar-Nishani-viziton-Ulqinin-Fatmir-Gjeka-2.jpg","contentUrl":"https:\/\/www.visit-ulcinj.com\/blog\/wp-content\/uploads\/2015\/03\/Bujar-Nishani-viziton-Ulqinin-Fatmir-Gjeka-2.jpg","width":1200,"height":800},{"@type":"WebPage","@id":"https:\/\/www.visit-ulcinj.com\/blog\/2017\/03\/09\/nika-bravo-luigj-edhe-pse-mori-nishan-shkreli-nuk-ia-beri-bam\/#webpage","url":"https:\/\/www.visit-ulcinj.com\/blog\/2017\/03\/09\/nika-bravo-luigj-edhe-pse-mori-nishan-shkreli-nuk-ia-beri-bam\/","name":"Nika: Bravo Luigj - edhe pse mori Nishan, Shkreli nuk ia b\u00ebri bam..?!! - Lajme nga Ulqini","isPartOf":{"@id":"https:\/\/www.visit-ulcinj.com\/blog\/#website"},"primaryImageOfPage":{"@id":"https:\/\/www.visit-ulcinj.com\/blog\/2017\/03\/09\/nika-bravo-luigj-edhe-pse-mori-nishan-shkreli-nuk-ia-beri-bam\/#primaryimage"},"datePublished":"2017-03-09T18:43:52+00:00","dateModified":"2017-03-09T18:43:52+00:00","author":{"@id":"https:\/\/www.visit-ulcinj.com\/blog\/#\/schema\/person\/dcab619c614d3038751c63bc2aadc06d"},"description":"Shkruan Muhamet Nika Pasi\u00a0 kuvendi i Ulqinit\u00a0 k\u00ebrkoi\u00a0 t\u00eb t\u00ebrhiqet\u00a0 propozimi p\u00ebr dekorim t\u00eb presidentit Bujar Nishani- nga Nazif Cungu, si qytetar\u00eb nderi","breadcrumb":{"@id":"https:\/\/www.visit-ulcinj.com\/blog\/2017\/03\/09\/nika-bravo-luigj-edhe-pse-mori-nishan-shkreli-nuk-ia-beri-bam\/#breadcrumb"},"inLanguage":"en-US","potentialAction":[{"@type":"ReadAction","target":["https:\/\/www.visit-ulcinj.com\/blog\/2017\/03\/09\/nika-bravo-luigj-edhe-pse-mori-nishan-shkreli-nuk-ia-beri-bam\/"]}]},{"@type":"BreadcrumbList","@id":"https:\/\/www.visit-ulcinj.com\/blog\/2017\/03\/09\/nika-bravo-luigj-edhe-pse-mori-nishan-shkreli-nuk-ia-beri-bam\/#breadcrumb","itemListElement":[{"@type":"ListItem","position":1,"name":"Nika: Bravo Luigj &#8211; edhe pse mori Nishan, Shkreli nuk ia b\u00ebri bam..?!!"}]},{"@type":"Person","@id":"https:\/\/www.visit-ulcinj.com\/blog\/#\/schema\/person\/dcab619c614d3038751c63bc2aadc06d","name":"ulqini","sameAs":["http:\/\/www.visit-ulcinj.com"],"url":"https:\/\/www.visit-ulcinj.com\/blog\/author\/admin\/"}]}},"jetpack_featured_media_url":"","jetpack_sharing_enabled":true,"jetpack_shortlink":"https:\/\/wp.me\/pe6lTn-qVs","_links":{"self":[{"href":"https:\/\/www.visit-ulcinj.com\/blog\/wp-json\/wp\/v2\/posts\/103506"}],"collection":[{"href":"https:\/\/www.visit-ulcinj.com\/blog\/wp-json\/wp\/v2\/posts"}],"about":[{"href":"https:\/\/www.visit-ulcinj.com\/blog\/wp-json\/wp\/v2\/types\/post"}],"author":[{"embeddable":true,"href":"https:\/\/www.visit-ulcinj.com\/blog\/wp-json\/wp\/v2\/users\/1"}],"replies":[{"embeddable":true,"href":"https:\/\/www.visit-ulcinj.com\/blog\/wp-json\/wp\/v2\/comments?post=103506"}],"version-history":[{"count":1,"href":"https:\/\/www.visit-ulcinj.com\/blog\/wp-json\/wp\/v2\/posts\/103506\/revisions"}],"predecessor-version":[{"id":103507,"href":"https:\/\/www.visit-ulcinj.com\/blog\/wp-json\/wp\/v2\/posts\/103506\/revisions\/103507"}],"wp:attachment":[{"href":"https:\/\/www.visit-ulcinj.com\/blog\/wp-json\/wp\/v2\/media?parent=103506"}],"wp:term":[{"taxonomy":"category","embeddable":true,"href":"https:\/\/www.visit-ulcinj.com\/blog\/wp-json\/wp\/v2\/categories?post=103506"},{"taxonomy":"post_tag","embeddable":true,"href":"https:\/\/www.visit-ulcinj.com\/blog\/wp-json\/wp\/v2\/tags?post=103506"}],"curies":[{"name":"wp","href":"https:\/\/api.w.org\/{rel}","templated":true}]}}