{"id":103520,"date":"2017-03-10T21:42:51","date_gmt":"2017-03-10T20:42:51","guid":{"rendered":"http:\/\/www.visit-ulcinj.com\/blog\/?p=103520"},"modified":"2017-03-10T21:56:20","modified_gmt":"2017-03-10T20:56:20","slug":"promovim-vlerave-unike-te-ulqinit","status":"publish","type":"post","link":"https:\/\/www.visit-ulcinj.com\/blog\/2017\/03\/10\/promovim-vlerave-unike-te-ulqinit\/","title":{"rendered":"Promovim i vlerave unike t\u00eb  Ulqinit"},"content":{"rendered":"<p><strong><a href=\"http:\/\/www.visit-ulcinj.com\/blog\/wp-content\/uploads\/2017\/03\/Perla-e-Bun\u00ebs-Biser-Bojane-Ulqin-Ulcinj.jpg\"><img loading=\"lazy\" class=\"alignleft wp-image-103521\" src=\"http:\/\/www.visit-ulcinj.com\/blog\/wp-content\/uploads\/2017\/03\/Perla-e-Bun\u00ebs-Biser-Bojane-Ulqin-Ulcinj.jpg\" alt=\"Perla e Bun\u00ebs-Biser Bojane-Ulqin-Ulcinj\" width=\"508\" height=\"233\" srcset=\"https:\/\/www.visit-ulcinj.com\/blog\/wp-content\/uploads\/2017\/03\/Perla-e-Bun\u00ebs-Biser-Bojane-Ulqin-Ulcinj.jpg 1024w, https:\/\/www.visit-ulcinj.com\/blog\/wp-content\/uploads\/2017\/03\/Perla-e-Bun\u00ebs-Biser-Bojane-Ulqin-Ulcinj-300x137.jpg 300w, https:\/\/www.visit-ulcinj.com\/blog\/wp-content\/uploads\/2017\/03\/Perla-e-Bun\u00ebs-Biser-Bojane-Ulqin-Ulcinj-768x352.jpg 768w\" sizes=\"(max-width: 508px) 100vw, 508px\" \/><\/a>\u00a0Gjek\u00eb Gjonaj<\/strong><\/p>\n<p>Dashamir\u00ebt e\u00a0 kinematografis\u00eb\u00a0 t\u00eb Ulqinit\u00a0\u00a0\u00a0\u00a0 jav\u00ebn q\u00eb lam\u00eb pas\u00eb mbush\u00ebn p\u00ebrplot\u00eb sall\u00ebn e Qendr\u00ebs Kulturore t\u00eb k\u00ebtij qyteti \u00a0p\u00ebr t\u00eb par\u00eb\u00a0\u00a0 premier\u00ebn e \u00a0filmit \u00a0p\u00ebr qytetin e tyre. Vlerat historike, turistike dhe trash\u00ebgimia kulturore e zon\u00ebs s\u00eb Ulqinit u prezantuan \u00a0n\u00ebp\u00ebrmjet \u00a0shfaqjes filmike \u00a0\u00a0\u201c Perla e Bun\u00ebs\u201d, \u00a0me autor\u00eb v\u00ebllez\u00ebrit\u00a0 Millan dhe Millutin Karaxhiq.<\/p>\n<p>Kjo komedi romantike bashk\u00ebkohore si synim par\u00ebsor kishte pik\u00ebrisht promovimin dhe publikimin e vlerave t\u00eb p\u00ebrmendura q\u00eb mbart Ulqini n\u00eb sh\u00ebrbim t\u00eb njohjes dhe t\u00eb informimit t\u00eb\u00a0 mij\u00ebra shikuesve q\u00eb do ta ndjekin k\u00ebt\u00eb film n\u00eb Mal t\u00eb Zi, n\u00eb shtetet e rjonit dhe m\u00eb gjer\u00eb. Q\u00eb n\u00eb minutat e par\u00eb\u00a0 fitoi simpatin\u00eb e atyre q\u00eb e pan\u00eb.\u00a0 Filmi disa her\u00eb gjat\u00eb shfaqjes\u00a0 u shoq\u00ebrua\u00a0 me ovacione e duartrokitje t\u00eb t\u00eb gjith\u00eb \u00a0njer\u00ebzve q\u00eb ishin ngritur n\u00eb k\u00ebmb\u00eb n\u00eb k\u00ebt\u00eb mbr\u00ebmje t\u00eb mrekullueshme, nj\u00eb gj\u00eb q\u00eb ndodh\u00eb rrall\u00eb\u00a0 n\u00eb\u00a0 evente t\u00eb k\u00ebsaj natyre n\u00eb Ulqin.<\/p>\n<p>\u00c7do pjes\u00eb e filmit shk\u00eblqeu. Muzika e p\u00ebrzgjedhur\u00a0 me sens. \u00a0\u00a0Kuadrot atraktive. Xhirimet interesante, ku spikaten \u00a0n\u00eb m\u00ebnyr\u00ebn m\u00eb t\u00eb bukur t\u00eb mundshme bukurit\u00eb e paprekura natyrore t\u00eb Malit t\u00eb Zi, t\u00eb cilat\u00a0 n\u00eb radh\u00eb t\u00eb par\u00eb v\u00ebrehen\u00a0 n\u00eb peizazhet e Ad\u00ebs n\u00eb Bun\u00eb, Plazhit t\u00eb Madh, Liqenit t\u00eb Shkodr\u00ebs dhe Kalas\u00eb s\u00eb Ulqint. I gjith\u00eb ky konglomerat\u00eb\u00a0\u00a0\u00a0 p\u00ebrb\u00ebn nj\u00eb mozaik t\u00eb \u00a0destinacioneve m\u00eb atraktive t\u00eb Malit t\u00eb Zi, t\u00eb cilat gjth\u00ebsesi do t\u2019ia ngrisin\u00a0 imazhin\u00a0 shtetit\u00a0\u00a0 t\u00eb par\u00eb ekologjik si destinacion i bukur turistik n\u00eb rajon dhe n\u00eb Evrop\u00eb.<\/p>\n<p>Ve\u00e7mas duhet ve\u00e7uar kuadrot atraktive dhe interpretimet brilante t\u00eb\u00a0 aktor\u00ebve t\u00eb mir\u00ebnjohur Minja Karaxhiq, Andrija Millosheviq, Mlladen Neleviq, Sllaven Doshllo, Vanja Nenadiq, Hristina Popoviq, Mira Banjac, Dubravka Rashkiq&#8230; N\u00eb mesin e\u00a0 tyre edhe sprovat e arritura t\u00eb tre\u00a0 aktor\u00ebve t\u00eb rinj\u00eb nga Ulqini dhe i gjth\u00eb stafi tjet\u00ebr. Ata \u00a0\u00a0me humorin e\u00a0 tyre \u00a0entuziasmuan\u00a0 dhe k\u00ebnaq\u00ebn\u00a0 t\u00eb gjith\u00eb publikun, si askushn tjet\u00ebr para tyre deri \u00a0n\u00eb dit\u00ebt e sotme n\u00eb Ulqin.<\/p>\n<p>P\u00ebrmes pamjeve vizive mahnit\u00ebse \u00a0publiku i pranish\u00ebm gjat\u00eb dy or\u00ebve mori si t\u00eb thuash nj\u00eb terapi shpirt\u00ebrore, e cila \u00a0i \u201cqet\u00ebsoi\u201d nga brengat dhe problemet e dit\u00ebs. I mbushi me gaz. Me g\u00ebzim. Me hare. \u00a0Me ngacmim. Me energji pozitive Me ndjenja\u00a0 \u00a0p\u00ebr ta shijuar at\u00eb mrekulli q\u00eb e ka krijuar natyra n\u00eb bregdetin e Ulqinit.<\/p>\n<p>Kam p\u00ebrshtypjen e plot\u00eb se kjo komedi romantike,\u00a0 respektivisht kjo melodram\u00eb, \u00a0\u00ebsht\u00eb nj\u00eb reklam\u00eb e shk\u00eblqyer p\u00ebr\u00a0 Ulqinin, e cila p\u00ebrmes atmosfer\u00ebs, fotografis\u00eb , muzik\u00ebs dhe aktrimit ringjall\u00ebn\u00a0 frym\u00ebn e\u00a0 jet\u00ebs\u00a0 n\u00eb\u00a0 k\u00ebt\u00eb pjes\u00eb t\u00eb\u00a0 Mesdheut\u00a0 Jugor.<\/p>\n<p>Autor\u00ebt e k\u00ebtij filmi, v\u00ebllez\u00ebrit Minja dhe Millan Kraxhiq, \u00a0\u00a0krijuan nj\u00eb mund\u00ebsi t\u00eb madhe p\u00ebr t\u00eb treguar se sa e bukur dhe unike \u00ebsht\u00eb bukuria natyrore e Ulqinit dhe\u00a0 trash\u00ebgimia e tij kulturore.\u00a0 Ulqinak\u00ebt, k\u00ebtyre artist\u00ebve, tashm\u00eb adhurues t\u00eb Ulqinit dhe miq t\u00eb denj\u00eb e t\u00eb d\u00ebshmuar t\u00eb k\u00ebtij qyteti, \u00a0duhet t\u2019u jen\u00eb mir\u00ebnjoh\u00ebs. Mbase\u00a0 \u00a0askush deri n\u00eb dit\u00ebt tona nuk mendoj se ka b\u00ebr\u00eb di\u00e7ka t\u00eb ngjashme e me kaq vler\u00eb\u00a0 se sa ata p\u00ebr k\u00ebt\u00eb qytet t\u00eb lasht\u00eb shqiptar.\u00a0 Edhe un\u00eb dua t\u2019i falenderoj. Faleminderit shum\u00eb<\/p>\n<!--YouTube Error: bad URL entered-->\n","protected":false},"excerpt":{"rendered":"<p>\u00a0Gjek\u00eb Gjonaj Dashamir\u00ebt e\u00a0 kinematografis\u00eb\u00a0 t\u00eb Ulqinit\u00a0\u00a0\u00a0\u00a0 jav\u00ebn q\u00eb lam\u00eb pas\u00eb mbush\u00ebn p\u00ebrplot\u00eb sall\u00ebn e Qendr\u00ebs Kulturore t\u00eb k\u00ebtij qyteti \u00a0p\u00ebr t\u00eb par\u00eb\u00a0\u00a0 premier\u00ebn e \u00a0filmit \u00a0p\u00ebr qytetin e tyre. Vlerat historike, turistike dhe trash\u00ebgimia kulturore e zon\u00ebs s\u00eb Ulqinit u prezantuan \u00a0n\u00ebp\u00ebrmjet \u00a0shfaqjes filmike \u00a0\u00a0\u201c Perla e Bun\u00ebs\u201d, \u00a0me autor\u00eb v\u00ebllez\u00ebrit\u00a0 Millan dhe Millutin [&hellip;]<\/p>\n","protected":false},"author":1,"featured_media":0,"comment_status":"closed","ping_status":"closed","sticky":false,"template":"","format":"standard","meta":{"spay_email":"","jetpack_publicize_message":"","jetpack_is_tweetstorm":false,"jetpack_publicize_feature_enabled":true},"categories":[1],"tags":[],"jetpack_publicize_connections":[],"yoast_head":"<!-- This site is optimized with the Yoast SEO plugin v19.1 - https:\/\/yoast.com\/wordpress\/plugins\/seo\/ -->\n<title>Promovim i vlerave unike t\u00eb Ulqinit - Lajme nga Ulqini<\/title>\n<meta name=\"description\" content=\"\u00a0Gjek\u00eb Gjonaj Dashamir\u00ebt e\u00a0 kinematografis\u00eb\u00a0 t\u00eb Ulqinit\u00a0\u00a0\u00a0\u00a0 jav\u00ebn q\u00eb lam\u00eb pas\u00eb mbush\u00ebn p\u00ebrplot\u00eb sall\u00ebn e Qendr\u00ebs Kulturore t\u00eb k\u00ebtij qyteti \u00a0p\u00ebr t\u00eb par\u00eb\u00a0\u00a0\" \/>\n<meta name=\"robots\" content=\"index, follow, max-snippet:-1, max-image-preview:large, max-video-preview:-1\" \/>\n<link rel=\"canonical\" href=\"https:\/\/www.visit-ulcinj.com\/blog\/2017\/03\/10\/promovim-vlerave-unike-te-ulqinit\/\" \/>\n<meta property=\"og:locale\" content=\"en_US\" \/>\n<meta property=\"og:type\" content=\"article\" \/>\n<meta property=\"og:title\" content=\"Promovim i vlerave unike t\u00eb Ulqinit - Lajme nga Ulqini\" \/>\n<meta property=\"og:description\" content=\"\u00a0Gjek\u00eb Gjonaj Dashamir\u00ebt e\u00a0 kinematografis\u00eb\u00a0 t\u00eb Ulqinit\u00a0\u00a0\u00a0\u00a0 jav\u00ebn q\u00eb lam\u00eb pas\u00eb mbush\u00ebn p\u00ebrplot\u00eb sall\u00ebn e Qendr\u00ebs Kulturore t\u00eb k\u00ebtij qyteti \u00a0p\u00ebr t\u00eb par\u00eb\u00a0\u00a0\" \/>\n<meta property=\"og:url\" content=\"https:\/\/www.visit-ulcinj.com\/blog\/2017\/03\/10\/promovim-vlerave-unike-te-ulqinit\/\" \/>\n<meta property=\"og:site_name\" content=\"Lajme nga Ulqini\" \/>\n<meta property=\"article:published_time\" content=\"2017-03-10T20:42:51+00:00\" \/>\n<meta property=\"article:modified_time\" content=\"2017-03-10T20:56:20+00:00\" \/>\n<meta name=\"twitter:label1\" content=\"Written by\" \/>\n\t<meta name=\"twitter:data1\" content=\"ulqini\" \/>\n\t<meta name=\"twitter:label2\" content=\"Est. reading time\" \/>\n\t<meta name=\"twitter:data2\" content=\"3 minutes\" \/>\n<script type=\"application\/ld+json\" class=\"yoast-schema-graph\">{\"@context\":\"https:\/\/schema.org\",\"@graph\":[{\"@type\":\"WebSite\",\"@id\":\"https:\/\/www.visit-ulcinj.com\/blog\/#website\",\"url\":\"https:\/\/www.visit-ulcinj.com\/blog\/\",\"name\":\"Lajme nga Ulqini\",\"description\":\"Lajme,Vijesti,Ulqini,Ulqin,Crna Gora,Mali i Zi\",\"potentialAction\":[{\"@type\":\"SearchAction\",\"target\":{\"@type\":\"EntryPoint\",\"urlTemplate\":\"https:\/\/www.visit-ulcinj.com\/blog\/?s={search_term_string}\"},\"query-input\":\"required name=search_term_string\"}],\"inLanguage\":\"en-US\"},{\"@type\":\"WebPage\",\"@id\":\"https:\/\/www.visit-ulcinj.com\/blog\/2017\/03\/10\/promovim-vlerave-unike-te-ulqinit\/#webpage\",\"url\":\"https:\/\/www.visit-ulcinj.com\/blog\/2017\/03\/10\/promovim-vlerave-unike-te-ulqinit\/\",\"name\":\"Promovim i vlerave unike t\u00eb Ulqinit - Lajme nga Ulqini\",\"isPartOf\":{\"@id\":\"https:\/\/www.visit-ulcinj.com\/blog\/#website\"},\"datePublished\":\"2017-03-10T20:42:51+00:00\",\"dateModified\":\"2017-03-10T20:56:20+00:00\",\"author\":{\"@id\":\"https:\/\/www.visit-ulcinj.com\/blog\/#\/schema\/person\/dcab619c614d3038751c63bc2aadc06d\"},\"description\":\"\u00a0Gjek\u00eb Gjonaj Dashamir\u00ebt e\u00a0 kinematografis\u00eb\u00a0 t\u00eb Ulqinit\u00a0\u00a0\u00a0\u00a0 jav\u00ebn q\u00eb lam\u00eb pas\u00eb mbush\u00ebn p\u00ebrplot\u00eb sall\u00ebn e Qendr\u00ebs Kulturore t\u00eb k\u00ebtij qyteti \u00a0p\u00ebr t\u00eb par\u00eb\u00a0\u00a0\",\"breadcrumb\":{\"@id\":\"https:\/\/www.visit-ulcinj.com\/blog\/2017\/03\/10\/promovim-vlerave-unike-te-ulqinit\/#breadcrumb\"},\"inLanguage\":\"en-US\",\"potentialAction\":[{\"@type\":\"ReadAction\",\"target\":[\"https:\/\/www.visit-ulcinj.com\/blog\/2017\/03\/10\/promovim-vlerave-unike-te-ulqinit\/\"]}]},{\"@type\":\"BreadcrumbList\",\"@id\":\"https:\/\/www.visit-ulcinj.com\/blog\/2017\/03\/10\/promovim-vlerave-unike-te-ulqinit\/#breadcrumb\",\"itemListElement\":[{\"@type\":\"ListItem\",\"position\":1,\"name\":\"Promovim i vlerave unike t\u00eb Ulqinit\"}]},{\"@type\":\"Person\",\"@id\":\"https:\/\/www.visit-ulcinj.com\/blog\/#\/schema\/person\/dcab619c614d3038751c63bc2aadc06d\",\"name\":\"ulqini\",\"sameAs\":[\"http:\/\/www.visit-ulcinj.com\"],\"url\":\"https:\/\/www.visit-ulcinj.com\/blog\/author\/admin\/\"}]}<\/script>\n<!-- \/ Yoast SEO plugin. -->","yoast_head_json":{"title":"Promovim i vlerave unike t\u00eb Ulqinit - Lajme nga Ulqini","description":"\u00a0Gjek\u00eb Gjonaj Dashamir\u00ebt e\u00a0 kinematografis\u00eb\u00a0 t\u00eb Ulqinit\u00a0\u00a0\u00a0\u00a0 jav\u00ebn q\u00eb lam\u00eb pas\u00eb mbush\u00ebn p\u00ebrplot\u00eb sall\u00ebn e Qendr\u00ebs Kulturore t\u00eb k\u00ebtij qyteti \u00a0p\u00ebr t\u00eb par\u00eb\u00a0\u00a0","robots":{"index":"index","follow":"follow","max-snippet":"max-snippet:-1","max-image-preview":"max-image-preview:large","max-video-preview":"max-video-preview:-1"},"canonical":"https:\/\/www.visit-ulcinj.com\/blog\/2017\/03\/10\/promovim-vlerave-unike-te-ulqinit\/","og_locale":"en_US","og_type":"article","og_title":"Promovim i vlerave unike t\u00eb Ulqinit - Lajme nga Ulqini","og_description":"\u00a0Gjek\u00eb Gjonaj Dashamir\u00ebt e\u00a0 kinematografis\u00eb\u00a0 t\u00eb Ulqinit\u00a0\u00a0\u00a0\u00a0 jav\u00ebn q\u00eb lam\u00eb pas\u00eb mbush\u00ebn p\u00ebrplot\u00eb sall\u00ebn e Qendr\u00ebs Kulturore t\u00eb k\u00ebtij qyteti \u00a0p\u00ebr t\u00eb par\u00eb\u00a0\u00a0","og_url":"https:\/\/www.visit-ulcinj.com\/blog\/2017\/03\/10\/promovim-vlerave-unike-te-ulqinit\/","og_site_name":"Lajme nga Ulqini","article_published_time":"2017-03-10T20:42:51+00:00","article_modified_time":"2017-03-10T20:56:20+00:00","twitter_misc":{"Written by":"ulqini","Est. reading time":"3 minutes"},"schema":{"@context":"https:\/\/schema.org","@graph":[{"@type":"WebSite","@id":"https:\/\/www.visit-ulcinj.com\/blog\/#website","url":"https:\/\/www.visit-ulcinj.com\/blog\/","name":"Lajme nga Ulqini","description":"Lajme,Vijesti,Ulqini,Ulqin,Crna Gora,Mali i Zi","potentialAction":[{"@type":"SearchAction","target":{"@type":"EntryPoint","urlTemplate":"https:\/\/www.visit-ulcinj.com\/blog\/?s={search_term_string}"},"query-input":"required name=search_term_string"}],"inLanguage":"en-US"},{"@type":"WebPage","@id":"https:\/\/www.visit-ulcinj.com\/blog\/2017\/03\/10\/promovim-vlerave-unike-te-ulqinit\/#webpage","url":"https:\/\/www.visit-ulcinj.com\/blog\/2017\/03\/10\/promovim-vlerave-unike-te-ulqinit\/","name":"Promovim i vlerave unike t\u00eb Ulqinit - Lajme nga Ulqini","isPartOf":{"@id":"https:\/\/www.visit-ulcinj.com\/blog\/#website"},"datePublished":"2017-03-10T20:42:51+00:00","dateModified":"2017-03-10T20:56:20+00:00","author":{"@id":"https:\/\/www.visit-ulcinj.com\/blog\/#\/schema\/person\/dcab619c614d3038751c63bc2aadc06d"},"description":"\u00a0Gjek\u00eb Gjonaj Dashamir\u00ebt e\u00a0 kinematografis\u00eb\u00a0 t\u00eb Ulqinit\u00a0\u00a0\u00a0\u00a0 jav\u00ebn q\u00eb lam\u00eb pas\u00eb mbush\u00ebn p\u00ebrplot\u00eb sall\u00ebn e Qendr\u00ebs Kulturore t\u00eb k\u00ebtij qyteti \u00a0p\u00ebr t\u00eb par\u00eb\u00a0\u00a0","breadcrumb":{"@id":"https:\/\/www.visit-ulcinj.com\/blog\/2017\/03\/10\/promovim-vlerave-unike-te-ulqinit\/#breadcrumb"},"inLanguage":"en-US","potentialAction":[{"@type":"ReadAction","target":["https:\/\/www.visit-ulcinj.com\/blog\/2017\/03\/10\/promovim-vlerave-unike-te-ulqinit\/"]}]},{"@type":"BreadcrumbList","@id":"https:\/\/www.visit-ulcinj.com\/blog\/2017\/03\/10\/promovim-vlerave-unike-te-ulqinit\/#breadcrumb","itemListElement":[{"@type":"ListItem","position":1,"name":"Promovim i vlerave unike t\u00eb Ulqinit"}]},{"@type":"Person","@id":"https:\/\/www.visit-ulcinj.com\/blog\/#\/schema\/person\/dcab619c614d3038751c63bc2aadc06d","name":"ulqini","sameAs":["http:\/\/www.visit-ulcinj.com"],"url":"https:\/\/www.visit-ulcinj.com\/blog\/author\/admin\/"}]}},"jetpack_featured_media_url":"","jetpack_sharing_enabled":true,"jetpack_shortlink":"https:\/\/wp.me\/pe6lTn-qVG","_links":{"self":[{"href":"https:\/\/www.visit-ulcinj.com\/blog\/wp-json\/wp\/v2\/posts\/103520"}],"collection":[{"href":"https:\/\/www.visit-ulcinj.com\/blog\/wp-json\/wp\/v2\/posts"}],"about":[{"href":"https:\/\/www.visit-ulcinj.com\/blog\/wp-json\/wp\/v2\/types\/post"}],"author":[{"embeddable":true,"href":"https:\/\/www.visit-ulcinj.com\/blog\/wp-json\/wp\/v2\/users\/1"}],"replies":[{"embeddable":true,"href":"https:\/\/www.visit-ulcinj.com\/blog\/wp-json\/wp\/v2\/comments?post=103520"}],"version-history":[{"count":3,"href":"https:\/\/www.visit-ulcinj.com\/blog\/wp-json\/wp\/v2\/posts\/103520\/revisions"}],"predecessor-version":[{"id":103524,"href":"https:\/\/www.visit-ulcinj.com\/blog\/wp-json\/wp\/v2\/posts\/103520\/revisions\/103524"}],"wp:attachment":[{"href":"https:\/\/www.visit-ulcinj.com\/blog\/wp-json\/wp\/v2\/media?parent=103520"}],"wp:term":[{"taxonomy":"category","embeddable":true,"href":"https:\/\/www.visit-ulcinj.com\/blog\/wp-json\/wp\/v2\/categories?post=103520"},{"taxonomy":"post_tag","embeddable":true,"href":"https:\/\/www.visit-ulcinj.com\/blog\/wp-json\/wp\/v2\/tags?post=103520"}],"curies":[{"name":"wp","href":"https:\/\/api.w.org\/{rel}","templated":true}]}}