{"id":103528,"date":"2017-04-16T22:15:03","date_gmt":"2017-04-16T21:15:03","guid":{"rendered":"http:\/\/www.visit-ulcinj.com\/blog\/?p=103528"},"modified":"2017-04-17T06:28:57","modified_gmt":"2017-04-17T05:28:57","slug":"nazif-cungu-ne-emisionin-oktapod-vizion-plus","status":"publish","type":"post","link":"https:\/\/www.visit-ulcinj.com\/blog\/2017\/04\/16\/nazif-cungu-ne-emisionin-oktapod-vizion-plus\/","title":{"rendered":"Nazif Cungu n\u00eb emisionin Oktapod &#8211; Vizion Plus &#8211; Video"},"content":{"rendered":"<p><strong><a href=\"http:\/\/www.visit-ulcinj.com\/blog\/wp-content\/uploads\/2017\/03\/Nazif-Cungu-ne-emisionin-oktopod-Vizion-Plus.jpg\"><img loading=\"lazy\" class=\"alignleft wp-image-103530\" src=\"http:\/\/www.visit-ulcinj.com\/blog\/wp-content\/uploads\/2017\/03\/Nazif-Cungu-ne-emisionin-oktopod-Vizion-Plus.jpg\" alt=\"Nazif Cungu ne emisionin oktopod-Vizion Plus\" width=\"508\" height=\"254\" srcset=\"https:\/\/www.visit-ulcinj.com\/blog\/wp-content\/uploads\/2017\/03\/Nazif-Cungu-ne-emisionin-oktopod-Vizion-Plus.jpg 611w, https:\/\/www.visit-ulcinj.com\/blog\/wp-content\/uploads\/2017\/03\/Nazif-Cungu-ne-emisionin-oktopod-Vizion-Plus-300x150.jpg 300w\" sizes=\"(max-width: 508px) 100vw, 508px\" \/><\/a><\/strong><\/p>\n<p class=\"description\">N\u00eb emisionin \u201cOktapod\u201d t\u00eb televizionit \u201cVizion Plus\u201d, k\u00ebsaj radhe ka qen\u00eb i ftuar kryetari i Ulqinit Nazf Cungu.<\/p>\n<p>Gjat\u00eb k\u00ebsaj interviste do t\u00eb keni rastin t\u00eb d\u00ebgjoni rr\u00ebfimin e kryetarit Cungu rreth jet\u00ebs dhe vepr\u00ebs s\u00eb tij t\u00eb deritanishme n\u00eb komun\u00ebn e Ulqinit si kryetar,\u00a0por pa anashkaluar edhe temat e tjera q\u00eb lidhen me shoq\u00ebrin\u00eb ton\u00eb.<\/p>\n<p>N\u00eb pyetjen e autorit t\u00eb emisionit \u201cOktapod\u201d Tyrjan Hyska, kryetari Cungu p\u00ebrgjigjet.<\/p>\n<p>P\u00ebr k\u00ebto dhe shum\u00eb gj\u00ebra t\u00eb tjera ekskluzive, mund ta ndiqni intervist\u00ebn e plot\u00eb sonte n\u00eb &#8220;Oktapod&#8221; me Tyrjan Hyska.<\/p>\n<p><iframe loading=\"lazy\" style=\"border: none; overflow: hidden;\" src=\"https:\/\/www.facebook.com\/plugins\/video.php?href=https%3A%2F%2Fwww.facebook.com%2Fnazif.cungu%2Fvideos%2F1784882681841876%2F&amp;show_text=0&amp;width=508\" width=\"508\" height=\"335\" frameborder=\"0\" scrolling=\"no\" allowfullscreen=\"allowfullscreen\"><\/iframe><\/p>\n","protected":false},"excerpt":{"rendered":"<p>N\u00eb emisionin \u201cOktapod\u201d t\u00eb televizionit \u201cVizion Plus\u201d, k\u00ebsaj radhe ka qen\u00eb i ftuar kryetari i Ulqinit Nazf Cungu. Gjat\u00eb k\u00ebsaj interviste do t\u00eb keni rastin t\u00eb d\u00ebgjoni rr\u00ebfimin e kryetarit Cungu rreth jet\u00ebs dhe vepr\u00ebs s\u00eb tij t\u00eb deritanishme n\u00eb komun\u00ebn e Ulqinit si kryetar,\u00a0por pa anashkaluar edhe temat e tjera q\u00eb lidhen me shoq\u00ebrin\u00eb [&hellip;]<\/p>\n","protected":false},"author":1,"featured_media":0,"comment_status":"closed","ping_status":"closed","sticky":false,"template":"","format":"standard","meta":{"spay_email":"","jetpack_publicize_message":"","jetpack_is_tweetstorm":false,"jetpack_publicize_feature_enabled":true},"categories":[13],"tags":[],"jetpack_publicize_connections":[],"yoast_head":"<!-- This site is optimized with the Yoast SEO plugin v19.1 - https:\/\/yoast.com\/wordpress\/plugins\/seo\/ -->\n<title>Nazif Cungu n\u00eb emisionin Oktapod - Vizion Plus - Video - Lajme nga Ulqini<\/title>\n<meta name=\"description\" content=\"N\u00eb emisionin \u201cOktapod\u201d t\u00eb televizionit \u201cVizion Plus\u201d, k\u00ebsaj radhe ka qen\u00eb i ftuar kryetari i Ulqinit Nazf Cungu. Gjat\u00eb k\u00ebsaj interviste do t\u00eb keni rastin\" \/>\n<meta name=\"robots\" content=\"index, follow, max-snippet:-1, max-image-preview:large, max-video-preview:-1\" \/>\n<link rel=\"canonical\" href=\"https:\/\/www.visit-ulcinj.com\/blog\/2017\/04\/16\/nazif-cungu-ne-emisionin-oktapod-vizion-plus\/\" \/>\n<meta property=\"og:locale\" content=\"en_US\" \/>\n<meta property=\"og:type\" content=\"article\" \/>\n<meta property=\"og:title\" content=\"Nazif Cungu n\u00eb emisionin Oktapod - Vizion Plus - Video - Lajme nga Ulqini\" \/>\n<meta property=\"og:description\" content=\"N\u00eb emisionin \u201cOktapod\u201d t\u00eb televizionit \u201cVizion Plus\u201d, k\u00ebsaj radhe ka qen\u00eb i ftuar kryetari i Ulqinit Nazf Cungu. Gjat\u00eb k\u00ebsaj interviste do t\u00eb keni rastin\" \/>\n<meta property=\"og:url\" content=\"https:\/\/www.visit-ulcinj.com\/blog\/2017\/04\/16\/nazif-cungu-ne-emisionin-oktapod-vizion-plus\/\" \/>\n<meta property=\"og:site_name\" content=\"Lajme nga Ulqini\" \/>\n<meta property=\"article:published_time\" content=\"2017-04-16T21:15:03+00:00\" \/>\n<meta property=\"article:modified_time\" content=\"2017-04-17T05:28:57+00:00\" \/>\n<meta property=\"og:image\" content=\"http:\/\/www.visit-ulcinj.com\/blog\/wp-content\/uploads\/2017\/03\/Nazif-Cungu-ne-emisionin-oktopod-Vizion-Plus.jpg\" \/>\n<meta name=\"twitter:label1\" content=\"Written by\" \/>\n\t<meta name=\"twitter:data1\" content=\"ulqini\" \/>\n\t<meta name=\"twitter:label2\" content=\"Est. reading time\" \/>\n\t<meta name=\"twitter:data2\" content=\"1 minute\" \/>\n<script type=\"application\/ld+json\" class=\"yoast-schema-graph\">{\"@context\":\"https:\/\/schema.org\",\"@graph\":[{\"@type\":\"WebSite\",\"@id\":\"https:\/\/www.visit-ulcinj.com\/blog\/#website\",\"url\":\"https:\/\/www.visit-ulcinj.com\/blog\/\",\"name\":\"Lajme nga Ulqini\",\"description\":\"Lajme,Vijesti,Ulqini,Ulqin,Crna Gora,Mali i Zi\",\"potentialAction\":[{\"@type\":\"SearchAction\",\"target\":{\"@type\":\"EntryPoint\",\"urlTemplate\":\"https:\/\/www.visit-ulcinj.com\/blog\/?s={search_term_string}\"},\"query-input\":\"required name=search_term_string\"}],\"inLanguage\":\"en-US\"},{\"@type\":\"ImageObject\",\"inLanguage\":\"en-US\",\"@id\":\"https:\/\/www.visit-ulcinj.com\/blog\/2017\/04\/16\/nazif-cungu-ne-emisionin-oktapod-vizion-plus\/#primaryimage\",\"url\":\"https:\/\/www.visit-ulcinj.com\/blog\/wp-content\/uploads\/2017\/03\/Nazif-Cungu-ne-emisionin-oktopod-Vizion-Plus.jpg\",\"contentUrl\":\"https:\/\/www.visit-ulcinj.com\/blog\/wp-content\/uploads\/2017\/03\/Nazif-Cungu-ne-emisionin-oktopod-Vizion-Plus.jpg\",\"width\":611,\"height\":305},{\"@type\":\"WebPage\",\"@id\":\"https:\/\/www.visit-ulcinj.com\/blog\/2017\/04\/16\/nazif-cungu-ne-emisionin-oktapod-vizion-plus\/#webpage\",\"url\":\"https:\/\/www.visit-ulcinj.com\/blog\/2017\/04\/16\/nazif-cungu-ne-emisionin-oktapod-vizion-plus\/\",\"name\":\"Nazif Cungu n\u00eb emisionin Oktapod - Vizion Plus - Video - Lajme nga Ulqini\",\"isPartOf\":{\"@id\":\"https:\/\/www.visit-ulcinj.com\/blog\/#website\"},\"primaryImageOfPage\":{\"@id\":\"https:\/\/www.visit-ulcinj.com\/blog\/2017\/04\/16\/nazif-cungu-ne-emisionin-oktapod-vizion-plus\/#primaryimage\"},\"datePublished\":\"2017-04-16T21:15:03+00:00\",\"dateModified\":\"2017-04-17T05:28:57+00:00\",\"author\":{\"@id\":\"https:\/\/www.visit-ulcinj.com\/blog\/#\/schema\/person\/dcab619c614d3038751c63bc2aadc06d\"},\"description\":\"N\u00eb emisionin \u201cOktapod\u201d t\u00eb televizionit \u201cVizion Plus\u201d, k\u00ebsaj radhe ka qen\u00eb i ftuar kryetari i Ulqinit Nazf Cungu. Gjat\u00eb k\u00ebsaj interviste do t\u00eb keni rastin\",\"breadcrumb\":{\"@id\":\"https:\/\/www.visit-ulcinj.com\/blog\/2017\/04\/16\/nazif-cungu-ne-emisionin-oktapod-vizion-plus\/#breadcrumb\"},\"inLanguage\":\"en-US\",\"potentialAction\":[{\"@type\":\"ReadAction\",\"target\":[\"https:\/\/www.visit-ulcinj.com\/blog\/2017\/04\/16\/nazif-cungu-ne-emisionin-oktapod-vizion-plus\/\"]}]},{\"@type\":\"BreadcrumbList\",\"@id\":\"https:\/\/www.visit-ulcinj.com\/blog\/2017\/04\/16\/nazif-cungu-ne-emisionin-oktapod-vizion-plus\/#breadcrumb\",\"itemListElement\":[{\"@type\":\"ListItem\",\"position\":1,\"name\":\"Nazif Cungu n\u00eb emisionin Oktapod &#8211; Vizion Plus &#8211; Video\"}]},{\"@type\":\"Person\",\"@id\":\"https:\/\/www.visit-ulcinj.com\/blog\/#\/schema\/person\/dcab619c614d3038751c63bc2aadc06d\",\"name\":\"ulqini\",\"sameAs\":[\"http:\/\/www.visit-ulcinj.com\"],\"url\":\"https:\/\/www.visit-ulcinj.com\/blog\/author\/admin\/\"}]}<\/script>\n<!-- \/ Yoast SEO plugin. -->","yoast_head_json":{"title":"Nazif Cungu n\u00eb emisionin Oktapod - Vizion Plus - Video - Lajme nga Ulqini","description":"N\u00eb emisionin \u201cOktapod\u201d t\u00eb televizionit \u201cVizion Plus\u201d, k\u00ebsaj radhe ka qen\u00eb i ftuar kryetari i Ulqinit Nazf Cungu. Gjat\u00eb k\u00ebsaj interviste do t\u00eb keni rastin","robots":{"index":"index","follow":"follow","max-snippet":"max-snippet:-1","max-image-preview":"max-image-preview:large","max-video-preview":"max-video-preview:-1"},"canonical":"https:\/\/www.visit-ulcinj.com\/blog\/2017\/04\/16\/nazif-cungu-ne-emisionin-oktapod-vizion-plus\/","og_locale":"en_US","og_type":"article","og_title":"Nazif Cungu n\u00eb emisionin Oktapod - Vizion Plus - Video - Lajme nga Ulqini","og_description":"N\u00eb emisionin \u201cOktapod\u201d t\u00eb televizionit \u201cVizion Plus\u201d, k\u00ebsaj radhe ka qen\u00eb i ftuar kryetari i Ulqinit Nazf Cungu. Gjat\u00eb k\u00ebsaj interviste do t\u00eb keni rastin","og_url":"https:\/\/www.visit-ulcinj.com\/blog\/2017\/04\/16\/nazif-cungu-ne-emisionin-oktapod-vizion-plus\/","og_site_name":"Lajme nga Ulqini","article_published_time":"2017-04-16T21:15:03+00:00","article_modified_time":"2017-04-17T05:28:57+00:00","og_image":[{"url":"http:\/\/www.visit-ulcinj.com\/blog\/wp-content\/uploads\/2017\/03\/Nazif-Cungu-ne-emisionin-oktopod-Vizion-Plus.jpg"}],"twitter_misc":{"Written by":"ulqini","Est. reading time":"1 minute"},"schema":{"@context":"https:\/\/schema.org","@graph":[{"@type":"WebSite","@id":"https:\/\/www.visit-ulcinj.com\/blog\/#website","url":"https:\/\/www.visit-ulcinj.com\/blog\/","name":"Lajme nga Ulqini","description":"Lajme,Vijesti,Ulqini,Ulqin,Crna Gora,Mali i Zi","potentialAction":[{"@type":"SearchAction","target":{"@type":"EntryPoint","urlTemplate":"https:\/\/www.visit-ulcinj.com\/blog\/?s={search_term_string}"},"query-input":"required name=search_term_string"}],"inLanguage":"en-US"},{"@type":"ImageObject","inLanguage":"en-US","@id":"https:\/\/www.visit-ulcinj.com\/blog\/2017\/04\/16\/nazif-cungu-ne-emisionin-oktapod-vizion-plus\/#primaryimage","url":"https:\/\/www.visit-ulcinj.com\/blog\/wp-content\/uploads\/2017\/03\/Nazif-Cungu-ne-emisionin-oktopod-Vizion-Plus.jpg","contentUrl":"https:\/\/www.visit-ulcinj.com\/blog\/wp-content\/uploads\/2017\/03\/Nazif-Cungu-ne-emisionin-oktopod-Vizion-Plus.jpg","width":611,"height":305},{"@type":"WebPage","@id":"https:\/\/www.visit-ulcinj.com\/blog\/2017\/04\/16\/nazif-cungu-ne-emisionin-oktapod-vizion-plus\/#webpage","url":"https:\/\/www.visit-ulcinj.com\/blog\/2017\/04\/16\/nazif-cungu-ne-emisionin-oktapod-vizion-plus\/","name":"Nazif Cungu n\u00eb emisionin Oktapod - Vizion Plus - Video - Lajme nga Ulqini","isPartOf":{"@id":"https:\/\/www.visit-ulcinj.com\/blog\/#website"},"primaryImageOfPage":{"@id":"https:\/\/www.visit-ulcinj.com\/blog\/2017\/04\/16\/nazif-cungu-ne-emisionin-oktapod-vizion-plus\/#primaryimage"},"datePublished":"2017-04-16T21:15:03+00:00","dateModified":"2017-04-17T05:28:57+00:00","author":{"@id":"https:\/\/www.visit-ulcinj.com\/blog\/#\/schema\/person\/dcab619c614d3038751c63bc2aadc06d"},"description":"N\u00eb emisionin \u201cOktapod\u201d t\u00eb televizionit \u201cVizion Plus\u201d, k\u00ebsaj radhe ka qen\u00eb i ftuar kryetari i Ulqinit Nazf Cungu. Gjat\u00eb k\u00ebsaj interviste do t\u00eb keni rastin","breadcrumb":{"@id":"https:\/\/www.visit-ulcinj.com\/blog\/2017\/04\/16\/nazif-cungu-ne-emisionin-oktapod-vizion-plus\/#breadcrumb"},"inLanguage":"en-US","potentialAction":[{"@type":"ReadAction","target":["https:\/\/www.visit-ulcinj.com\/blog\/2017\/04\/16\/nazif-cungu-ne-emisionin-oktapod-vizion-plus\/"]}]},{"@type":"BreadcrumbList","@id":"https:\/\/www.visit-ulcinj.com\/blog\/2017\/04\/16\/nazif-cungu-ne-emisionin-oktapod-vizion-plus\/#breadcrumb","itemListElement":[{"@type":"ListItem","position":1,"name":"Nazif Cungu n\u00eb emisionin Oktapod &#8211; Vizion Plus &#8211; Video"}]},{"@type":"Person","@id":"https:\/\/www.visit-ulcinj.com\/blog\/#\/schema\/person\/dcab619c614d3038751c63bc2aadc06d","name":"ulqini","sameAs":["http:\/\/www.visit-ulcinj.com"],"url":"https:\/\/www.visit-ulcinj.com\/blog\/author\/admin\/"}]}},"jetpack_featured_media_url":"","jetpack_sharing_enabled":true,"jetpack_shortlink":"https:\/\/wp.me\/pe6lTn-qVO","_links":{"self":[{"href":"https:\/\/www.visit-ulcinj.com\/blog\/wp-json\/wp\/v2\/posts\/103528"}],"collection":[{"href":"https:\/\/www.visit-ulcinj.com\/blog\/wp-json\/wp\/v2\/posts"}],"about":[{"href":"https:\/\/www.visit-ulcinj.com\/blog\/wp-json\/wp\/v2\/types\/post"}],"author":[{"embeddable":true,"href":"https:\/\/www.visit-ulcinj.com\/blog\/wp-json\/wp\/v2\/users\/1"}],"replies":[{"embeddable":true,"href":"https:\/\/www.visit-ulcinj.com\/blog\/wp-json\/wp\/v2\/comments?post=103528"}],"version-history":[{"count":10,"href":"https:\/\/www.visit-ulcinj.com\/blog\/wp-json\/wp\/v2\/posts\/103528\/revisions"}],"predecessor-version":[{"id":104402,"href":"https:\/\/www.visit-ulcinj.com\/blog\/wp-json\/wp\/v2\/posts\/103528\/revisions\/104402"}],"wp:attachment":[{"href":"https:\/\/www.visit-ulcinj.com\/blog\/wp-json\/wp\/v2\/media?parent=103528"}],"wp:term":[{"taxonomy":"category","embeddable":true,"href":"https:\/\/www.visit-ulcinj.com\/blog\/wp-json\/wp\/v2\/categories?post=103528"},{"taxonomy":"post_tag","embeddable":true,"href":"https:\/\/www.visit-ulcinj.com\/blog\/wp-json\/wp\/v2\/tags?post=103528"}],"curies":[{"name":"wp","href":"https:\/\/api.w.org\/{rel}","templated":true}]}}