{"id":103542,"date":"2017-03-11T15:08:08","date_gmt":"2017-03-11T14:08:08","guid":{"rendered":"http:\/\/www.visit-ulcinj.com\/blog\/?p=103542"},"modified":"2017-03-12T08:07:41","modified_gmt":"2017-03-12T07:07:41","slug":"ne-ulqin-hapet-ekspozita-e-bibliotekes-se-kadiut-hysejn-mujali","status":"publish","type":"post","link":"https:\/\/www.visit-ulcinj.com\/blog\/2017\/03\/11\/ne-ulqin-hapet-ekspozita-e-bibliotekes-se-kadiut-hysejn-mujali\/","title":{"rendered":"N\u00eb Ulqin hapet ekspozita e bibliotek\u00ebs s\u00eb Kadiut Hysejn Mujali"},"content":{"rendered":"<p><a href=\"http:\/\/www.visit-ulcinj.com\/blog\/wp-content\/uploads\/2017\/03\/N\u00eb-Ulqin-hapet-ekspozita-e-bibliotek\u00ebs-s\u00eb-Kadiut-Hysejn-Mujali-1.jpg\"><img loading=\"lazy\" class=\"alignleft wp-image-103543\" src=\"http:\/\/www.visit-ulcinj.com\/blog\/wp-content\/uploads\/2017\/03\/N\u00eb-Ulqin-hapet-ekspozita-e-bibliotek\u00ebs-s\u00eb-Kadiut-Hysejn-Mujali-1.jpg\" alt=\"N\u00eb Ulqin hapet ekspozita e bibliotek\u00ebs s\u00eb Kadiut Hysejn Mujali-1\" width=\"508\" height=\"340\" srcset=\"https:\/\/www.visit-ulcinj.com\/blog\/wp-content\/uploads\/2017\/03\/N\u00eb-Ulqin-hapet-ekspozita-e-bibliotek\u00ebs-s\u00eb-Kadiut-Hysejn-Mujali-1.jpg 999w, https:\/\/www.visit-ulcinj.com\/blog\/wp-content\/uploads\/2017\/03\/N\u00eb-Ulqin-hapet-ekspozita-e-bibliotek\u00ebs-s\u00eb-Kadiut-Hysejn-Mujali-1-300x201.jpg 300w, https:\/\/www.visit-ulcinj.com\/blog\/wp-content\/uploads\/2017\/03\/N\u00eb-Ulqin-hapet-ekspozita-e-bibliotek\u00ebs-s\u00eb-Kadiut-Hysejn-Mujali-1-768x514.jpg 768w\" sizes=\"(max-width: 508px) 100vw, 508px\" \/><\/a>Mbr\u00ebm\u00eb n\u00eb Galerin\u00eb e Qendr\u00ebs p\u00ebr kulture u mbajt ekspozita e bibliotek\u00ebs s\u00eb kadiut ulqinak Hysejn ef. Mujalit.<\/p>\n<p>Mes pasardh\u00ebsve t\u00eb tij, si dhume shum\u00eb figurave publike e dashamir\u00ebve t\u00eb tjer\u00eb, Mexhlisi i Bashk\u00ebsis\u00eb islame n\u00eb Ulqin n\u00eb bashk\u00ebpunim me Institutin Junus Emre n\u00eb Podgoric\u00eb, u fol p\u00ebr biografin\u00eb e kadiut si dhe p\u00ebr bibliotek\u00ebn e tij.<\/p>\n<p>Pas p\u00ebrshendetj\u00ebs nga reisi Rifat ef. Fejziq, ministri i te drejtave t\u00eb njeriu dhe pakicave z. Mehmet Zenka, drejtori i Junus Emre n\u00eb Podgoric\u00eb doc.dr.Xhihan Ozdemir, fol\u00ebn panelist\u00ebt mr. Behlul Kanaqi, mr. Ali Bardhi, dr. Ruzhdi Ushaku dhe advokat Sami Misherri.<\/p>\n<p>T\u00eb pranishmit kishin mund\u00ebsin\u00eb t\u00eb shihnin mbi pes\u00ebdhjet\u00eb libra e dor\u00ebshkrime t\u00eb p\u00ebrzgjedhura nga biblioteka e begat\u00eb e kadiut Hysejn Mujali.<\/p>\n<p>Edhe familjar\u00ebt pasardh\u00ebs t\u00eb kadiut p\u00ebrshendet\u00ebn t\u00eb pranishmit q\u00eb me pranin\u00eb e tyre nderuan kujtimin e kadiut t\u00eb fundit t\u00eb Ulqinit Hysejn Mujalin.<\/p>\n<p><strong><a id=\"js_sl4\" class=\"_hli\" href=\"https:\/\/www.facebook.com\/bashkesiaislame\/\" data-ft=\"{&quot;tn&quot;:&quot;k&quot;}\" data-hovercard=\"\/ajax\/hovercard\/page.php?id=254291264725339\" data-hovercard-prefer-more-content-show=\"1\">Bashkesia Islame &#8211; Ulqin<\/a><\/strong><\/p>\n\n\t\t<style type=\"text\/css\">\n\t\t\t#gallery-1 {\n\t\t\t\tmargin: auto;\n\t\t\t}\n\t\t\t#gallery-1 .gallery-item {\n\t\t\t\tfloat: left;\n\t\t\t\tmargin-top: 10px;\n\t\t\t\ttext-align: center;\n\t\t\t\twidth: 33%;\n\t\t\t}\n\t\t\t#gallery-1 img {\n\t\t\t\tborder: 2px solid #cfcfcf;\n\t\t\t}\n\t\t\t#gallery-1 .gallery-caption {\n\t\t\t\tmargin-left: 0;\n\t\t\t}\n\t\t\t\/* see gallery_shortcode() in wp-includes\/media.php *\/\n\t\t<\/style>\n\t\t<div id='gallery-1' class='gallery galleryid-103542 gallery-columns-3 gallery-size-thumbnail'><dl class='gallery-item'>\n\t\t\t<dt class='gallery-icon landscape'>\n\t\t\t\t<a href='https:\/\/www.visit-ulcinj.com\/blog\/2017\/03\/11\/ne-ulqin-hapet-ekspozita-e-bibliotekes-se-kadiut-hysejn-mujali\/ne-ulqin-hapet-ekspozita-e-bibliotekes-se-kadiut-hysejn-mujali\/'><img width=\"150\" height=\"150\" src=\"https:\/\/www.visit-ulcinj.com\/blog\/wp-content\/uploads\/2017\/03\/N\u00eb-Ulqin-hapet-ekspozita-e-bibliotek\u00ebs-s\u00eb-Kadiut-Hysejn-Mujali-150x150.jpg\" class=\"attachment-thumbnail size-thumbnail\" alt=\"\" loading=\"lazy\" \/><\/a>\n\t\t\t<\/dt><\/dl><dl class='gallery-item'>\n\t\t\t<dt class='gallery-icon landscape'>\n\t\t\t\t<a href='https:\/\/www.visit-ulcinj.com\/blog\/2017\/03\/11\/ne-ulqin-hapet-ekspozita-e-bibliotekes-se-kadiut-hysejn-mujali\/ne-ulqin-hapet-ekspozita-e-bibliotekes-se-kadiut-hysejn-mujali-2\/'><img width=\"150\" height=\"150\" src=\"https:\/\/www.visit-ulcinj.com\/blog\/wp-content\/uploads\/2017\/03\/N\u00eb-Ulqin-hapet-ekspozita-e-bibliotek\u00ebs-s\u00eb-Kadiut-Hysejn-Mujali-2-150x150.jpg\" class=\"attachment-thumbnail size-thumbnail\" alt=\"\" loading=\"lazy\" \/><\/a>\n\t\t\t<\/dt><\/dl><dl class='gallery-item'>\n\t\t\t<dt class='gallery-icon landscape'>\n\t\t\t\t<a href='https:\/\/www.visit-ulcinj.com\/blog\/2017\/03\/11\/ne-ulqin-hapet-ekspozita-e-bibliotekes-se-kadiut-hysejn-mujali\/ne-ulqin-hapet-ekspozita-e-bibliotekes-se-kadiut-hysejn-mujali-3\/'><img width=\"150\" height=\"150\" src=\"https:\/\/www.visit-ulcinj.com\/blog\/wp-content\/uploads\/2017\/03\/N\u00eb-Ulqin-hapet-ekspozita-e-bibliotek\u00ebs-s\u00eb-Kadiut-Hysejn-Mujali-3-150x150.jpg\" class=\"attachment-thumbnail size-thumbnail\" alt=\"\" loading=\"lazy\" \/><\/a>\n\t\t\t<\/dt><\/dl><br style=\"clear: both\" \/><dl class='gallery-item'>\n\t\t\t<dt class='gallery-icon landscape'>\n\t\t\t\t<a href='https:\/\/www.visit-ulcinj.com\/blog\/2017\/03\/11\/ne-ulqin-hapet-ekspozita-e-bibliotekes-se-kadiut-hysejn-mujali\/ne-ulqin-hapet-ekspozita-e-bibliotekes-se-kadiut-hysejn-mujali-4\/'><img width=\"150\" height=\"150\" src=\"https:\/\/www.visit-ulcinj.com\/blog\/wp-content\/uploads\/2017\/03\/N\u00eb-Ulqin-hapet-ekspozita-e-bibliotek\u00ebs-s\u00eb-Kadiut-Hysejn-Mujali-4-150x150.jpg\" class=\"attachment-thumbnail size-thumbnail\" alt=\"\" loading=\"lazy\" \/><\/a>\n\t\t\t<\/dt><\/dl><dl class='gallery-item'>\n\t\t\t<dt class='gallery-icon landscape'>\n\t\t\t\t<a href='https:\/\/www.visit-ulcinj.com\/blog\/2017\/03\/11\/ne-ulqin-hapet-ekspozita-e-bibliotekes-se-kadiut-hysejn-mujali\/ne-ulqin-hapet-ekspozita-e-bibliotekes-se-kadiut-hysejn-mujali-5\/'><img width=\"150\" height=\"150\" src=\"https:\/\/www.visit-ulcinj.com\/blog\/wp-content\/uploads\/2017\/03\/N\u00eb-Ulqin-hapet-ekspozita-e-bibliotek\u00ebs-s\u00eb-Kadiut-Hysejn-Mujali-5-150x150.jpg\" class=\"attachment-thumbnail size-thumbnail\" alt=\"\" loading=\"lazy\" \/><\/a>\n\t\t\t<\/dt><\/dl><dl class='gallery-item'>\n\t\t\t<dt class='gallery-icon landscape'>\n\t\t\t\t<a href='https:\/\/www.visit-ulcinj.com\/blog\/2017\/03\/11\/ne-ulqin-hapet-ekspozita-e-bibliotekes-se-kadiut-hysejn-mujali\/ne-ulqin-hapet-ekspozita-e-bibliotekes-se-kadiut-hysejn-mujali-6\/'><img width=\"150\" height=\"150\" src=\"https:\/\/www.visit-ulcinj.com\/blog\/wp-content\/uploads\/2017\/03\/N\u00eb-Ulqin-hapet-ekspozita-e-bibliotek\u00ebs-s\u00eb-Kadiut-Hysejn-Mujali-6-150x150.jpg\" class=\"attachment-thumbnail size-thumbnail\" alt=\"\" loading=\"lazy\" \/><\/a>\n\t\t\t<\/dt><\/dl><br style=\"clear: both\" \/><dl class='gallery-item'>\n\t\t\t<dt class='gallery-icon landscape'>\n\t\t\t\t<a href='https:\/\/www.visit-ulcinj.com\/blog\/2017\/03\/11\/ne-ulqin-hapet-ekspozita-e-bibliotekes-se-kadiut-hysejn-mujali\/ne-ulqin-hapet-ekspozita-e-bibliotekes-se-kadiut-hysejn-mujali-7\/'><img width=\"150\" height=\"150\" src=\"https:\/\/www.visit-ulcinj.com\/blog\/wp-content\/uploads\/2017\/03\/N\u00eb-Ulqin-hapet-ekspozita-e-bibliotek\u00ebs-s\u00eb-Kadiut-Hysejn-Mujali-7-150x150.jpg\" class=\"attachment-thumbnail size-thumbnail\" alt=\"\" loading=\"lazy\" \/><\/a>\n\t\t\t<\/dt><\/dl><dl class='gallery-item'>\n\t\t\t<dt class='gallery-icon portrait'>\n\t\t\t\t<a href='https:\/\/www.visit-ulcinj.com\/blog\/2017\/03\/11\/ulcinj-otvorena-izlozba-rukopisa-odrzan-panel-bibliotekarstvo-ulcinja-u-doba-osmanlija-kadija-husein-mujali\/bibliotekarstvo-ulcinja-u-doba-osmanlija-kadija-husein-mujali-2\/'><img width=\"150\" height=\"150\" src=\"https:\/\/www.visit-ulcinj.com\/blog\/wp-content\/uploads\/2017\/03\/Bibliotekarstvo-Ulcinja-u-doba-Osmanlija-\u2013-Kadija-Husein-Mujali-2-150x150.jpeg\" class=\"attachment-thumbnail size-thumbnail\" alt=\"\" loading=\"lazy\" \/><\/a>\n\t\t\t<\/dt><\/dl><dl class='gallery-item'>\n\t\t\t<dt class='gallery-icon landscape'>\n\t\t\t\t<a href='https:\/\/www.visit-ulcinj.com\/blog\/2017\/03\/11\/ulcinj-otvorena-izlozba-rukopisa-odrzan-panel-bibliotekarstvo-ulcinja-u-doba-osmanlija-kadija-husein-mujali\/bibliotekarstvo-ulcinja-u-doba-osmanlija-kadija-husein-mujali\/'><img width=\"150\" height=\"150\" src=\"https:\/\/www.visit-ulcinj.com\/blog\/wp-content\/uploads\/2017\/03\/Bibliotekarstvo-Ulcinja-u-doba-Osmanlija-\u2013-Kadija-Husein-Mujali-150x150.jpg\" class=\"attachment-thumbnail size-thumbnail\" alt=\"\" loading=\"lazy\" \/><\/a>\n\t\t\t<\/dt><\/dl><br style=\"clear: both\" \/>\n\t\t<\/div>\n\n<p>&nbsp;<\/p>\n<p><strong>Kadi Hysein MUJALI nga Ismet Karamanaga<\/strong><\/p>\n<p><a href=\"http:\/\/www.visit-ulcinj.com\/blog\/wp-content\/uploads\/2017\/03\/Kadi-Hysein-MUJALI.jpg\"><img loading=\"lazy\" class=\"alignleft wp-image-103554\" src=\"http:\/\/www.visit-ulcinj.com\/blog\/wp-content\/uploads\/2017\/03\/Kadi-Hysein-MUJALI.jpg\" alt=\"Kadi Hysein MUJALI\" width=\"508\" height=\"677\" srcset=\"https:\/\/www.visit-ulcinj.com\/blog\/wp-content\/uploads\/2017\/03\/Kadi-Hysein-MUJALI.jpg 720w, https:\/\/www.visit-ulcinj.com\/blog\/wp-content\/uploads\/2017\/03\/Kadi-Hysein-MUJALI-225x300.jpg 225w\" sizes=\"(max-width: 508px) 100vw, 508px\" \/><\/a><br \/>\nMbr\u00ebm\u00eb n\u00eb Qendr\u00ebn p\u00ebr Kultur\u00eb t\u00eb Ulqinit, Bashk\u00ebsia islame e Ulqinit, Instituti \u201cJunuz Emre\u201d nga Turqia dhe familja Mujali, organizuan nj\u00eb tubim p\u00ebrkujtimor t\u00eb dedikuar Kadi Hysein MUJALIT, k\u00ebsaj figure markante t\u00eb fes\u00eb dhe t\u00eb kultur\u00ebs tone. Nj\u00ebkoh\u00ebsisht \u00ebsht\u00eb organizuar edhe ekspozita e nj\u00eb pjes\u00eb t\u00eb bibliotek\u00ebs e cila gjendet ke trash\u00ebgimtar\u00ebt e tij.<br \/>\nIshte ky nj\u00eb tubim madhshtor, nj\u00eb mbr\u00ebmje e paharruar p\u00ebr t\u00eb gjith\u00eb ato t\u00eb cil\u00ebt ishin t\u00eb pranish\u00ebm. P\u00ebr jet\u00ebn dhe vepr\u00ebn e madhe t\u00eb k\u00ebtij m\u00ebsuasi, imami dhe n\u00eb fund edhe Kadis\u00eb t\u00eb fundit t\u00eb Ulqinit, fol\u00ebn Ali Bardhi, Behlyl Kanaqi, Mustaf Canka, Ruzhdi Ushaku, dhe Sami MIsheri.<br \/>\nTubimin e p\u00ebrsh\u00ebndet\u00ebn edhe rejsi i Bash\u00ebsis\u00eb islame n\u00eb Mal t\u00eb Zi Rifat Fejziq si edhe Ministri p\u00ebr drejtat t\u00eb pakicave z. Mehmet Zenka.<br \/>\nGjeneratat e sotme nuk kan\u00eb shum\u00eb njohuri p\u00ebr personalitet si\u00e7 ka qen\u00eb Kadi Mujali. Prandaj, tubime p\u00ebrkujtimor\u00eb si\u00e7 ishte edhe ky mbr\u00ebm\u00eb, jan\u00eb t\u00eb mir\u00ebpritur dhe p\u00ebr t\u00eb lavdruar.<br \/>\nVe\u00e7 disa informata p\u00ebr Kadi Mujalin. Kadiu ka qen\u00eb nj\u00eb nj\u00ebri I jasht\u00ebzakonsh\u00ebm. Ka studiuar n\u00eb Stamboll, ka folur shum\u00eb gjuh\u00eb, nd\u00ebrmjet tjerash ka folur dhe ka shkruar n\u00eb gjuh\u00ebn shqipe, malazeze, turke, arabe dhe ate persijane. Ka qen\u00eb patriot dhe at\u00ebdhetar, pavar\u00ebsisht se ka pasur mund\u00ebsi t\u00eb punoj\u00eb dhe t\u00eb ngritet edhe m\u00eb lart\u00eb n\u00eb piramid\u00ebn e Mbret\u00ebrs\u00eb Osmane, ai i kthehet Ulqinit dhe vendlindjes, dhe k\u00ebtu edhe ndrron jet\u00eb n\u00eb vitin 1940.<br \/>\nKadi Hysein MUJALI, ishte shok i ngusht\u00eb m\u00eb gjyshin tim Mulla Ismail Karamanag\u00ebn,( hoxha i Verdh\u00eb), gjithashtu, bashkohor edhe me Ali RIZA ULQINAKUN, figur\u00ebn m\u00eb markante dhe m\u00eb t\u00eb njohur t\u00eb kultures dhe t\u00eb fes\u00eb tone. T\u00eb gjith\u00eb k\u00ebto imam dhe njer\u00ebz t\u00eb pend\u00ebs dhe t\u00eb arsimit jan\u00eb dalluar, dhe ishin t\u00eb ve\u00e7ant\u00eb .<br \/>\nFakti se t\u00eb gjith\u00eb k\u00ebto personalitete kan\u00eb qen\u00eb bashkohor, dhe kan\u00eb jetuar dhe vepruar n\u00eb t\u00eb njajt\u00ebn koh\u00eb, koha kur Ulqini ka qen\u00eb n\u00eb nj\u00eb shkal\u00eb t\u00eb lart\u00eb ekonomike, me nj\u00eb populate t\u00eb madhe dhe m\u00eb mbi 200 duqane, tregon qart\u00eb pozit\u00ebn dhe kultur\u00ebn e qytetit tone.<br \/>\nKadi Mujali ka arsimuar shum\u00eb gjenerata, si\u00e7 kan\u00eb qen\u00eb m\u00eb von\u00eb imam\u00ebt dhe hafizat m\u00eb t\u00eb njohur t\u00eb Ulqinit Hamid Buzuku dhe Hasan Mavriqi.<br \/>\nDhe n\u00eb fund dua t\u00eb citoj Mustaf\u00eb CANK\u00cbN nj\u00ebrin nd\u00ebr ligjeruasit e k\u00ebsaj mbr\u00ebmje p\u00ebrkujtimore: \u201c Kur p\u00ebrmendet emiri i k\u00ebtij gjiganti shpirt\u00ebror, poetit unik dhe bilbilit t\u00eb dashuris\u00eb, \u00e7do besimtarit t\u00eb v\u00ebrtet i luan zemra. Paqja qoft\u00eb mbi ate nj\u00ebri t\u00eb shenjt\u00eb\u201d<br \/>\nK\u00ebtij mendimi i bashkangjitem edhe un\u00eb. Inshalla shpirti I tij gjen prehje n\u00eb Xhehnet, ku padyshim e ka vendin nj\u00eb nj\u00ebri i madh si\u00e7 ka qen\u00eb Kadi MUJALI<br \/>\nPrandaj, jam i mendimit se \u00ebsht\u00eb mire q\u00eb personazhet si\u00e7 ka qen\u00eb Kadi MUJALI ti sh\u00ebnojm\u00eb dhe t\u00eb mos i harrojm\u00eb. \u00cbsht\u00eb mire q\u00eb edhe gjeneratat e sotme t\u00eb njoftohen me k\u00ebta njer\u00ebz t\u00eb cil\u00ebt e kan\u00eb sh\u00ebnuar qytetn tone, kultur\u00ebn dhe fen\u00eb tone n\u00eb shekullin e kaluar.<\/p>\n<p id=\"js_o\" class=\"_5pbw _5vra\" data-ft=\"{&quot;tn&quot;:&quot;C&quot;}\"><strong><span class=\"fwn fcg\"><span class=\"fcg\"><span class=\"fwb\"><a class=\"profileLink\" href=\"https:\/\/www.facebook.com\/ismet.karamanaga\" data-ft=\"{&quot;tn&quot;:&quot;l&quot;}\" data-hovercard=\"\/ajax\/hovercard\/user.php?id=1359492972\" data-hovercard-prefer-more-content-show=\"1\">Ismet Karamanaga <\/a><\/span><\/span><\/span>Facebook<\/strong><\/p>\n","protected":false},"excerpt":{"rendered":"<p>Mbr\u00ebm\u00eb n\u00eb Galerin\u00eb e Qendr\u00ebs p\u00ebr kulture u mbajt ekspozita e bibliotek\u00ebs s\u00eb kadiut ulqinak Hysejn ef. Mujalit. Mes pasardh\u00ebsve t\u00eb tij, si dhume shum\u00eb figurave publike e dashamir\u00ebve t\u00eb tjer\u00eb, Mexhlisi i Bashk\u00ebsis\u00eb islame n\u00eb Ulqin n\u00eb bashk\u00ebpunim me Institutin Junus Emre n\u00eb Podgoric\u00eb, u fol p\u00ebr biografin\u00eb e kadiut si dhe p\u00ebr bibliotek\u00ebn [&hellip;]<\/p>\n","protected":false},"author":1,"featured_media":0,"comment_status":"closed","ping_status":"closed","sticky":false,"template":"","format":"standard","meta":{"spay_email":"","jetpack_publicize_message":"","jetpack_is_tweetstorm":false,"jetpack_publicize_feature_enabled":true},"categories":[1,11],"tags":[],"jetpack_publicize_connections":[],"yoast_head":"<!-- This site is optimized with the Yoast SEO plugin v19.1 - https:\/\/yoast.com\/wordpress\/plugins\/seo\/ -->\n<title>N\u00eb Ulqin hapet ekspozita e bibliotek\u00ebs s\u00eb Kadiut Hysejn Mujali - Lajme nga Ulqini<\/title>\n<meta name=\"description\" content=\"Mbr\u00ebm\u00eb n\u00eb Galerin\u00eb e Qendr\u00ebs p\u00ebr kulture u mbajt ekspozita e bibliotek\u00ebs s\u00eb kadiut ulqinak Hysejn ef. Mujalit. Mes pasardh\u00ebsve t\u00eb tij, si dhume shum\u00eb\" \/>\n<meta name=\"robots\" content=\"index, follow, max-snippet:-1, max-image-preview:large, max-video-preview:-1\" \/>\n<link rel=\"canonical\" href=\"https:\/\/www.visit-ulcinj.com\/blog\/2017\/03\/11\/ne-ulqin-hapet-ekspozita-e-bibliotekes-se-kadiut-hysejn-mujali\/\" \/>\n<meta property=\"og:locale\" content=\"en_US\" \/>\n<meta property=\"og:type\" content=\"article\" \/>\n<meta property=\"og:title\" content=\"N\u00eb Ulqin hapet ekspozita e bibliotek\u00ebs s\u00eb Kadiut Hysejn Mujali - Lajme nga Ulqini\" \/>\n<meta property=\"og:description\" content=\"Mbr\u00ebm\u00eb n\u00eb Galerin\u00eb e Qendr\u00ebs p\u00ebr kulture u mbajt ekspozita e bibliotek\u00ebs s\u00eb kadiut ulqinak Hysejn ef. Mujalit. Mes pasardh\u00ebsve t\u00eb tij, si dhume shum\u00eb\" \/>\n<meta property=\"og:url\" content=\"https:\/\/www.visit-ulcinj.com\/blog\/2017\/03\/11\/ne-ulqin-hapet-ekspozita-e-bibliotekes-se-kadiut-hysejn-mujali\/\" \/>\n<meta property=\"og:site_name\" content=\"Lajme nga Ulqini\" \/>\n<meta property=\"article:published_time\" content=\"2017-03-11T14:08:08+00:00\" \/>\n<meta property=\"article:modified_time\" content=\"2017-03-12T07:07:41+00:00\" \/>\n<meta property=\"og:image\" content=\"https:\/\/www.visit-ulcinj.com\/blog\/wp-content\/uploads\/2017\/03\/N\u00eb-Ulqin-hapet-ekspozita-e-bibliotek\u00ebs-s\u00eb-Kadiut-Hysejn-Mujali-150x150.jpg\" \/>\n<meta name=\"twitter:label1\" content=\"Written by\" \/>\n\t<meta name=\"twitter:data1\" content=\"ulqini\" \/>\n\t<meta name=\"twitter:label2\" content=\"Est. reading time\" \/>\n\t<meta name=\"twitter:data2\" content=\"4 minutes\" \/>\n<script type=\"application\/ld+json\" class=\"yoast-schema-graph\">{\"@context\":\"https:\/\/schema.org\",\"@graph\":[{\"@type\":\"WebSite\",\"@id\":\"https:\/\/www.visit-ulcinj.com\/blog\/#website\",\"url\":\"https:\/\/www.visit-ulcinj.com\/blog\/\",\"name\":\"Lajme nga Ulqini\",\"description\":\"Lajme,Vijesti,Ulqini,Ulqin,Crna Gora,Mali i Zi\",\"potentialAction\":[{\"@type\":\"SearchAction\",\"target\":{\"@type\":\"EntryPoint\",\"urlTemplate\":\"https:\/\/www.visit-ulcinj.com\/blog\/?s={search_term_string}\"},\"query-input\":\"required name=search_term_string\"}],\"inLanguage\":\"en-US\"},{\"@type\":\"ImageObject\",\"inLanguage\":\"en-US\",\"@id\":\"https:\/\/www.visit-ulcinj.com\/blog\/2017\/03\/11\/ne-ulqin-hapet-ekspozita-e-bibliotekes-se-kadiut-hysejn-mujali\/#primaryimage\",\"url\":\"https:\/\/www.visit-ulcinj.com\/blog\/wp-content\/uploads\/2017\/03\/Kadi-Hysein-MUJALI.jpg\",\"contentUrl\":\"https:\/\/www.visit-ulcinj.com\/blog\/wp-content\/uploads\/2017\/03\/Kadi-Hysein-MUJALI.jpg\",\"width\":720,\"height\":960},{\"@type\":\"WebPage\",\"@id\":\"https:\/\/www.visit-ulcinj.com\/blog\/2017\/03\/11\/ne-ulqin-hapet-ekspozita-e-bibliotekes-se-kadiut-hysejn-mujali\/#webpage\",\"url\":\"https:\/\/www.visit-ulcinj.com\/blog\/2017\/03\/11\/ne-ulqin-hapet-ekspozita-e-bibliotekes-se-kadiut-hysejn-mujali\/\",\"name\":\"N\u00eb Ulqin hapet ekspozita e bibliotek\u00ebs s\u00eb Kadiut Hysejn Mujali - Lajme nga Ulqini\",\"isPartOf\":{\"@id\":\"https:\/\/www.visit-ulcinj.com\/blog\/#website\"},\"primaryImageOfPage\":{\"@id\":\"https:\/\/www.visit-ulcinj.com\/blog\/2017\/03\/11\/ne-ulqin-hapet-ekspozita-e-bibliotekes-se-kadiut-hysejn-mujali\/#primaryimage\"},\"datePublished\":\"2017-03-11T14:08:08+00:00\",\"dateModified\":\"2017-03-12T07:07:41+00:00\",\"author\":{\"@id\":\"https:\/\/www.visit-ulcinj.com\/blog\/#\/schema\/person\/dcab619c614d3038751c63bc2aadc06d\"},\"description\":\"Mbr\u00ebm\u00eb n\u00eb Galerin\u00eb e Qendr\u00ebs p\u00ebr kulture u mbajt ekspozita e bibliotek\u00ebs s\u00eb kadiut ulqinak Hysejn ef. Mujalit. Mes pasardh\u00ebsve t\u00eb tij, si dhume shum\u00eb\",\"breadcrumb\":{\"@id\":\"https:\/\/www.visit-ulcinj.com\/blog\/2017\/03\/11\/ne-ulqin-hapet-ekspozita-e-bibliotekes-se-kadiut-hysejn-mujali\/#breadcrumb\"},\"inLanguage\":\"en-US\",\"potentialAction\":[{\"@type\":\"ReadAction\",\"target\":[\"https:\/\/www.visit-ulcinj.com\/blog\/2017\/03\/11\/ne-ulqin-hapet-ekspozita-e-bibliotekes-se-kadiut-hysejn-mujali\/\"]}]},{\"@type\":\"BreadcrumbList\",\"@id\":\"https:\/\/www.visit-ulcinj.com\/blog\/2017\/03\/11\/ne-ulqin-hapet-ekspozita-e-bibliotekes-se-kadiut-hysejn-mujali\/#breadcrumb\",\"itemListElement\":[{\"@type\":\"ListItem\",\"position\":1,\"name\":\"N\u00eb Ulqin hapet ekspozita e bibliotek\u00ebs s\u00eb Kadiut Hysejn Mujali\"}]},{\"@type\":\"Person\",\"@id\":\"https:\/\/www.visit-ulcinj.com\/blog\/#\/schema\/person\/dcab619c614d3038751c63bc2aadc06d\",\"name\":\"ulqini\",\"sameAs\":[\"http:\/\/www.visit-ulcinj.com\"],\"url\":\"https:\/\/www.visit-ulcinj.com\/blog\/author\/admin\/\"}]}<\/script>\n<!-- \/ Yoast SEO plugin. -->","yoast_head_json":{"title":"N\u00eb Ulqin hapet ekspozita e bibliotek\u00ebs s\u00eb Kadiut Hysejn Mujali - Lajme nga Ulqini","description":"Mbr\u00ebm\u00eb n\u00eb Galerin\u00eb e Qendr\u00ebs p\u00ebr kulture u mbajt ekspozita e bibliotek\u00ebs s\u00eb kadiut ulqinak Hysejn ef. Mujalit. Mes pasardh\u00ebsve t\u00eb tij, si dhume shum\u00eb","robots":{"index":"index","follow":"follow","max-snippet":"max-snippet:-1","max-image-preview":"max-image-preview:large","max-video-preview":"max-video-preview:-1"},"canonical":"https:\/\/www.visit-ulcinj.com\/blog\/2017\/03\/11\/ne-ulqin-hapet-ekspozita-e-bibliotekes-se-kadiut-hysejn-mujali\/","og_locale":"en_US","og_type":"article","og_title":"N\u00eb Ulqin hapet ekspozita e bibliotek\u00ebs s\u00eb Kadiut Hysejn Mujali - Lajme nga Ulqini","og_description":"Mbr\u00ebm\u00eb n\u00eb Galerin\u00eb e Qendr\u00ebs p\u00ebr kulture u mbajt ekspozita e bibliotek\u00ebs s\u00eb kadiut ulqinak Hysejn ef. Mujalit. Mes pasardh\u00ebsve t\u00eb tij, si dhume shum\u00eb","og_url":"https:\/\/www.visit-ulcinj.com\/blog\/2017\/03\/11\/ne-ulqin-hapet-ekspozita-e-bibliotekes-se-kadiut-hysejn-mujali\/","og_site_name":"Lajme nga Ulqini","article_published_time":"2017-03-11T14:08:08+00:00","article_modified_time":"2017-03-12T07:07:41+00:00","og_image":[{"url":"https:\/\/www.visit-ulcinj.com\/blog\/wp-content\/uploads\/2017\/03\/N\u00eb-Ulqin-hapet-ekspozita-e-bibliotek\u00ebs-s\u00eb-Kadiut-Hysejn-Mujali-150x150.jpg"}],"twitter_misc":{"Written by":"ulqini","Est. reading time":"4 minutes"},"schema":{"@context":"https:\/\/schema.org","@graph":[{"@type":"WebSite","@id":"https:\/\/www.visit-ulcinj.com\/blog\/#website","url":"https:\/\/www.visit-ulcinj.com\/blog\/","name":"Lajme nga Ulqini","description":"Lajme,Vijesti,Ulqini,Ulqin,Crna Gora,Mali i Zi","potentialAction":[{"@type":"SearchAction","target":{"@type":"EntryPoint","urlTemplate":"https:\/\/www.visit-ulcinj.com\/blog\/?s={search_term_string}"},"query-input":"required name=search_term_string"}],"inLanguage":"en-US"},{"@type":"ImageObject","inLanguage":"en-US","@id":"https:\/\/www.visit-ulcinj.com\/blog\/2017\/03\/11\/ne-ulqin-hapet-ekspozita-e-bibliotekes-se-kadiut-hysejn-mujali\/#primaryimage","url":"https:\/\/www.visit-ulcinj.com\/blog\/wp-content\/uploads\/2017\/03\/Kadi-Hysein-MUJALI.jpg","contentUrl":"https:\/\/www.visit-ulcinj.com\/blog\/wp-content\/uploads\/2017\/03\/Kadi-Hysein-MUJALI.jpg","width":720,"height":960},{"@type":"WebPage","@id":"https:\/\/www.visit-ulcinj.com\/blog\/2017\/03\/11\/ne-ulqin-hapet-ekspozita-e-bibliotekes-se-kadiut-hysejn-mujali\/#webpage","url":"https:\/\/www.visit-ulcinj.com\/blog\/2017\/03\/11\/ne-ulqin-hapet-ekspozita-e-bibliotekes-se-kadiut-hysejn-mujali\/","name":"N\u00eb Ulqin hapet ekspozita e bibliotek\u00ebs s\u00eb Kadiut Hysejn Mujali - Lajme nga Ulqini","isPartOf":{"@id":"https:\/\/www.visit-ulcinj.com\/blog\/#website"},"primaryImageOfPage":{"@id":"https:\/\/www.visit-ulcinj.com\/blog\/2017\/03\/11\/ne-ulqin-hapet-ekspozita-e-bibliotekes-se-kadiut-hysejn-mujali\/#primaryimage"},"datePublished":"2017-03-11T14:08:08+00:00","dateModified":"2017-03-12T07:07:41+00:00","author":{"@id":"https:\/\/www.visit-ulcinj.com\/blog\/#\/schema\/person\/dcab619c614d3038751c63bc2aadc06d"},"description":"Mbr\u00ebm\u00eb n\u00eb Galerin\u00eb e Qendr\u00ebs p\u00ebr kulture u mbajt ekspozita e bibliotek\u00ebs s\u00eb kadiut ulqinak Hysejn ef. Mujalit. Mes pasardh\u00ebsve t\u00eb tij, si dhume shum\u00eb","breadcrumb":{"@id":"https:\/\/www.visit-ulcinj.com\/blog\/2017\/03\/11\/ne-ulqin-hapet-ekspozita-e-bibliotekes-se-kadiut-hysejn-mujali\/#breadcrumb"},"inLanguage":"en-US","potentialAction":[{"@type":"ReadAction","target":["https:\/\/www.visit-ulcinj.com\/blog\/2017\/03\/11\/ne-ulqin-hapet-ekspozita-e-bibliotekes-se-kadiut-hysejn-mujali\/"]}]},{"@type":"BreadcrumbList","@id":"https:\/\/www.visit-ulcinj.com\/blog\/2017\/03\/11\/ne-ulqin-hapet-ekspozita-e-bibliotekes-se-kadiut-hysejn-mujali\/#breadcrumb","itemListElement":[{"@type":"ListItem","position":1,"name":"N\u00eb Ulqin hapet ekspozita e bibliotek\u00ebs s\u00eb Kadiut Hysejn Mujali"}]},{"@type":"Person","@id":"https:\/\/www.visit-ulcinj.com\/blog\/#\/schema\/person\/dcab619c614d3038751c63bc2aadc06d","name":"ulqini","sameAs":["http:\/\/www.visit-ulcinj.com"],"url":"https:\/\/www.visit-ulcinj.com\/blog\/author\/admin\/"}]}},"jetpack_featured_media_url":"","jetpack_sharing_enabled":true,"jetpack_shortlink":"https:\/\/wp.me\/pe6lTn-qW2","_links":{"self":[{"href":"https:\/\/www.visit-ulcinj.com\/blog\/wp-json\/wp\/v2\/posts\/103542"}],"collection":[{"href":"https:\/\/www.visit-ulcinj.com\/blog\/wp-json\/wp\/v2\/posts"}],"about":[{"href":"https:\/\/www.visit-ulcinj.com\/blog\/wp-json\/wp\/v2\/types\/post"}],"author":[{"embeddable":true,"href":"https:\/\/www.visit-ulcinj.com\/blog\/wp-json\/wp\/v2\/users\/1"}],"replies":[{"embeddable":true,"href":"https:\/\/www.visit-ulcinj.com\/blog\/wp-json\/wp\/v2\/comments?post=103542"}],"version-history":[{"count":3,"href":"https:\/\/www.visit-ulcinj.com\/blog\/wp-json\/wp\/v2\/posts\/103542\/revisions"}],"predecessor-version":[{"id":103555,"href":"https:\/\/www.visit-ulcinj.com\/blog\/wp-json\/wp\/v2\/posts\/103542\/revisions\/103555"}],"wp:attachment":[{"href":"https:\/\/www.visit-ulcinj.com\/blog\/wp-json\/wp\/v2\/media?parent=103542"}],"wp:term":[{"taxonomy":"category","embeddable":true,"href":"https:\/\/www.visit-ulcinj.com\/blog\/wp-json\/wp\/v2\/categories?post=103542"},{"taxonomy":"post_tag","embeddable":true,"href":"https:\/\/www.visit-ulcinj.com\/blog\/wp-json\/wp\/v2\/tags?post=103542"}],"curies":[{"name":"wp","href":"https:\/\/api.w.org\/{rel}","templated":true}]}}