{"id":103558,"date":"2017-03-12T08:01:51","date_gmt":"2017-03-12T07:01:51","guid":{"rendered":"http:\/\/www.visit-ulcinj.com\/blog\/?p=103558"},"modified":"2017-03-13T19:43:26","modified_gmt":"2017-03-13T18:43:26","slug":"zeneli-kur-servilizmi-te-kthehet-si-shuplake-ne-fytyre","status":"publish","type":"post","link":"https:\/\/www.visit-ulcinj.com\/blog\/2017\/03\/12\/zeneli-kur-servilizmi-te-kthehet-si-shuplake-ne-fytyre\/","title":{"rendered":"Zeneli: Kur servilizmi t\u00eb kthehet si shuplak\u00eb n\u00eb fytyr\u00eb !"},"content":{"rendered":"<p class=\"m_-4827328083195989470p3\"><span class=\"m_-4827328083195989470s1\"><a href=\"http:\/\/www.visit-ulcinj.com\/blog\/wp-content\/uploads\/2017\/03\/gjukanoviq-meta.jpg\"><img loading=\"lazy\" class=\"alignleft wp-image-103560\" src=\"http:\/\/www.visit-ulcinj.com\/blog\/wp-content\/uploads\/2017\/03\/gjukanoviq-meta.jpg\" alt=\"gjukanoviq-meta\" width=\"508\" height=\"353\" srcset=\"https:\/\/www.visit-ulcinj.com\/blog\/wp-content\/uploads\/2017\/03\/gjukanoviq-meta.jpg 999w, https:\/\/www.visit-ulcinj.com\/blog\/wp-content\/uploads\/2017\/03\/gjukanoviq-meta-300x209.jpg 300w, https:\/\/www.visit-ulcinj.com\/blog\/wp-content\/uploads\/2017\/03\/gjukanoviq-meta-768x534.jpg 768w\" sizes=\"(max-width: 508px) 100vw, 508px\" \/><\/a>Njoftohet se k\u00ebshilltari Millorad Bashoviq i Partis\u00eb Demokratike t\u00eb Socialist\u00ebve<span class=\"m_-4827328083195989470Apple-converted-space\">\u00a0 <\/span>(DPS-it t\u00eb Millo Gjukanoviq-it ) n\u00eb Kuvendin komunal t\u00eb Ulqinit, dit\u00eb m\u00eb par\u00eb, ka kund\u00ebrshtuar iniciativ\u00ebn e shpalljes s\u00eb presidentit t\u00eb Shqip\u00ebris\u00eb -Bujar Nishani, qytetar nderi t\u00eb Ulqinit, propozuar nga kryetari i Komun\u00ebs, Nazif Cungu.K\u00ebshilltari i DPS-it jo vet\u00ebm q\u00eb kund\u00ebrshtoj nj\u00eb iniciativ\u00eb t\u00eb till\u00eb, por ai e quajti ate nj\u00eb &#8220;paftyr\u00ebsi&#8221; (!?).<\/span><\/p>\n<p class=\"m_-4827328083195989470p3\"><span class=\"m_-4827328083195989470s1\"><span class=\"m_-4827328083195989470Apple-converted-space\">\u00a0\u00a0 <\/span>Gjithashtu, njoftohet se edhe k\u00ebshilltar\u00eb t\u00eb p\u00ebrkat\u00ebsis\u00eb shqiptare nga rradh\u00ebt e DPS-it, shpreh\u00ebn hezitimin dhe v\u00ebrejtjet e tyre lidhur me nderimin e presidentit Nishani, p\u00ebr arsy &#8220;procedurale&#8221; apo p\u00ebr nevoj\u00ebn paraprake t\u00eb<span class=\"m_-4827328083195989470Apple-converted-space\">\u00a0 <\/span>&#8220;diskutimit publik&#8221; t\u00eb \u00e7\u00ebshtjes n\u00eb fjal\u00eb!.<\/span><\/p>\n<p class=\"m_-4827328083195989470p3\"><span class=\"m_-4827328083195989470s1\"><span class=\"m_-4827328083195989470Apple-converted-space\">\u00a0\u00a0 <\/span>Ju rikujtojm\u00eb se n\u00eb muajin Korrik t\u00eb vitit t\u00eb kaluar<span class=\"m_-4827328083195989470Apple-converted-space\">\u00a0<\/span><\/span><\/p>\n<p class=\"m_-4827328083195989470p3\"><span class=\"m_-4827328083195989470s1\">zyra e presidentit t\u00eb Shqip\u00ebris\u00eb, pra zyra e presidentit Bujar Nishani i ndau kryeministrit t\u00eb Malit t\u00eb Zi, z. Millo Gjukanoviq, dekorat\u00ebn &#8221; Urdh\u00ebri i Flamurit Komb\u00ebtar\u201d, si dekorata m\u00eb t\u00eb lart\u00eb q\u00eb i jepet nj\u00eb qytetari t\u00eb huaj nga zyra e presidentit t\u00eb Shqip\u00ebris\u00eb !?.<\/span><\/p>\n<p class=\"m_-4827328083195989470p3\"><span class=\"m_-4827328083195989470s1\">Nuk m\u00eb kujtohet n\u00ebse lidhur me k\u00ebt\u00eb, dikush n\u00eb Shqip\u00ebri k\u00ebrkoj nevoj\u00ebn e &#8220;diskutimit publik&#8221; !.<\/span><\/p>\n<p class=\"m_-4827328083195989470p3\"><span class=\"m_-4827328083195989470s1\"><span class=\"m_-4827328083195989470Apple-converted-space\">\u00a0\u00a0 <\/span>Do t\u00eb ishte e udh\u00ebs dhe e logjikshme q\u00eb nderi dhe respekti t\u00eb jet\u00eb reciprok , por<span class=\"m_-4827328083195989470Apple-converted-space\">\u00a0 <\/span>q\u00eb nuk po ndodh k\u00ebshtu , andaj k\u00ebtu qendron edhe ironia e fjal\u00ebs &#8220;paftyr\u00ebsi&#8221; e p\u00ebrdorur nga k\u00ebshilltari i DPS-it !.<\/span><\/p>\n<p class=\"m_-4827328083195989470p3\"><span class=\"m_-4827328083195989470s1\"><span class=\"m_-4827328083195989470Apple-converted-space\">\u00a0 \u00a0 <\/span>Pra, k\u00ebshilltarit Bashoviq dhe t\u00eb tjer\u00ebve, nuk i pengoj aspak dekorimi i bosit t\u00eb tyre (Millo Gjukanoviq-it) vitin e kaluar, nga presidenti shqiptar, por si duket iu pengon shpallja e t\u00eb nj\u00ebjtit president qytetar nderi i Ulqinit !?.<\/span><\/p>\n<p class=\"m_-4827328083195989470p3\"><span class=\"m_-4827328083195989470s1\"><span class=\"m_-4827328083195989470Apple-converted-space\">\u00a0 \u00a0 <\/span>Me keqardhje konstatoj se servilizmi ndaj liderit malazez iu kthy presidentit shqiptar si nj\u00eb shuplak\u00eb n\u00eb ftyr\u00eb, meqen\u00ebse nuk muar respektin e nj\u00ebjt\u00eb q\u00eb ai demonstroj ndaj tij vitin e kaluar.<\/span><\/p>\n<p class=\"m_-4827328083195989470p3\"><span class=\"m_-4827328083195989470s1\"><span class=\"m_-4827328083195989470Apple-converted-space\">\u00a0\u00a0 <\/span>Kjo nuk \u00ebsht\u00eb hera e par\u00eb q\u00eb pushtetar\u00ebt e Shqip\u00ebris\u00eb tregohen servil ndaj fqinj\u00ebve t\u00eb vet. Jam i bindur se ju kujtohet lajmi kur <\/span><span class=\"m_-4827328083195989470s2\">n\u00eb Shqip\u00ebri u shpall &#8220;qytetar nderi &#8220;dhe iu dha &#8220;\u00e7el\u00ebsi i qytetit&#8221;, k\u00ebng\u00ebtarit serb, Goran Bregoviq.<span class=\"m_-4827328083195989470Apple-converted-space\">\u00a0<\/span><\/span><\/p>\n<p class=\"m_-4827328083195989470p2\"><span class=\"m_-4827328083195989470s1\"><span class=\"m_-4827328083195989470Apple-converted-space\">\u00a0 \u00a0 <\/span>Nuk \u00ebsht\u00eb pyetja se sa mir\u00ebnjohje apo dekorime marrin personalitete t\u00eb ndryshme publike serbo-malazeze nga Tirana zyrtare, por \u00e7\u00ebshtja \u00ebsht\u00eb se sa mir\u00ebnjohje apo dekorime marrin personalitetet shqiptare nga ana e shteteve fqinje sllave?.<\/span><\/p>\n<p class=\"m_-4827328083195989470p3\"><span class=\"m_-4827328083195989470s1\"><span class=\"m_-4827328083195989470Apple-converted-space\">\u00a0\u00a0 <\/span>Pa marr\u00eb parasysh se se a do t\u00eb nderohet apo jo, presidenti i Shqip\u00ebris\u00eb nga Kuvendi Komunal i Ulqinit, gjesti kund\u00ebrshtues i k\u00ebshilltarit ( k\u00ebshilltar\u00ebve) t\u00eb DPS-it n\u00eb k\u00ebt\u00eb Kuvend, do t\u00eb duhet t\u00eb jet\u00eb edhe nj\u00eb m\u00ebsim tjet\u00ebr p\u00ebr kreun e shtetit shqiptar,n\u00eb at m\u00ebnyr\u00eb se sa do q\u00eb mundohemi ti afrojm\u00eb fqinj\u00ebt<span class=\"m_-4827328083195989470Apple-converted-space\">\u00a0 <\/span>tan\u00eb slav dhe lider\u00ebt e tyre, p\u00ebrmes dh\u00ebnies s\u00eb dekorimeve<span class=\"m_-4827328083195989470Apple-converted-space\">\u00a0 <\/span>( lexo serviliz\u00ebm), ata p\u00ebrs\u00ebri<span class=\"m_-4827328083195989470Apple-converted-space\">\u00a0 <\/span>vazhdojn\u00eb t\u00eb tregojn\u00eb mos respekt dhe urrejtje ndaj nesh!?.<\/span><\/p>\n<p class=\"m_-4827328083195989470p3\"><span class=\"m_-4827328083195989470s1\">Xheladin Zeneli<\/span><\/p>\n<p class=\"m_-4827328083195989470p3\"><span class=\"m_-4827328083195989470s1\">Mars 2017<\/span><\/p>\n<p class=\"m_-4827328083195989470p3\"><strong><span class=\"m_-4827328083195989470s1\">( Fotografia e bashkangjitur \u00ebsht\u00eb<span class=\"m_-4827328083195989470Apple-converted-space\">\u00a0 <\/span>pamje nga dh\u00ebnia e dekorat\u00ebs &#8221; Urdh\u00ebri i Flamurit Komb\u00ebtar&#8221; kryeministrit t\u00eb Malit t\u00eb Zi, nga zyra e presidentit t\u00eb Shqip\u00ebris\u00eb, dor\u00ebzuar nga kryeministri Ilir Meta me rastin e vizit\u00ebs s\u00eb tij n\u00eb Podgoric\u00eb n\u00eb Prill t\u00eb vitit 2016)<\/span><\/strong><\/p>\n","protected":false},"excerpt":{"rendered":"<p>Njoftohet se k\u00ebshilltari Millorad Bashoviq i Partis\u00eb Demokratike t\u00eb Socialist\u00ebve\u00a0 (DPS-it t\u00eb Millo Gjukanoviq-it ) n\u00eb Kuvendin komunal t\u00eb Ulqinit, dit\u00eb m\u00eb par\u00eb, ka kund\u00ebrshtuar iniciativ\u00ebn e shpalljes s\u00eb presidentit t\u00eb Shqip\u00ebris\u00eb -Bujar Nishani, qytetar nderi t\u00eb Ulqinit, propozuar nga kryetari i Komun\u00ebs, Nazif Cungu.K\u00ebshilltari i DPS-it jo vet\u00ebm q\u00eb kund\u00ebrshtoj nj\u00eb iniciativ\u00eb t\u00eb till\u00eb, [&hellip;]<\/p>\n","protected":false},"author":1,"featured_media":0,"comment_status":"closed","ping_status":"closed","sticky":false,"template":"","format":"standard","meta":{"spay_email":"","jetpack_publicize_message":"","jetpack_is_tweetstorm":false,"jetpack_publicize_feature_enabled":true},"categories":[1,13],"tags":[],"jetpack_publicize_connections":[],"yoast_head":"<!-- This site is optimized with the Yoast SEO plugin v19.1 - https:\/\/yoast.com\/wordpress\/plugins\/seo\/ -->\n<title>Zeneli: Kur servilizmi t\u00eb kthehet si shuplak\u00eb n\u00eb fytyr\u00eb ! - Lajme nga Ulqini<\/title>\n<meta name=\"description\" content=\"Njoftohet se k\u00ebshilltari Millorad Bashoviq i Partis\u00eb Demokratike t\u00eb Socialist\u00ebve\u00a0 (DPS-it t\u00eb Millo Gjukanoviq-it ) n\u00eb Kuvendin komunal t\u00eb Ulqinit, dit\u00eb m\u00eb\" \/>\n<meta name=\"robots\" content=\"index, follow, max-snippet:-1, max-image-preview:large, max-video-preview:-1\" \/>\n<link rel=\"canonical\" href=\"https:\/\/www.visit-ulcinj.com\/blog\/2017\/03\/12\/zeneli-kur-servilizmi-te-kthehet-si-shuplake-ne-fytyre\/\" \/>\n<meta property=\"og:locale\" content=\"en_US\" \/>\n<meta property=\"og:type\" content=\"article\" \/>\n<meta property=\"og:title\" content=\"Zeneli: Kur servilizmi t\u00eb kthehet si shuplak\u00eb n\u00eb fytyr\u00eb ! - Lajme nga Ulqini\" \/>\n<meta property=\"og:description\" content=\"Njoftohet se k\u00ebshilltari Millorad Bashoviq i Partis\u00eb Demokratike t\u00eb Socialist\u00ebve\u00a0 (DPS-it t\u00eb Millo Gjukanoviq-it ) n\u00eb Kuvendin komunal t\u00eb Ulqinit, dit\u00eb m\u00eb\" \/>\n<meta property=\"og:url\" content=\"https:\/\/www.visit-ulcinj.com\/blog\/2017\/03\/12\/zeneli-kur-servilizmi-te-kthehet-si-shuplake-ne-fytyre\/\" \/>\n<meta property=\"og:site_name\" content=\"Lajme nga Ulqini\" \/>\n<meta property=\"article:published_time\" content=\"2017-03-12T07:01:51+00:00\" \/>\n<meta property=\"article:modified_time\" content=\"2017-03-13T18:43:26+00:00\" \/>\n<meta property=\"og:image\" content=\"http:\/\/www.visit-ulcinj.com\/blog\/wp-content\/uploads\/2017\/03\/gjukanoviq-meta.jpg\" \/>\n<meta name=\"twitter:label1\" content=\"Written by\" \/>\n\t<meta name=\"twitter:data1\" content=\"ulqini\" \/>\n\t<meta name=\"twitter:label2\" content=\"Est. reading time\" \/>\n\t<meta name=\"twitter:data2\" content=\"3 minutes\" \/>\n<script type=\"application\/ld+json\" class=\"yoast-schema-graph\">{\"@context\":\"https:\/\/schema.org\",\"@graph\":[{\"@type\":\"WebSite\",\"@id\":\"https:\/\/www.visit-ulcinj.com\/blog\/#website\",\"url\":\"https:\/\/www.visit-ulcinj.com\/blog\/\",\"name\":\"Lajme nga Ulqini\",\"description\":\"Lajme,Vijesti,Ulqini,Ulqin,Crna Gora,Mali i Zi\",\"potentialAction\":[{\"@type\":\"SearchAction\",\"target\":{\"@type\":\"EntryPoint\",\"urlTemplate\":\"https:\/\/www.visit-ulcinj.com\/blog\/?s={search_term_string}\"},\"query-input\":\"required name=search_term_string\"}],\"inLanguage\":\"en-US\"},{\"@type\":\"ImageObject\",\"inLanguage\":\"en-US\",\"@id\":\"https:\/\/www.visit-ulcinj.com\/blog\/2017\/03\/12\/zeneli-kur-servilizmi-te-kthehet-si-shuplake-ne-fytyre\/#primaryimage\",\"url\":\"https:\/\/www.visit-ulcinj.com\/blog\/wp-content\/uploads\/2017\/03\/gjukanoviq-meta.jpg\",\"contentUrl\":\"https:\/\/www.visit-ulcinj.com\/blog\/wp-content\/uploads\/2017\/03\/gjukanoviq-meta.jpg\",\"width\":999,\"height\":695},{\"@type\":\"WebPage\",\"@id\":\"https:\/\/www.visit-ulcinj.com\/blog\/2017\/03\/12\/zeneli-kur-servilizmi-te-kthehet-si-shuplake-ne-fytyre\/#webpage\",\"url\":\"https:\/\/www.visit-ulcinj.com\/blog\/2017\/03\/12\/zeneli-kur-servilizmi-te-kthehet-si-shuplake-ne-fytyre\/\",\"name\":\"Zeneli: Kur servilizmi t\u00eb kthehet si shuplak\u00eb n\u00eb fytyr\u00eb ! - Lajme nga Ulqini\",\"isPartOf\":{\"@id\":\"https:\/\/www.visit-ulcinj.com\/blog\/#website\"},\"primaryImageOfPage\":{\"@id\":\"https:\/\/www.visit-ulcinj.com\/blog\/2017\/03\/12\/zeneli-kur-servilizmi-te-kthehet-si-shuplake-ne-fytyre\/#primaryimage\"},\"datePublished\":\"2017-03-12T07:01:51+00:00\",\"dateModified\":\"2017-03-13T18:43:26+00:00\",\"author\":{\"@id\":\"https:\/\/www.visit-ulcinj.com\/blog\/#\/schema\/person\/dcab619c614d3038751c63bc2aadc06d\"},\"description\":\"Njoftohet se k\u00ebshilltari Millorad Bashoviq i Partis\u00eb Demokratike t\u00eb Socialist\u00ebve\u00a0 (DPS-it t\u00eb Millo Gjukanoviq-it ) n\u00eb Kuvendin komunal t\u00eb Ulqinit, dit\u00eb m\u00eb\",\"breadcrumb\":{\"@id\":\"https:\/\/www.visit-ulcinj.com\/blog\/2017\/03\/12\/zeneli-kur-servilizmi-te-kthehet-si-shuplake-ne-fytyre\/#breadcrumb\"},\"inLanguage\":\"en-US\",\"potentialAction\":[{\"@type\":\"ReadAction\",\"target\":[\"https:\/\/www.visit-ulcinj.com\/blog\/2017\/03\/12\/zeneli-kur-servilizmi-te-kthehet-si-shuplake-ne-fytyre\/\"]}]},{\"@type\":\"BreadcrumbList\",\"@id\":\"https:\/\/www.visit-ulcinj.com\/blog\/2017\/03\/12\/zeneli-kur-servilizmi-te-kthehet-si-shuplake-ne-fytyre\/#breadcrumb\",\"itemListElement\":[{\"@type\":\"ListItem\",\"position\":1,\"name\":\"Zeneli: Kur servilizmi t\u00eb kthehet si shuplak\u00eb n\u00eb fytyr\u00eb !\"}]},{\"@type\":\"Person\",\"@id\":\"https:\/\/www.visit-ulcinj.com\/blog\/#\/schema\/person\/dcab619c614d3038751c63bc2aadc06d\",\"name\":\"ulqini\",\"sameAs\":[\"http:\/\/www.visit-ulcinj.com\"],\"url\":\"https:\/\/www.visit-ulcinj.com\/blog\/author\/admin\/\"}]}<\/script>\n<!-- \/ Yoast SEO plugin. -->","yoast_head_json":{"title":"Zeneli: Kur servilizmi t\u00eb kthehet si shuplak\u00eb n\u00eb fytyr\u00eb ! - Lajme nga Ulqini","description":"Njoftohet se k\u00ebshilltari Millorad Bashoviq i Partis\u00eb Demokratike t\u00eb Socialist\u00ebve\u00a0 (DPS-it t\u00eb Millo Gjukanoviq-it ) n\u00eb Kuvendin komunal t\u00eb Ulqinit, dit\u00eb m\u00eb","robots":{"index":"index","follow":"follow","max-snippet":"max-snippet:-1","max-image-preview":"max-image-preview:large","max-video-preview":"max-video-preview:-1"},"canonical":"https:\/\/www.visit-ulcinj.com\/blog\/2017\/03\/12\/zeneli-kur-servilizmi-te-kthehet-si-shuplake-ne-fytyre\/","og_locale":"en_US","og_type":"article","og_title":"Zeneli: Kur servilizmi t\u00eb kthehet si shuplak\u00eb n\u00eb fytyr\u00eb ! - Lajme nga Ulqini","og_description":"Njoftohet se k\u00ebshilltari Millorad Bashoviq i Partis\u00eb Demokratike t\u00eb Socialist\u00ebve\u00a0 (DPS-it t\u00eb Millo Gjukanoviq-it ) n\u00eb Kuvendin komunal t\u00eb Ulqinit, dit\u00eb m\u00eb","og_url":"https:\/\/www.visit-ulcinj.com\/blog\/2017\/03\/12\/zeneli-kur-servilizmi-te-kthehet-si-shuplake-ne-fytyre\/","og_site_name":"Lajme nga Ulqini","article_published_time":"2017-03-12T07:01:51+00:00","article_modified_time":"2017-03-13T18:43:26+00:00","og_image":[{"url":"http:\/\/www.visit-ulcinj.com\/blog\/wp-content\/uploads\/2017\/03\/gjukanoviq-meta.jpg"}],"twitter_misc":{"Written by":"ulqini","Est. reading time":"3 minutes"},"schema":{"@context":"https:\/\/schema.org","@graph":[{"@type":"WebSite","@id":"https:\/\/www.visit-ulcinj.com\/blog\/#website","url":"https:\/\/www.visit-ulcinj.com\/blog\/","name":"Lajme nga Ulqini","description":"Lajme,Vijesti,Ulqini,Ulqin,Crna Gora,Mali i Zi","potentialAction":[{"@type":"SearchAction","target":{"@type":"EntryPoint","urlTemplate":"https:\/\/www.visit-ulcinj.com\/blog\/?s={search_term_string}"},"query-input":"required name=search_term_string"}],"inLanguage":"en-US"},{"@type":"ImageObject","inLanguage":"en-US","@id":"https:\/\/www.visit-ulcinj.com\/blog\/2017\/03\/12\/zeneli-kur-servilizmi-te-kthehet-si-shuplake-ne-fytyre\/#primaryimage","url":"https:\/\/www.visit-ulcinj.com\/blog\/wp-content\/uploads\/2017\/03\/gjukanoviq-meta.jpg","contentUrl":"https:\/\/www.visit-ulcinj.com\/blog\/wp-content\/uploads\/2017\/03\/gjukanoviq-meta.jpg","width":999,"height":695},{"@type":"WebPage","@id":"https:\/\/www.visit-ulcinj.com\/blog\/2017\/03\/12\/zeneli-kur-servilizmi-te-kthehet-si-shuplake-ne-fytyre\/#webpage","url":"https:\/\/www.visit-ulcinj.com\/blog\/2017\/03\/12\/zeneli-kur-servilizmi-te-kthehet-si-shuplake-ne-fytyre\/","name":"Zeneli: Kur servilizmi t\u00eb kthehet si shuplak\u00eb n\u00eb fytyr\u00eb ! - Lajme nga Ulqini","isPartOf":{"@id":"https:\/\/www.visit-ulcinj.com\/blog\/#website"},"primaryImageOfPage":{"@id":"https:\/\/www.visit-ulcinj.com\/blog\/2017\/03\/12\/zeneli-kur-servilizmi-te-kthehet-si-shuplake-ne-fytyre\/#primaryimage"},"datePublished":"2017-03-12T07:01:51+00:00","dateModified":"2017-03-13T18:43:26+00:00","author":{"@id":"https:\/\/www.visit-ulcinj.com\/blog\/#\/schema\/person\/dcab619c614d3038751c63bc2aadc06d"},"description":"Njoftohet se k\u00ebshilltari Millorad Bashoviq i Partis\u00eb Demokratike t\u00eb Socialist\u00ebve\u00a0 (DPS-it t\u00eb Millo Gjukanoviq-it ) n\u00eb Kuvendin komunal t\u00eb Ulqinit, dit\u00eb m\u00eb","breadcrumb":{"@id":"https:\/\/www.visit-ulcinj.com\/blog\/2017\/03\/12\/zeneli-kur-servilizmi-te-kthehet-si-shuplake-ne-fytyre\/#breadcrumb"},"inLanguage":"en-US","potentialAction":[{"@type":"ReadAction","target":["https:\/\/www.visit-ulcinj.com\/blog\/2017\/03\/12\/zeneli-kur-servilizmi-te-kthehet-si-shuplake-ne-fytyre\/"]}]},{"@type":"BreadcrumbList","@id":"https:\/\/www.visit-ulcinj.com\/blog\/2017\/03\/12\/zeneli-kur-servilizmi-te-kthehet-si-shuplake-ne-fytyre\/#breadcrumb","itemListElement":[{"@type":"ListItem","position":1,"name":"Zeneli: Kur servilizmi t\u00eb kthehet si shuplak\u00eb n\u00eb fytyr\u00eb !"}]},{"@type":"Person","@id":"https:\/\/www.visit-ulcinj.com\/blog\/#\/schema\/person\/dcab619c614d3038751c63bc2aadc06d","name":"ulqini","sameAs":["http:\/\/www.visit-ulcinj.com"],"url":"https:\/\/www.visit-ulcinj.com\/blog\/author\/admin\/"}]}},"jetpack_featured_media_url":"","jetpack_sharing_enabled":true,"jetpack_shortlink":"https:\/\/wp.me\/pe6lTn-qWi","_links":{"self":[{"href":"https:\/\/www.visit-ulcinj.com\/blog\/wp-json\/wp\/v2\/posts\/103558"}],"collection":[{"href":"https:\/\/www.visit-ulcinj.com\/blog\/wp-json\/wp\/v2\/posts"}],"about":[{"href":"https:\/\/www.visit-ulcinj.com\/blog\/wp-json\/wp\/v2\/types\/post"}],"author":[{"embeddable":true,"href":"https:\/\/www.visit-ulcinj.com\/blog\/wp-json\/wp\/v2\/users\/1"}],"replies":[{"embeddable":true,"href":"https:\/\/www.visit-ulcinj.com\/blog\/wp-json\/wp\/v2\/comments?post=103558"}],"version-history":[{"count":2,"href":"https:\/\/www.visit-ulcinj.com\/blog\/wp-json\/wp\/v2\/posts\/103558\/revisions"}],"predecessor-version":[{"id":103562,"href":"https:\/\/www.visit-ulcinj.com\/blog\/wp-json\/wp\/v2\/posts\/103558\/revisions\/103562"}],"wp:attachment":[{"href":"https:\/\/www.visit-ulcinj.com\/blog\/wp-json\/wp\/v2\/media?parent=103558"}],"wp:term":[{"taxonomy":"category","embeddable":true,"href":"https:\/\/www.visit-ulcinj.com\/blog\/wp-json\/wp\/v2\/categories?post=103558"},{"taxonomy":"post_tag","embeddable":true,"href":"https:\/\/www.visit-ulcinj.com\/blog\/wp-json\/wp\/v2\/tags?post=103558"}],"curies":[{"name":"wp","href":"https:\/\/api.w.org\/{rel}","templated":true}]}}