{"id":103567,"date":"2017-03-13T18:15:04","date_gmt":"2017-03-13T17:15:04","guid":{"rendered":"http:\/\/www.visit-ulcinj.com\/blog\/?p=103567"},"modified":"2017-03-13T19:43:55","modified_gmt":"2017-03-13T18:43:55","slug":"nika-pse-thua-afera-vikiliks-nuk-e-drmati-ulqinin","status":"publish","type":"post","link":"https:\/\/www.visit-ulcinj.com\/blog\/2017\/03\/13\/nika-pse-thua-afera-vikiliks-nuk-e-drmati-ulqinin\/","title":{"rendered":"Nika: Pse thua afera Vikiliks nuk e \u201cDrmati \u201c Ulqinin?!"},"content":{"rendered":"<p><strong><a href=\"http:\/\/www.visit-ulcinj.com\/blog\/wp-content\/uploads\/2017\/03\/wikileaks_nika_ulqin.jpg\"><img loading=\"lazy\" class=\"alignleft wp-image-103568\" src=\"http:\/\/www.visit-ulcinj.com\/blog\/wp-content\/uploads\/2017\/03\/wikileaks_nika_ulqin.jpg\" alt=\"wikileaks_nika_ulqin\" width=\"508\" height=\"286\" srcset=\"https:\/\/www.visit-ulcinj.com\/blog\/wp-content\/uploads\/2017\/03\/wikileaks_nika_ulqin.jpg 600w, https:\/\/www.visit-ulcinj.com\/blog\/wp-content\/uploads\/2017\/03\/wikileaks_nika_ulqin-300x169.jpg 300w\" sizes=\"(max-width: 508px) 100vw, 508px\" \/><\/a>Shkruan Muhamet Nika<\/strong><\/p>\n<p>Kam hetuar\u00a0 q\u00eb \u00a0gjith\u00eb her\u00eb, kur b\u00ebra p\u00ebrpjekje\u00a0 p\u00ebr t\u00eb rinovuar\u00a0 LD \u2013 n\u00eb \u00a0pastaj pun\u00ebn e kuvendit komunal \u00a0\u00a0n\u00eb aspektin e respektimit t\u00eb statutit si gjith\u00eb bota\u00a0 e duke \u00a0korrigjuar do praktika t\u00eb k\u00ebqija t\u00eb sjelljes\u00a0 s\u00eb pushtetit\u00a0 \u00a0te\u00a0 t\u00eb gjitha formacioneve\u00a0 n\u00eb Ulqin, nga goj\u00ebt e liga ekzistonin do shpifje nga \u201cmiqt\u00eb\u201d\u00a0 dhe \u00a0armiqt\u00eb \u00a0e mij\u00eb , pra edhe andej ka\u00a0 nuk e prisje?!!Pati\u00a0 edhe k\u00ebrc\u00ebnime&#8230;?!!<\/p>\n<p>Mbaj mend q\u00eb ka pasur\u00a0 edhe p\u00ebrpjekje tjera p\u00ebr t\u00eb\u00a0 b\u00ebr\u00eb luftimin e k\u00ebtyre dukurive- p\u00ebr shembull\u00a0 i ndjeri\u00a0 Bajram Rexha , kryetar i Udsh-s\u00eb,\u00a0 pat\u00a0 l\u00ebn\u00eb\u00a0 me \u00a0shkrim fakte dhe argumente\u00a0 komprometuese \u00a0\u00a0n\u00eb duar t\u00eb\u00a0 disa vetave\u00a0 e p\u00ebr t\u00eb cil\u00ebt\u00a0 , ata q\u00eb \u00a0i b\u00ebn\u00eb\u00a0 botimin e d\u00ebshmive t\u00eb tija me nj\u00eb donator q\u00eb ish edhe\u00a0 nx\u00ebn\u00ebs i tij \u2013Sabahet Duraku(mjek\u00a0 n\u00eb Holand\u00eb), na pat\u00ebn\u00a0 th\u00ebn\u00eb \u201c se \u00a0tash , p\u00ebr arsye q\u00eb dihet\u201d &#8211; q\u00eb vet\u00ebm ata i dit\u00ebn&#8230;, u la , q\u00eb\u00a0 vepra e Bajramit t\u00eb jepet\u00a0 \u00a0e plot\u00ebsuar n\u00eb nj\u00eb koh\u00eb m\u00eb t\u00eb von\u00eb- Kur t\u00eb dal\u00eb dielli e t\u00eb nxehet dita&#8230;?!<\/p>\n<p>Por \u00a0kjo \u00a0q\u00eb u tha nuk ndodhi kurr\u00eb. Po duket\u00a0 bashk\u00eb me shkrimet\u00a0 e Bajramit- paskan shkuar\u00a0 n\u00eb varr edhe ata q\u00eb i ruajt\u00ebn deri von\u00eb \u2013 kuptohet se\u00a0 doemos q\u00eb nuk vdiq\u00ebn t\u00eb gjith\u00eb \u201c dhe as q\u00eb ran\u00eb d\u00ebshmor\u00eb.. n\u00eb luft\u00ebn e Kosov\u00ebs\u201d.<\/p>\n<p>Thjesht\u00eb\u00a0 b\u00ebn\u00eb di\u00e7\u00a0 sa p\u00ebr t\u00eb th\u00ebn\u00eb&#8230;?! Dhe nuk mendoj q\u00eb donatori t\u00eb jet\u00eb t\u00ebrhequr.<\/p>\n<p><strong><em>Akuzat p\u00ebr shkat\u00ebrruesit\u00a0 e subjekteve shqiptare vazhdojn\u00eb edhe sot?!<\/em><\/strong><\/p>\n<p>Pasi edhe sot\u00a0 gjinden armiq t\u00eb till\u00eb , \u201dme detyra.. nga xhaxhi ..\u201d dhe pasi edhe vet\u00eb nj\u00eb koh\u00eb t\u00eb gjat\u00eb u mora nga k\u00ebndi im me gazetari hulumtuese\u00a0 t\u00eb cilat p\u00ebr momentin i p\u00ebrfunduam n\u00eb dy v\u00ebllime \u2013 me titull-\u00a0 M\u00ebkate t\u00eb Harruara\u00a0 dhen \u2013 Pa limit , kurse\u00a0 me kusht\u00a0 edhe shkrimet e Bajramit\u00a0\u00a0 p\u00ebrfunduan\u00a0 keq&#8230;,\u00a0\u00a0 po\u00a0 i kujtoj t\u00eb gjith\u00eb\u00a0 q\u00eb Afera\u00a0 Vikiliks\u00a0 e cila kishte dokumentacione sekrete t\u00eb Cias amerikane , n\u00eb nj\u00eb kapitull t\u00eb vetin sjell\u00eb edhe emrat\u00a0 e spiun\u00ebve\u00a0 shqiptar\u00eb( edhe t\u00eb p\u00ebrndjekur politik\u00eb), e t\u00eb cil\u00ebt paskan sh\u00ebrbyer n\u00eb policin\u00eb e fsheht\u00eb\u00a0 jugosllave duke paditur bashk\u00ebkomb\u00ebsit e vet\u00eb&#8230;.?! E duke na e pir\u00eb gjakun p\u00ebr pun\u00eb paletash&#8230;?!<\/p>\n<p>Aty mund t\u00eb gjeni\u00a0 t\u00eb gjith\u00eb emrat\u00a0 e bashk\u00ebpun\u00ebtor\u00ebve\u00a0 dhe informator\u00ebve\u00a0 t\u00eb shqiptar\u00ebve\u00a0\u00a0 n\u00eb Ulqin\u00a0 q\u00eb po duket\u00a0 , punuan\u00a0 dhe punojn\u00eb n\u00eb m\u00ebnyr\u00eb perfide\u00a0 kund\u00ebr interesave shqiptare- partive shqiptare n\u00eb Mal t\u00eb Zi. Andaj \u00e7do akuz\u00eb se ky apo ai\u201d \u00ebsht\u00eb spiun\u00eb dhe \u00ebsht\u00eb i shtyr\u00eb nga shteti &#8230;,\u201d sikur nuk pi uj\u00eb n\u00ebse nuk figuron n\u00eb list\u00ebn spiun\u00ebve\u00a0 t\u00eb publikuar\u00a0 p\u00ebr t\u00eb gjith\u00eb \u00a0e hapur \u00a0n\u00eb faqet\u00a0 e internetit.<\/p>\n<p>Un\u00eb\u00a0 nuk po e sjell \u00a0p\u00ebr k\u00ebt\u00eb adres\u00ebn, por gjejeni vet\u00eb q\u00eb t\u00eb mos dal\u00eb\u00a0 se po u b\u00ebj\u00eb\u00a0 nj\u00eb demaskim. ..?!<\/p>\n<p>Dielli nuk mbulohet me shosh\u00eb&#8230;?!!<\/p>\n<p>Kurse p\u00ebr veten time e vler\u00ebsoj se ky- shkrim, mbase do t\u00eb jet\u00eb shkrimi i fundit n\u00eb faqen Lajme nga Ulqini i cili shp\u00ebrndau\u00a0 pa pages\u00eb\u00a0 2000 faqe\u00a0 tekste t\u00eb shkruara q\u00eb presin botim.<\/p>\n<p>E shkrimet tjera , kuptohet se do vazhdojn\u00eb\u00a0 por nuk do jen\u00eb t\u00eb botuara.<\/p>\n<p>Fal\u00ebnderojm\u00eb\u00a0 t\u00eb gjith\u00eb ata\u00a0 q\u00eb na p\u00ebrkrahen\u00a0 ose \u00a0shp\u00ebrndan\u00eb shkrimet\u00a0 e k\u00ebtilla. P\u00ebr t\u00eb qen\u00eb edhe ata d\u00ebshmi e k\u00ebsaj kohe- \u00a0\u00a0si p\u00ebrkrah\u00ebs \u00a0n\u00eb\u00a0 fejzbuk\u00a0 do t\u00eb botohen- pas \u00e7do shkrimi \u00a0n\u00eb\u00a0 librat e p\u00ebrmendur.<\/p>\n<p>Tashti\u00a0 shkrimet e radh\u00ebs\u00a0 do t\u00eb jen\u00eb\u00a0 nga etno kultura,\u00a0 me titull : Fotoalbum\u00a0 onomastik turistik p\u00ebr Ulqinin dhe Shasin\u00a0 si histori ndryshe&#8230;.?!!! Shkrimet kan\u00eb p\u00ebr q\u00ebllim , t\u00eb jen\u00eb kund\u00ebr gjith\u00eb propagand\u00ebs\u00a0 q\u00ebllim keqe\u00a0 e cila tenton t\u00eb ngulitet me marifet \u201c n\u00eb sht\u00ebpin\u00eb ton\u00eb t\u00eb gjelb\u00ebr..\u201d?!!<\/p>\n","protected":false},"excerpt":{"rendered":"<p>Shkruan Muhamet Nika Kam hetuar\u00a0 q\u00eb \u00a0gjith\u00eb her\u00eb, kur b\u00ebra p\u00ebrpjekje\u00a0 p\u00ebr t\u00eb rinovuar\u00a0 LD \u2013 n\u00eb \u00a0pastaj pun\u00ebn e kuvendit komunal \u00a0\u00a0n\u00eb aspektin e respektimit t\u00eb statutit si gjith\u00eb bota\u00a0 e duke \u00a0korrigjuar do praktika t\u00eb k\u00ebqija t\u00eb sjelljes\u00a0 s\u00eb pushtetit\u00a0 \u00a0te\u00a0 t\u00eb gjitha formacioneve\u00a0 n\u00eb Ulqin, nga goj\u00ebt e liga ekzistonin do shpifje [&hellip;]<\/p>\n","protected":false},"author":1,"featured_media":0,"comment_status":"closed","ping_status":"closed","sticky":false,"template":"","format":"standard","meta":{"spay_email":"","jetpack_publicize_message":"","jetpack_is_tweetstorm":false,"jetpack_publicize_feature_enabled":true},"categories":[1,14249],"tags":[],"jetpack_publicize_connections":[],"yoast_head":"<!-- This site is optimized with the Yoast SEO plugin v19.1 - https:\/\/yoast.com\/wordpress\/plugins\/seo\/ -->\n<title>Nika: Pse thua afera Vikiliks nuk e \u201cDrmati \u201c Ulqinin?! - Lajme nga Ulqini<\/title>\n<meta name=\"description\" content=\"Shkruan Muhamet Nika Kam hetuar\u00a0 q\u00eb \u00a0gjith\u00eb her\u00eb, kur b\u00ebra p\u00ebrpjekje\u00a0 p\u00ebr t\u00eb rinovuar\u00a0 LD \u2013 n\u00eb \u00a0pastaj pun\u00ebn e kuvendit komunal \u00a0\u00a0n\u00eb aspektin e\" \/>\n<meta name=\"robots\" content=\"index, follow, max-snippet:-1, max-image-preview:large, max-video-preview:-1\" \/>\n<link rel=\"canonical\" href=\"https:\/\/www.visit-ulcinj.com\/blog\/2017\/03\/13\/nika-pse-thua-afera-vikiliks-nuk-e-drmati-ulqinin\/\" \/>\n<meta property=\"og:locale\" content=\"en_US\" \/>\n<meta property=\"og:type\" content=\"article\" \/>\n<meta property=\"og:title\" content=\"Nika: Pse thua afera Vikiliks nuk e \u201cDrmati \u201c Ulqinin?! - Lajme nga Ulqini\" \/>\n<meta property=\"og:description\" content=\"Shkruan Muhamet Nika Kam hetuar\u00a0 q\u00eb \u00a0gjith\u00eb her\u00eb, kur b\u00ebra p\u00ebrpjekje\u00a0 p\u00ebr t\u00eb rinovuar\u00a0 LD \u2013 n\u00eb \u00a0pastaj pun\u00ebn e kuvendit komunal \u00a0\u00a0n\u00eb aspektin e\" \/>\n<meta property=\"og:url\" content=\"https:\/\/www.visit-ulcinj.com\/blog\/2017\/03\/13\/nika-pse-thua-afera-vikiliks-nuk-e-drmati-ulqinin\/\" \/>\n<meta property=\"og:site_name\" content=\"Lajme nga Ulqini\" \/>\n<meta property=\"article:published_time\" content=\"2017-03-13T17:15:04+00:00\" \/>\n<meta property=\"article:modified_time\" content=\"2017-03-13T18:43:55+00:00\" \/>\n<meta property=\"og:image\" content=\"http:\/\/www.visit-ulcinj.com\/blog\/wp-content\/uploads\/2017\/03\/wikileaks_nika_ulqin.jpg\" \/>\n<meta name=\"twitter:label1\" content=\"Written by\" \/>\n\t<meta name=\"twitter:data1\" content=\"ulqini\" \/>\n\t<meta name=\"twitter:label2\" content=\"Est. reading time\" \/>\n\t<meta name=\"twitter:data2\" content=\"3 minutes\" \/>\n<script type=\"application\/ld+json\" class=\"yoast-schema-graph\">{\"@context\":\"https:\/\/schema.org\",\"@graph\":[{\"@type\":\"WebSite\",\"@id\":\"https:\/\/www.visit-ulcinj.com\/blog\/#website\",\"url\":\"https:\/\/www.visit-ulcinj.com\/blog\/\",\"name\":\"Lajme nga Ulqini\",\"description\":\"Lajme,Vijesti,Ulqini,Ulqin,Crna Gora,Mali i Zi\",\"potentialAction\":[{\"@type\":\"SearchAction\",\"target\":{\"@type\":\"EntryPoint\",\"urlTemplate\":\"https:\/\/www.visit-ulcinj.com\/blog\/?s={search_term_string}\"},\"query-input\":\"required name=search_term_string\"}],\"inLanguage\":\"en-US\"},{\"@type\":\"ImageObject\",\"inLanguage\":\"en-US\",\"@id\":\"https:\/\/www.visit-ulcinj.com\/blog\/2017\/03\/13\/nika-pse-thua-afera-vikiliks-nuk-e-drmati-ulqinin\/#primaryimage\",\"url\":\"https:\/\/www.visit-ulcinj.com\/blog\/wp-content\/uploads\/2017\/03\/wikileaks_nika_ulqin.jpg\",\"contentUrl\":\"https:\/\/www.visit-ulcinj.com\/blog\/wp-content\/uploads\/2017\/03\/wikileaks_nika_ulqin.jpg\",\"width\":600,\"height\":338},{\"@type\":\"WebPage\",\"@id\":\"https:\/\/www.visit-ulcinj.com\/blog\/2017\/03\/13\/nika-pse-thua-afera-vikiliks-nuk-e-drmati-ulqinin\/#webpage\",\"url\":\"https:\/\/www.visit-ulcinj.com\/blog\/2017\/03\/13\/nika-pse-thua-afera-vikiliks-nuk-e-drmati-ulqinin\/\",\"name\":\"Nika: Pse thua afera Vikiliks nuk e \u201cDrmati \u201c Ulqinin?! - Lajme nga Ulqini\",\"isPartOf\":{\"@id\":\"https:\/\/www.visit-ulcinj.com\/blog\/#website\"},\"primaryImageOfPage\":{\"@id\":\"https:\/\/www.visit-ulcinj.com\/blog\/2017\/03\/13\/nika-pse-thua-afera-vikiliks-nuk-e-drmati-ulqinin\/#primaryimage\"},\"datePublished\":\"2017-03-13T17:15:04+00:00\",\"dateModified\":\"2017-03-13T18:43:55+00:00\",\"author\":{\"@id\":\"https:\/\/www.visit-ulcinj.com\/blog\/#\/schema\/person\/dcab619c614d3038751c63bc2aadc06d\"},\"description\":\"Shkruan Muhamet Nika Kam hetuar\u00a0 q\u00eb \u00a0gjith\u00eb her\u00eb, kur b\u00ebra p\u00ebrpjekje\u00a0 p\u00ebr t\u00eb rinovuar\u00a0 LD \u2013 n\u00eb \u00a0pastaj pun\u00ebn e kuvendit komunal \u00a0\u00a0n\u00eb aspektin e\",\"breadcrumb\":{\"@id\":\"https:\/\/www.visit-ulcinj.com\/blog\/2017\/03\/13\/nika-pse-thua-afera-vikiliks-nuk-e-drmati-ulqinin\/#breadcrumb\"},\"inLanguage\":\"en-US\",\"potentialAction\":[{\"@type\":\"ReadAction\",\"target\":[\"https:\/\/www.visit-ulcinj.com\/blog\/2017\/03\/13\/nika-pse-thua-afera-vikiliks-nuk-e-drmati-ulqinin\/\"]}]},{\"@type\":\"BreadcrumbList\",\"@id\":\"https:\/\/www.visit-ulcinj.com\/blog\/2017\/03\/13\/nika-pse-thua-afera-vikiliks-nuk-e-drmati-ulqinin\/#breadcrumb\",\"itemListElement\":[{\"@type\":\"ListItem\",\"position\":1,\"name\":\"Nika: Pse thua afera Vikiliks nuk e \u201cDrmati \u201c Ulqinin?!\"}]},{\"@type\":\"Person\",\"@id\":\"https:\/\/www.visit-ulcinj.com\/blog\/#\/schema\/person\/dcab619c614d3038751c63bc2aadc06d\",\"name\":\"ulqini\",\"sameAs\":[\"http:\/\/www.visit-ulcinj.com\"],\"url\":\"https:\/\/www.visit-ulcinj.com\/blog\/author\/admin\/\"}]}<\/script>\n<!-- \/ Yoast SEO plugin. -->","yoast_head_json":{"title":"Nika: Pse thua afera Vikiliks nuk e \u201cDrmati \u201c Ulqinin?! - Lajme nga Ulqini","description":"Shkruan Muhamet Nika Kam hetuar\u00a0 q\u00eb \u00a0gjith\u00eb her\u00eb, kur b\u00ebra p\u00ebrpjekje\u00a0 p\u00ebr t\u00eb rinovuar\u00a0 LD \u2013 n\u00eb \u00a0pastaj pun\u00ebn e kuvendit komunal \u00a0\u00a0n\u00eb aspektin e","robots":{"index":"index","follow":"follow","max-snippet":"max-snippet:-1","max-image-preview":"max-image-preview:large","max-video-preview":"max-video-preview:-1"},"canonical":"https:\/\/www.visit-ulcinj.com\/blog\/2017\/03\/13\/nika-pse-thua-afera-vikiliks-nuk-e-drmati-ulqinin\/","og_locale":"en_US","og_type":"article","og_title":"Nika: Pse thua afera Vikiliks nuk e \u201cDrmati \u201c Ulqinin?! - Lajme nga Ulqini","og_description":"Shkruan Muhamet Nika Kam hetuar\u00a0 q\u00eb \u00a0gjith\u00eb her\u00eb, kur b\u00ebra p\u00ebrpjekje\u00a0 p\u00ebr t\u00eb rinovuar\u00a0 LD \u2013 n\u00eb \u00a0pastaj pun\u00ebn e kuvendit komunal \u00a0\u00a0n\u00eb aspektin e","og_url":"https:\/\/www.visit-ulcinj.com\/blog\/2017\/03\/13\/nika-pse-thua-afera-vikiliks-nuk-e-drmati-ulqinin\/","og_site_name":"Lajme nga Ulqini","article_published_time":"2017-03-13T17:15:04+00:00","article_modified_time":"2017-03-13T18:43:55+00:00","og_image":[{"url":"http:\/\/www.visit-ulcinj.com\/blog\/wp-content\/uploads\/2017\/03\/wikileaks_nika_ulqin.jpg"}],"twitter_misc":{"Written by":"ulqini","Est. reading time":"3 minutes"},"schema":{"@context":"https:\/\/schema.org","@graph":[{"@type":"WebSite","@id":"https:\/\/www.visit-ulcinj.com\/blog\/#website","url":"https:\/\/www.visit-ulcinj.com\/blog\/","name":"Lajme nga Ulqini","description":"Lajme,Vijesti,Ulqini,Ulqin,Crna Gora,Mali i Zi","potentialAction":[{"@type":"SearchAction","target":{"@type":"EntryPoint","urlTemplate":"https:\/\/www.visit-ulcinj.com\/blog\/?s={search_term_string}"},"query-input":"required name=search_term_string"}],"inLanguage":"en-US"},{"@type":"ImageObject","inLanguage":"en-US","@id":"https:\/\/www.visit-ulcinj.com\/blog\/2017\/03\/13\/nika-pse-thua-afera-vikiliks-nuk-e-drmati-ulqinin\/#primaryimage","url":"https:\/\/www.visit-ulcinj.com\/blog\/wp-content\/uploads\/2017\/03\/wikileaks_nika_ulqin.jpg","contentUrl":"https:\/\/www.visit-ulcinj.com\/blog\/wp-content\/uploads\/2017\/03\/wikileaks_nika_ulqin.jpg","width":600,"height":338},{"@type":"WebPage","@id":"https:\/\/www.visit-ulcinj.com\/blog\/2017\/03\/13\/nika-pse-thua-afera-vikiliks-nuk-e-drmati-ulqinin\/#webpage","url":"https:\/\/www.visit-ulcinj.com\/blog\/2017\/03\/13\/nika-pse-thua-afera-vikiliks-nuk-e-drmati-ulqinin\/","name":"Nika: Pse thua afera Vikiliks nuk e \u201cDrmati \u201c Ulqinin?! - Lajme nga Ulqini","isPartOf":{"@id":"https:\/\/www.visit-ulcinj.com\/blog\/#website"},"primaryImageOfPage":{"@id":"https:\/\/www.visit-ulcinj.com\/blog\/2017\/03\/13\/nika-pse-thua-afera-vikiliks-nuk-e-drmati-ulqinin\/#primaryimage"},"datePublished":"2017-03-13T17:15:04+00:00","dateModified":"2017-03-13T18:43:55+00:00","author":{"@id":"https:\/\/www.visit-ulcinj.com\/blog\/#\/schema\/person\/dcab619c614d3038751c63bc2aadc06d"},"description":"Shkruan Muhamet Nika Kam hetuar\u00a0 q\u00eb \u00a0gjith\u00eb her\u00eb, kur b\u00ebra p\u00ebrpjekje\u00a0 p\u00ebr t\u00eb rinovuar\u00a0 LD \u2013 n\u00eb \u00a0pastaj pun\u00ebn e kuvendit komunal \u00a0\u00a0n\u00eb aspektin e","breadcrumb":{"@id":"https:\/\/www.visit-ulcinj.com\/blog\/2017\/03\/13\/nika-pse-thua-afera-vikiliks-nuk-e-drmati-ulqinin\/#breadcrumb"},"inLanguage":"en-US","potentialAction":[{"@type":"ReadAction","target":["https:\/\/www.visit-ulcinj.com\/blog\/2017\/03\/13\/nika-pse-thua-afera-vikiliks-nuk-e-drmati-ulqinin\/"]}]},{"@type":"BreadcrumbList","@id":"https:\/\/www.visit-ulcinj.com\/blog\/2017\/03\/13\/nika-pse-thua-afera-vikiliks-nuk-e-drmati-ulqinin\/#breadcrumb","itemListElement":[{"@type":"ListItem","position":1,"name":"Nika: Pse thua afera Vikiliks nuk e \u201cDrmati \u201c Ulqinin?!"}]},{"@type":"Person","@id":"https:\/\/www.visit-ulcinj.com\/blog\/#\/schema\/person\/dcab619c614d3038751c63bc2aadc06d","name":"ulqini","sameAs":["http:\/\/www.visit-ulcinj.com"],"url":"https:\/\/www.visit-ulcinj.com\/blog\/author\/admin\/"}]}},"jetpack_featured_media_url":"","jetpack_sharing_enabled":true,"jetpack_shortlink":"https:\/\/wp.me\/pe6lTn-qWr","_links":{"self":[{"href":"https:\/\/www.visit-ulcinj.com\/blog\/wp-json\/wp\/v2\/posts\/103567"}],"collection":[{"href":"https:\/\/www.visit-ulcinj.com\/blog\/wp-json\/wp\/v2\/posts"}],"about":[{"href":"https:\/\/www.visit-ulcinj.com\/blog\/wp-json\/wp\/v2\/types\/post"}],"author":[{"embeddable":true,"href":"https:\/\/www.visit-ulcinj.com\/blog\/wp-json\/wp\/v2\/users\/1"}],"replies":[{"embeddable":true,"href":"https:\/\/www.visit-ulcinj.com\/blog\/wp-json\/wp\/v2\/comments?post=103567"}],"version-history":[{"count":1,"href":"https:\/\/www.visit-ulcinj.com\/blog\/wp-json\/wp\/v2\/posts\/103567\/revisions"}],"predecessor-version":[{"id":103569,"href":"https:\/\/www.visit-ulcinj.com\/blog\/wp-json\/wp\/v2\/posts\/103567\/revisions\/103569"}],"wp:attachment":[{"href":"https:\/\/www.visit-ulcinj.com\/blog\/wp-json\/wp\/v2\/media?parent=103567"}],"wp:term":[{"taxonomy":"category","embeddable":true,"href":"https:\/\/www.visit-ulcinj.com\/blog\/wp-json\/wp\/v2\/categories?post=103567"},{"taxonomy":"post_tag","embeddable":true,"href":"https:\/\/www.visit-ulcinj.com\/blog\/wp-json\/wp\/v2\/tags?post=103567"}],"curies":[{"name":"wp","href":"https:\/\/api.w.org\/{rel}","templated":true}]}}