{"id":103570,"date":"2017-03-13T19:41:50","date_gmt":"2017-03-13T18:41:50","guid":{"rendered":"http:\/\/www.visit-ulcinj.com\/blog\/?p=103570"},"modified":"2017-03-15T10:12:09","modified_gmt":"2017-03-15T09:12:09","slug":"hapet-tenderi-per-ndertimin-e-rrethrrotullimit-ne-hyrje-te-qytetit-te-ulqinit","status":"publish","type":"post","link":"https:\/\/www.visit-ulcinj.com\/blog\/2017\/03\/13\/hapet-tenderi-per-ndertimin-e-rrethrrotullimit-ne-hyrje-te-qytetit-te-ulqinit\/","title":{"rendered":"Hapet tenderi p\u00ebr nd\u00ebrtimin e rrethrrotullimit n\u00eb hyrje t\u00eb qytetit t\u00eb Ulqinit"},"content":{"rendered":"<p><a href=\"http:\/\/www.visit-ulcinj.com\/blog\/wp-content\/uploads\/2016\/12\/Komuna-Ulqinit-planifikon-Rrethrrotullimin.jpg\"><img loading=\"lazy\" class=\"alignleft wp-image-101710\" src=\"http:\/\/www.visit-ulcinj.com\/blog\/wp-content\/uploads\/2016\/12\/Komuna-Ulqinit-planifikon-Rrethrrotullimin.jpg\" alt=\"Komuna Ulqinit planifikon Rrethrrotullimin\" width=\"508\" height=\"343\" srcset=\"https:\/\/www.visit-ulcinj.com\/blog\/wp-content\/uploads\/2016\/12\/Komuna-Ulqinit-planifikon-Rrethrrotullimin.jpg 502w, https:\/\/www.visit-ulcinj.com\/blog\/wp-content\/uploads\/2016\/12\/Komuna-Ulqinit-planifikon-Rrethrrotullimin-300x203.jpg 300w\" sizes=\"(max-width: 508px) 100vw, 508px\" \/><\/a>Pas publikimit t\u00eb lajmit <a href=\"http:\/\/www.visit-ulcinj.com\/blog\/2016\/12\/17\/komuna-ulqinit-planifikon-rrethrrotullimin-ne-hyrje-te-qytetit\/\"><strong>&#8220;Rrethrrotullimit n\u00eb hyrje t\u00eb qytetit t\u00eb Ulqinit&#8221;<\/strong><\/a> para tre muajsh t\u00eb paralajmeruara nga portali TV Teuta sot ky lajm\u00eb u b\u00eb realitet. Pas insistimit t\u00eb organeve komunale, dhe sipas\u00a0 projektit t\u00eb buxhetit p\u00ebr vitin 2017,\u00a0Komuna e Ulqinit planifikoi q\u00eb n\u00eb vend t\u00eb udh\u00ebkryqit me semafor\u00eb q\u00eb \u00ebsht\u00eb aktualisht n\u00eb qend\u00ebr t\u00eb qytetit t\u00eb nd\u00ebrtoj\u00eb rrethrrotullim modern, p\u00ebr t\u00eb cilin jan\u00eb planifikuar mjetet n\u00eb mas\u00ebn prej 310.000 eurove.<\/p>\n<p>Komuna e Ulqinit <span class=\"st\">ka shpallur tender p\u00ebr punimet<\/span>\u00a0 n\u00eb rrethrrotullimin n\u00eb qend\u00ebr t\u00eb qytetit t\u00eb Ulqinit, i cili ka vler\u00ebn e 310.000 eurove.<\/p>\n<p>Informacione m\u00eb t\u00eb holl\u00ebsishme p\u00ebr k\u00ebt\u00eb prokurim mund t\u00eb gjenden n\u00eb faqen zyrtare <strong><a href=\"http:\/\/www.ujn.gov.me\">www.ujn.gov.me<\/a><\/strong>.<\/p>\n<p>Rrethrrotullimi do t\u00eb p\u00ebrmir\u00ebsoj\u00eb qarkullimin n\u00eb trafik si dhe shtohet hapsir\u00eb e cila do t\u00eb sh\u00ebrbej\u00eb si shetitore n\u00eb ket\u00eb aks\u00eb rrugor\u00eb.<\/p>\n<p>&nbsp;<\/p>\n","protected":false},"excerpt":{"rendered":"<p>Pas publikimit t\u00eb lajmit &#8220;Rrethrrotullimit n\u00eb hyrje t\u00eb qytetit t\u00eb Ulqinit&#8221; para tre muajsh t\u00eb paralajmeruara nga portali TV Teuta sot ky lajm\u00eb u b\u00eb realitet. Pas insistimit t\u00eb organeve komunale, dhe sipas\u00a0 projektit t\u00eb buxhetit p\u00ebr vitin 2017,\u00a0Komuna e Ulqinit planifikoi q\u00eb n\u00eb vend t\u00eb udh\u00ebkryqit me semafor\u00eb q\u00eb \u00ebsht\u00eb aktualisht n\u00eb qend\u00ebr t\u00eb [&hellip;]<\/p>\n","protected":false},"author":1,"featured_media":0,"comment_status":"closed","ping_status":"closed","sticky":false,"template":"","format":"standard","meta":{"spay_email":"","jetpack_publicize_message":"","jetpack_is_tweetstorm":false,"jetpack_publicize_feature_enabled":true},"categories":[1,11],"tags":[],"jetpack_publicize_connections":[],"yoast_head":"<!-- This site is optimized with the Yoast SEO plugin v19.1 - https:\/\/yoast.com\/wordpress\/plugins\/seo\/ -->\n<title>Hapet tenderi p\u00ebr nd\u00ebrtimin e rrethrrotullimit n\u00eb hyrje t\u00eb qytetit t\u00eb Ulqinit - Lajme nga Ulqini<\/title>\n<meta name=\"description\" content=\"Pas publikimit t\u00eb lajmit &quot;Rrethrrotullimit n\u00eb hyrje t\u00eb qytetit t\u00eb Ulqinit&quot; para tre muajsh t\u00eb paralajmeruara nga portali TV Teuta sot ky lajm\u00eb u b\u00eb\" \/>\n<meta name=\"robots\" content=\"index, follow, max-snippet:-1, max-image-preview:large, max-video-preview:-1\" \/>\n<link rel=\"canonical\" href=\"https:\/\/www.visit-ulcinj.com\/blog\/2017\/03\/13\/hapet-tenderi-per-ndertimin-e-rrethrrotullimit-ne-hyrje-te-qytetit-te-ulqinit\/\" \/>\n<meta property=\"og:locale\" content=\"en_US\" \/>\n<meta property=\"og:type\" content=\"article\" \/>\n<meta property=\"og:title\" content=\"Hapet tenderi p\u00ebr nd\u00ebrtimin e rrethrrotullimit n\u00eb hyrje t\u00eb qytetit t\u00eb Ulqinit - Lajme nga Ulqini\" \/>\n<meta property=\"og:description\" content=\"Pas publikimit t\u00eb lajmit &quot;Rrethrrotullimit n\u00eb hyrje t\u00eb qytetit t\u00eb Ulqinit&quot; para tre muajsh t\u00eb paralajmeruara nga portali TV Teuta sot ky lajm\u00eb u b\u00eb\" \/>\n<meta property=\"og:url\" content=\"https:\/\/www.visit-ulcinj.com\/blog\/2017\/03\/13\/hapet-tenderi-per-ndertimin-e-rrethrrotullimit-ne-hyrje-te-qytetit-te-ulqinit\/\" \/>\n<meta property=\"og:site_name\" content=\"Lajme nga Ulqini\" \/>\n<meta property=\"article:published_time\" content=\"2017-03-13T18:41:50+00:00\" \/>\n<meta property=\"article:modified_time\" content=\"2017-03-15T09:12:09+00:00\" \/>\n<meta property=\"og:image\" content=\"http:\/\/www.visit-ulcinj.com\/blog\/wp-content\/uploads\/2016\/12\/Komuna-Ulqinit-planifikon-Rrethrrotullimin.jpg\" \/>\n<meta name=\"twitter:label1\" content=\"Written by\" \/>\n\t<meta name=\"twitter:data1\" content=\"ulqini\" \/>\n\t<meta name=\"twitter:label2\" content=\"Est. reading time\" \/>\n\t<meta name=\"twitter:data2\" content=\"1 minute\" \/>\n<script type=\"application\/ld+json\" class=\"yoast-schema-graph\">{\"@context\":\"https:\/\/schema.org\",\"@graph\":[{\"@type\":\"WebSite\",\"@id\":\"https:\/\/www.visit-ulcinj.com\/blog\/#website\",\"url\":\"https:\/\/www.visit-ulcinj.com\/blog\/\",\"name\":\"Lajme nga Ulqini\",\"description\":\"Lajme,Vijesti,Ulqini,Ulqin,Crna Gora,Mali i Zi\",\"potentialAction\":[{\"@type\":\"SearchAction\",\"target\":{\"@type\":\"EntryPoint\",\"urlTemplate\":\"https:\/\/www.visit-ulcinj.com\/blog\/?s={search_term_string}\"},\"query-input\":\"required name=search_term_string\"}],\"inLanguage\":\"en-US\"},{\"@type\":\"ImageObject\",\"inLanguage\":\"en-US\",\"@id\":\"https:\/\/www.visit-ulcinj.com\/blog\/2017\/03\/13\/hapet-tenderi-per-ndertimin-e-rrethrrotullimit-ne-hyrje-te-qytetit-te-ulqinit\/#primaryimage\",\"url\":\"https:\/\/www.visit-ulcinj.com\/blog\/wp-content\/uploads\/2016\/12\/Komuna-Ulqinit-planifikon-Rrethrrotullimin.jpg\",\"contentUrl\":\"https:\/\/www.visit-ulcinj.com\/blog\/wp-content\/uploads\/2016\/12\/Komuna-Ulqinit-planifikon-Rrethrrotullimin.jpg\",\"width\":502,\"height\":339},{\"@type\":\"WebPage\",\"@id\":\"https:\/\/www.visit-ulcinj.com\/blog\/2017\/03\/13\/hapet-tenderi-per-ndertimin-e-rrethrrotullimit-ne-hyrje-te-qytetit-te-ulqinit\/#webpage\",\"url\":\"https:\/\/www.visit-ulcinj.com\/blog\/2017\/03\/13\/hapet-tenderi-per-ndertimin-e-rrethrrotullimit-ne-hyrje-te-qytetit-te-ulqinit\/\",\"name\":\"Hapet tenderi p\u00ebr nd\u00ebrtimin e rrethrrotullimit n\u00eb hyrje t\u00eb qytetit t\u00eb Ulqinit - Lajme nga Ulqini\",\"isPartOf\":{\"@id\":\"https:\/\/www.visit-ulcinj.com\/blog\/#website\"},\"primaryImageOfPage\":{\"@id\":\"https:\/\/www.visit-ulcinj.com\/blog\/2017\/03\/13\/hapet-tenderi-per-ndertimin-e-rrethrrotullimit-ne-hyrje-te-qytetit-te-ulqinit\/#primaryimage\"},\"datePublished\":\"2017-03-13T18:41:50+00:00\",\"dateModified\":\"2017-03-15T09:12:09+00:00\",\"author\":{\"@id\":\"https:\/\/www.visit-ulcinj.com\/blog\/#\/schema\/person\/dcab619c614d3038751c63bc2aadc06d\"},\"description\":\"Pas publikimit t\u00eb lajmit \\\"Rrethrrotullimit n\u00eb hyrje t\u00eb qytetit t\u00eb Ulqinit\\\" para tre muajsh t\u00eb paralajmeruara nga portali TV Teuta sot ky lajm\u00eb u b\u00eb\",\"breadcrumb\":{\"@id\":\"https:\/\/www.visit-ulcinj.com\/blog\/2017\/03\/13\/hapet-tenderi-per-ndertimin-e-rrethrrotullimit-ne-hyrje-te-qytetit-te-ulqinit\/#breadcrumb\"},\"inLanguage\":\"en-US\",\"potentialAction\":[{\"@type\":\"ReadAction\",\"target\":[\"https:\/\/www.visit-ulcinj.com\/blog\/2017\/03\/13\/hapet-tenderi-per-ndertimin-e-rrethrrotullimit-ne-hyrje-te-qytetit-te-ulqinit\/\"]}]},{\"@type\":\"BreadcrumbList\",\"@id\":\"https:\/\/www.visit-ulcinj.com\/blog\/2017\/03\/13\/hapet-tenderi-per-ndertimin-e-rrethrrotullimit-ne-hyrje-te-qytetit-te-ulqinit\/#breadcrumb\",\"itemListElement\":[{\"@type\":\"ListItem\",\"position\":1,\"name\":\"Hapet tenderi p\u00ebr nd\u00ebrtimin e rrethrrotullimit n\u00eb hyrje t\u00eb qytetit t\u00eb Ulqinit\"}]},{\"@type\":\"Person\",\"@id\":\"https:\/\/www.visit-ulcinj.com\/blog\/#\/schema\/person\/dcab619c614d3038751c63bc2aadc06d\",\"name\":\"ulqini\",\"sameAs\":[\"http:\/\/www.visit-ulcinj.com\"],\"url\":\"https:\/\/www.visit-ulcinj.com\/blog\/author\/admin\/\"}]}<\/script>\n<!-- \/ Yoast SEO plugin. -->","yoast_head_json":{"title":"Hapet tenderi p\u00ebr nd\u00ebrtimin e rrethrrotullimit n\u00eb hyrje t\u00eb qytetit t\u00eb Ulqinit - Lajme nga Ulqini","description":"Pas publikimit t\u00eb lajmit \"Rrethrrotullimit n\u00eb hyrje t\u00eb qytetit t\u00eb Ulqinit\" para tre muajsh t\u00eb paralajmeruara nga portali TV Teuta sot ky lajm\u00eb u b\u00eb","robots":{"index":"index","follow":"follow","max-snippet":"max-snippet:-1","max-image-preview":"max-image-preview:large","max-video-preview":"max-video-preview:-1"},"canonical":"https:\/\/www.visit-ulcinj.com\/blog\/2017\/03\/13\/hapet-tenderi-per-ndertimin-e-rrethrrotullimit-ne-hyrje-te-qytetit-te-ulqinit\/","og_locale":"en_US","og_type":"article","og_title":"Hapet tenderi p\u00ebr nd\u00ebrtimin e rrethrrotullimit n\u00eb hyrje t\u00eb qytetit t\u00eb Ulqinit - Lajme nga Ulqini","og_description":"Pas publikimit t\u00eb lajmit \"Rrethrrotullimit n\u00eb hyrje t\u00eb qytetit t\u00eb Ulqinit\" para tre muajsh t\u00eb paralajmeruara nga portali TV Teuta sot ky lajm\u00eb u b\u00eb","og_url":"https:\/\/www.visit-ulcinj.com\/blog\/2017\/03\/13\/hapet-tenderi-per-ndertimin-e-rrethrrotullimit-ne-hyrje-te-qytetit-te-ulqinit\/","og_site_name":"Lajme nga Ulqini","article_published_time":"2017-03-13T18:41:50+00:00","article_modified_time":"2017-03-15T09:12:09+00:00","og_image":[{"url":"http:\/\/www.visit-ulcinj.com\/blog\/wp-content\/uploads\/2016\/12\/Komuna-Ulqinit-planifikon-Rrethrrotullimin.jpg"}],"twitter_misc":{"Written by":"ulqini","Est. reading time":"1 minute"},"schema":{"@context":"https:\/\/schema.org","@graph":[{"@type":"WebSite","@id":"https:\/\/www.visit-ulcinj.com\/blog\/#website","url":"https:\/\/www.visit-ulcinj.com\/blog\/","name":"Lajme nga Ulqini","description":"Lajme,Vijesti,Ulqini,Ulqin,Crna Gora,Mali i Zi","potentialAction":[{"@type":"SearchAction","target":{"@type":"EntryPoint","urlTemplate":"https:\/\/www.visit-ulcinj.com\/blog\/?s={search_term_string}"},"query-input":"required name=search_term_string"}],"inLanguage":"en-US"},{"@type":"ImageObject","inLanguage":"en-US","@id":"https:\/\/www.visit-ulcinj.com\/blog\/2017\/03\/13\/hapet-tenderi-per-ndertimin-e-rrethrrotullimit-ne-hyrje-te-qytetit-te-ulqinit\/#primaryimage","url":"https:\/\/www.visit-ulcinj.com\/blog\/wp-content\/uploads\/2016\/12\/Komuna-Ulqinit-planifikon-Rrethrrotullimin.jpg","contentUrl":"https:\/\/www.visit-ulcinj.com\/blog\/wp-content\/uploads\/2016\/12\/Komuna-Ulqinit-planifikon-Rrethrrotullimin.jpg","width":502,"height":339},{"@type":"WebPage","@id":"https:\/\/www.visit-ulcinj.com\/blog\/2017\/03\/13\/hapet-tenderi-per-ndertimin-e-rrethrrotullimit-ne-hyrje-te-qytetit-te-ulqinit\/#webpage","url":"https:\/\/www.visit-ulcinj.com\/blog\/2017\/03\/13\/hapet-tenderi-per-ndertimin-e-rrethrrotullimit-ne-hyrje-te-qytetit-te-ulqinit\/","name":"Hapet tenderi p\u00ebr nd\u00ebrtimin e rrethrrotullimit n\u00eb hyrje t\u00eb qytetit t\u00eb Ulqinit - Lajme nga Ulqini","isPartOf":{"@id":"https:\/\/www.visit-ulcinj.com\/blog\/#website"},"primaryImageOfPage":{"@id":"https:\/\/www.visit-ulcinj.com\/blog\/2017\/03\/13\/hapet-tenderi-per-ndertimin-e-rrethrrotullimit-ne-hyrje-te-qytetit-te-ulqinit\/#primaryimage"},"datePublished":"2017-03-13T18:41:50+00:00","dateModified":"2017-03-15T09:12:09+00:00","author":{"@id":"https:\/\/www.visit-ulcinj.com\/blog\/#\/schema\/person\/dcab619c614d3038751c63bc2aadc06d"},"description":"Pas publikimit t\u00eb lajmit \"Rrethrrotullimit n\u00eb hyrje t\u00eb qytetit t\u00eb Ulqinit\" para tre muajsh t\u00eb paralajmeruara nga portali TV Teuta sot ky lajm\u00eb u b\u00eb","breadcrumb":{"@id":"https:\/\/www.visit-ulcinj.com\/blog\/2017\/03\/13\/hapet-tenderi-per-ndertimin-e-rrethrrotullimit-ne-hyrje-te-qytetit-te-ulqinit\/#breadcrumb"},"inLanguage":"en-US","potentialAction":[{"@type":"ReadAction","target":["https:\/\/www.visit-ulcinj.com\/blog\/2017\/03\/13\/hapet-tenderi-per-ndertimin-e-rrethrrotullimit-ne-hyrje-te-qytetit-te-ulqinit\/"]}]},{"@type":"BreadcrumbList","@id":"https:\/\/www.visit-ulcinj.com\/blog\/2017\/03\/13\/hapet-tenderi-per-ndertimin-e-rrethrrotullimit-ne-hyrje-te-qytetit-te-ulqinit\/#breadcrumb","itemListElement":[{"@type":"ListItem","position":1,"name":"Hapet tenderi p\u00ebr nd\u00ebrtimin e rrethrrotullimit n\u00eb hyrje t\u00eb qytetit t\u00eb Ulqinit"}]},{"@type":"Person","@id":"https:\/\/www.visit-ulcinj.com\/blog\/#\/schema\/person\/dcab619c614d3038751c63bc2aadc06d","name":"ulqini","sameAs":["http:\/\/www.visit-ulcinj.com"],"url":"https:\/\/www.visit-ulcinj.com\/blog\/author\/admin\/"}]}},"jetpack_featured_media_url":"","jetpack_sharing_enabled":true,"jetpack_shortlink":"https:\/\/wp.me\/pe6lTn-qWu","_links":{"self":[{"href":"https:\/\/www.visit-ulcinj.com\/blog\/wp-json\/wp\/v2\/posts\/103570"}],"collection":[{"href":"https:\/\/www.visit-ulcinj.com\/blog\/wp-json\/wp\/v2\/posts"}],"about":[{"href":"https:\/\/www.visit-ulcinj.com\/blog\/wp-json\/wp\/v2\/types\/post"}],"author":[{"embeddable":true,"href":"https:\/\/www.visit-ulcinj.com\/blog\/wp-json\/wp\/v2\/users\/1"}],"replies":[{"embeddable":true,"href":"https:\/\/www.visit-ulcinj.com\/blog\/wp-json\/wp\/v2\/comments?post=103570"}],"version-history":[{"count":2,"href":"https:\/\/www.visit-ulcinj.com\/blog\/wp-json\/wp\/v2\/posts\/103570\/revisions"}],"predecessor-version":[{"id":103572,"href":"https:\/\/www.visit-ulcinj.com\/blog\/wp-json\/wp\/v2\/posts\/103570\/revisions\/103572"}],"wp:attachment":[{"href":"https:\/\/www.visit-ulcinj.com\/blog\/wp-json\/wp\/v2\/media?parent=103570"}],"wp:term":[{"taxonomy":"category","embeddable":true,"href":"https:\/\/www.visit-ulcinj.com\/blog\/wp-json\/wp\/v2\/categories?post=103570"},{"taxonomy":"post_tag","embeddable":true,"href":"https:\/\/www.visit-ulcinj.com\/blog\/wp-json\/wp\/v2\/tags?post=103570"}],"curies":[{"name":"wp","href":"https:\/\/api.w.org\/{rel}","templated":true}]}}