{"id":103577,"date":"2017-03-14T12:13:50","date_gmt":"2017-03-14T11:13:50","guid":{"rendered":"http:\/\/www.visit-ulcinj.com\/blog\/?p=103577"},"modified":"2017-03-14T12:14:29","modified_gmt":"2017-03-14T11:14:29","slug":"raport-per-ballkan-investitoret-nuk-vijne-se-ska-drejtesi","status":"publish","type":"post","link":"https:\/\/www.visit-ulcinj.com\/blog\/2017\/03\/14\/raport-per-ballkan-investitoret-nuk-vijne-se-ska-drejtesi\/","title":{"rendered":"Raport per Ballkan: Investitor\u00ebt nuk vijn\u00eb se s\u2019ka drejt\u00ebsi"},"content":{"rendered":"<div class=\"really_simple_share_clearfix\"><a href=\"http:\/\/www.visit-ulcinj.com\/blog\/wp-content\/uploads\/2017\/03\/Friends-of-Europe.jpg\"><img loading=\"lazy\" class=\"alignleft wp-image-103578\" src=\"http:\/\/www.visit-ulcinj.com\/blog\/wp-content\/uploads\/2017\/03\/Friends-of-Europe.jpg\" alt=\"Friends of Europe\" width=\"508\" height=\"508\" \/><\/a>\u201cPa besimin te sundimi i ligjit, investitor\u00ebt e huaj do t\u00eb ngurrojn\u00eb q\u00eb t\u00eb investojn\u00eb\u201d. K\u00ebshtu thuhet n\u00eb raportin e hartuar p\u00ebr Ballkanin Per\u00ebndimor sa i p\u00ebrket nd\u00ebrlidhjes me Bashkimin Europian t\u00eb realizuar nga \u201c<strong>Friends of Europ<\/strong>e\u201d.<\/div>\n<p>N\u00eb k\u00ebt\u00eb dokument thuhet se p\u00ebr vendet e Ballkanit Per\u00ebndimor integrimi n\u00eb BE do t\u00eb jet\u00eb nj\u00eb proces m\u00eb i gjat\u00eb dhe m\u00eb i v\u00ebshtir\u00eb n\u00eb krahasim me vendet e tjera t\u00eb Ballkanit edhe pse do t\u00eb shoq\u00ebrohet me aspekte pozitive si\u00e7\u00ebsht\u00eb an\u00ebtar\u00ebsimi, modernizimi i ekonomive, qeverisjeve dhe shoq\u00ebris\u00eb.<\/p>\n<p>Sipas raportit, tre duhet t\u00eb jen\u00eb aspektet ku duhet t\u00eb fokusohen gjasht\u00eb vendet e Ballkanit Per\u00ebndimor.\u00a0E para. e q\u00eb ka t\u00eb b\u00ebj\u00eb m\u00eb shum\u00eb me qeverin\u00eb ka t\u00eb b\u00ebj\u00eb me reform\u00ebn n\u00eb Drejt\u00ebsi dhe te institucionet qeveris\u00ebse, raporton Monitor. Mungesa e t\u00eb cilave, thuhet n\u00eb raport, \u201cbizneset e huaja do t\u00eb ngurronin t\u00eb investonin\u201d.<\/p>\n<p>N\u00eb k\u00ebt\u00eb dokument thuhet se biznesi ka nevoj\u00eb p\u00ebr lidhje m\u00eb t\u00eb mir\u00eb t\u00eb transportit, p\u00ebr p\u00ebrmir\u00ebsim t\u00eb IT-s\u00eb, gj\u00eb e cila do t\u00eb p\u00ebrmir\u00ebsonte nd\u00ebrlidhjen mes vendeve t\u00eb Ballkanit, do t\u00eb rriste vendet e pun\u00ebs te t\u00eb rinjt\u00eb, t\u00eb cil\u00ebt vuajn\u00eb norm\u00ebn e lart\u00eb t\u00eb papun\u00ebsis\u00eb.\u00a0Edukimi, thuhet n\u00eb raport duhet t\u00eb jet\u00eb nj\u00eb tjet\u00ebr prioritet p\u00ebr t\u2019u mund\u00ebsuar t\u00eb rinjve aft\u00ebsimin, si dhe t\u00eb angazhohen m\u00eb shum\u00eb n\u00eb ekonomin\u00eb globale.<\/p>\n<p>Monitor<\/p>\n","protected":false},"excerpt":{"rendered":"<p>\u201cPa besimin te sundimi i ligjit, investitor\u00ebt e huaj do t\u00eb ngurrojn\u00eb q\u00eb t\u00eb investojn\u00eb\u201d. K\u00ebshtu thuhet n\u00eb raportin e hartuar p\u00ebr Ballkanin Per\u00ebndimor sa i p\u00ebrket nd\u00ebrlidhjes me Bashkimin Europian t\u00eb realizuar nga \u201cFriends of Europe\u201d. N\u00eb k\u00ebt\u00eb dokument thuhet se p\u00ebr vendet e Ballkanit Per\u00ebndimor integrimi n\u00eb BE do t\u00eb jet\u00eb nj\u00eb proces [&hellip;]<\/p>\n","protected":false},"author":1,"featured_media":0,"comment_status":"closed","ping_status":"closed","sticky":false,"template":"","format":"standard","meta":{"spay_email":"","jetpack_publicize_message":"","jetpack_is_tweetstorm":false,"jetpack_publicize_feature_enabled":true},"categories":[10],"tags":[],"jetpack_publicize_connections":[],"yoast_head":"<!-- This site is optimized with the Yoast SEO plugin v19.1 - https:\/\/yoast.com\/wordpress\/plugins\/seo\/ -->\n<title>Raport per Ballkan: Investitor\u00ebt nuk vijn\u00eb se s\u2019ka drejt\u00ebsi - Lajme nga Ulqini<\/title>\n<meta name=\"description\" content=\"\u201cPa besimin te sundimi i ligjit, investitor\u00ebt e huaj do t\u00eb ngurrojn\u00eb q\u00eb t\u00eb investojn\u00eb\u201d. K\u00ebshtu thuhet n\u00eb raportin e hartuar p\u00ebr Ballkanin Per\u00ebndimor sa i\" \/>\n<meta name=\"robots\" content=\"index, follow, max-snippet:-1, max-image-preview:large, max-video-preview:-1\" \/>\n<link rel=\"canonical\" href=\"https:\/\/www.visit-ulcinj.com\/blog\/2017\/03\/14\/raport-per-ballkan-investitoret-nuk-vijne-se-ska-drejtesi\/\" \/>\n<meta property=\"og:locale\" content=\"en_US\" \/>\n<meta property=\"og:type\" content=\"article\" \/>\n<meta property=\"og:title\" content=\"Raport per Ballkan: Investitor\u00ebt nuk vijn\u00eb se s\u2019ka drejt\u00ebsi - Lajme nga Ulqini\" \/>\n<meta property=\"og:description\" content=\"\u201cPa besimin te sundimi i ligjit, investitor\u00ebt e huaj do t\u00eb ngurrojn\u00eb q\u00eb t\u00eb investojn\u00eb\u201d. K\u00ebshtu thuhet n\u00eb raportin e hartuar p\u00ebr Ballkanin Per\u00ebndimor sa i\" \/>\n<meta property=\"og:url\" content=\"https:\/\/www.visit-ulcinj.com\/blog\/2017\/03\/14\/raport-per-ballkan-investitoret-nuk-vijne-se-ska-drejtesi\/\" \/>\n<meta property=\"og:site_name\" content=\"Lajme nga Ulqini\" \/>\n<meta property=\"article:published_time\" content=\"2017-03-14T11:13:50+00:00\" \/>\n<meta property=\"article:modified_time\" content=\"2017-03-14T11:14:29+00:00\" \/>\n<meta property=\"og:image\" content=\"http:\/\/www.visit-ulcinj.com\/blog\/wp-content\/uploads\/2017\/03\/Friends-of-Europe.jpg\" \/>\n<meta name=\"twitter:label1\" content=\"Written by\" \/>\n\t<meta name=\"twitter:data1\" content=\"ulqini\" \/>\n\t<meta name=\"twitter:label2\" content=\"Est. reading time\" \/>\n\t<meta name=\"twitter:data2\" content=\"1 minute\" \/>\n<script type=\"application\/ld+json\" class=\"yoast-schema-graph\">{\"@context\":\"https:\/\/schema.org\",\"@graph\":[{\"@type\":\"WebSite\",\"@id\":\"https:\/\/www.visit-ulcinj.com\/blog\/#website\",\"url\":\"https:\/\/www.visit-ulcinj.com\/blog\/\",\"name\":\"Lajme nga Ulqini\",\"description\":\"Lajme,Vijesti,Ulqini,Ulqin,Crna Gora,Mali i Zi\",\"potentialAction\":[{\"@type\":\"SearchAction\",\"target\":{\"@type\":\"EntryPoint\",\"urlTemplate\":\"https:\/\/www.visit-ulcinj.com\/blog\/?s={search_term_string}\"},\"query-input\":\"required name=search_term_string\"}],\"inLanguage\":\"en-US\"},{\"@type\":\"ImageObject\",\"inLanguage\":\"en-US\",\"@id\":\"https:\/\/www.visit-ulcinj.com\/blog\/2017\/03\/14\/raport-per-ballkan-investitoret-nuk-vijne-se-ska-drejtesi\/#primaryimage\",\"url\":\"http:\/\/www.visit-ulcinj.com\/blog\/wp-content\/uploads\/2017\/03\/Friends-of-Europe.jpg\",\"contentUrl\":\"http:\/\/www.visit-ulcinj.com\/blog\/wp-content\/uploads\/2017\/03\/Friends-of-Europe.jpg\"},{\"@type\":\"WebPage\",\"@id\":\"https:\/\/www.visit-ulcinj.com\/blog\/2017\/03\/14\/raport-per-ballkan-investitoret-nuk-vijne-se-ska-drejtesi\/#webpage\",\"url\":\"https:\/\/www.visit-ulcinj.com\/blog\/2017\/03\/14\/raport-per-ballkan-investitoret-nuk-vijne-se-ska-drejtesi\/\",\"name\":\"Raport per Ballkan: Investitor\u00ebt nuk vijn\u00eb se s\u2019ka drejt\u00ebsi - Lajme nga Ulqini\",\"isPartOf\":{\"@id\":\"https:\/\/www.visit-ulcinj.com\/blog\/#website\"},\"primaryImageOfPage\":{\"@id\":\"https:\/\/www.visit-ulcinj.com\/blog\/2017\/03\/14\/raport-per-ballkan-investitoret-nuk-vijne-se-ska-drejtesi\/#primaryimage\"},\"datePublished\":\"2017-03-14T11:13:50+00:00\",\"dateModified\":\"2017-03-14T11:14:29+00:00\",\"author\":{\"@id\":\"https:\/\/www.visit-ulcinj.com\/blog\/#\/schema\/person\/dcab619c614d3038751c63bc2aadc06d\"},\"description\":\"\u201cPa besimin te sundimi i ligjit, investitor\u00ebt e huaj do t\u00eb ngurrojn\u00eb q\u00eb t\u00eb investojn\u00eb\u201d. K\u00ebshtu thuhet n\u00eb raportin e hartuar p\u00ebr Ballkanin Per\u00ebndimor sa i\",\"breadcrumb\":{\"@id\":\"https:\/\/www.visit-ulcinj.com\/blog\/2017\/03\/14\/raport-per-ballkan-investitoret-nuk-vijne-se-ska-drejtesi\/#breadcrumb\"},\"inLanguage\":\"en-US\",\"potentialAction\":[{\"@type\":\"ReadAction\",\"target\":[\"https:\/\/www.visit-ulcinj.com\/blog\/2017\/03\/14\/raport-per-ballkan-investitoret-nuk-vijne-se-ska-drejtesi\/\"]}]},{\"@type\":\"BreadcrumbList\",\"@id\":\"https:\/\/www.visit-ulcinj.com\/blog\/2017\/03\/14\/raport-per-ballkan-investitoret-nuk-vijne-se-ska-drejtesi\/#breadcrumb\",\"itemListElement\":[{\"@type\":\"ListItem\",\"position\":1,\"name\":\"Raport per Ballkan: Investitor\u00ebt nuk vijn\u00eb se s\u2019ka drejt\u00ebsi\"}]},{\"@type\":\"Person\",\"@id\":\"https:\/\/www.visit-ulcinj.com\/blog\/#\/schema\/person\/dcab619c614d3038751c63bc2aadc06d\",\"name\":\"ulqini\",\"sameAs\":[\"http:\/\/www.visit-ulcinj.com\"],\"url\":\"https:\/\/www.visit-ulcinj.com\/blog\/author\/admin\/\"}]}<\/script>\n<!-- \/ Yoast SEO plugin. -->","yoast_head_json":{"title":"Raport per Ballkan: Investitor\u00ebt nuk vijn\u00eb se s\u2019ka drejt\u00ebsi - Lajme nga Ulqini","description":"\u201cPa besimin te sundimi i ligjit, investitor\u00ebt e huaj do t\u00eb ngurrojn\u00eb q\u00eb t\u00eb investojn\u00eb\u201d. K\u00ebshtu thuhet n\u00eb raportin e hartuar p\u00ebr Ballkanin Per\u00ebndimor sa i","robots":{"index":"index","follow":"follow","max-snippet":"max-snippet:-1","max-image-preview":"max-image-preview:large","max-video-preview":"max-video-preview:-1"},"canonical":"https:\/\/www.visit-ulcinj.com\/blog\/2017\/03\/14\/raport-per-ballkan-investitoret-nuk-vijne-se-ska-drejtesi\/","og_locale":"en_US","og_type":"article","og_title":"Raport per Ballkan: Investitor\u00ebt nuk vijn\u00eb se s\u2019ka drejt\u00ebsi - Lajme nga Ulqini","og_description":"\u201cPa besimin te sundimi i ligjit, investitor\u00ebt e huaj do t\u00eb ngurrojn\u00eb q\u00eb t\u00eb investojn\u00eb\u201d. K\u00ebshtu thuhet n\u00eb raportin e hartuar p\u00ebr Ballkanin Per\u00ebndimor sa i","og_url":"https:\/\/www.visit-ulcinj.com\/blog\/2017\/03\/14\/raport-per-ballkan-investitoret-nuk-vijne-se-ska-drejtesi\/","og_site_name":"Lajme nga Ulqini","article_published_time":"2017-03-14T11:13:50+00:00","article_modified_time":"2017-03-14T11:14:29+00:00","og_image":[{"url":"http:\/\/www.visit-ulcinj.com\/blog\/wp-content\/uploads\/2017\/03\/Friends-of-Europe.jpg"}],"twitter_misc":{"Written by":"ulqini","Est. reading time":"1 minute"},"schema":{"@context":"https:\/\/schema.org","@graph":[{"@type":"WebSite","@id":"https:\/\/www.visit-ulcinj.com\/blog\/#website","url":"https:\/\/www.visit-ulcinj.com\/blog\/","name":"Lajme nga Ulqini","description":"Lajme,Vijesti,Ulqini,Ulqin,Crna Gora,Mali i Zi","potentialAction":[{"@type":"SearchAction","target":{"@type":"EntryPoint","urlTemplate":"https:\/\/www.visit-ulcinj.com\/blog\/?s={search_term_string}"},"query-input":"required name=search_term_string"}],"inLanguage":"en-US"},{"@type":"ImageObject","inLanguage":"en-US","@id":"https:\/\/www.visit-ulcinj.com\/blog\/2017\/03\/14\/raport-per-ballkan-investitoret-nuk-vijne-se-ska-drejtesi\/#primaryimage","url":"http:\/\/www.visit-ulcinj.com\/blog\/wp-content\/uploads\/2017\/03\/Friends-of-Europe.jpg","contentUrl":"http:\/\/www.visit-ulcinj.com\/blog\/wp-content\/uploads\/2017\/03\/Friends-of-Europe.jpg"},{"@type":"WebPage","@id":"https:\/\/www.visit-ulcinj.com\/blog\/2017\/03\/14\/raport-per-ballkan-investitoret-nuk-vijne-se-ska-drejtesi\/#webpage","url":"https:\/\/www.visit-ulcinj.com\/blog\/2017\/03\/14\/raport-per-ballkan-investitoret-nuk-vijne-se-ska-drejtesi\/","name":"Raport per Ballkan: Investitor\u00ebt nuk vijn\u00eb se s\u2019ka drejt\u00ebsi - Lajme nga Ulqini","isPartOf":{"@id":"https:\/\/www.visit-ulcinj.com\/blog\/#website"},"primaryImageOfPage":{"@id":"https:\/\/www.visit-ulcinj.com\/blog\/2017\/03\/14\/raport-per-ballkan-investitoret-nuk-vijne-se-ska-drejtesi\/#primaryimage"},"datePublished":"2017-03-14T11:13:50+00:00","dateModified":"2017-03-14T11:14:29+00:00","author":{"@id":"https:\/\/www.visit-ulcinj.com\/blog\/#\/schema\/person\/dcab619c614d3038751c63bc2aadc06d"},"description":"\u201cPa besimin te sundimi i ligjit, investitor\u00ebt e huaj do t\u00eb ngurrojn\u00eb q\u00eb t\u00eb investojn\u00eb\u201d. K\u00ebshtu thuhet n\u00eb raportin e hartuar p\u00ebr Ballkanin Per\u00ebndimor sa i","breadcrumb":{"@id":"https:\/\/www.visit-ulcinj.com\/blog\/2017\/03\/14\/raport-per-ballkan-investitoret-nuk-vijne-se-ska-drejtesi\/#breadcrumb"},"inLanguage":"en-US","potentialAction":[{"@type":"ReadAction","target":["https:\/\/www.visit-ulcinj.com\/blog\/2017\/03\/14\/raport-per-ballkan-investitoret-nuk-vijne-se-ska-drejtesi\/"]}]},{"@type":"BreadcrumbList","@id":"https:\/\/www.visit-ulcinj.com\/blog\/2017\/03\/14\/raport-per-ballkan-investitoret-nuk-vijne-se-ska-drejtesi\/#breadcrumb","itemListElement":[{"@type":"ListItem","position":1,"name":"Raport per Ballkan: Investitor\u00ebt nuk vijn\u00eb se s\u2019ka drejt\u00ebsi"}]},{"@type":"Person","@id":"https:\/\/www.visit-ulcinj.com\/blog\/#\/schema\/person\/dcab619c614d3038751c63bc2aadc06d","name":"ulqini","sameAs":["http:\/\/www.visit-ulcinj.com"],"url":"https:\/\/www.visit-ulcinj.com\/blog\/author\/admin\/"}]}},"jetpack_featured_media_url":"","jetpack_sharing_enabled":true,"jetpack_shortlink":"https:\/\/wp.me\/pe6lTn-qWB","_links":{"self":[{"href":"https:\/\/www.visit-ulcinj.com\/blog\/wp-json\/wp\/v2\/posts\/103577"}],"collection":[{"href":"https:\/\/www.visit-ulcinj.com\/blog\/wp-json\/wp\/v2\/posts"}],"about":[{"href":"https:\/\/www.visit-ulcinj.com\/blog\/wp-json\/wp\/v2\/types\/post"}],"author":[{"embeddable":true,"href":"https:\/\/www.visit-ulcinj.com\/blog\/wp-json\/wp\/v2\/users\/1"}],"replies":[{"embeddable":true,"href":"https:\/\/www.visit-ulcinj.com\/blog\/wp-json\/wp\/v2\/comments?post=103577"}],"version-history":[{"count":2,"href":"https:\/\/www.visit-ulcinj.com\/blog\/wp-json\/wp\/v2\/posts\/103577\/revisions"}],"predecessor-version":[{"id":103580,"href":"https:\/\/www.visit-ulcinj.com\/blog\/wp-json\/wp\/v2\/posts\/103577\/revisions\/103580"}],"wp:attachment":[{"href":"https:\/\/www.visit-ulcinj.com\/blog\/wp-json\/wp\/v2\/media?parent=103577"}],"wp:term":[{"taxonomy":"category","embeddable":true,"href":"https:\/\/www.visit-ulcinj.com\/blog\/wp-json\/wp\/v2\/categories?post=103577"},{"taxonomy":"post_tag","embeddable":true,"href":"https:\/\/www.visit-ulcinj.com\/blog\/wp-json\/wp\/v2\/tags?post=103577"}],"curies":[{"name":"wp","href":"https:\/\/api.w.org\/{rel}","templated":true}]}}