{"id":103581,"date":"2017-03-15T10:02:43","date_gmt":"2017-03-15T09:02:43","guid":{"rendered":"http:\/\/www.visit-ulcinj.com\/blog\/?p=103581"},"modified":"2017-03-15T10:37:43","modified_gmt":"2017-03-15T09:37:43","slug":"ot-e-ulqinit-ne-panairin-nderkombetar-te-moskves-mitt-2017","status":"publish","type":"post","link":"https:\/\/www.visit-ulcinj.com\/blog\/2017\/03\/15\/ot-e-ulqinit-ne-panairin-nderkombetar-te-moskves-mitt-2017\/","title":{"rendered":"OT e Ulqinit n\u00eb panairin nd\u00ebrkomb\u00ebtar t\u00eb Moskv\u00ebs &#8220;MITT 2017&#8221;"},"content":{"rendered":"<p><a href=\"http:\/\/www.visit-ulcinj.com\/blog\/wp-content\/uploads\/2017\/03\/OT-Ulcinj-MITT-2017-Moscow-International-Travel-3.jpg\"><img loading=\"lazy\" class=\"alignleft wp-image-103582\" src=\"http:\/\/www.visit-ulcinj.com\/blog\/wp-content\/uploads\/2017\/03\/OT-Ulcinj-MITT-2017-Moscow-International-Travel-3.jpg\" alt=\"OT Ulcinj MITT 2017 - Moscow International Travel-3\" width=\"508\" height=\"286\" srcset=\"https:\/\/www.visit-ulcinj.com\/blog\/wp-content\/uploads\/2017\/03\/OT-Ulcinj-MITT-2017-Moscow-International-Travel-3.jpg 999w, https:\/\/www.visit-ulcinj.com\/blog\/wp-content\/uploads\/2017\/03\/OT-Ulcinj-MITT-2017-Moscow-International-Travel-3-300x169.jpg 300w, https:\/\/www.visit-ulcinj.com\/blog\/wp-content\/uploads\/2017\/03\/OT-Ulcinj-MITT-2017-Moscow-International-Travel-3-768x432.jpg 768w\" sizes=\"(max-width: 508px) 100vw, 508px\" \/><\/a>MITT Moska 2017<\/p>\n<p>Organizata Turistike e Ulqinit n\u00eb bashk\u00ebpunim me Organizat\u00ebn Nacionale, Organizatat lokale si dhe me afarist\u00ebt tan\u00eb, \u00ebsht\u00eb duke marr\u00eb pjes\u00eb n\u00eb panairin nd\u00ebrkomb\u00ebtar t\u00eb turizmit Mitt 2017 q\u00eb po mbahet n\u00eb Mosk\u00eb prej 14 deri 17 mars, dhe n\u00eb k\u00ebt\u00eb m\u00ebnyr\u00eb po prezantohet\u00a0 oferta turistike e Malit t\u00eb Zi. Mitt \u00ebsht\u00eb panairi m\u00eb i madh n\u00eb Rusi dhe nj\u00ebri nd\u00ebr m\u00eb t\u00eb r\u00ebnd\u00ebsishmit sa i p\u00ebrket panaireve t\u00eb turizmit bot\u00ebror. Me rreth 2000 ekspozues prej 200 vendeve t\u00eb ndryshme bot\u00ebrore, Mitt \u00ebsht\u00eb nj\u00eb vend ku kompanit\u00eb turistike dhe destinacionet turistike mund t\u00eb b\u00ebjn\u00eb kontrata me agjensionet dhe turoperater\u00ebt n\u00eb k\u00ebt\u00eb treg t\u00eb r\u00ebnd\u00ebsish\u00ebm.<\/p>\n<p>Delegacioni i Malit t\u00eb Zi drejtohet nga drejtoresha e ONT Zhelka Radak. Prej afaristeve nga Komuna e Ulqinit t\u00eb cil\u00ebt s\u00eb bashku me OT po prezantojn\u00eb ofert\u00ebn turistike jan\u00eb Riviera e Ulqinit, dhe apartmanet Eneida t\u00eb cil\u00ebt deri n\u00eb mbarim t\u00eb panairit do t\u00eb ken\u00eb kontakte me partner\u00eb dhe klijent\u00eb t\u00eb interesuar.<\/p>\n<p>N\u00eb k\u00ebt\u00eb panair marrin pjes\u00eb profesionist\u00eb nga l\u00ebmia e turizmit si\u00e7 jan\u00eb drejtora, menaxhere, p\u00ebrfaq\u00ebsues t\u00eb shteteve q\u00eb kan\u00eb nj\u00eb rol t\u00eb r\u00ebnd\u00ebsish\u00ebm n\u00eb industrin\u00eb e turizmit , k\u00ebshtu q\u00eb me bindje mund t\u00eb themi q\u00eb \u00ebsht\u00eb nj\u00eb vend ku mund t\u00eb shk\u00ebmbehen mendime, ide por edhe pse jo, t\u00eb n\u00ebnshkruhen kontrata t\u00eb reja dhe t\u00eb diskutohet p\u00ebr tema aktuale dhe t\u00eb definohen prioritetet n\u00eb l\u00ebmin e turizmit.<\/p>\n<p>Ruset jan\u00eb turist\u00eb q\u00eb vazhdimisht vizitojn\u00eb Malin e Zi, kurse Ulqinin n\u00eb vitin 2016 sipas t\u00eb dh\u00ebnave statistikore e kan\u00eb vizituar \u00a06.988 turiste nga Rusia q\u00eb kan\u00eb realizuar 65.804 fjetje.<\/p>\n<p>&nbsp;<\/p>\n<p>Sh\u00ebrbimi i OT Ulqin<\/p>\n<p>&nbsp;<\/p>\n","protected":false},"excerpt":{"rendered":"<p>MITT Moska 2017 Organizata Turistike e Ulqinit n\u00eb bashk\u00ebpunim me Organizat\u00ebn Nacionale, Organizatat lokale si dhe me afarist\u00ebt tan\u00eb, \u00ebsht\u00eb duke marr\u00eb pjes\u00eb n\u00eb panairin nd\u00ebrkomb\u00ebtar t\u00eb turizmit Mitt 2017 q\u00eb po mbahet n\u00eb Mosk\u00eb prej 14 deri 17 mars, dhe n\u00eb k\u00ebt\u00eb m\u00ebnyr\u00eb po prezantohet\u00a0 oferta turistike e Malit t\u00eb Zi. Mitt \u00ebsht\u00eb panairi [&hellip;]<\/p>\n","protected":false},"author":1,"featured_media":0,"comment_status":"closed","ping_status":"closed","sticky":false,"template":"","format":"standard","meta":{"spay_email":"","jetpack_publicize_message":"","jetpack_is_tweetstorm":false,"jetpack_publicize_feature_enabled":true},"categories":[1,15],"tags":[],"jetpack_publicize_connections":[],"yoast_head":"<!-- This site is optimized with the Yoast SEO plugin v19.1 - https:\/\/yoast.com\/wordpress\/plugins\/seo\/ -->\n<title>OT e Ulqinit n\u00eb panairin nd\u00ebrkomb\u00ebtar t\u00eb Moskv\u00ebs &quot;MITT 2017&quot; - Lajme nga Ulqini<\/title>\n<meta name=\"description\" content=\"MITT Moska 2017 Organizata Turistike e Ulqinit n\u00eb bashk\u00ebpunim me Organizat\u00ebn Nacionale, Organizatat lokale si dhe me afarist\u00ebt tan\u00eb, \u00ebsht\u00eb duke marr\u00eb\" \/>\n<meta name=\"robots\" content=\"index, follow, max-snippet:-1, max-image-preview:large, max-video-preview:-1\" \/>\n<link rel=\"canonical\" href=\"https:\/\/www.visit-ulcinj.com\/blog\/2017\/03\/15\/ot-e-ulqinit-ne-panairin-nderkombetar-te-moskves-mitt-2017\/\" \/>\n<meta property=\"og:locale\" content=\"en_US\" \/>\n<meta property=\"og:type\" content=\"article\" \/>\n<meta property=\"og:title\" content=\"OT e Ulqinit n\u00eb panairin nd\u00ebrkomb\u00ebtar t\u00eb Moskv\u00ebs &quot;MITT 2017&quot; - Lajme nga Ulqini\" \/>\n<meta property=\"og:description\" content=\"MITT Moska 2017 Organizata Turistike e Ulqinit n\u00eb bashk\u00ebpunim me Organizat\u00ebn Nacionale, Organizatat lokale si dhe me afarist\u00ebt tan\u00eb, \u00ebsht\u00eb duke marr\u00eb\" \/>\n<meta property=\"og:url\" content=\"https:\/\/www.visit-ulcinj.com\/blog\/2017\/03\/15\/ot-e-ulqinit-ne-panairin-nderkombetar-te-moskves-mitt-2017\/\" \/>\n<meta property=\"og:site_name\" content=\"Lajme nga Ulqini\" \/>\n<meta property=\"article:published_time\" content=\"2017-03-15T09:02:43+00:00\" \/>\n<meta property=\"article:modified_time\" content=\"2017-03-15T09:37:43+00:00\" \/>\n<meta property=\"og:image\" content=\"http:\/\/www.visit-ulcinj.com\/blog\/wp-content\/uploads\/2017\/03\/OT-Ulcinj-MITT-2017-Moscow-International-Travel-3.jpg\" \/>\n<meta name=\"twitter:label1\" content=\"Written by\" \/>\n\t<meta name=\"twitter:data1\" content=\"ulqini\" \/>\n\t<meta name=\"twitter:label2\" content=\"Est. reading time\" \/>\n\t<meta name=\"twitter:data2\" content=\"1 minute\" \/>\n<script type=\"application\/ld+json\" class=\"yoast-schema-graph\">{\"@context\":\"https:\/\/schema.org\",\"@graph\":[{\"@type\":\"WebSite\",\"@id\":\"https:\/\/www.visit-ulcinj.com\/blog\/#website\",\"url\":\"https:\/\/www.visit-ulcinj.com\/blog\/\",\"name\":\"Lajme nga Ulqini\",\"description\":\"Lajme,Vijesti,Ulqini,Ulqin,Crna Gora,Mali i Zi\",\"potentialAction\":[{\"@type\":\"SearchAction\",\"target\":{\"@type\":\"EntryPoint\",\"urlTemplate\":\"https:\/\/www.visit-ulcinj.com\/blog\/?s={search_term_string}\"},\"query-input\":\"required name=search_term_string\"}],\"inLanguage\":\"en-US\"},{\"@type\":\"ImageObject\",\"inLanguage\":\"en-US\",\"@id\":\"https:\/\/www.visit-ulcinj.com\/blog\/2017\/03\/15\/ot-e-ulqinit-ne-panairin-nderkombetar-te-moskves-mitt-2017\/#primaryimage\",\"url\":\"https:\/\/www.visit-ulcinj.com\/blog\/wp-content\/uploads\/2017\/03\/OT-Ulcinj-MITT-2017-Moscow-International-Travel-3.jpg\",\"contentUrl\":\"https:\/\/www.visit-ulcinj.com\/blog\/wp-content\/uploads\/2017\/03\/OT-Ulcinj-MITT-2017-Moscow-International-Travel-3.jpg\",\"width\":999,\"height\":562},{\"@type\":\"WebPage\",\"@id\":\"https:\/\/www.visit-ulcinj.com\/blog\/2017\/03\/15\/ot-e-ulqinit-ne-panairin-nderkombetar-te-moskves-mitt-2017\/#webpage\",\"url\":\"https:\/\/www.visit-ulcinj.com\/blog\/2017\/03\/15\/ot-e-ulqinit-ne-panairin-nderkombetar-te-moskves-mitt-2017\/\",\"name\":\"OT e Ulqinit n\u00eb panairin nd\u00ebrkomb\u00ebtar t\u00eb Moskv\u00ebs \\\"MITT 2017\\\" - Lajme nga Ulqini\",\"isPartOf\":{\"@id\":\"https:\/\/www.visit-ulcinj.com\/blog\/#website\"},\"primaryImageOfPage\":{\"@id\":\"https:\/\/www.visit-ulcinj.com\/blog\/2017\/03\/15\/ot-e-ulqinit-ne-panairin-nderkombetar-te-moskves-mitt-2017\/#primaryimage\"},\"datePublished\":\"2017-03-15T09:02:43+00:00\",\"dateModified\":\"2017-03-15T09:37:43+00:00\",\"author\":{\"@id\":\"https:\/\/www.visit-ulcinj.com\/blog\/#\/schema\/person\/dcab619c614d3038751c63bc2aadc06d\"},\"description\":\"MITT Moska 2017 Organizata Turistike e Ulqinit n\u00eb bashk\u00ebpunim me Organizat\u00ebn Nacionale, Organizatat lokale si dhe me afarist\u00ebt tan\u00eb, \u00ebsht\u00eb duke marr\u00eb\",\"breadcrumb\":{\"@id\":\"https:\/\/www.visit-ulcinj.com\/blog\/2017\/03\/15\/ot-e-ulqinit-ne-panairin-nderkombetar-te-moskves-mitt-2017\/#breadcrumb\"},\"inLanguage\":\"en-US\",\"potentialAction\":[{\"@type\":\"ReadAction\",\"target\":[\"https:\/\/www.visit-ulcinj.com\/blog\/2017\/03\/15\/ot-e-ulqinit-ne-panairin-nderkombetar-te-moskves-mitt-2017\/\"]}]},{\"@type\":\"BreadcrumbList\",\"@id\":\"https:\/\/www.visit-ulcinj.com\/blog\/2017\/03\/15\/ot-e-ulqinit-ne-panairin-nderkombetar-te-moskves-mitt-2017\/#breadcrumb\",\"itemListElement\":[{\"@type\":\"ListItem\",\"position\":1,\"name\":\"OT e Ulqinit n\u00eb panairin nd\u00ebrkomb\u00ebtar t\u00eb Moskv\u00ebs &#8220;MITT 2017&#8221;\"}]},{\"@type\":\"Person\",\"@id\":\"https:\/\/www.visit-ulcinj.com\/blog\/#\/schema\/person\/dcab619c614d3038751c63bc2aadc06d\",\"name\":\"ulqini\",\"sameAs\":[\"http:\/\/www.visit-ulcinj.com\"],\"url\":\"https:\/\/www.visit-ulcinj.com\/blog\/author\/admin\/\"}]}<\/script>\n<!-- \/ Yoast SEO plugin. -->","yoast_head_json":{"title":"OT e Ulqinit n\u00eb panairin nd\u00ebrkomb\u00ebtar t\u00eb Moskv\u00ebs \"MITT 2017\" - Lajme nga Ulqini","description":"MITT Moska 2017 Organizata Turistike e Ulqinit n\u00eb bashk\u00ebpunim me Organizat\u00ebn Nacionale, Organizatat lokale si dhe me afarist\u00ebt tan\u00eb, \u00ebsht\u00eb duke marr\u00eb","robots":{"index":"index","follow":"follow","max-snippet":"max-snippet:-1","max-image-preview":"max-image-preview:large","max-video-preview":"max-video-preview:-1"},"canonical":"https:\/\/www.visit-ulcinj.com\/blog\/2017\/03\/15\/ot-e-ulqinit-ne-panairin-nderkombetar-te-moskves-mitt-2017\/","og_locale":"en_US","og_type":"article","og_title":"OT e Ulqinit n\u00eb panairin nd\u00ebrkomb\u00ebtar t\u00eb Moskv\u00ebs \"MITT 2017\" - Lajme nga Ulqini","og_description":"MITT Moska 2017 Organizata Turistike e Ulqinit n\u00eb bashk\u00ebpunim me Organizat\u00ebn Nacionale, Organizatat lokale si dhe me afarist\u00ebt tan\u00eb, \u00ebsht\u00eb duke marr\u00eb","og_url":"https:\/\/www.visit-ulcinj.com\/blog\/2017\/03\/15\/ot-e-ulqinit-ne-panairin-nderkombetar-te-moskves-mitt-2017\/","og_site_name":"Lajme nga Ulqini","article_published_time":"2017-03-15T09:02:43+00:00","article_modified_time":"2017-03-15T09:37:43+00:00","og_image":[{"url":"http:\/\/www.visit-ulcinj.com\/blog\/wp-content\/uploads\/2017\/03\/OT-Ulcinj-MITT-2017-Moscow-International-Travel-3.jpg"}],"twitter_misc":{"Written by":"ulqini","Est. reading time":"1 minute"},"schema":{"@context":"https:\/\/schema.org","@graph":[{"@type":"WebSite","@id":"https:\/\/www.visit-ulcinj.com\/blog\/#website","url":"https:\/\/www.visit-ulcinj.com\/blog\/","name":"Lajme nga Ulqini","description":"Lajme,Vijesti,Ulqini,Ulqin,Crna Gora,Mali i Zi","potentialAction":[{"@type":"SearchAction","target":{"@type":"EntryPoint","urlTemplate":"https:\/\/www.visit-ulcinj.com\/blog\/?s={search_term_string}"},"query-input":"required name=search_term_string"}],"inLanguage":"en-US"},{"@type":"ImageObject","inLanguage":"en-US","@id":"https:\/\/www.visit-ulcinj.com\/blog\/2017\/03\/15\/ot-e-ulqinit-ne-panairin-nderkombetar-te-moskves-mitt-2017\/#primaryimage","url":"https:\/\/www.visit-ulcinj.com\/blog\/wp-content\/uploads\/2017\/03\/OT-Ulcinj-MITT-2017-Moscow-International-Travel-3.jpg","contentUrl":"https:\/\/www.visit-ulcinj.com\/blog\/wp-content\/uploads\/2017\/03\/OT-Ulcinj-MITT-2017-Moscow-International-Travel-3.jpg","width":999,"height":562},{"@type":"WebPage","@id":"https:\/\/www.visit-ulcinj.com\/blog\/2017\/03\/15\/ot-e-ulqinit-ne-panairin-nderkombetar-te-moskves-mitt-2017\/#webpage","url":"https:\/\/www.visit-ulcinj.com\/blog\/2017\/03\/15\/ot-e-ulqinit-ne-panairin-nderkombetar-te-moskves-mitt-2017\/","name":"OT e Ulqinit n\u00eb panairin nd\u00ebrkomb\u00ebtar t\u00eb Moskv\u00ebs \"MITT 2017\" - Lajme nga Ulqini","isPartOf":{"@id":"https:\/\/www.visit-ulcinj.com\/blog\/#website"},"primaryImageOfPage":{"@id":"https:\/\/www.visit-ulcinj.com\/blog\/2017\/03\/15\/ot-e-ulqinit-ne-panairin-nderkombetar-te-moskves-mitt-2017\/#primaryimage"},"datePublished":"2017-03-15T09:02:43+00:00","dateModified":"2017-03-15T09:37:43+00:00","author":{"@id":"https:\/\/www.visit-ulcinj.com\/blog\/#\/schema\/person\/dcab619c614d3038751c63bc2aadc06d"},"description":"MITT Moska 2017 Organizata Turistike e Ulqinit n\u00eb bashk\u00ebpunim me Organizat\u00ebn Nacionale, Organizatat lokale si dhe me afarist\u00ebt tan\u00eb, \u00ebsht\u00eb duke marr\u00eb","breadcrumb":{"@id":"https:\/\/www.visit-ulcinj.com\/blog\/2017\/03\/15\/ot-e-ulqinit-ne-panairin-nderkombetar-te-moskves-mitt-2017\/#breadcrumb"},"inLanguage":"en-US","potentialAction":[{"@type":"ReadAction","target":["https:\/\/www.visit-ulcinj.com\/blog\/2017\/03\/15\/ot-e-ulqinit-ne-panairin-nderkombetar-te-moskves-mitt-2017\/"]}]},{"@type":"BreadcrumbList","@id":"https:\/\/www.visit-ulcinj.com\/blog\/2017\/03\/15\/ot-e-ulqinit-ne-panairin-nderkombetar-te-moskves-mitt-2017\/#breadcrumb","itemListElement":[{"@type":"ListItem","position":1,"name":"OT e Ulqinit n\u00eb panairin nd\u00ebrkomb\u00ebtar t\u00eb Moskv\u00ebs &#8220;MITT 2017&#8221;"}]},{"@type":"Person","@id":"https:\/\/www.visit-ulcinj.com\/blog\/#\/schema\/person\/dcab619c614d3038751c63bc2aadc06d","name":"ulqini","sameAs":["http:\/\/www.visit-ulcinj.com"],"url":"https:\/\/www.visit-ulcinj.com\/blog\/author\/admin\/"}]}},"jetpack_featured_media_url":"","jetpack_sharing_enabled":true,"jetpack_shortlink":"https:\/\/wp.me\/pe6lTn-qWF","_links":{"self":[{"href":"https:\/\/www.visit-ulcinj.com\/blog\/wp-json\/wp\/v2\/posts\/103581"}],"collection":[{"href":"https:\/\/www.visit-ulcinj.com\/blog\/wp-json\/wp\/v2\/posts"}],"about":[{"href":"https:\/\/www.visit-ulcinj.com\/blog\/wp-json\/wp\/v2\/types\/post"}],"author":[{"embeddable":true,"href":"https:\/\/www.visit-ulcinj.com\/blog\/wp-json\/wp\/v2\/users\/1"}],"replies":[{"embeddable":true,"href":"https:\/\/www.visit-ulcinj.com\/blog\/wp-json\/wp\/v2\/comments?post=103581"}],"version-history":[{"count":1,"href":"https:\/\/www.visit-ulcinj.com\/blog\/wp-json\/wp\/v2\/posts\/103581\/revisions"}],"predecessor-version":[{"id":103583,"href":"https:\/\/www.visit-ulcinj.com\/blog\/wp-json\/wp\/v2\/posts\/103581\/revisions\/103583"}],"wp:attachment":[{"href":"https:\/\/www.visit-ulcinj.com\/blog\/wp-json\/wp\/v2\/media?parent=103581"}],"wp:term":[{"taxonomy":"category","embeddable":true,"href":"https:\/\/www.visit-ulcinj.com\/blog\/wp-json\/wp\/v2\/categories?post=103581"},{"taxonomy":"post_tag","embeddable":true,"href":"https:\/\/www.visit-ulcinj.com\/blog\/wp-json\/wp\/v2\/tags?post=103581"}],"curies":[{"name":"wp","href":"https:\/\/api.w.org\/{rel}","templated":true}]}}