{"id":103588,"date":"2017-03-15T10:33:42","date_gmt":"2017-03-15T09:33:42","guid":{"rendered":"http:\/\/www.visit-ulcinj.com\/blog\/?p=103588"},"modified":"2017-03-16T13:27:02","modified_gmt":"2017-03-16T12:27:02","slug":"ne-mal-te-zi-ngjitet-ne-skene-shfaqja-e-pare-ne-gjuhen-shqipe-video","status":"publish","type":"post","link":"https:\/\/www.visit-ulcinj.com\/blog\/2017\/03\/15\/ne-mal-te-zi-ngjitet-ne-skene-shfaqja-e-pare-ne-gjuhen-shqipe-video\/","title":{"rendered":"N\u00eb Mal t\u00eb Zi ngjitet n\u00eb sken\u00eb shfaqja e par\u00eb n\u00eb gjuh\u00ebn shqipe &#8211; Video"},"content":{"rendered":"<p><strong> <a href=\"http:\/\/www.visit-ulcinj.com\/blog\/wp-content\/uploads\/2017\/03\/N\u00eb-Mal-t\u00eb-Zi-ngjitet-n\u00eb-sken\u00eb-shfaqja-e-par\u00eb-n\u00eb-gjuh\u00ebn-shqipe.jpg\"><img loading=\"lazy\" class=\"alignleft wp-image-103589\" src=\"http:\/\/www.visit-ulcinj.com\/blog\/wp-content\/uploads\/2017\/03\/N\u00eb-Mal-t\u00eb-Zi-ngjitet-n\u00eb-sken\u00eb-shfaqja-e-par\u00eb-n\u00eb-gjuh\u00ebn-shqipe.jpg\" alt=\"N\u00eb Mal t\u00eb Zi ngjitet n\u00eb sken\u00eb shfaqja e par\u00eb n\u00eb gjuh\u00ebn shqipe\" width=\"508\" height=\"278\" srcset=\"https:\/\/www.visit-ulcinj.com\/blog\/wp-content\/uploads\/2017\/03\/N\u00eb-Mal-t\u00eb-Zi-ngjitet-n\u00eb-sken\u00eb-shfaqja-e-par\u00eb-n\u00eb-gjuh\u00ebn-shqipe.jpg 633w, https:\/\/www.visit-ulcinj.com\/blog\/wp-content\/uploads\/2017\/03\/N\u00eb-Mal-t\u00eb-Zi-ngjitet-n\u00eb-sken\u00eb-shfaqja-e-par\u00eb-n\u00eb-gjuh\u00ebn-shqipe-300x164.jpg 300w\" sizes=\"(max-width: 508px) 100vw, 508px\" \/><\/a>Teatri \u201cTeuta\u201d do t\u00eb dal k\u00ebt\u00eb jav\u00eb me shfaqjen e par\u00eb n\u00eb gjuh\u00ebn shqipe t\u00eb titulluar \u201cNANA\u201d, shfaqje kjo e cila do t\u00eb jet\u00eb n\u00eb sken\u00ebn e teatri p\u00ebr dy net me radh\u00eb.<\/strong><\/p>\n<p>Rreth nj\u00eb muaj m\u00eb par\u00eb, n\u00eb galerin\u00eb e Qendr\u00ebs p\u00ebr Kultur\u00eb \u00ebsht\u00eb themeluar teatri \u201cTeuta\u201d, i cili fillimisht mbajti konferenc\u00ebn e par\u00eb p\u00ebr media ku p\u00ebr opinionin shpalosi q\u00ebllimet e veta.<\/p>\n<p>Teatri \u201cTeuta\u201d do t\u00eb dal k\u00ebt\u00eb jav\u00eb me shfaqjen e par\u00eb n\u00eb gjuh\u00ebn shqipe t\u00eb titulluar \u201cNANA\u201d, shfaqje kjo e cila do t\u00eb jet\u00eb n\u00eb sken\u00ebn e teatri p\u00ebr dy net me radh\u00eb. Shfaqja e par\u00eb n\u00eb gjuh\u00ebn shqipe n\u00eb shtetin fqinj t\u00eb Malit t\u00eb Zi do t\u00eb jet\u00eb me dat\u00eb 16 dhe 17(t\u00eb enjten dhe t\u00eb premten) n\u00eb or\u00ebn 20:00. Aktor\u00ebt t\u00eb cil\u00ebt do t\u00eb performojn\u00eb n\u00eb k\u00ebt\u00eb shfaqje do t\u00eb jen\u00eb: Vjosa Tasholli, Muho Uru\u00e7i, Anes Kurti, Albana Kurti Ze\u00e7eviq dhe Bashkim Alaj. Autor i k\u00ebsaj shfaqjeje \u00ebsht\u00eb Arlinda Morina me regji t\u00eb Munib Abazi dhe asistente t\u00eb regjis\u00eb Edina Mustafiq. Skenografia dhe kostumografia do t\u00eb jet\u00eb nga Jetmira Hoxha, me muzik\u00eb t\u00eb Ardian Hasanaga dhe me ndri\u00e7im t\u00eb mund\u00ebsuar nga Musa Hoxha.<\/p>\n<p>Projekt i par\u00eb i k\u00ebtij teatri, \u201cNANA\u201d pritet t\u00eb p\u00ebrcjell\u00eb shum\u00eb emocione tek publiku vendas dhe i huaj qe do jet\u00eb prezent.<\/p>\n<p>N\u00eb konferenc\u00ebn e par\u00eb p\u00ebr media aktor\u00ebt e teatrit \u201cTeuta\u201d shprehen se si q\u00ebllim primar\u00eb kan\u00eb ringjalljen e jet\u00ebs teatrale dhe kulturore t\u00eb qytetit.<\/p>\n<p>N\u00eb kuad\u00ebr t\u00eb teatrit do t\u00eb punoj\u00eb nj\u00eb staf profesionist i p\u00ebrb\u00ebr\u00eb nga regjisor\u00eb, skenograf\u00eb dhe kostumograf\u00eb, si dhe aktor\u00eb t\u00eb diplomuar, t\u00eb cil\u00ebt p\u00ebr publikun vendas dhe t\u00eb huaj do t\u00eb sjellin shfaqe komb\u00ebtare dhe nd\u00ebrkomb\u00ebtare t\u00eb zhanreve t\u00eb ndryshme, shkruan Strandard.<\/p>\n<p>Teatri \u201cTeuta\u201d ka pasur takime dhe me institucione publike, me komun\u00ebn e Ulqinit dhe me Qendr\u00ebn p\u00ebr Kultur\u00eb, me t\u00eb cil\u00ebt ka n\u00ebnshkruar marr\u00ebveshje bashk\u00ebpunimi. Kryetari i Komun\u00ebs, Nazif Cungu dhe drejtori i Qendr\u00ebs p\u00ebr Kultur\u00eb Astrit Salaj shpreh\u00ebn gatishm\u00ebrin\u00eb e tyre q\u00eb ti ndihmojn\u00eb si nga ana financiare, ashtu dhe nga ana institucionale. Nj\u00ebri nd\u00ebr takimet q\u00eb zhvilluan ishte ai me televizionin \u201cTeuta\u201d t\u00eb cil\u00ebt do ti mb\u00ebshtesin n\u00eb rrug\u00ebn gjat\u00eb zhvillimit t\u00eb tyre.<\/p>\n<p>Sipas organizator\u00ebve dhe nism\u00ebtareve t\u00eb par\u00eb t\u00eb k\u00ebtij teatri n\u00eb gjuh\u00ebn shqipe, Ulqini e ka pasur t\u00eb domosdosh\u00ebm q\u00eb t\u00eb kuror\u00ebzohet me teat\u00ebr. \/<strong>KultPlus.com<\/strong><\/p>\n<!-- vimeo error: not a vimeo video -->\n<p><a href=\"http:\/\/www.visit-ulcinj.com\/blog\/wp-content\/uploads\/2017\/03\/Nana-shfaqja-e-par\u00eb-e-teatrit-Teuta-Ulqin.jpg\"><img loading=\"lazy\" class=\"alignleft wp-image-103526\" src=\"http:\/\/www.visit-ulcinj.com\/blog\/wp-content\/uploads\/2017\/03\/Nana-shfaqja-e-par\u00eb-e-teatrit-Teuta-Ulqin.jpg\" alt=\"Nana shfaqja e par\u00eb e teatrit Teuta-Ulqin\" width=\"508\" height=\"719\" srcset=\"https:\/\/www.visit-ulcinj.com\/blog\/wp-content\/uploads\/2017\/03\/Nana-shfaqja-e-par\u00eb-e-teatrit-Teuta-Ulqin.jpg 596w, https:\/\/www.visit-ulcinj.com\/blog\/wp-content\/uploads\/2017\/03\/Nana-shfaqja-e-par\u00eb-e-teatrit-Teuta-Ulqin-212x300.jpg 212w\" sizes=\"(max-width: 508px) 100vw, 508px\" \/><\/a><\/p>\n","protected":false},"excerpt":{"rendered":"<p>Teatri \u201cTeuta\u201d do t\u00eb dal k\u00ebt\u00eb jav\u00eb me shfaqjen e par\u00eb n\u00eb gjuh\u00ebn shqipe t\u00eb titulluar \u201cNANA\u201d, shfaqje kjo e cila do t\u00eb jet\u00eb n\u00eb sken\u00ebn e teatri p\u00ebr dy net me radh\u00eb. Rreth nj\u00eb muaj m\u00eb par\u00eb, n\u00eb galerin\u00eb e Qendr\u00ebs p\u00ebr Kultur\u00eb \u00ebsht\u00eb themeluar teatri \u201cTeuta\u201d, i cili fillimisht mbajti konferenc\u00ebn e par\u00eb [&hellip;]<\/p>\n","protected":false},"author":1,"featured_media":0,"comment_status":"closed","ping_status":"closed","sticky":false,"template":"","format":"standard","meta":{"spay_email":"","jetpack_publicize_message":"","jetpack_is_tweetstorm":false,"jetpack_publicize_feature_enabled":true},"categories":[4,1],"tags":[],"jetpack_publicize_connections":[],"yoast_head":"<!-- This site is optimized with the Yoast SEO plugin v19.1 - https:\/\/yoast.com\/wordpress\/plugins\/seo\/ -->\n<title>N\u00eb Mal t\u00eb Zi ngjitet n\u00eb sken\u00eb shfaqja e par\u00eb n\u00eb gjuh\u00ebn shqipe - Video - Lajme nga Ulqini<\/title>\n<meta name=\"description\" content=\"Teatri \u201cTeuta\u201d do t\u00eb dal k\u00ebt\u00eb jav\u00eb me shfaqjen e par\u00eb n\u00eb gjuh\u00ebn shqipe t\u00eb titulluar \u201cNANA\u201d, shfaqje kjo e cila do t\u00eb jet\u00eb n\u00eb sken\u00ebn e teatri p\u00ebr dy net me\" \/>\n<meta name=\"robots\" content=\"index, follow, max-snippet:-1, max-image-preview:large, max-video-preview:-1\" \/>\n<link rel=\"canonical\" href=\"https:\/\/www.visit-ulcinj.com\/blog\/2017\/03\/15\/ne-mal-te-zi-ngjitet-ne-skene-shfaqja-e-pare-ne-gjuhen-shqipe-video\/\" \/>\n<meta property=\"og:locale\" content=\"en_US\" \/>\n<meta property=\"og:type\" content=\"article\" \/>\n<meta property=\"og:title\" content=\"N\u00eb Mal t\u00eb Zi ngjitet n\u00eb sken\u00eb shfaqja e par\u00eb n\u00eb gjuh\u00ebn shqipe - Video - Lajme nga Ulqini\" \/>\n<meta property=\"og:description\" content=\"Teatri \u201cTeuta\u201d do t\u00eb dal k\u00ebt\u00eb jav\u00eb me shfaqjen e par\u00eb n\u00eb gjuh\u00ebn shqipe t\u00eb titulluar \u201cNANA\u201d, shfaqje kjo e cila do t\u00eb jet\u00eb n\u00eb sken\u00ebn e teatri p\u00ebr dy net me\" \/>\n<meta property=\"og:url\" content=\"https:\/\/www.visit-ulcinj.com\/blog\/2017\/03\/15\/ne-mal-te-zi-ngjitet-ne-skene-shfaqja-e-pare-ne-gjuhen-shqipe-video\/\" \/>\n<meta property=\"og:site_name\" content=\"Lajme nga Ulqini\" \/>\n<meta property=\"article:published_time\" content=\"2017-03-15T09:33:42+00:00\" \/>\n<meta property=\"article:modified_time\" content=\"2017-03-16T12:27:02+00:00\" \/>\n<meta name=\"twitter:label1\" content=\"Written by\" \/>\n\t<meta name=\"twitter:data1\" content=\"ulqini\" \/>\n\t<meta name=\"twitter:label2\" content=\"Est. reading time\" \/>\n\t<meta name=\"twitter:data2\" content=\"2 minutes\" \/>\n<script type=\"application\/ld+json\" class=\"yoast-schema-graph\">{\"@context\":\"https:\/\/schema.org\",\"@graph\":[{\"@type\":\"WebSite\",\"@id\":\"https:\/\/www.visit-ulcinj.com\/blog\/#website\",\"url\":\"https:\/\/www.visit-ulcinj.com\/blog\/\",\"name\":\"Lajme nga Ulqini\",\"description\":\"Lajme,Vijesti,Ulqini,Ulqin,Crna Gora,Mali i Zi\",\"potentialAction\":[{\"@type\":\"SearchAction\",\"target\":{\"@type\":\"EntryPoint\",\"urlTemplate\":\"https:\/\/www.visit-ulcinj.com\/blog\/?s={search_term_string}\"},\"query-input\":\"required name=search_term_string\"}],\"inLanguage\":\"en-US\"},{\"@type\":\"WebPage\",\"@id\":\"https:\/\/www.visit-ulcinj.com\/blog\/2017\/03\/15\/ne-mal-te-zi-ngjitet-ne-skene-shfaqja-e-pare-ne-gjuhen-shqipe-video\/#webpage\",\"url\":\"https:\/\/www.visit-ulcinj.com\/blog\/2017\/03\/15\/ne-mal-te-zi-ngjitet-ne-skene-shfaqja-e-pare-ne-gjuhen-shqipe-video\/\",\"name\":\"N\u00eb Mal t\u00eb Zi ngjitet n\u00eb sken\u00eb shfaqja e par\u00eb n\u00eb gjuh\u00ebn shqipe - Video - Lajme nga Ulqini\",\"isPartOf\":{\"@id\":\"https:\/\/www.visit-ulcinj.com\/blog\/#website\"},\"datePublished\":\"2017-03-15T09:33:42+00:00\",\"dateModified\":\"2017-03-16T12:27:02+00:00\",\"author\":{\"@id\":\"https:\/\/www.visit-ulcinj.com\/blog\/#\/schema\/person\/dcab619c614d3038751c63bc2aadc06d\"},\"description\":\"Teatri \u201cTeuta\u201d do t\u00eb dal k\u00ebt\u00eb jav\u00eb me shfaqjen e par\u00eb n\u00eb gjuh\u00ebn shqipe t\u00eb titulluar \u201cNANA\u201d, shfaqje kjo e cila do t\u00eb jet\u00eb n\u00eb sken\u00ebn e teatri p\u00ebr dy net me\",\"breadcrumb\":{\"@id\":\"https:\/\/www.visit-ulcinj.com\/blog\/2017\/03\/15\/ne-mal-te-zi-ngjitet-ne-skene-shfaqja-e-pare-ne-gjuhen-shqipe-video\/#breadcrumb\"},\"inLanguage\":\"en-US\",\"potentialAction\":[{\"@type\":\"ReadAction\",\"target\":[\"https:\/\/www.visit-ulcinj.com\/blog\/2017\/03\/15\/ne-mal-te-zi-ngjitet-ne-skene-shfaqja-e-pare-ne-gjuhen-shqipe-video\/\"]}]},{\"@type\":\"BreadcrumbList\",\"@id\":\"https:\/\/www.visit-ulcinj.com\/blog\/2017\/03\/15\/ne-mal-te-zi-ngjitet-ne-skene-shfaqja-e-pare-ne-gjuhen-shqipe-video\/#breadcrumb\",\"itemListElement\":[{\"@type\":\"ListItem\",\"position\":1,\"name\":\"N\u00eb Mal t\u00eb Zi ngjitet n\u00eb sken\u00eb shfaqja e par\u00eb n\u00eb gjuh\u00ebn shqipe &#8211; Video\"}]},{\"@type\":\"Person\",\"@id\":\"https:\/\/www.visit-ulcinj.com\/blog\/#\/schema\/person\/dcab619c614d3038751c63bc2aadc06d\",\"name\":\"ulqini\",\"sameAs\":[\"http:\/\/www.visit-ulcinj.com\"],\"url\":\"https:\/\/www.visit-ulcinj.com\/blog\/author\/admin\/\"}]}<\/script>\n<!-- \/ Yoast SEO plugin. -->","yoast_head_json":{"title":"N\u00eb Mal t\u00eb Zi ngjitet n\u00eb sken\u00eb shfaqja e par\u00eb n\u00eb gjuh\u00ebn shqipe - Video - Lajme nga Ulqini","description":"Teatri \u201cTeuta\u201d do t\u00eb dal k\u00ebt\u00eb jav\u00eb me shfaqjen e par\u00eb n\u00eb gjuh\u00ebn shqipe t\u00eb titulluar \u201cNANA\u201d, shfaqje kjo e cila do t\u00eb jet\u00eb n\u00eb sken\u00ebn e teatri p\u00ebr dy net me","robots":{"index":"index","follow":"follow","max-snippet":"max-snippet:-1","max-image-preview":"max-image-preview:large","max-video-preview":"max-video-preview:-1"},"canonical":"https:\/\/www.visit-ulcinj.com\/blog\/2017\/03\/15\/ne-mal-te-zi-ngjitet-ne-skene-shfaqja-e-pare-ne-gjuhen-shqipe-video\/","og_locale":"en_US","og_type":"article","og_title":"N\u00eb Mal t\u00eb Zi ngjitet n\u00eb sken\u00eb shfaqja e par\u00eb n\u00eb gjuh\u00ebn shqipe - Video - Lajme nga Ulqini","og_description":"Teatri \u201cTeuta\u201d do t\u00eb dal k\u00ebt\u00eb jav\u00eb me shfaqjen e par\u00eb n\u00eb gjuh\u00ebn shqipe t\u00eb titulluar \u201cNANA\u201d, shfaqje kjo e cila do t\u00eb jet\u00eb n\u00eb sken\u00ebn e teatri p\u00ebr dy net me","og_url":"https:\/\/www.visit-ulcinj.com\/blog\/2017\/03\/15\/ne-mal-te-zi-ngjitet-ne-skene-shfaqja-e-pare-ne-gjuhen-shqipe-video\/","og_site_name":"Lajme nga Ulqini","article_published_time":"2017-03-15T09:33:42+00:00","article_modified_time":"2017-03-16T12:27:02+00:00","twitter_misc":{"Written by":"ulqini","Est. reading time":"2 minutes"},"schema":{"@context":"https:\/\/schema.org","@graph":[{"@type":"WebSite","@id":"https:\/\/www.visit-ulcinj.com\/blog\/#website","url":"https:\/\/www.visit-ulcinj.com\/blog\/","name":"Lajme nga Ulqini","description":"Lajme,Vijesti,Ulqini,Ulqin,Crna Gora,Mali i Zi","potentialAction":[{"@type":"SearchAction","target":{"@type":"EntryPoint","urlTemplate":"https:\/\/www.visit-ulcinj.com\/blog\/?s={search_term_string}"},"query-input":"required name=search_term_string"}],"inLanguage":"en-US"},{"@type":"WebPage","@id":"https:\/\/www.visit-ulcinj.com\/blog\/2017\/03\/15\/ne-mal-te-zi-ngjitet-ne-skene-shfaqja-e-pare-ne-gjuhen-shqipe-video\/#webpage","url":"https:\/\/www.visit-ulcinj.com\/blog\/2017\/03\/15\/ne-mal-te-zi-ngjitet-ne-skene-shfaqja-e-pare-ne-gjuhen-shqipe-video\/","name":"N\u00eb Mal t\u00eb Zi ngjitet n\u00eb sken\u00eb shfaqja e par\u00eb n\u00eb gjuh\u00ebn shqipe - Video - Lajme nga Ulqini","isPartOf":{"@id":"https:\/\/www.visit-ulcinj.com\/blog\/#website"},"datePublished":"2017-03-15T09:33:42+00:00","dateModified":"2017-03-16T12:27:02+00:00","author":{"@id":"https:\/\/www.visit-ulcinj.com\/blog\/#\/schema\/person\/dcab619c614d3038751c63bc2aadc06d"},"description":"Teatri \u201cTeuta\u201d do t\u00eb dal k\u00ebt\u00eb jav\u00eb me shfaqjen e par\u00eb n\u00eb gjuh\u00ebn shqipe t\u00eb titulluar \u201cNANA\u201d, shfaqje kjo e cila do t\u00eb jet\u00eb n\u00eb sken\u00ebn e teatri p\u00ebr dy net me","breadcrumb":{"@id":"https:\/\/www.visit-ulcinj.com\/blog\/2017\/03\/15\/ne-mal-te-zi-ngjitet-ne-skene-shfaqja-e-pare-ne-gjuhen-shqipe-video\/#breadcrumb"},"inLanguage":"en-US","potentialAction":[{"@type":"ReadAction","target":["https:\/\/www.visit-ulcinj.com\/blog\/2017\/03\/15\/ne-mal-te-zi-ngjitet-ne-skene-shfaqja-e-pare-ne-gjuhen-shqipe-video\/"]}]},{"@type":"BreadcrumbList","@id":"https:\/\/www.visit-ulcinj.com\/blog\/2017\/03\/15\/ne-mal-te-zi-ngjitet-ne-skene-shfaqja-e-pare-ne-gjuhen-shqipe-video\/#breadcrumb","itemListElement":[{"@type":"ListItem","position":1,"name":"N\u00eb Mal t\u00eb Zi ngjitet n\u00eb sken\u00eb shfaqja e par\u00eb n\u00eb gjuh\u00ebn shqipe &#8211; Video"}]},{"@type":"Person","@id":"https:\/\/www.visit-ulcinj.com\/blog\/#\/schema\/person\/dcab619c614d3038751c63bc2aadc06d","name":"ulqini","sameAs":["http:\/\/www.visit-ulcinj.com"],"url":"https:\/\/www.visit-ulcinj.com\/blog\/author\/admin\/"}]}},"jetpack_featured_media_url":"","jetpack_sharing_enabled":true,"jetpack_shortlink":"https:\/\/wp.me\/pe6lTn-qWM","_links":{"self":[{"href":"https:\/\/www.visit-ulcinj.com\/blog\/wp-json\/wp\/v2\/posts\/103588"}],"collection":[{"href":"https:\/\/www.visit-ulcinj.com\/blog\/wp-json\/wp\/v2\/posts"}],"about":[{"href":"https:\/\/www.visit-ulcinj.com\/blog\/wp-json\/wp\/v2\/types\/post"}],"author":[{"embeddable":true,"href":"https:\/\/www.visit-ulcinj.com\/blog\/wp-json\/wp\/v2\/users\/1"}],"replies":[{"embeddable":true,"href":"https:\/\/www.visit-ulcinj.com\/blog\/wp-json\/wp\/v2\/comments?post=103588"}],"version-history":[{"count":2,"href":"https:\/\/www.visit-ulcinj.com\/blog\/wp-json\/wp\/v2\/posts\/103588\/revisions"}],"predecessor-version":[{"id":103591,"href":"https:\/\/www.visit-ulcinj.com\/blog\/wp-json\/wp\/v2\/posts\/103588\/revisions\/103591"}],"wp:attachment":[{"href":"https:\/\/www.visit-ulcinj.com\/blog\/wp-json\/wp\/v2\/media?parent=103588"}],"wp:term":[{"taxonomy":"category","embeddable":true,"href":"https:\/\/www.visit-ulcinj.com\/blog\/wp-json\/wp\/v2\/categories?post=103588"},{"taxonomy":"post_tag","embeddable":true,"href":"https:\/\/www.visit-ulcinj.com\/blog\/wp-json\/wp\/v2\/tags?post=103588"}],"curies":[{"name":"wp","href":"https:\/\/api.w.org\/{rel}","templated":true}]}}