{"id":103593,"date":"2017-03-15T20:45:00","date_gmt":"2017-03-15T19:45:00","guid":{"rendered":"http:\/\/www.visit-ulcinj.com\/blog\/?p=103593"},"modified":"2017-03-15T20:45:28","modified_gmt":"2017-03-15T19:45:28","slug":"ura-vjeciti-politicari-pojeli-ulcinj","status":"publish","type":"post","link":"https:\/\/www.visit-ulcinj.com\/blog\/2017\/03\/15\/ura-vjeciti-politicari-pojeli-ulcinj\/","title":{"rendered":"URA: Vje\u010diti politi\u010dari pojeli Ulcinj"},"content":{"rendered":"<p><strong><a href=\"http:\/\/www.visit-ulcinj.com\/blog\/wp-content\/uploads\/2015\/10\/Gradjanski-pokret-URA-u-Ulcinju.jpg\"><img loading=\"lazy\" class=\"alignleft wp-image-92742\" src=\"http:\/\/www.visit-ulcinj.com\/blog\/wp-content\/uploads\/2015\/10\/Gradjanski-pokret-URA-u-Ulcinju.jpg\" alt=\"Gradjanski pokret URA u Ulcinju\" width=\"508\" height=\"331\" srcset=\"https:\/\/www.visit-ulcinj.com\/blog\/wp-content\/uploads\/2015\/10\/Gradjanski-pokret-URA-u-Ulcinju.jpg 944w, https:\/\/www.visit-ulcinj.com\/blog\/wp-content\/uploads\/2015\/10\/Gradjanski-pokret-URA-u-Ulcinju-300x196.jpg 300w\" sizes=\"(max-width: 508px) 100vw, 508px\" \/><\/a>URA ukazuje na paradoksalnu situaciju u Javnom preduze\u0107u \u201eZa uzgoj i za\u0161titu divlja\u010di\u201c, koje ima 9 zaposlenih lica, na \u010delu sa direktorom, dva pomo\u0107nika direktora i \u010dak 7 \u010dlanova Upravnog odbora<\/strong><\/p>\n<p><span class=\"credits__author\"> <strong>Autor: <a href=\"http:\/\/www.vijesti.me\/autori\/vijesti-online-1\/profil\">Vijesti online<\/a> <\/strong><\/span><\/p>\n<p>Nakon godinu dana funkcionisanja ulcinjske vlasti, gra\u0111anima servirane dekretom iz Podgorice, svima je jasno da je taj usamljeni primjer, ali i eksperiment &#8211; osu\u0111en na propast, istakli su u ulcinjskom odboru Gra\u0111anskog pokreta URA.<\/p>\n<p>\u201eUprkos tome \u0161to DPS, prilikom svakog javnog nastupa, ponavlja da \u201ebez njih nema razvoja Ulcinja\u201c, praksa i realan \u017eivot ih svakodnevno demantuju. Sem ukoliko njihovu viziju razvoja grada ne predstavlja \u0161tancanje ugovora o djelu, rekordno zadu\u017eivanje i neodgovorno upravljanje\u201c, istakli su u tom odoboru.<\/p>\n<p>URA ukazuje na paradoksalnu situaciju u Javnom preduze\u0107u \u201eZa uzgoj i za\u0161titu divlja\u010di\u201c, koje ima 9 zaposlenih lica, na \u010delu sa direktorom, dva pomo\u0107nika direktora i \u010dak 7 \u010dlanova Upravnog odbora.<\/p>\n<p>\u201eUkoliko znamo da u tom preduze\u0107u ima daleko vi\u0161e rukovode\u0107eg kadra, od operativnog, onda nije \u010dudno \u0161to u istom plate kasne 15 mjeseci. A to je samo jedan od primjera funkcionisanja, zbog kojeg gra\u0111ani Ulcinja pla\u0107aju skuplju vodu, komunalni otpad, porez na nepokretost, boravi\u0161nu taksu i druge namete\u201c, naveli su u ulcinjskom pokretu URA.<\/p>\n<p>URA navodi da \u201ezbog odnosa prema finansijama, te rekordnom zadu\u017eenju od pet miliona eura i ogromnim problemima sa servisiranjem obaveza prema zaposlenima, vlast vi\u0161e ne pominje ni hotele Jadran, Galeb i Lido, akvapark i Solanu, ali ni \u0161kole, vrti\u0107e ili ogromnu nezaposlenost.<\/p>\n<p>\u201ePreko pola miliona eura je utro\u0161eno na otpremnine, zarad smanjenja broja zaposlenih, dok su tro\u0161kovi zarada ve\u0107i nego \u0161to su bili. \u010cinjenica koja najubjedljivije crta karakter ove vlasti jeste da, uprkos tome \u0161to imaju \u010dak 27 odbornika od ukupno 33, koliko ih broji lokalna Skup\u0161tina, gotovo uvijek imaju problem sa kvorumom, dok se neke odluke donose i bez potrebnog kvoruma\u201c, naveli su u ulcijnskom odboru URA.<\/p>\n<p>Oni isti\u010du da posebno zabrinjava podatak da u Ulcinju, svake godine, \u017eivi sve manje stanovnika.<\/p>\n<p>\u201eUlcinj se mora, u \u0161to kra\u0107em roku, osloboditi garniture vje\u010ditih politi\u010dara, koji su svojim djelovanjem postali dio problema, a ne rje\u0161enja. Vi\u0161e niko nema dilemu da je, sa ovim politi\u010darima, Ulcinj samo na gubitku. Da su \u017eeljeli da rade ne\u0161to dobro za ovaj grad, imali su sasvim dovoljno vremena za to. Zbog toga svaki njihov dan u foteljama, gra\u0111ane Ulcinja ko\u0161ta do nekoliko puta vi\u0161e, nego njihove plate koje su sami sebi izglasali\u201c, naveli su u pokretu URA.<\/p>\n<p><strong>Izvor:<\/strong> <span class=\"credits__author\"><strong><a href=\"http:\/\/www.vijesti.me\/autori\/vijesti-online-1\/profil\">Vijesti online<\/a><\/strong><\/span><\/p>\n","protected":false},"excerpt":{"rendered":"<p>URA ukazuje na paradoksalnu situaciju u Javnom preduze\u0107u \u201eZa uzgoj i za\u0161titu divlja\u010di\u201c, koje ima 9 zaposlenih lica, na \u010delu sa direktorom, dva pomo\u0107nika direktora i \u010dak 7 \u010dlanova Upravnog odbora Autor: Vijesti online Nakon godinu dana funkcionisanja ulcinjske vlasti, gra\u0111anima servirane dekretom iz Podgorice, svima je jasno da je taj usamljeni primjer, ali i [&hellip;]<\/p>\n","protected":false},"author":1,"featured_media":0,"comment_status":"closed","ping_status":"closed","sticky":false,"template":"","format":"standard","meta":{"spay_email":"","jetpack_publicize_message":"","jetpack_is_tweetstorm":false,"jetpack_publicize_feature_enabled":true},"categories":[8337],"tags":[],"jetpack_publicize_connections":[],"yoast_head":"<!-- This site is optimized with the Yoast SEO plugin v19.1 - https:\/\/yoast.com\/wordpress\/plugins\/seo\/ -->\n<title>URA: Vje\u010diti politi\u010dari pojeli Ulcinj - Lajme nga Ulqini<\/title>\n<meta name=\"description\" content=\"URA ukazuje na paradoksalnu situaciju u Javnom preduze\u0107u \u201eZa uzgoj i za\u0161titu divlja\u010di\u201c, koje ima 9 zaposlenih lica, na \u010delu sa direktorom, dva pomo\u0107nika\" \/>\n<meta name=\"robots\" content=\"index, follow, max-snippet:-1, max-image-preview:large, max-video-preview:-1\" \/>\n<link rel=\"canonical\" href=\"https:\/\/www.visit-ulcinj.com\/blog\/2017\/03\/15\/ura-vjeciti-politicari-pojeli-ulcinj\/\" \/>\n<meta property=\"og:locale\" content=\"en_US\" \/>\n<meta property=\"og:type\" content=\"article\" \/>\n<meta property=\"og:title\" content=\"URA: Vje\u010diti politi\u010dari pojeli Ulcinj - Lajme nga Ulqini\" \/>\n<meta property=\"og:description\" content=\"URA ukazuje na paradoksalnu situaciju u Javnom preduze\u0107u \u201eZa uzgoj i za\u0161titu divlja\u010di\u201c, koje ima 9 zaposlenih lica, na \u010delu sa direktorom, dva pomo\u0107nika\" \/>\n<meta property=\"og:url\" content=\"https:\/\/www.visit-ulcinj.com\/blog\/2017\/03\/15\/ura-vjeciti-politicari-pojeli-ulcinj\/\" \/>\n<meta property=\"og:site_name\" content=\"Lajme nga Ulqini\" \/>\n<meta property=\"article:published_time\" content=\"2017-03-15T19:45:00+00:00\" \/>\n<meta property=\"article:modified_time\" content=\"2017-03-15T19:45:28+00:00\" \/>\n<meta property=\"og:image\" content=\"http:\/\/www.visit-ulcinj.com\/blog\/wp-content\/uploads\/2015\/10\/Gradjanski-pokret-URA-u-Ulcinju.jpg\" \/>\n<meta name=\"twitter:label1\" content=\"Written by\" \/>\n\t<meta name=\"twitter:data1\" content=\"ulqini\" \/>\n\t<meta name=\"twitter:label2\" content=\"Est. reading time\" \/>\n\t<meta name=\"twitter:data2\" content=\"2 minutes\" \/>\n<script type=\"application\/ld+json\" class=\"yoast-schema-graph\">{\"@context\":\"https:\/\/schema.org\",\"@graph\":[{\"@type\":\"WebSite\",\"@id\":\"https:\/\/www.visit-ulcinj.com\/blog\/#website\",\"url\":\"https:\/\/www.visit-ulcinj.com\/blog\/\",\"name\":\"Lajme nga Ulqini\",\"description\":\"Lajme,Vijesti,Ulqini,Ulqin,Crna Gora,Mali i Zi\",\"potentialAction\":[{\"@type\":\"SearchAction\",\"target\":{\"@type\":\"EntryPoint\",\"urlTemplate\":\"https:\/\/www.visit-ulcinj.com\/blog\/?s={search_term_string}\"},\"query-input\":\"required name=search_term_string\"}],\"inLanguage\":\"en-US\"},{\"@type\":\"ImageObject\",\"inLanguage\":\"en-US\",\"@id\":\"https:\/\/www.visit-ulcinj.com\/blog\/2017\/03\/15\/ura-vjeciti-politicari-pojeli-ulcinj\/#primaryimage\",\"url\":\"https:\/\/www.visit-ulcinj.com\/blog\/wp-content\/uploads\/2015\/10\/Gradjanski-pokret-URA-u-Ulcinju.jpg\",\"contentUrl\":\"https:\/\/www.visit-ulcinj.com\/blog\/wp-content\/uploads\/2015\/10\/Gradjanski-pokret-URA-u-Ulcinju.jpg\",\"width\":944,\"height\":616},{\"@type\":\"WebPage\",\"@id\":\"https:\/\/www.visit-ulcinj.com\/blog\/2017\/03\/15\/ura-vjeciti-politicari-pojeli-ulcinj\/#webpage\",\"url\":\"https:\/\/www.visit-ulcinj.com\/blog\/2017\/03\/15\/ura-vjeciti-politicari-pojeli-ulcinj\/\",\"name\":\"URA: Vje\u010diti politi\u010dari pojeli Ulcinj - Lajme nga Ulqini\",\"isPartOf\":{\"@id\":\"https:\/\/www.visit-ulcinj.com\/blog\/#website\"},\"primaryImageOfPage\":{\"@id\":\"https:\/\/www.visit-ulcinj.com\/blog\/2017\/03\/15\/ura-vjeciti-politicari-pojeli-ulcinj\/#primaryimage\"},\"datePublished\":\"2017-03-15T19:45:00+00:00\",\"dateModified\":\"2017-03-15T19:45:28+00:00\",\"author\":{\"@id\":\"https:\/\/www.visit-ulcinj.com\/blog\/#\/schema\/person\/dcab619c614d3038751c63bc2aadc06d\"},\"description\":\"URA ukazuje na paradoksalnu situaciju u Javnom preduze\u0107u \u201eZa uzgoj i za\u0161titu divlja\u010di\u201c, koje ima 9 zaposlenih lica, na \u010delu sa direktorom, dva pomo\u0107nika\",\"breadcrumb\":{\"@id\":\"https:\/\/www.visit-ulcinj.com\/blog\/2017\/03\/15\/ura-vjeciti-politicari-pojeli-ulcinj\/#breadcrumb\"},\"inLanguage\":\"en-US\",\"potentialAction\":[{\"@type\":\"ReadAction\",\"target\":[\"https:\/\/www.visit-ulcinj.com\/blog\/2017\/03\/15\/ura-vjeciti-politicari-pojeli-ulcinj\/\"]}]},{\"@type\":\"BreadcrumbList\",\"@id\":\"https:\/\/www.visit-ulcinj.com\/blog\/2017\/03\/15\/ura-vjeciti-politicari-pojeli-ulcinj\/#breadcrumb\",\"itemListElement\":[{\"@type\":\"ListItem\",\"position\":1,\"name\":\"URA: Vje\u010diti politi\u010dari pojeli Ulcinj\"}]},{\"@type\":\"Person\",\"@id\":\"https:\/\/www.visit-ulcinj.com\/blog\/#\/schema\/person\/dcab619c614d3038751c63bc2aadc06d\",\"name\":\"ulqini\",\"sameAs\":[\"http:\/\/www.visit-ulcinj.com\"],\"url\":\"https:\/\/www.visit-ulcinj.com\/blog\/author\/admin\/\"}]}<\/script>\n<!-- \/ Yoast SEO plugin. -->","yoast_head_json":{"title":"URA: Vje\u010diti politi\u010dari pojeli Ulcinj - Lajme nga Ulqini","description":"URA ukazuje na paradoksalnu situaciju u Javnom preduze\u0107u \u201eZa uzgoj i za\u0161titu divlja\u010di\u201c, koje ima 9 zaposlenih lica, na \u010delu sa direktorom, dva pomo\u0107nika","robots":{"index":"index","follow":"follow","max-snippet":"max-snippet:-1","max-image-preview":"max-image-preview:large","max-video-preview":"max-video-preview:-1"},"canonical":"https:\/\/www.visit-ulcinj.com\/blog\/2017\/03\/15\/ura-vjeciti-politicari-pojeli-ulcinj\/","og_locale":"en_US","og_type":"article","og_title":"URA: Vje\u010diti politi\u010dari pojeli Ulcinj - Lajme nga Ulqini","og_description":"URA ukazuje na paradoksalnu situaciju u Javnom preduze\u0107u \u201eZa uzgoj i za\u0161titu divlja\u010di\u201c, koje ima 9 zaposlenih lica, na \u010delu sa direktorom, dva pomo\u0107nika","og_url":"https:\/\/www.visit-ulcinj.com\/blog\/2017\/03\/15\/ura-vjeciti-politicari-pojeli-ulcinj\/","og_site_name":"Lajme nga Ulqini","article_published_time":"2017-03-15T19:45:00+00:00","article_modified_time":"2017-03-15T19:45:28+00:00","og_image":[{"url":"http:\/\/www.visit-ulcinj.com\/blog\/wp-content\/uploads\/2015\/10\/Gradjanski-pokret-URA-u-Ulcinju.jpg"}],"twitter_misc":{"Written by":"ulqini","Est. reading time":"2 minutes"},"schema":{"@context":"https:\/\/schema.org","@graph":[{"@type":"WebSite","@id":"https:\/\/www.visit-ulcinj.com\/blog\/#website","url":"https:\/\/www.visit-ulcinj.com\/blog\/","name":"Lajme nga Ulqini","description":"Lajme,Vijesti,Ulqini,Ulqin,Crna Gora,Mali i Zi","potentialAction":[{"@type":"SearchAction","target":{"@type":"EntryPoint","urlTemplate":"https:\/\/www.visit-ulcinj.com\/blog\/?s={search_term_string}"},"query-input":"required name=search_term_string"}],"inLanguage":"en-US"},{"@type":"ImageObject","inLanguage":"en-US","@id":"https:\/\/www.visit-ulcinj.com\/blog\/2017\/03\/15\/ura-vjeciti-politicari-pojeli-ulcinj\/#primaryimage","url":"https:\/\/www.visit-ulcinj.com\/blog\/wp-content\/uploads\/2015\/10\/Gradjanski-pokret-URA-u-Ulcinju.jpg","contentUrl":"https:\/\/www.visit-ulcinj.com\/blog\/wp-content\/uploads\/2015\/10\/Gradjanski-pokret-URA-u-Ulcinju.jpg","width":944,"height":616},{"@type":"WebPage","@id":"https:\/\/www.visit-ulcinj.com\/blog\/2017\/03\/15\/ura-vjeciti-politicari-pojeli-ulcinj\/#webpage","url":"https:\/\/www.visit-ulcinj.com\/blog\/2017\/03\/15\/ura-vjeciti-politicari-pojeli-ulcinj\/","name":"URA: Vje\u010diti politi\u010dari pojeli Ulcinj - Lajme nga Ulqini","isPartOf":{"@id":"https:\/\/www.visit-ulcinj.com\/blog\/#website"},"primaryImageOfPage":{"@id":"https:\/\/www.visit-ulcinj.com\/blog\/2017\/03\/15\/ura-vjeciti-politicari-pojeli-ulcinj\/#primaryimage"},"datePublished":"2017-03-15T19:45:00+00:00","dateModified":"2017-03-15T19:45:28+00:00","author":{"@id":"https:\/\/www.visit-ulcinj.com\/blog\/#\/schema\/person\/dcab619c614d3038751c63bc2aadc06d"},"description":"URA ukazuje na paradoksalnu situaciju u Javnom preduze\u0107u \u201eZa uzgoj i za\u0161titu divlja\u010di\u201c, koje ima 9 zaposlenih lica, na \u010delu sa direktorom, dva pomo\u0107nika","breadcrumb":{"@id":"https:\/\/www.visit-ulcinj.com\/blog\/2017\/03\/15\/ura-vjeciti-politicari-pojeli-ulcinj\/#breadcrumb"},"inLanguage":"en-US","potentialAction":[{"@type":"ReadAction","target":["https:\/\/www.visit-ulcinj.com\/blog\/2017\/03\/15\/ura-vjeciti-politicari-pojeli-ulcinj\/"]}]},{"@type":"BreadcrumbList","@id":"https:\/\/www.visit-ulcinj.com\/blog\/2017\/03\/15\/ura-vjeciti-politicari-pojeli-ulcinj\/#breadcrumb","itemListElement":[{"@type":"ListItem","position":1,"name":"URA: Vje\u010diti politi\u010dari pojeli Ulcinj"}]},{"@type":"Person","@id":"https:\/\/www.visit-ulcinj.com\/blog\/#\/schema\/person\/dcab619c614d3038751c63bc2aadc06d","name":"ulqini","sameAs":["http:\/\/www.visit-ulcinj.com"],"url":"https:\/\/www.visit-ulcinj.com\/blog\/author\/admin\/"}]}},"jetpack_featured_media_url":"","jetpack_sharing_enabled":true,"jetpack_shortlink":"https:\/\/wp.me\/pe6lTn-qWR","_links":{"self":[{"href":"https:\/\/www.visit-ulcinj.com\/blog\/wp-json\/wp\/v2\/posts\/103593"}],"collection":[{"href":"https:\/\/www.visit-ulcinj.com\/blog\/wp-json\/wp\/v2\/posts"}],"about":[{"href":"https:\/\/www.visit-ulcinj.com\/blog\/wp-json\/wp\/v2\/types\/post"}],"author":[{"embeddable":true,"href":"https:\/\/www.visit-ulcinj.com\/blog\/wp-json\/wp\/v2\/users\/1"}],"replies":[{"embeddable":true,"href":"https:\/\/www.visit-ulcinj.com\/blog\/wp-json\/wp\/v2\/comments?post=103593"}],"version-history":[{"count":1,"href":"https:\/\/www.visit-ulcinj.com\/blog\/wp-json\/wp\/v2\/posts\/103593\/revisions"}],"predecessor-version":[{"id":103594,"href":"https:\/\/www.visit-ulcinj.com\/blog\/wp-json\/wp\/v2\/posts\/103593\/revisions\/103594"}],"wp:attachment":[{"href":"https:\/\/www.visit-ulcinj.com\/blog\/wp-json\/wp\/v2\/media?parent=103593"}],"wp:term":[{"taxonomy":"category","embeddable":true,"href":"https:\/\/www.visit-ulcinj.com\/blog\/wp-json\/wp\/v2\/categories?post=103593"},{"taxonomy":"post_tag","embeddable":true,"href":"https:\/\/www.visit-ulcinj.com\/blog\/wp-json\/wp\/v2\/tags?post=103593"}],"curies":[{"name":"wp","href":"https:\/\/api.w.org\/{rel}","templated":true}]}}