{"id":103595,"date":"2017-03-16T13:18:54","date_gmt":"2017-03-16T12:18:54","guid":{"rendered":"http:\/\/www.visit-ulcinj.com\/blog\/?p=103595"},"modified":"2017-03-17T18:27:41","modified_gmt":"2017-03-17T17:27:41","slug":"parkun-e-femijeve-ne-ulqin-nuk-e-miremban-askush","status":"publish","type":"post","link":"https:\/\/www.visit-ulcinj.com\/blog\/2017\/03\/16\/parkun-e-femijeve-ne-ulqin-nuk-e-miremban-askush\/","title":{"rendered":"Parkun e f\u00ebmij\u00ebve n\u00eb Ulqin nuk e mir\u00ebmban askush"},"content":{"rendered":"<p><a href=\"http:\/\/www.visit-ulcinj.com\/blog\/wp-content\/uploads\/2017\/03\/Shilar\u00ebsi-i-prishur-te-parku-pran-qendres-per-kultur-Ulqin.jpg\"><img loading=\"lazy\" class=\"alignleft wp-image-103596\" src=\"http:\/\/www.visit-ulcinj.com\/blog\/wp-content\/uploads\/2017\/03\/Shilar\u00ebsi-i-prishur-te-parku-pran-qendres-per-kultur-Ulqin.jpg\" alt=\"Shilar\u00ebsi i prishur te parku pran qendres per kultur Ulqin\" width=\"508\" height=\"615\" srcset=\"https:\/\/www.visit-ulcinj.com\/blog\/wp-content\/uploads\/2017\/03\/Shilar\u00ebsi-i-prishur-te-parku-pran-qendres-per-kultur-Ulqin.jpg 717w, https:\/\/www.visit-ulcinj.com\/blog\/wp-content\/uploads\/2017\/03\/Shilar\u00ebsi-i-prishur-te-parku-pran-qendres-per-kultur-Ulqin-248x300.jpg 248w\" sizes=\"(max-width: 508px) 100vw, 508px\" \/><\/a><strong>Shilar\u00ebsi i prishur n\u00eb parkun pran Qendr\u00ebs p\u00ebr kultur Ulqin<\/strong><\/p>\n<p>K\u00ebndi i lodrave p\u00ebr f\u00ebmij\u00eb para Qendr\u00ebs p\u00ebr kultur q\u00eb u b\u00eb inaugurimi n\u00eb vitin 2014, sot nuk mir\u00ebmbahet nga askush. Disa lodra shihen n\u00eb gjende t\u00eb mir\u00eb e disa nga to mund t\u00eb rrezikojn\u00eb jet\u00ebn e f\u00ebmij\u00ebve.<\/p>\n<p><strong><a href=\"https:\/\/www.facebook.com\/milena.lekovic1\">Milena Lekovic<\/a> n\u00ebp\u00ebrmjet rrjetit social Facebook ka d\u00ebrguar mesazh\u00eb\u00a0n\u00eb Forumin e Ulqinit, <a href=\"https:\/\/www.facebook.com\/groups\/ulforum2015\/\">UL Forum<\/a>:<\/strong><\/p>\n<p><strong>&#8220;Igraliste je SVACIJE!!!! <\/strong><br \/>\n<strong> Svi imamo obavezu da ga cuvamo ali i ODRZAVAMO!!!<\/strong><br \/>\n<strong> Majke su napravile ovo igraliste a sada nam treba pomoc tata, striceva, ujaka, deda, teca&#8230;.<\/strong><br \/>\n<strong> Da ne bi bilo samo kukanja, kritikovanja, ocekivanja&#8230;evo predloga i poziva na radnu akciju!<\/strong><br \/>\n<strong> Dakle, muskarci alat u ruke i makar malo nam osposobite igraliste dok ne dodje novo, ili dok se ne napravi jos jedno na boljoj lokaciji &#x1f609;<\/strong><br \/>\n<strong> Ispod slika su opisi radnji.<\/strong><br \/>\n<strong> Lijep je dan pa izadjite svi i dajte neki doprinos da bi se djeca igrala&#8221;.<\/strong><\/p>\n<p>Milena Lekovic b\u00ebn thirrje t\u00eb gjith\u00eb qytetareve t\u00eb vullnetit t\u00eb mir\u00eb q\u00eb ti bashkohen aksionit duke sjellur me vete ndonj\u00eb mjet pune dhe p\u00ebr tu shoq\u00ebruar n\u00eb m\u00ebnyr\u00eb q\u00eb t\u00eb b\u00ebhet hapi par\u00eb p\u00ebr rregullimin e lodrave p\u00ebr f\u00ebmij\u00eb, thuhet n\u00eb faqen e saj personale t\u00eb Facebookut.<\/p>\n<p><a href=\"http:\/\/www.visit-ulcinj.com\/blog\/wp-content\/uploads\/2017\/03\/Lodra-t\u00eb-prishura-te-parku-i-f\u00ebmij\u00ebve-pran-qendres-p\u00ebr-kultur\u00eb-ne-Ulqin.jpg\"><img loading=\"lazy\" class=\"alignleft wp-image-103597\" src=\"http:\/\/www.visit-ulcinj.com\/blog\/wp-content\/uploads\/2017\/03\/Lodra-t\u00eb-prishura-te-parku-i-f\u00ebmij\u00ebve-pran-qendres-p\u00ebr-kultur\u00eb-ne-Ulqin.jpg\" alt=\"Lodra t\u00eb prishura te parku i f\u00ebmij\u00ebve pran qendres p\u00ebr kultur\u00eb ne Ulqin\" width=\"508\" height=\"677\" srcset=\"https:\/\/www.visit-ulcinj.com\/blog\/wp-content\/uploads\/2017\/03\/Lodra-t\u00eb-prishura-te-parku-i-f\u00ebmij\u00ebve-pran-qendres-p\u00ebr-kultur\u00eb-ne-Ulqin.jpg 720w, https:\/\/www.visit-ulcinj.com\/blog\/wp-content\/uploads\/2017\/03\/Lodra-t\u00eb-prishura-te-parku-i-f\u00ebmij\u00ebve-pran-qendres-p\u00ebr-kultur\u00eb-ne-Ulqin-225x300.jpg 225w\" sizes=\"(max-width: 508px) 100vw, 508px\" \/><\/a> <a href=\"http:\/\/www.visit-ulcinj.com\/blog\/wp-content\/uploads\/2017\/03\/Lodra-t\u00eb-prishura-te-parku-i-f\u00ebmij\u00ebve-pran-qendres-p\u00ebr-kultur\u00eb-ne-Ulqin-1.jpg\"><img loading=\"lazy\" class=\"alignleft wp-image-103598\" src=\"http:\/\/www.visit-ulcinj.com\/blog\/wp-content\/uploads\/2017\/03\/Lodra-t\u00eb-prishura-te-parku-i-f\u00ebmij\u00ebve-pran-qendres-p\u00ebr-kultur\u00eb-ne-Ulqin-1.jpg\" alt=\"Lodra t\u00eb prishura te parku i f\u00ebmij\u00ebve pran qendres p\u00ebr kultur\u00eb ne Ulqin-1\" width=\"508\" height=\"677\" srcset=\"https:\/\/www.visit-ulcinj.com\/blog\/wp-content\/uploads\/2017\/03\/Lodra-t\u00eb-prishura-te-parku-i-f\u00ebmij\u00ebve-pran-qendres-p\u00ebr-kultur\u00eb-ne-Ulqin-1.jpg 720w, https:\/\/www.visit-ulcinj.com\/blog\/wp-content\/uploads\/2017\/03\/Lodra-t\u00eb-prishura-te-parku-i-f\u00ebmij\u00ebve-pran-qendres-p\u00ebr-kultur\u00eb-ne-Ulqin-1-225x300.jpg 225w\" sizes=\"(max-width: 508px) 100vw, 508px\" \/><\/a> <a href=\"http:\/\/www.visit-ulcinj.com\/blog\/wp-content\/uploads\/2017\/03\/Lodra-t\u00eb-prishura-te-parku-i-f\u00ebmij\u00ebve-pran-qendres-p\u00ebr-kultur\u00eb-ne-Ulqin-2.jpg\"><img loading=\"lazy\" class=\"alignleft wp-image-103599\" src=\"http:\/\/www.visit-ulcinj.com\/blog\/wp-content\/uploads\/2017\/03\/Lodra-t\u00eb-prishura-te-parku-i-f\u00ebmij\u00ebve-pran-qendres-p\u00ebr-kultur\u00eb-ne-Ulqin-2.jpg\" alt=\"Lodra t\u00eb prishura te parku i f\u00ebmij\u00ebve pran qendres p\u00ebr kultur\u00eb ne Ulqin-2\" width=\"508\" height=\"677\" srcset=\"https:\/\/www.visit-ulcinj.com\/blog\/wp-content\/uploads\/2017\/03\/Lodra-t\u00eb-prishura-te-parku-i-f\u00ebmij\u00ebve-pran-qendres-p\u00ebr-kultur\u00eb-ne-Ulqin-2.jpg 720w, https:\/\/www.visit-ulcinj.com\/blog\/wp-content\/uploads\/2017\/03\/Lodra-t\u00eb-prishura-te-parku-i-f\u00ebmij\u00ebve-pran-qendres-p\u00ebr-kultur\u00eb-ne-Ulqin-2-225x300.jpg 225w\" sizes=\"(max-width: 508px) 100vw, 508px\" \/><\/a><\/p>\n<p><strong>Lodra t\u00eb prishura te parku i f\u00ebmij\u00ebve p\u00ebrball\u00eb Qendr\u00ebs p\u00ebr kultur Ulqin<\/strong><\/p>\n","protected":false},"excerpt":{"rendered":"<p>Shilar\u00ebsi i prishur n\u00eb parkun pran Qendr\u00ebs p\u00ebr kultur Ulqin K\u00ebndi i lodrave p\u00ebr f\u00ebmij\u00eb para Qendr\u00ebs p\u00ebr kultur q\u00eb u b\u00eb inaugurimi n\u00eb vitin 2014, sot nuk mir\u00ebmbahet nga askush. Disa lodra shihen n\u00eb gjende t\u00eb mir\u00eb e disa nga to mund t\u00eb rrezikojn\u00eb jet\u00ebn e f\u00ebmij\u00ebve. Milena Lekovic n\u00ebp\u00ebrmjet rrjetit social Facebook ka [&hellip;]<\/p>\n","protected":false},"author":1,"featured_media":0,"comment_status":"closed","ping_status":"closed","sticky":false,"template":"","format":"standard","meta":{"spay_email":"","jetpack_publicize_message":"","jetpack_is_tweetstorm":false,"jetpack_publicize_feature_enabled":true},"categories":[1,12],"tags":[],"jetpack_publicize_connections":[],"yoast_head":"<!-- This site is optimized with the Yoast SEO plugin v19.1 - https:\/\/yoast.com\/wordpress\/plugins\/seo\/ -->\n<title>Parkun e f\u00ebmij\u00ebve n\u00eb Ulqin nuk e mir\u00ebmban askush - Lajme nga Ulqini<\/title>\n<meta name=\"description\" content=\"Shilar\u00ebsi i prishur n\u00eb parkun pran Qendr\u00ebs p\u00ebr kultur Ulqin K\u00ebndi i lodrave p\u00ebr f\u00ebmij\u00eb para Qendr\u00ebs p\u00ebr kultur q\u00eb u b\u00eb inaugurimi n\u00eb vitin 2014, sot nuk\" \/>\n<meta name=\"robots\" content=\"index, follow, max-snippet:-1, max-image-preview:large, max-video-preview:-1\" \/>\n<link rel=\"canonical\" href=\"https:\/\/www.visit-ulcinj.com\/blog\/2017\/03\/16\/parkun-e-femijeve-ne-ulqin-nuk-e-miremban-askush\/\" \/>\n<meta property=\"og:locale\" content=\"en_US\" \/>\n<meta property=\"og:type\" content=\"article\" \/>\n<meta property=\"og:title\" content=\"Parkun e f\u00ebmij\u00ebve n\u00eb Ulqin nuk e mir\u00ebmban askush - Lajme nga Ulqini\" \/>\n<meta property=\"og:description\" content=\"Shilar\u00ebsi i prishur n\u00eb parkun pran Qendr\u00ebs p\u00ebr kultur Ulqin K\u00ebndi i lodrave p\u00ebr f\u00ebmij\u00eb para Qendr\u00ebs p\u00ebr kultur q\u00eb u b\u00eb inaugurimi n\u00eb vitin 2014, sot nuk\" \/>\n<meta property=\"og:url\" content=\"https:\/\/www.visit-ulcinj.com\/blog\/2017\/03\/16\/parkun-e-femijeve-ne-ulqin-nuk-e-miremban-askush\/\" \/>\n<meta property=\"og:site_name\" content=\"Lajme nga Ulqini\" \/>\n<meta property=\"article:published_time\" content=\"2017-03-16T12:18:54+00:00\" \/>\n<meta property=\"article:modified_time\" content=\"2017-03-17T17:27:41+00:00\" \/>\n<meta name=\"twitter:label1\" content=\"Written by\" \/>\n\t<meta name=\"twitter:data1\" content=\"ulqini\" \/>\n\t<meta name=\"twitter:label2\" content=\"Est. reading time\" \/>\n\t<meta name=\"twitter:data2\" content=\"1 minute\" \/>\n<script type=\"application\/ld+json\" class=\"yoast-schema-graph\">{\"@context\":\"https:\/\/schema.org\",\"@graph\":[{\"@type\":\"WebSite\",\"@id\":\"https:\/\/www.visit-ulcinj.com\/blog\/#website\",\"url\":\"https:\/\/www.visit-ulcinj.com\/blog\/\",\"name\":\"Lajme nga Ulqini\",\"description\":\"Lajme,Vijesti,Ulqini,Ulqin,Crna Gora,Mali i Zi\",\"potentialAction\":[{\"@type\":\"SearchAction\",\"target\":{\"@type\":\"EntryPoint\",\"urlTemplate\":\"https:\/\/www.visit-ulcinj.com\/blog\/?s={search_term_string}\"},\"query-input\":\"required name=search_term_string\"}],\"inLanguage\":\"en-US\"},{\"@type\":\"WebPage\",\"@id\":\"https:\/\/www.visit-ulcinj.com\/blog\/2017\/03\/16\/parkun-e-femijeve-ne-ulqin-nuk-e-miremban-askush\/#webpage\",\"url\":\"https:\/\/www.visit-ulcinj.com\/blog\/2017\/03\/16\/parkun-e-femijeve-ne-ulqin-nuk-e-miremban-askush\/\",\"name\":\"Parkun e f\u00ebmij\u00ebve n\u00eb Ulqin nuk e mir\u00ebmban askush - Lajme nga Ulqini\",\"isPartOf\":{\"@id\":\"https:\/\/www.visit-ulcinj.com\/blog\/#website\"},\"datePublished\":\"2017-03-16T12:18:54+00:00\",\"dateModified\":\"2017-03-17T17:27:41+00:00\",\"author\":{\"@id\":\"https:\/\/www.visit-ulcinj.com\/blog\/#\/schema\/person\/dcab619c614d3038751c63bc2aadc06d\"},\"description\":\"Shilar\u00ebsi i prishur n\u00eb parkun pran Qendr\u00ebs p\u00ebr kultur Ulqin K\u00ebndi i lodrave p\u00ebr f\u00ebmij\u00eb para Qendr\u00ebs p\u00ebr kultur q\u00eb u b\u00eb inaugurimi n\u00eb vitin 2014, sot nuk\",\"breadcrumb\":{\"@id\":\"https:\/\/www.visit-ulcinj.com\/blog\/2017\/03\/16\/parkun-e-femijeve-ne-ulqin-nuk-e-miremban-askush\/#breadcrumb\"},\"inLanguage\":\"en-US\",\"potentialAction\":[{\"@type\":\"ReadAction\",\"target\":[\"https:\/\/www.visit-ulcinj.com\/blog\/2017\/03\/16\/parkun-e-femijeve-ne-ulqin-nuk-e-miremban-askush\/\"]}]},{\"@type\":\"BreadcrumbList\",\"@id\":\"https:\/\/www.visit-ulcinj.com\/blog\/2017\/03\/16\/parkun-e-femijeve-ne-ulqin-nuk-e-miremban-askush\/#breadcrumb\",\"itemListElement\":[{\"@type\":\"ListItem\",\"position\":1,\"name\":\"Parkun e f\u00ebmij\u00ebve n\u00eb Ulqin nuk e mir\u00ebmban askush\"}]},{\"@type\":\"Person\",\"@id\":\"https:\/\/www.visit-ulcinj.com\/blog\/#\/schema\/person\/dcab619c614d3038751c63bc2aadc06d\",\"name\":\"ulqini\",\"sameAs\":[\"http:\/\/www.visit-ulcinj.com\"],\"url\":\"https:\/\/www.visit-ulcinj.com\/blog\/author\/admin\/\"}]}<\/script>\n<!-- \/ Yoast SEO plugin. -->","yoast_head_json":{"title":"Parkun e f\u00ebmij\u00ebve n\u00eb Ulqin nuk e mir\u00ebmban askush - Lajme nga Ulqini","description":"Shilar\u00ebsi i prishur n\u00eb parkun pran Qendr\u00ebs p\u00ebr kultur Ulqin K\u00ebndi i lodrave p\u00ebr f\u00ebmij\u00eb para Qendr\u00ebs p\u00ebr kultur q\u00eb u b\u00eb inaugurimi n\u00eb vitin 2014, sot nuk","robots":{"index":"index","follow":"follow","max-snippet":"max-snippet:-1","max-image-preview":"max-image-preview:large","max-video-preview":"max-video-preview:-1"},"canonical":"https:\/\/www.visit-ulcinj.com\/blog\/2017\/03\/16\/parkun-e-femijeve-ne-ulqin-nuk-e-miremban-askush\/","og_locale":"en_US","og_type":"article","og_title":"Parkun e f\u00ebmij\u00ebve n\u00eb Ulqin nuk e mir\u00ebmban askush - Lajme nga Ulqini","og_description":"Shilar\u00ebsi i prishur n\u00eb parkun pran Qendr\u00ebs p\u00ebr kultur Ulqin K\u00ebndi i lodrave p\u00ebr f\u00ebmij\u00eb para Qendr\u00ebs p\u00ebr kultur q\u00eb u b\u00eb inaugurimi n\u00eb vitin 2014, sot nuk","og_url":"https:\/\/www.visit-ulcinj.com\/blog\/2017\/03\/16\/parkun-e-femijeve-ne-ulqin-nuk-e-miremban-askush\/","og_site_name":"Lajme nga Ulqini","article_published_time":"2017-03-16T12:18:54+00:00","article_modified_time":"2017-03-17T17:27:41+00:00","twitter_misc":{"Written by":"ulqini","Est. reading time":"1 minute"},"schema":{"@context":"https:\/\/schema.org","@graph":[{"@type":"WebSite","@id":"https:\/\/www.visit-ulcinj.com\/blog\/#website","url":"https:\/\/www.visit-ulcinj.com\/blog\/","name":"Lajme nga Ulqini","description":"Lajme,Vijesti,Ulqini,Ulqin,Crna Gora,Mali i Zi","potentialAction":[{"@type":"SearchAction","target":{"@type":"EntryPoint","urlTemplate":"https:\/\/www.visit-ulcinj.com\/blog\/?s={search_term_string}"},"query-input":"required name=search_term_string"}],"inLanguage":"en-US"},{"@type":"WebPage","@id":"https:\/\/www.visit-ulcinj.com\/blog\/2017\/03\/16\/parkun-e-femijeve-ne-ulqin-nuk-e-miremban-askush\/#webpage","url":"https:\/\/www.visit-ulcinj.com\/blog\/2017\/03\/16\/parkun-e-femijeve-ne-ulqin-nuk-e-miremban-askush\/","name":"Parkun e f\u00ebmij\u00ebve n\u00eb Ulqin nuk e mir\u00ebmban askush - Lajme nga Ulqini","isPartOf":{"@id":"https:\/\/www.visit-ulcinj.com\/blog\/#website"},"datePublished":"2017-03-16T12:18:54+00:00","dateModified":"2017-03-17T17:27:41+00:00","author":{"@id":"https:\/\/www.visit-ulcinj.com\/blog\/#\/schema\/person\/dcab619c614d3038751c63bc2aadc06d"},"description":"Shilar\u00ebsi i prishur n\u00eb parkun pran Qendr\u00ebs p\u00ebr kultur Ulqin K\u00ebndi i lodrave p\u00ebr f\u00ebmij\u00eb para Qendr\u00ebs p\u00ebr kultur q\u00eb u b\u00eb inaugurimi n\u00eb vitin 2014, sot nuk","breadcrumb":{"@id":"https:\/\/www.visit-ulcinj.com\/blog\/2017\/03\/16\/parkun-e-femijeve-ne-ulqin-nuk-e-miremban-askush\/#breadcrumb"},"inLanguage":"en-US","potentialAction":[{"@type":"ReadAction","target":["https:\/\/www.visit-ulcinj.com\/blog\/2017\/03\/16\/parkun-e-femijeve-ne-ulqin-nuk-e-miremban-askush\/"]}]},{"@type":"BreadcrumbList","@id":"https:\/\/www.visit-ulcinj.com\/blog\/2017\/03\/16\/parkun-e-femijeve-ne-ulqin-nuk-e-miremban-askush\/#breadcrumb","itemListElement":[{"@type":"ListItem","position":1,"name":"Parkun e f\u00ebmij\u00ebve n\u00eb Ulqin nuk e mir\u00ebmban askush"}]},{"@type":"Person","@id":"https:\/\/www.visit-ulcinj.com\/blog\/#\/schema\/person\/dcab619c614d3038751c63bc2aadc06d","name":"ulqini","sameAs":["http:\/\/www.visit-ulcinj.com"],"url":"https:\/\/www.visit-ulcinj.com\/blog\/author\/admin\/"}]}},"jetpack_featured_media_url":"","jetpack_sharing_enabled":true,"jetpack_shortlink":"https:\/\/wp.me\/pe6lTn-qWT","_links":{"self":[{"href":"https:\/\/www.visit-ulcinj.com\/blog\/wp-json\/wp\/v2\/posts\/103595"}],"collection":[{"href":"https:\/\/www.visit-ulcinj.com\/blog\/wp-json\/wp\/v2\/posts"}],"about":[{"href":"https:\/\/www.visit-ulcinj.com\/blog\/wp-json\/wp\/v2\/types\/post"}],"author":[{"embeddable":true,"href":"https:\/\/www.visit-ulcinj.com\/blog\/wp-json\/wp\/v2\/users\/1"}],"replies":[{"embeddable":true,"href":"https:\/\/www.visit-ulcinj.com\/blog\/wp-json\/wp\/v2\/comments?post=103595"}],"version-history":[{"count":7,"href":"https:\/\/www.visit-ulcinj.com\/blog\/wp-json\/wp\/v2\/posts\/103595\/revisions"}],"predecessor-version":[{"id":103606,"href":"https:\/\/www.visit-ulcinj.com\/blog\/wp-json\/wp\/v2\/posts\/103595\/revisions\/103606"}],"wp:attachment":[{"href":"https:\/\/www.visit-ulcinj.com\/blog\/wp-json\/wp\/v2\/media?parent=103595"}],"wp:term":[{"taxonomy":"category","embeddable":true,"href":"https:\/\/www.visit-ulcinj.com\/blog\/wp-json\/wp\/v2\/categories?post=103595"},{"taxonomy":"post_tag","embeddable":true,"href":"https:\/\/www.visit-ulcinj.com\/blog\/wp-json\/wp\/v2\/tags?post=103595"}],"curies":[{"name":"wp","href":"https:\/\/api.w.org\/{rel}","templated":true}]}}