{"id":1036,"date":"2008-03-25T14:54:45","date_gmt":"2008-03-25T19:54:45","guid":{"rendered":"http:\/\/www.visit-ulcinj.com\/blog\/2008\/03\/25\/ulcinjska-solana-bajo-sekulicce-izaci-iz-stecaja\/"},"modified":"2008-03-25T17:31:41","modified_gmt":"2008-03-25T22:31:41","slug":"ulcinjska-solana-bajo-sekulicce-izaci-iz-stecaja","status":"publish","type":"post","link":"https:\/\/www.visit-ulcinj.com\/blog\/2008\/03\/25\/ulcinjska-solana-bajo-sekulicce-izaci-iz-stecaja\/","title":{"rendered":"Ulcinjska Solana &#8221;Bajo Sekuli?&#8221;?e iza?i iz ste?aja"},"content":{"rendered":"<p><a href=\"http:\/\/www.visit-ulcinj.com\/blog\/wp-content\/uploads\/2008\/03\/euro_12.jpg\" title=\"eurofund_montenegro\"><img loading=\"lazy\" src=\"http:\/\/www.visit-ulcinj.com\/blog\/wp-content\/uploads\/2008\/03\/euro_12.thumbnail.jpg\" alt=\"eurofund_montenegro\" align=\"left\" height=\"102\" width=\"200\" \/><\/a><strong>Ulcinjska Solana emitova?e 1,2 miliona eura akcija, a Boj\u0161a \u0160otra najavljuje jo\u0161 jednu dokapitalizaciju<\/strong><br \/>\nPODGORICA &#8211; Skup\u0161tina akcionara ulcinjske solane \u2018\u2019Bajo Sekuli?\u2019\u2019 odlu?ila je da dokapitalizuje fabriku, i emitova?e oko 1,2 miliona eura akcija.<br \/>\nIzvr\u0161ni direktor dru\u0161tva za upravljanje Eurofondom Boj\u0161a \u0160otra kazao je za Republiku da ?e prva dokapitalizacija biti zavr\u0161enja do 12. aprila, i nakon toga, kako je kazao, mo\u017ee se o?ekivati pobolj\u0161anje poslovanja fabrike.<br \/>\n&#8211; Novac ?emo iskoristiti za nabavku ma\u0161ina, kao prvo pakerice, za automatsko pakovanje proizvoda. Od tog novca rekonstruisa?emo i kolosijek i vagone za berbu soli &#8211; kazao je \u0160otra.<br \/>\nPrema njegovim rije?ima mo\u017ee se o?ekivati jo\u0161 jedna dokapitalizacija, a novac od nje bi?e iskori\u0161ten za vra?anje dugova te fabrike bankama.<br \/>\n&#8211; Nakon toga o?ekujemo da ?e Solana iza?i iz ste?aja. Radimo sve da unaprijedimo fabriku, jer ipak je ulcinjska Solana monopol. Napravljen je kvalitetan proizvod i nabavljene su nove ma\u0161ine. Izvozimo u Austriju i Sloveniju, \u0161to govori dovoljno o kvalitetu soli, a u toku su i pregovori da proizvod plasiramo u Rusiju &#8211; naglasio je \u0160otra.<br \/>\nAkcionari ulcinjske Solane u narednih mjesec mogu kupiti dodatne dionice, na osnovu prava pre?e kupovine, srazmjerno svom u?e\u0161?u u kapitalu tog preduze?a.<br \/>\nUkupan nominalni kapital Solane procijenjen je na oko 50 miliona eura, a kompanija ima dobre izglede za prodor na bosansko-hercegova?ko tr\u017ei\u0161te, gdje je ranije dominirala.<br \/>\nNajve?i akcionari ulcinjske kompanije osim Eurofonda, koji ima 75 odsto akcija, su dr\u017eavni Fond za razvoj, sa osam odsto, i privatizaciono-investicioni fond Trend, sa sedam odsto dionica. Ulcinjska kompanija na crnogorskom tr\u017ei\u0161tu kapitala va\u017ei kao veoma atraktivna za ulaganje, jer osim \u0161to proizvodi morsku so, posjeduje zemlji\u0161te blizu Velike pla\u017ee u Ulcinju, gdje je planirana gradnja ekskluzivnih hotelskih kompleksa.<a href=\"http:\/\/www.visit-ulcinj.com\/blog\/wp-content\/uploads\/2008\/03\/kanal-port-milena.jpg\" title=\"Kanal Port Milena\"><img loading=\"lazy\" src=\"http:\/\/www.visit-ulcinj.com\/blog\/wp-content\/uploads\/2008\/03\/kanal-port-milena.thumbnail.jpg\" alt=\"Kanal Port Milena\" align=\"right\" height=\"133\" width=\"200\" \/><\/a><br \/>\nU menad\u017ementu ove kompanije su vi\u0161e puta isticali da prostor Solane treba uvrstiti u turisti?ke kataloge Crne Gore kao mjesto u koje se dolazi svih 12 mjeseci, jer razloga za dolazak turista u Solanu i te kako ima. Solana je, tvrde u menad\u017ementu, jedno od dva najve?a stani\u0161ta ptica u Crnoj Gori. Poslovodstvo je uvidjelo mogu?nost iskori\u0161?avanja te pogodnosti u komercijane svrhe i za razvoj turizma \u0161to ve? rade, recimo, u Sloveniji, pa je u saradnji sa Austrijancima, Njemcima i Slovencima na Solani proveden najve?i ornitolo\u0161ki projekat ikad ra?en u Crnoj Gori, a rezultat je najpotpunija baza podataka na Balkanu.<br \/>\nUlcinjska Solana zauzima prostor od 1.468 hektara, najve?a je na isto?noj strani Jadrana i jedna me?u 10 najve?ih solana na Mediteranu.<br \/>\nSolana &#8221;Bajo Sekuli?&#8221; izgra?ena je 1934. godine isu\u0161ivanjem mo?vare Zogajsko blato, a uvr\u0161tena je u Me?unarodno zna?ajno podru?je za ptice (IBA), a stani\u0161ta te vrste su dobra reklama za turisti?ku ponudu Crne Gore. Podru?ja sa takvom etiketom garantuju nesvakida\u0161nja u\u017eivanja i ulcinjska Solana, smatraju u upravi, zaslu\u017euje da postane evropska destinacija za turiste.<br \/>\nJ.M.-P.Z.<br \/>\nwww.republika.cg.yu<\/p>\n<p><a href=\"http:\/\/wikimapia.org\/#lat=41.869621&amp;lon=19.346055&amp;z=18&amp;l=0&amp;m=a&amp;v=2\" title=\"ulqin,ulqini,ulcinj,montenegro\" target=\"_blank\">http:\/\/wikimapia.org\/<\/a><\/p>\n","protected":false},"excerpt":{"rendered":"<p><img loading=\"lazy\" src=\"http:\/\/www.visit-ulcinj.com\/blog\/wp-content\/uploads\/2008\/03\/euro_12.thumbnail.jpg\" alt=\"eurofund_montenegro\" align=\"left\" height=\"140\" width=\"140\" \/><\/p>\n","protected":false},"author":1,"featured_media":0,"comment_status":"open","ping_status":"closed","sticky":false,"template":"","format":"standard","meta":{"spay_email":"","jetpack_publicize_message":"","jetpack_is_tweetstorm":false,"jetpack_publicize_feature_enabled":true},"categories":[11],"tags":[],"jetpack_publicize_connections":[],"yoast_head":"<!-- This site is optimized with the Yoast SEO plugin v19.1 - https:\/\/yoast.com\/wordpress\/plugins\/seo\/ -->\n<title>Ulcinjska Solana &#039;&#039;Bajo Sekuli?&#039;&#039;?e iza?i iz ste?aja - Lajme nga Ulqini<\/title>\n<meta name=\"robots\" content=\"index, follow, max-snippet:-1, max-image-preview:large, max-video-preview:-1\" \/>\n<link rel=\"canonical\" href=\"https:\/\/www.visit-ulcinj.com\/blog\/2008\/03\/25\/ulcinjska-solana-bajo-sekulicce-izaci-iz-stecaja\/\" \/>\n<meta property=\"og:locale\" content=\"en_US\" \/>\n<meta property=\"og:type\" content=\"article\" \/>\n<meta property=\"og:title\" content=\"Ulcinjska Solana &#039;&#039;Bajo Sekuli?&#039;&#039;?e iza?i iz ste?aja - Lajme nga Ulqini\" \/>\n<meta property=\"og:url\" content=\"https:\/\/www.visit-ulcinj.com\/blog\/2008\/03\/25\/ulcinjska-solana-bajo-sekulicce-izaci-iz-stecaja\/\" \/>\n<meta property=\"og:site_name\" content=\"Lajme nga Ulqini\" \/>\n<meta property=\"article:published_time\" content=\"2008-03-25T19:54:45+00:00\" \/>\n<meta property=\"article:modified_time\" content=\"2008-03-25T22:31:41+00:00\" \/>\n<meta property=\"og:image\" content=\"http:\/\/www.visit-ulcinj.com\/blog\/wp-content\/uploads\/2008\/03\/euro_12.thumbnail.jpg\" \/>\n<meta name=\"twitter:label1\" content=\"Written by\" \/>\n\t<meta name=\"twitter:data1\" content=\"ulqini\" \/>\n\t<meta name=\"twitter:label2\" content=\"Est. reading time\" \/>\n\t<meta name=\"twitter:data2\" content=\"3 minutes\" \/>\n<script type=\"application\/ld+json\" class=\"yoast-schema-graph\">{\"@context\":\"https:\/\/schema.org\",\"@graph\":[{\"@type\":\"WebSite\",\"@id\":\"https:\/\/www.visit-ulcinj.com\/blog\/#website\",\"url\":\"https:\/\/www.visit-ulcinj.com\/blog\/\",\"name\":\"Lajme nga Ulqini\",\"description\":\"Lajme,Vijesti,Ulqini,Ulqin,Crna Gora,Mali i Zi\",\"potentialAction\":[{\"@type\":\"SearchAction\",\"target\":{\"@type\":\"EntryPoint\",\"urlTemplate\":\"https:\/\/www.visit-ulcinj.com\/blog\/?s={search_term_string}\"},\"query-input\":\"required name=search_term_string\"}],\"inLanguage\":\"en-US\"},{\"@type\":\"ImageObject\",\"inLanguage\":\"en-US\",\"@id\":\"https:\/\/www.visit-ulcinj.com\/blog\/2008\/03\/25\/ulcinjska-solana-bajo-sekulicce-izaci-iz-stecaja\/#primaryimage\",\"url\":\"http:\/\/www.visit-ulcinj.com\/blog\/wp-content\/uploads\/2008\/03\/euro_12.thumbnail.jpg\",\"contentUrl\":\"http:\/\/www.visit-ulcinj.com\/blog\/wp-content\/uploads\/2008\/03\/euro_12.thumbnail.jpg\"},{\"@type\":\"WebPage\",\"@id\":\"https:\/\/www.visit-ulcinj.com\/blog\/2008\/03\/25\/ulcinjska-solana-bajo-sekulicce-izaci-iz-stecaja\/#webpage\",\"url\":\"https:\/\/www.visit-ulcinj.com\/blog\/2008\/03\/25\/ulcinjska-solana-bajo-sekulicce-izaci-iz-stecaja\/\",\"name\":\"Ulcinjska Solana ''Bajo Sekuli?''?e iza?i iz ste?aja - Lajme nga Ulqini\",\"isPartOf\":{\"@id\":\"https:\/\/www.visit-ulcinj.com\/blog\/#website\"},\"primaryImageOfPage\":{\"@id\":\"https:\/\/www.visit-ulcinj.com\/blog\/2008\/03\/25\/ulcinjska-solana-bajo-sekulicce-izaci-iz-stecaja\/#primaryimage\"},\"datePublished\":\"2008-03-25T19:54:45+00:00\",\"dateModified\":\"2008-03-25T22:31:41+00:00\",\"author\":{\"@id\":\"https:\/\/www.visit-ulcinj.com\/blog\/#\/schema\/person\/dcab619c614d3038751c63bc2aadc06d\"},\"breadcrumb\":{\"@id\":\"https:\/\/www.visit-ulcinj.com\/blog\/2008\/03\/25\/ulcinjska-solana-bajo-sekulicce-izaci-iz-stecaja\/#breadcrumb\"},\"inLanguage\":\"en-US\",\"potentialAction\":[{\"@type\":\"ReadAction\",\"target\":[\"https:\/\/www.visit-ulcinj.com\/blog\/2008\/03\/25\/ulcinjska-solana-bajo-sekulicce-izaci-iz-stecaja\/\"]}]},{\"@type\":\"BreadcrumbList\",\"@id\":\"https:\/\/www.visit-ulcinj.com\/blog\/2008\/03\/25\/ulcinjska-solana-bajo-sekulicce-izaci-iz-stecaja\/#breadcrumb\",\"itemListElement\":[{\"@type\":\"ListItem\",\"position\":1,\"name\":\"Ulcinjska Solana &#8221;Bajo Sekuli?&#8221;?e iza?i iz ste?aja\"}]},{\"@type\":\"Person\",\"@id\":\"https:\/\/www.visit-ulcinj.com\/blog\/#\/schema\/person\/dcab619c614d3038751c63bc2aadc06d\",\"name\":\"ulqini\",\"sameAs\":[\"http:\/\/www.visit-ulcinj.com\"],\"url\":\"https:\/\/www.visit-ulcinj.com\/blog\/author\/admin\/\"}]}<\/script>\n<!-- \/ Yoast SEO plugin. -->","yoast_head_json":{"title":"Ulcinjska Solana ''Bajo Sekuli?''?e iza?i iz ste?aja - Lajme nga Ulqini","robots":{"index":"index","follow":"follow","max-snippet":"max-snippet:-1","max-image-preview":"max-image-preview:large","max-video-preview":"max-video-preview:-1"},"canonical":"https:\/\/www.visit-ulcinj.com\/blog\/2008\/03\/25\/ulcinjska-solana-bajo-sekulicce-izaci-iz-stecaja\/","og_locale":"en_US","og_type":"article","og_title":"Ulcinjska Solana ''Bajo Sekuli?''?e iza?i iz ste?aja - Lajme nga Ulqini","og_url":"https:\/\/www.visit-ulcinj.com\/blog\/2008\/03\/25\/ulcinjska-solana-bajo-sekulicce-izaci-iz-stecaja\/","og_site_name":"Lajme nga Ulqini","article_published_time":"2008-03-25T19:54:45+00:00","article_modified_time":"2008-03-25T22:31:41+00:00","og_image":[{"url":"http:\/\/www.visit-ulcinj.com\/blog\/wp-content\/uploads\/2008\/03\/euro_12.thumbnail.jpg"}],"twitter_misc":{"Written by":"ulqini","Est. reading time":"3 minutes"},"schema":{"@context":"https:\/\/schema.org","@graph":[{"@type":"WebSite","@id":"https:\/\/www.visit-ulcinj.com\/blog\/#website","url":"https:\/\/www.visit-ulcinj.com\/blog\/","name":"Lajme nga Ulqini","description":"Lajme,Vijesti,Ulqini,Ulqin,Crna Gora,Mali i Zi","potentialAction":[{"@type":"SearchAction","target":{"@type":"EntryPoint","urlTemplate":"https:\/\/www.visit-ulcinj.com\/blog\/?s={search_term_string}"},"query-input":"required name=search_term_string"}],"inLanguage":"en-US"},{"@type":"ImageObject","inLanguage":"en-US","@id":"https:\/\/www.visit-ulcinj.com\/blog\/2008\/03\/25\/ulcinjska-solana-bajo-sekulicce-izaci-iz-stecaja\/#primaryimage","url":"http:\/\/www.visit-ulcinj.com\/blog\/wp-content\/uploads\/2008\/03\/euro_12.thumbnail.jpg","contentUrl":"http:\/\/www.visit-ulcinj.com\/blog\/wp-content\/uploads\/2008\/03\/euro_12.thumbnail.jpg"},{"@type":"WebPage","@id":"https:\/\/www.visit-ulcinj.com\/blog\/2008\/03\/25\/ulcinjska-solana-bajo-sekulicce-izaci-iz-stecaja\/#webpage","url":"https:\/\/www.visit-ulcinj.com\/blog\/2008\/03\/25\/ulcinjska-solana-bajo-sekulicce-izaci-iz-stecaja\/","name":"Ulcinjska Solana ''Bajo Sekuli?''?e iza?i iz ste?aja - Lajme nga Ulqini","isPartOf":{"@id":"https:\/\/www.visit-ulcinj.com\/blog\/#website"},"primaryImageOfPage":{"@id":"https:\/\/www.visit-ulcinj.com\/blog\/2008\/03\/25\/ulcinjska-solana-bajo-sekulicce-izaci-iz-stecaja\/#primaryimage"},"datePublished":"2008-03-25T19:54:45+00:00","dateModified":"2008-03-25T22:31:41+00:00","author":{"@id":"https:\/\/www.visit-ulcinj.com\/blog\/#\/schema\/person\/dcab619c614d3038751c63bc2aadc06d"},"breadcrumb":{"@id":"https:\/\/www.visit-ulcinj.com\/blog\/2008\/03\/25\/ulcinjska-solana-bajo-sekulicce-izaci-iz-stecaja\/#breadcrumb"},"inLanguage":"en-US","potentialAction":[{"@type":"ReadAction","target":["https:\/\/www.visit-ulcinj.com\/blog\/2008\/03\/25\/ulcinjska-solana-bajo-sekulicce-izaci-iz-stecaja\/"]}]},{"@type":"BreadcrumbList","@id":"https:\/\/www.visit-ulcinj.com\/blog\/2008\/03\/25\/ulcinjska-solana-bajo-sekulicce-izaci-iz-stecaja\/#breadcrumb","itemListElement":[{"@type":"ListItem","position":1,"name":"Ulcinjska Solana &#8221;Bajo Sekuli?&#8221;?e iza?i iz ste?aja"}]},{"@type":"Person","@id":"https:\/\/www.visit-ulcinj.com\/blog\/#\/schema\/person\/dcab619c614d3038751c63bc2aadc06d","name":"ulqini","sameAs":["http:\/\/www.visit-ulcinj.com"],"url":"https:\/\/www.visit-ulcinj.com\/blog\/author\/admin\/"}]}},"jetpack_featured_media_url":"","jetpack_sharing_enabled":true,"jetpack_shortlink":"https:\/\/wp.me\/pe6lTn-gI","_links":{"self":[{"href":"https:\/\/www.visit-ulcinj.com\/blog\/wp-json\/wp\/v2\/posts\/1036"}],"collection":[{"href":"https:\/\/www.visit-ulcinj.com\/blog\/wp-json\/wp\/v2\/posts"}],"about":[{"href":"https:\/\/www.visit-ulcinj.com\/blog\/wp-json\/wp\/v2\/types\/post"}],"author":[{"embeddable":true,"href":"https:\/\/www.visit-ulcinj.com\/blog\/wp-json\/wp\/v2\/users\/1"}],"replies":[{"embeddable":true,"href":"https:\/\/www.visit-ulcinj.com\/blog\/wp-json\/wp\/v2\/comments?post=1036"}],"version-history":[{"count":0,"href":"https:\/\/www.visit-ulcinj.com\/blog\/wp-json\/wp\/v2\/posts\/1036\/revisions"}],"wp:attachment":[{"href":"https:\/\/www.visit-ulcinj.com\/blog\/wp-json\/wp\/v2\/media?parent=1036"}],"wp:term":[{"taxonomy":"category","embeddable":true,"href":"https:\/\/www.visit-ulcinj.com\/blog\/wp-json\/wp\/v2\/categories?post=1036"},{"taxonomy":"post_tag","embeddable":true,"href":"https:\/\/www.visit-ulcinj.com\/blog\/wp-json\/wp\/v2\/tags?post=1036"}],"curies":[{"name":"wp","href":"https:\/\/api.w.org\/{rel}","templated":true}]}}