{"id":103607,"date":"2017-03-17T18:25:49","date_gmt":"2017-03-17T17:25:49","guid":{"rendered":"http:\/\/www.visit-ulcinj.com\/blog\/?p=103607"},"modified":"2017-03-18T16:07:40","modified_gmt":"2017-03-18T15:07:40","slug":"ministri-hoti-pritet-nga-minsitri-zenka","status":"publish","type":"post","link":"https:\/\/www.visit-ulcinj.com\/blog\/2017\/03\/17\/ministri-hoti-pritet-nga-minsitri-zenka\/","title":{"rendered":"Ministri Hoti pritet nga minsitri Zenka"},"content":{"rendered":"<p><strong><a href=\"http:\/\/www.visit-ulcinj.com\/blog\/wp-content\/uploads\/2017\/03\/Avdullah-Hoti-Mehmed-Zenka.jpg\"><img loading=\"lazy\" class=\"alignleft wp-image-103608\" src=\"http:\/\/www.visit-ulcinj.com\/blog\/wp-content\/uploads\/2017\/03\/Avdullah-Hoti-Mehmed-Zenka.jpg\" alt=\"Avdullah Hoti-Mehmed Zenka\" width=\"508\" height=\"375\" srcset=\"https:\/\/www.visit-ulcinj.com\/blog\/wp-content\/uploads\/2017\/03\/Avdullah-Hoti-Mehmed-Zenka.jpg 650w, https:\/\/www.visit-ulcinj.com\/blog\/wp-content\/uploads\/2017\/03\/Avdullah-Hoti-Mehmed-Zenka-300x222.jpg 300w\" sizes=\"(max-width: 508px) 100vw, 508px\" \/><\/a>Gjat\u00eb vizit\u00ebs s\u00eb tij n\u00eb Mal t\u00eb Zi ministri Hoti u takua edhe me n\u00ebnkryetarin e Parlamentit t\u00eb Malit t\u00eb Zi, Genc Nimanbegu,\u00a0 si dhe me ministrin p\u00ebr t\u00eb drejtat e njeriut dhe pakicave, Mehmed Zenka,\u00a0 ku\u00a0 diskutuan p\u00ebr rritjen e bashk\u00ebpunimit nd\u00ebrmjet Kosov\u00ebs dhe Malit t\u00eb Zi.<\/strong><\/p>\n<p>Ministri i Financave, Avdullah Hoti gjat\u00eb vizit\u00ebs zyrtare q\u00eb po zhvillon n\u00eb Mal t\u00eb Zi, \u00ebsht\u00eb pritur n\u00eb takim nga ministri i Financave t\u00eb Malit tc Zi, Darko Radunovi\u010d si dhe zyrtar\u00eb tjer\u00eb t\u00eb lart\u00eb t\u00eb k\u00ebtij shteti.<\/p>\n<p>Hoti n\u00eb takim me zyrtar\u00ebt qeveritar t\u00eb Malit t\u00eb Zi ka paraqitur propozimin e Qeveris\u00eb s\u00eb Kosov\u00ebs p\u00ebr organizimin dhe mbajtjen e mbledhjes s\u00eb p\u00ebrbashk\u00ebt t\u00eb dy Qeverive, ku me k\u00ebt\u00eb rast do t\u00eb n\u00ebnshkruheshin shum\u00eb marr\u00ebveshje t\u00eb fush\u00ebn e ekonomis\u00eb.<\/p>\n<p>Gjat\u00eb k\u00ebtij takimi u diskutua p\u00ebr situat\u00ebn e p\u00ebrgjithshme makrofinanciare, Inicimin e Marr\u00ebveshjes s\u00eb Eliminimit t\u00eb Tatimit t\u00eb Dyfisht\u00eb, bashk\u00ebpunimin p\u00ebr p\u00ebrmir\u00ebsimin e kushteve t\u00eb t\u00eb b\u00ebrit biznes nd\u00ebrmjet dy vendeve, p\u00ebrmir\u00ebsimin e proceduarve fiskale dhe doganore, bashk\u00ebpunimin n\u00eb fush\u00ebn e shk\u00ebmbimit t\u00eb informacionit n\u00eb p\u00ebrputhje me kuadrin ligjor t\u00eb secilit vend, p\u00ebrafrimin dhe harmonizimin e ngarkesave doganore p\u00ebr mallrat q\u00eb paguajn\u00eb akciz\u00eb, sidomos duhanit dhe kafes\u00eb si dhe p\u00ebr unifikim t\u00eb dokumentacionit p\u00ebr import \u2013 eksport.<\/p>\n<p>Ministri Avdullah Hoti fal\u00ebnderoi ministrin Radunovi\u010d p\u00ebr pritjen dhe gatishm\u00ebrin\u00eb e tij dhe t\u00eb shtetit t\u00eb Malit t\u00eb Zi p\u00ebr rritjen e bashk\u00ebpunimit nd\u00ebrshtet\u00ebror si dhe p\u00ebr unifikimin e marr\u00ebveshjeve t\u00eb cilat e shtojn\u00eb bashkpunimin dhe zhvillimin ekonomik n\u00eb dy vendet. Me k\u00ebt\u00eb rast Hoti e njoftoi homologun e tij p\u00ebr proceset buxhetore dhe financiare n\u00ebp\u00ebr t\u00eb cilat po kalon Kosova.<\/p>\n<p>Nd\u00ebrsa, ministri i Financave t\u00eb Malit t\u00eb Zi, Darko Radunovi\u010d fal\u00ebnderoi ministrin Hoti p\u00ebr vizit\u00ebn dhe p\u00ebr p\u00ebrkushtimin e tij n\u00eb rritjen e bashk\u00ebpunimit ekonomik dhe financiar nd\u00ebrmjet dy Ministrive, si dhe shfaqi gatishm\u00ebrin\u00eb e tij dhe t\u00eb shtetit t\u00eb tij p\u00ebr forcimin e bashk\u00ebpunimit ekonomik me Kosov\u00ebn.<\/p>\n<p><strong>KosovaLive360<\/strong><\/p>\n<h3><\/h3>\n","protected":false},"excerpt":{"rendered":"<p>Gjat\u00eb vizit\u00ebs s\u00eb tij n\u00eb Mal t\u00eb Zi ministri Hoti u takua edhe me n\u00ebnkryetarin e Parlamentit t\u00eb Malit t\u00eb Zi, Genc Nimanbegu,\u00a0 si dhe me ministrin p\u00ebr t\u00eb drejtat e njeriut dhe pakicave, Mehmed Zenka,\u00a0 ku\u00a0 diskutuan p\u00ebr rritjen e bashk\u00ebpunimit nd\u00ebrmjet Kosov\u00ebs dhe Malit t\u00eb Zi. Ministri i Financave, Avdullah Hoti gjat\u00eb vizit\u00ebs [&hellip;]<\/p>\n","protected":false},"author":1,"featured_media":0,"comment_status":"closed","ping_status":"closed","sticky":false,"template":"","format":"standard","meta":{"spay_email":"","jetpack_publicize_message":"","jetpack_is_tweetstorm":false,"jetpack_publicize_feature_enabled":true},"categories":[1,6],"tags":[],"jetpack_publicize_connections":[],"yoast_head":"<!-- This site is optimized with the Yoast SEO plugin v19.1 - https:\/\/yoast.com\/wordpress\/plugins\/seo\/ -->\n<title>Ministri Hoti pritet nga minsitri Zenka - Lajme nga Ulqini<\/title>\n<meta name=\"description\" content=\"Gjat\u00eb vizit\u00ebs s\u00eb tij n\u00eb Mal t\u00eb Zi ministri Hoti u takua edhe me n\u00ebnkryetarin e Parlamentit t\u00eb Malit t\u00eb Zi, Genc Nimanbegu,\u00a0 si dhe me ministrin p\u00ebr t\u00eb\" \/>\n<meta name=\"robots\" content=\"index, follow, max-snippet:-1, max-image-preview:large, max-video-preview:-1\" \/>\n<link rel=\"canonical\" href=\"https:\/\/www.visit-ulcinj.com\/blog\/2017\/03\/17\/ministri-hoti-pritet-nga-minsitri-zenka\/\" \/>\n<meta property=\"og:locale\" content=\"en_US\" \/>\n<meta property=\"og:type\" content=\"article\" \/>\n<meta property=\"og:title\" content=\"Ministri Hoti pritet nga minsitri Zenka - Lajme nga Ulqini\" \/>\n<meta property=\"og:description\" content=\"Gjat\u00eb vizit\u00ebs s\u00eb tij n\u00eb Mal t\u00eb Zi ministri Hoti u takua edhe me n\u00ebnkryetarin e Parlamentit t\u00eb Malit t\u00eb Zi, Genc Nimanbegu,\u00a0 si dhe me ministrin p\u00ebr t\u00eb\" \/>\n<meta property=\"og:url\" content=\"https:\/\/www.visit-ulcinj.com\/blog\/2017\/03\/17\/ministri-hoti-pritet-nga-minsitri-zenka\/\" \/>\n<meta property=\"og:site_name\" content=\"Lajme nga Ulqini\" \/>\n<meta property=\"article:published_time\" content=\"2017-03-17T17:25:49+00:00\" \/>\n<meta property=\"article:modified_time\" content=\"2017-03-18T15:07:40+00:00\" \/>\n<meta property=\"og:image\" content=\"http:\/\/www.visit-ulcinj.com\/blog\/wp-content\/uploads\/2017\/03\/Avdullah-Hoti-Mehmed-Zenka.jpg\" \/>\n<meta name=\"twitter:label1\" content=\"Written by\" \/>\n\t<meta name=\"twitter:data1\" content=\"ulqini\" \/>\n\t<meta name=\"twitter:label2\" content=\"Est. reading time\" \/>\n\t<meta name=\"twitter:data2\" content=\"2 minutes\" \/>\n<script type=\"application\/ld+json\" class=\"yoast-schema-graph\">{\"@context\":\"https:\/\/schema.org\",\"@graph\":[{\"@type\":\"WebSite\",\"@id\":\"https:\/\/www.visit-ulcinj.com\/blog\/#website\",\"url\":\"https:\/\/www.visit-ulcinj.com\/blog\/\",\"name\":\"Lajme nga Ulqini\",\"description\":\"Lajme,Vijesti,Ulqini,Ulqin,Crna Gora,Mali i Zi\",\"potentialAction\":[{\"@type\":\"SearchAction\",\"target\":{\"@type\":\"EntryPoint\",\"urlTemplate\":\"https:\/\/www.visit-ulcinj.com\/blog\/?s={search_term_string}\"},\"query-input\":\"required name=search_term_string\"}],\"inLanguage\":\"en-US\"},{\"@type\":\"ImageObject\",\"inLanguage\":\"en-US\",\"@id\":\"https:\/\/www.visit-ulcinj.com\/blog\/2017\/03\/17\/ministri-hoti-pritet-nga-minsitri-zenka\/#primaryimage\",\"url\":\"https:\/\/www.visit-ulcinj.com\/blog\/wp-content\/uploads\/2017\/03\/Avdullah-Hoti-Mehmed-Zenka.jpg\",\"contentUrl\":\"https:\/\/www.visit-ulcinj.com\/blog\/wp-content\/uploads\/2017\/03\/Avdullah-Hoti-Mehmed-Zenka.jpg\",\"width\":650,\"height\":480},{\"@type\":\"WebPage\",\"@id\":\"https:\/\/www.visit-ulcinj.com\/blog\/2017\/03\/17\/ministri-hoti-pritet-nga-minsitri-zenka\/#webpage\",\"url\":\"https:\/\/www.visit-ulcinj.com\/blog\/2017\/03\/17\/ministri-hoti-pritet-nga-minsitri-zenka\/\",\"name\":\"Ministri Hoti pritet nga minsitri Zenka - Lajme nga Ulqini\",\"isPartOf\":{\"@id\":\"https:\/\/www.visit-ulcinj.com\/blog\/#website\"},\"primaryImageOfPage\":{\"@id\":\"https:\/\/www.visit-ulcinj.com\/blog\/2017\/03\/17\/ministri-hoti-pritet-nga-minsitri-zenka\/#primaryimage\"},\"datePublished\":\"2017-03-17T17:25:49+00:00\",\"dateModified\":\"2017-03-18T15:07:40+00:00\",\"author\":{\"@id\":\"https:\/\/www.visit-ulcinj.com\/blog\/#\/schema\/person\/dcab619c614d3038751c63bc2aadc06d\"},\"description\":\"Gjat\u00eb vizit\u00ebs s\u00eb tij n\u00eb Mal t\u00eb Zi ministri Hoti u takua edhe me n\u00ebnkryetarin e Parlamentit t\u00eb Malit t\u00eb Zi, Genc Nimanbegu,\u00a0 si dhe me ministrin p\u00ebr t\u00eb\",\"breadcrumb\":{\"@id\":\"https:\/\/www.visit-ulcinj.com\/blog\/2017\/03\/17\/ministri-hoti-pritet-nga-minsitri-zenka\/#breadcrumb\"},\"inLanguage\":\"en-US\",\"potentialAction\":[{\"@type\":\"ReadAction\",\"target\":[\"https:\/\/www.visit-ulcinj.com\/blog\/2017\/03\/17\/ministri-hoti-pritet-nga-minsitri-zenka\/\"]}]},{\"@type\":\"BreadcrumbList\",\"@id\":\"https:\/\/www.visit-ulcinj.com\/blog\/2017\/03\/17\/ministri-hoti-pritet-nga-minsitri-zenka\/#breadcrumb\",\"itemListElement\":[{\"@type\":\"ListItem\",\"position\":1,\"name\":\"Ministri Hoti pritet nga minsitri Zenka\"}]},{\"@type\":\"Person\",\"@id\":\"https:\/\/www.visit-ulcinj.com\/blog\/#\/schema\/person\/dcab619c614d3038751c63bc2aadc06d\",\"name\":\"ulqini\",\"sameAs\":[\"http:\/\/www.visit-ulcinj.com\"],\"url\":\"https:\/\/www.visit-ulcinj.com\/blog\/author\/admin\/\"}]}<\/script>\n<!-- \/ Yoast SEO plugin. -->","yoast_head_json":{"title":"Ministri Hoti pritet nga minsitri Zenka - Lajme nga Ulqini","description":"Gjat\u00eb vizit\u00ebs s\u00eb tij n\u00eb Mal t\u00eb Zi ministri Hoti u takua edhe me n\u00ebnkryetarin e Parlamentit t\u00eb Malit t\u00eb Zi, Genc Nimanbegu,\u00a0 si dhe me ministrin p\u00ebr t\u00eb","robots":{"index":"index","follow":"follow","max-snippet":"max-snippet:-1","max-image-preview":"max-image-preview:large","max-video-preview":"max-video-preview:-1"},"canonical":"https:\/\/www.visit-ulcinj.com\/blog\/2017\/03\/17\/ministri-hoti-pritet-nga-minsitri-zenka\/","og_locale":"en_US","og_type":"article","og_title":"Ministri Hoti pritet nga minsitri Zenka - Lajme nga Ulqini","og_description":"Gjat\u00eb vizit\u00ebs s\u00eb tij n\u00eb Mal t\u00eb Zi ministri Hoti u takua edhe me n\u00ebnkryetarin e Parlamentit t\u00eb Malit t\u00eb Zi, Genc Nimanbegu,\u00a0 si dhe me ministrin p\u00ebr t\u00eb","og_url":"https:\/\/www.visit-ulcinj.com\/blog\/2017\/03\/17\/ministri-hoti-pritet-nga-minsitri-zenka\/","og_site_name":"Lajme nga Ulqini","article_published_time":"2017-03-17T17:25:49+00:00","article_modified_time":"2017-03-18T15:07:40+00:00","og_image":[{"url":"http:\/\/www.visit-ulcinj.com\/blog\/wp-content\/uploads\/2017\/03\/Avdullah-Hoti-Mehmed-Zenka.jpg"}],"twitter_misc":{"Written by":"ulqini","Est. reading time":"2 minutes"},"schema":{"@context":"https:\/\/schema.org","@graph":[{"@type":"WebSite","@id":"https:\/\/www.visit-ulcinj.com\/blog\/#website","url":"https:\/\/www.visit-ulcinj.com\/blog\/","name":"Lajme nga Ulqini","description":"Lajme,Vijesti,Ulqini,Ulqin,Crna Gora,Mali i Zi","potentialAction":[{"@type":"SearchAction","target":{"@type":"EntryPoint","urlTemplate":"https:\/\/www.visit-ulcinj.com\/blog\/?s={search_term_string}"},"query-input":"required name=search_term_string"}],"inLanguage":"en-US"},{"@type":"ImageObject","inLanguage":"en-US","@id":"https:\/\/www.visit-ulcinj.com\/blog\/2017\/03\/17\/ministri-hoti-pritet-nga-minsitri-zenka\/#primaryimage","url":"https:\/\/www.visit-ulcinj.com\/blog\/wp-content\/uploads\/2017\/03\/Avdullah-Hoti-Mehmed-Zenka.jpg","contentUrl":"https:\/\/www.visit-ulcinj.com\/blog\/wp-content\/uploads\/2017\/03\/Avdullah-Hoti-Mehmed-Zenka.jpg","width":650,"height":480},{"@type":"WebPage","@id":"https:\/\/www.visit-ulcinj.com\/blog\/2017\/03\/17\/ministri-hoti-pritet-nga-minsitri-zenka\/#webpage","url":"https:\/\/www.visit-ulcinj.com\/blog\/2017\/03\/17\/ministri-hoti-pritet-nga-minsitri-zenka\/","name":"Ministri Hoti pritet nga minsitri Zenka - Lajme nga Ulqini","isPartOf":{"@id":"https:\/\/www.visit-ulcinj.com\/blog\/#website"},"primaryImageOfPage":{"@id":"https:\/\/www.visit-ulcinj.com\/blog\/2017\/03\/17\/ministri-hoti-pritet-nga-minsitri-zenka\/#primaryimage"},"datePublished":"2017-03-17T17:25:49+00:00","dateModified":"2017-03-18T15:07:40+00:00","author":{"@id":"https:\/\/www.visit-ulcinj.com\/blog\/#\/schema\/person\/dcab619c614d3038751c63bc2aadc06d"},"description":"Gjat\u00eb vizit\u00ebs s\u00eb tij n\u00eb Mal t\u00eb Zi ministri Hoti u takua edhe me n\u00ebnkryetarin e Parlamentit t\u00eb Malit t\u00eb Zi, Genc Nimanbegu,\u00a0 si dhe me ministrin p\u00ebr t\u00eb","breadcrumb":{"@id":"https:\/\/www.visit-ulcinj.com\/blog\/2017\/03\/17\/ministri-hoti-pritet-nga-minsitri-zenka\/#breadcrumb"},"inLanguage":"en-US","potentialAction":[{"@type":"ReadAction","target":["https:\/\/www.visit-ulcinj.com\/blog\/2017\/03\/17\/ministri-hoti-pritet-nga-minsitri-zenka\/"]}]},{"@type":"BreadcrumbList","@id":"https:\/\/www.visit-ulcinj.com\/blog\/2017\/03\/17\/ministri-hoti-pritet-nga-minsitri-zenka\/#breadcrumb","itemListElement":[{"@type":"ListItem","position":1,"name":"Ministri Hoti pritet nga minsitri Zenka"}]},{"@type":"Person","@id":"https:\/\/www.visit-ulcinj.com\/blog\/#\/schema\/person\/dcab619c614d3038751c63bc2aadc06d","name":"ulqini","sameAs":["http:\/\/www.visit-ulcinj.com"],"url":"https:\/\/www.visit-ulcinj.com\/blog\/author\/admin\/"}]}},"jetpack_featured_media_url":"","jetpack_sharing_enabled":true,"jetpack_shortlink":"https:\/\/wp.me\/pe6lTn-qX5","_links":{"self":[{"href":"https:\/\/www.visit-ulcinj.com\/blog\/wp-json\/wp\/v2\/posts\/103607"}],"collection":[{"href":"https:\/\/www.visit-ulcinj.com\/blog\/wp-json\/wp\/v2\/posts"}],"about":[{"href":"https:\/\/www.visit-ulcinj.com\/blog\/wp-json\/wp\/v2\/types\/post"}],"author":[{"embeddable":true,"href":"https:\/\/www.visit-ulcinj.com\/blog\/wp-json\/wp\/v2\/users\/1"}],"replies":[{"embeddable":true,"href":"https:\/\/www.visit-ulcinj.com\/blog\/wp-json\/wp\/v2\/comments?post=103607"}],"version-history":[{"count":1,"href":"https:\/\/www.visit-ulcinj.com\/blog\/wp-json\/wp\/v2\/posts\/103607\/revisions"}],"predecessor-version":[{"id":103609,"href":"https:\/\/www.visit-ulcinj.com\/blog\/wp-json\/wp\/v2\/posts\/103607\/revisions\/103609"}],"wp:attachment":[{"href":"https:\/\/www.visit-ulcinj.com\/blog\/wp-json\/wp\/v2\/media?parent=103607"}],"wp:term":[{"taxonomy":"category","embeddable":true,"href":"https:\/\/www.visit-ulcinj.com\/blog\/wp-json\/wp\/v2\/categories?post=103607"},{"taxonomy":"post_tag","embeddable":true,"href":"https:\/\/www.visit-ulcinj.com\/blog\/wp-json\/wp\/v2\/tags?post=103607"}],"curies":[{"name":"wp","href":"https:\/\/api.w.org\/{rel}","templated":true}]}}