{"id":103610,"date":"2017-03-17T18:29:41","date_gmt":"2017-03-17T17:29:41","guid":{"rendered":"http:\/\/www.visit-ulcinj.com\/blog\/?p=103610"},"modified":"2017-03-17T18:29:41","modified_gmt":"2017-03-17T17:29:41","slug":"ministar-zenka-hoti-prekogranicni-programi-sve-interesantniji","status":"publish","type":"post","link":"https:\/\/www.visit-ulcinj.com\/blog\/2017\/03\/17\/ministar-zenka-hoti-prekogranicni-programi-sve-interesantniji\/","title":{"rendered":"Ministar Zenka &#8211; Hoti: Prekograni\u010dni programi sve interesantniji"},"content":{"rendered":"<p><strong><a href=\"http:\/\/www.visit-ulcinj.com\/blog\/wp-content\/uploads\/2017\/03\/Avdullah-Hoti-Mehmed-Zenka.jpg\"><img loading=\"lazy\" class=\"alignleft wp-image-103608\" src=\"http:\/\/www.visit-ulcinj.com\/blog\/wp-content\/uploads\/2017\/03\/Avdullah-Hoti-Mehmed-Zenka.jpg\" alt=\"Avdullah Hoti-Mehmed Zenka\" width=\"508\" height=\"375\" srcset=\"https:\/\/www.visit-ulcinj.com\/blog\/wp-content\/uploads\/2017\/03\/Avdullah-Hoti-Mehmed-Zenka.jpg 650w, https:\/\/www.visit-ulcinj.com\/blog\/wp-content\/uploads\/2017\/03\/Avdullah-Hoti-Mehmed-Zenka-300x222.jpg 300w\" sizes=\"(max-width: 508px) 100vw, 508px\" \/><\/a>Crna Gora i Republika Kosovo intenzivira\u0107e saradnju u oblasti infrastrukturnih projekata od zajedni\u010dkog interesa, ocijenjeno je na sastanku ministra za ljudska i manjinska prava Mehmeda Zenke i ministra finansija u Vladi Kosova Avdulaha Hotija.<\/strong><\/p>\n<p>Na sastanku je, kako je saop\u0161teno, razgovarano o ulaganjima u interesne oblasti, posebno u oblastima turizma i privrede, \u00a0te boljoj iskori\u0161\u0107enosti mogu\u0107nosti i postoje\u0107ih kapaciteta u vezi sa projektima podr\u0161ke iz pretpristupnih fondova.<\/p>\n<p>&#8220;Interesovanje za u\u010de\u0161\u0107e u prekograni\u010dnim programima se kontinuirano pove\u0107ava, a programi prekograni\u010dne saradnje su veoma dobar primjer u\u010dvr\u0161\u0107ivanja starih i uspostavljanja novih partnerstava&#8221;, rekao je Zenka.<\/p>\n<p>On je istakao potpisivanje Bilateralnog sporazuma koji se odnosi na Program prekograni\u010dne saradnje izme\u0111u Crne Gore i Kosova u okviru Ipe II 2014-2020, kao i Sporazuma o partnerstvu, koji su u februaru potpisali ministar evropskih poslova Aleksandar Andrija Pejovi\u0107 i ambasador Kosova u Crnoj Gori Skender Durmi\u0161i.<\/p>\n<p>&#8220;Ministar Hoti je istakao da su bilateralni odnosi dvije dr\u017eave dobri i prijateljski. Hoti je ovom prilikom naglasio zna\u010daj ja\u010danja saradnje i u oblastima obrazovanja, kulture, po\u0161tovanja i unaprje\u0111enja \u00a0ljudskih i manjinskih prava&#8221;, navodi se u saop\u0161tenju.<\/p>\n<p>Hoti je pozvao Zenku da uskoro posjeti Kosovo i da nastavi uspje\u0161no da afirmi\u0161e saradnju izme\u0111u dvije dr\u017eave.<\/p>\n<p>Izvor: TVCG<\/p>\n","protected":false},"excerpt":{"rendered":"<p>Crna Gora i Republika Kosovo intenzivira\u0107e saradnju u oblasti infrastrukturnih projekata od zajedni\u010dkog interesa, ocijenjeno je na sastanku ministra za ljudska i manjinska prava Mehmeda Zenke i ministra finansija u Vladi Kosova Avdulaha Hotija. Na sastanku je, kako je saop\u0161teno, razgovarano o ulaganjima u interesne oblasti, posebno u oblastima turizma i privrede, \u00a0te boljoj iskori\u0161\u0107enosti [&hellip;]<\/p>\n","protected":false},"author":1,"featured_media":0,"comment_status":"closed","ping_status":"closed","sticky":false,"template":"","format":"standard","meta":{"spay_email":"","jetpack_publicize_message":"","jetpack_is_tweetstorm":false,"jetpack_publicize_feature_enabled":true},"categories":[8337],"tags":[],"jetpack_publicize_connections":[],"yoast_head":"<!-- This site is optimized with the Yoast SEO plugin v19.1 - https:\/\/yoast.com\/wordpress\/plugins\/seo\/ -->\n<title>Ministar Zenka - Hoti: Prekograni\u010dni programi sve interesantniji - Lajme nga Ulqini<\/title>\n<meta name=\"description\" content=\"Crna Gora i Republika Kosovo intenzivira\u0107e saradnju u oblasti infrastrukturnih projekata od zajedni\u010dkog interesa, ocijenjeno je na sastanku ministra za\" \/>\n<meta name=\"robots\" content=\"index, follow, max-snippet:-1, max-image-preview:large, max-video-preview:-1\" \/>\n<link rel=\"canonical\" href=\"https:\/\/www.visit-ulcinj.com\/blog\/2017\/03\/17\/ministar-zenka-hoti-prekogranicni-programi-sve-interesantniji\/\" \/>\n<meta property=\"og:locale\" content=\"en_US\" \/>\n<meta property=\"og:type\" content=\"article\" \/>\n<meta property=\"og:title\" content=\"Ministar Zenka - Hoti: Prekograni\u010dni programi sve interesantniji - Lajme nga Ulqini\" \/>\n<meta property=\"og:description\" content=\"Crna Gora i Republika Kosovo intenzivira\u0107e saradnju u oblasti infrastrukturnih projekata od zajedni\u010dkog interesa, ocijenjeno je na sastanku ministra za\" \/>\n<meta property=\"og:url\" content=\"https:\/\/www.visit-ulcinj.com\/blog\/2017\/03\/17\/ministar-zenka-hoti-prekogranicni-programi-sve-interesantniji\/\" \/>\n<meta property=\"og:site_name\" content=\"Lajme nga Ulqini\" \/>\n<meta property=\"article:published_time\" content=\"2017-03-17T17:29:41+00:00\" \/>\n<meta property=\"og:image\" content=\"http:\/\/www.visit-ulcinj.com\/blog\/wp-content\/uploads\/2017\/03\/Avdullah-Hoti-Mehmed-Zenka.jpg\" \/>\n<meta name=\"twitter:label1\" content=\"Written by\" \/>\n\t<meta name=\"twitter:data1\" content=\"ulqini\" \/>\n\t<meta name=\"twitter:label2\" content=\"Est. reading time\" \/>\n\t<meta name=\"twitter:data2\" content=\"1 minute\" \/>\n<script type=\"application\/ld+json\" class=\"yoast-schema-graph\">{\"@context\":\"https:\/\/schema.org\",\"@graph\":[{\"@type\":\"WebSite\",\"@id\":\"https:\/\/www.visit-ulcinj.com\/blog\/#website\",\"url\":\"https:\/\/www.visit-ulcinj.com\/blog\/\",\"name\":\"Lajme nga Ulqini\",\"description\":\"Lajme,Vijesti,Ulqini,Ulqin,Crna Gora,Mali i Zi\",\"potentialAction\":[{\"@type\":\"SearchAction\",\"target\":{\"@type\":\"EntryPoint\",\"urlTemplate\":\"https:\/\/www.visit-ulcinj.com\/blog\/?s={search_term_string}\"},\"query-input\":\"required name=search_term_string\"}],\"inLanguage\":\"en-US\"},{\"@type\":\"ImageObject\",\"inLanguage\":\"en-US\",\"@id\":\"https:\/\/www.visit-ulcinj.com\/blog\/2017\/03\/17\/ministar-zenka-hoti-prekogranicni-programi-sve-interesantniji\/#primaryimage\",\"url\":\"https:\/\/www.visit-ulcinj.com\/blog\/wp-content\/uploads\/2017\/03\/Avdullah-Hoti-Mehmed-Zenka.jpg\",\"contentUrl\":\"https:\/\/www.visit-ulcinj.com\/blog\/wp-content\/uploads\/2017\/03\/Avdullah-Hoti-Mehmed-Zenka.jpg\",\"width\":650,\"height\":480},{\"@type\":\"WebPage\",\"@id\":\"https:\/\/www.visit-ulcinj.com\/blog\/2017\/03\/17\/ministar-zenka-hoti-prekogranicni-programi-sve-interesantniji\/#webpage\",\"url\":\"https:\/\/www.visit-ulcinj.com\/blog\/2017\/03\/17\/ministar-zenka-hoti-prekogranicni-programi-sve-interesantniji\/\",\"name\":\"Ministar Zenka - Hoti: Prekograni\u010dni programi sve interesantniji - Lajme nga Ulqini\",\"isPartOf\":{\"@id\":\"https:\/\/www.visit-ulcinj.com\/blog\/#website\"},\"primaryImageOfPage\":{\"@id\":\"https:\/\/www.visit-ulcinj.com\/blog\/2017\/03\/17\/ministar-zenka-hoti-prekogranicni-programi-sve-interesantniji\/#primaryimage\"},\"datePublished\":\"2017-03-17T17:29:41+00:00\",\"dateModified\":\"2017-03-17T17:29:41+00:00\",\"author\":{\"@id\":\"https:\/\/www.visit-ulcinj.com\/blog\/#\/schema\/person\/dcab619c614d3038751c63bc2aadc06d\"},\"description\":\"Crna Gora i Republika Kosovo intenzivira\u0107e saradnju u oblasti infrastrukturnih projekata od zajedni\u010dkog interesa, ocijenjeno je na sastanku ministra za\",\"breadcrumb\":{\"@id\":\"https:\/\/www.visit-ulcinj.com\/blog\/2017\/03\/17\/ministar-zenka-hoti-prekogranicni-programi-sve-interesantniji\/#breadcrumb\"},\"inLanguage\":\"en-US\",\"potentialAction\":[{\"@type\":\"ReadAction\",\"target\":[\"https:\/\/www.visit-ulcinj.com\/blog\/2017\/03\/17\/ministar-zenka-hoti-prekogranicni-programi-sve-interesantniji\/\"]}]},{\"@type\":\"BreadcrumbList\",\"@id\":\"https:\/\/www.visit-ulcinj.com\/blog\/2017\/03\/17\/ministar-zenka-hoti-prekogranicni-programi-sve-interesantniji\/#breadcrumb\",\"itemListElement\":[{\"@type\":\"ListItem\",\"position\":1,\"name\":\"Ministar Zenka &#8211; Hoti: Prekograni\u010dni programi sve interesantniji\"}]},{\"@type\":\"Person\",\"@id\":\"https:\/\/www.visit-ulcinj.com\/blog\/#\/schema\/person\/dcab619c614d3038751c63bc2aadc06d\",\"name\":\"ulqini\",\"sameAs\":[\"http:\/\/www.visit-ulcinj.com\"],\"url\":\"https:\/\/www.visit-ulcinj.com\/blog\/author\/admin\/\"}]}<\/script>\n<!-- \/ Yoast SEO plugin. -->","yoast_head_json":{"title":"Ministar Zenka - Hoti: Prekograni\u010dni programi sve interesantniji - Lajme nga Ulqini","description":"Crna Gora i Republika Kosovo intenzivira\u0107e saradnju u oblasti infrastrukturnih projekata od zajedni\u010dkog interesa, ocijenjeno je na sastanku ministra za","robots":{"index":"index","follow":"follow","max-snippet":"max-snippet:-1","max-image-preview":"max-image-preview:large","max-video-preview":"max-video-preview:-1"},"canonical":"https:\/\/www.visit-ulcinj.com\/blog\/2017\/03\/17\/ministar-zenka-hoti-prekogranicni-programi-sve-interesantniji\/","og_locale":"en_US","og_type":"article","og_title":"Ministar Zenka - Hoti: Prekograni\u010dni programi sve interesantniji - Lajme nga Ulqini","og_description":"Crna Gora i Republika Kosovo intenzivira\u0107e saradnju u oblasti infrastrukturnih projekata od zajedni\u010dkog interesa, ocijenjeno je na sastanku ministra za","og_url":"https:\/\/www.visit-ulcinj.com\/blog\/2017\/03\/17\/ministar-zenka-hoti-prekogranicni-programi-sve-interesantniji\/","og_site_name":"Lajme nga Ulqini","article_published_time":"2017-03-17T17:29:41+00:00","og_image":[{"url":"http:\/\/www.visit-ulcinj.com\/blog\/wp-content\/uploads\/2017\/03\/Avdullah-Hoti-Mehmed-Zenka.jpg"}],"twitter_misc":{"Written by":"ulqini","Est. reading time":"1 minute"},"schema":{"@context":"https:\/\/schema.org","@graph":[{"@type":"WebSite","@id":"https:\/\/www.visit-ulcinj.com\/blog\/#website","url":"https:\/\/www.visit-ulcinj.com\/blog\/","name":"Lajme nga Ulqini","description":"Lajme,Vijesti,Ulqini,Ulqin,Crna Gora,Mali i Zi","potentialAction":[{"@type":"SearchAction","target":{"@type":"EntryPoint","urlTemplate":"https:\/\/www.visit-ulcinj.com\/blog\/?s={search_term_string}"},"query-input":"required name=search_term_string"}],"inLanguage":"en-US"},{"@type":"ImageObject","inLanguage":"en-US","@id":"https:\/\/www.visit-ulcinj.com\/blog\/2017\/03\/17\/ministar-zenka-hoti-prekogranicni-programi-sve-interesantniji\/#primaryimage","url":"https:\/\/www.visit-ulcinj.com\/blog\/wp-content\/uploads\/2017\/03\/Avdullah-Hoti-Mehmed-Zenka.jpg","contentUrl":"https:\/\/www.visit-ulcinj.com\/blog\/wp-content\/uploads\/2017\/03\/Avdullah-Hoti-Mehmed-Zenka.jpg","width":650,"height":480},{"@type":"WebPage","@id":"https:\/\/www.visit-ulcinj.com\/blog\/2017\/03\/17\/ministar-zenka-hoti-prekogranicni-programi-sve-interesantniji\/#webpage","url":"https:\/\/www.visit-ulcinj.com\/blog\/2017\/03\/17\/ministar-zenka-hoti-prekogranicni-programi-sve-interesantniji\/","name":"Ministar Zenka - Hoti: Prekograni\u010dni programi sve interesantniji - Lajme nga Ulqini","isPartOf":{"@id":"https:\/\/www.visit-ulcinj.com\/blog\/#website"},"primaryImageOfPage":{"@id":"https:\/\/www.visit-ulcinj.com\/blog\/2017\/03\/17\/ministar-zenka-hoti-prekogranicni-programi-sve-interesantniji\/#primaryimage"},"datePublished":"2017-03-17T17:29:41+00:00","dateModified":"2017-03-17T17:29:41+00:00","author":{"@id":"https:\/\/www.visit-ulcinj.com\/blog\/#\/schema\/person\/dcab619c614d3038751c63bc2aadc06d"},"description":"Crna Gora i Republika Kosovo intenzivira\u0107e saradnju u oblasti infrastrukturnih projekata od zajedni\u010dkog interesa, ocijenjeno je na sastanku ministra za","breadcrumb":{"@id":"https:\/\/www.visit-ulcinj.com\/blog\/2017\/03\/17\/ministar-zenka-hoti-prekogranicni-programi-sve-interesantniji\/#breadcrumb"},"inLanguage":"en-US","potentialAction":[{"@type":"ReadAction","target":["https:\/\/www.visit-ulcinj.com\/blog\/2017\/03\/17\/ministar-zenka-hoti-prekogranicni-programi-sve-interesantniji\/"]}]},{"@type":"BreadcrumbList","@id":"https:\/\/www.visit-ulcinj.com\/blog\/2017\/03\/17\/ministar-zenka-hoti-prekogranicni-programi-sve-interesantniji\/#breadcrumb","itemListElement":[{"@type":"ListItem","position":1,"name":"Ministar Zenka &#8211; Hoti: Prekograni\u010dni programi sve interesantniji"}]},{"@type":"Person","@id":"https:\/\/www.visit-ulcinj.com\/blog\/#\/schema\/person\/dcab619c614d3038751c63bc2aadc06d","name":"ulqini","sameAs":["http:\/\/www.visit-ulcinj.com"],"url":"https:\/\/www.visit-ulcinj.com\/blog\/author\/admin\/"}]}},"jetpack_featured_media_url":"","jetpack_sharing_enabled":true,"jetpack_shortlink":"https:\/\/wp.me\/pe6lTn-qX8","_links":{"self":[{"href":"https:\/\/www.visit-ulcinj.com\/blog\/wp-json\/wp\/v2\/posts\/103610"}],"collection":[{"href":"https:\/\/www.visit-ulcinj.com\/blog\/wp-json\/wp\/v2\/posts"}],"about":[{"href":"https:\/\/www.visit-ulcinj.com\/blog\/wp-json\/wp\/v2\/types\/post"}],"author":[{"embeddable":true,"href":"https:\/\/www.visit-ulcinj.com\/blog\/wp-json\/wp\/v2\/users\/1"}],"replies":[{"embeddable":true,"href":"https:\/\/www.visit-ulcinj.com\/blog\/wp-json\/wp\/v2\/comments?post=103610"}],"version-history":[{"count":1,"href":"https:\/\/www.visit-ulcinj.com\/blog\/wp-json\/wp\/v2\/posts\/103610\/revisions"}],"predecessor-version":[{"id":103611,"href":"https:\/\/www.visit-ulcinj.com\/blog\/wp-json\/wp\/v2\/posts\/103610\/revisions\/103611"}],"wp:attachment":[{"href":"https:\/\/www.visit-ulcinj.com\/blog\/wp-json\/wp\/v2\/media?parent=103610"}],"wp:term":[{"taxonomy":"category","embeddable":true,"href":"https:\/\/www.visit-ulcinj.com\/blog\/wp-json\/wp\/v2\/categories?post=103610"},{"taxonomy":"post_tag","embeddable":true,"href":"https:\/\/www.visit-ulcinj.com\/blog\/wp-json\/wp\/v2\/tags?post=103610"}],"curies":[{"name":"wp","href":"https:\/\/api.w.org\/{rel}","templated":true}]}}