{"id":103618,"date":"2017-03-17T19:32:55","date_gmt":"2017-03-17T18:32:55","guid":{"rendered":"http:\/\/www.visit-ulcinj.com\/blog\/?p=103618"},"modified":"2017-03-18T16:08:05","modified_gmt":"2017-03-18T15:08:05","slug":"nimanbegu-takon-ministrin-abdullah-hotin-ja-cfare-biseduan","status":"publish","type":"post","link":"https:\/\/www.visit-ulcinj.com\/blog\/2017\/03\/17\/nimanbegu-takon-ministrin-abdullah-hotin-ja-cfare-biseduan\/","title":{"rendered":"Nimanbegu takon Ministrin Abdullah Hotin, ja \u00e7far\u00eb biseduan"},"content":{"rendered":"<div class=\"itemIntroText\">\n<p><a href=\"http:\/\/www.visit-ulcinj.com\/blog\/wp-content\/uploads\/2017\/03\/Nimanbegu-takon-Ministrin-Abdullah-Hotin.jpg\"><img loading=\"lazy\" class=\"alignleft wp-image-103619\" src=\"http:\/\/www.visit-ulcinj.com\/blog\/wp-content\/uploads\/2017\/03\/Nimanbegu-takon-Ministrin-Abdullah-Hotin.jpg\" alt=\"Nimanbegu takon Ministrin Abdullah Hotin\" width=\"508\" height=\"243\" srcset=\"https:\/\/www.visit-ulcinj.com\/blog\/wp-content\/uploads\/2017\/03\/Nimanbegu-takon-Ministrin-Abdullah-Hotin.jpg 702w, https:\/\/www.visit-ulcinj.com\/blog\/wp-content\/uploads\/2017\/03\/Nimanbegu-takon-Ministrin-Abdullah-Hotin-300x144.jpg 300w\" sizes=\"(max-width: 508px) 100vw, 508px\" \/><\/a>N\u00ebnkryetari i Kuvendit t\u00eb Malit t\u00eb Zi, Genci Nimanbegu e pranoi sot Ministrin e financave t\u00eb Republik\u00ebs s\u00eb Kosov\u00ebs, Abdullah Hotin, raporton portali Radio Rozhaje.me.<\/p>\n<\/div>\n<div class=\"itemFullText\">\n<p>U shpreh k\u00ebnaq\u00ebsia e dyanshme me zhvillimin e marr\u00ebdh\u00ebnieve nd\u00ebrmjet dy shteteve, qeverive dhe parlamenteve, q\u00eb jan\u00eb shum\u00eb t\u00eb mira dhe u shqyrtuan mund\u00ebsit\u00eb e p\u00ebrmir\u00ebsimit t\u00eb m\u00ebtutjesh\u00ebm.<\/p>\n<p>N\u00ebnkryetari Nimanbegu e njoftoi ministrin Hoti me gjendjen n\u00eb sken\u00ebn politike n\u00eb Mal t\u00eb Zi, me p\u00ebrparimin n\u00eb procesin e integrimeve evropiane, e posa\u00e7\u00ebrisht n\u00eb lidhje me integrimet n\u00eb NATO. P\u00ebrkushtimi ndaj sundimit t\u00eb s\u00eb drejt\u00ebs dhe gatishm\u00ebria q\u00eb ta marrin p\u00ebrgjegj\u00ebsin\u00eb p\u00ebr k\u00ebto integrime, para s\u00eb gjitha p\u00ebr t\u00eb mir\u00ebn e t\u00eb gjith\u00eb qytetar\u00ebve \u00ebsht\u00eb q\u00ebllim i \u00e7do politike t\u00eb p\u00ebrgjegjshme.<\/p>\n<p>Gjithashtu, ambasadori u njoftua me k\u00ebrkesat shum\u00ebvje\u00e7are t\u00eb shqiptar\u00ebve n\u00eb Mal t\u00eb Zi, rreth definimit p\u00ebrfundimtar t\u00eb statusit t\u00eb komun\u00ebs s\u00eb Tuzit, lidhur me kthimin e pronave (n\u00eb Valdanos) dhe me gjendjen n\u00eb kriporen e Ulqinit, me p\u00ebrfaq\u00ebsimin adekuat t\u00eb shqiptar\u00ebve n\u00eb institucionet e sistemit dhe me hapat p\u00ebr arritjen e k\u00ebtij q\u00ebllimi.<\/p>\n<p>Ve\u00e7an\u00ebrisht u theksua r\u00ebnd\u00ebsia e aksit t\u00eb ri rrugor Podgoric\u00eb \u2013 Plav\u00eb-Guci \u2013 De\u00e7an, t\u00eb cilin t\u00eb d&lt;y pal\u00ebt e vler\u00ebsojn\u00eb si tejet t\u00eb r\u00ebnd\u00ebsish\u00ebm.<\/p>\n<p>Ministri Hoti e njoftoi N\u00ebnkryetarin me zhvillimin e situat\u00ebs rreth demarkacionit t\u00eb Kosov\u00ebs me Malin e Zi, si dhe me situat\u00ebn aktuale n\u00eb shtet.<\/p>\n<\/div>\n","protected":false},"excerpt":{"rendered":"<p>N\u00ebnkryetari i Kuvendit t\u00eb Malit t\u00eb Zi, Genci Nimanbegu e pranoi sot Ministrin e financave t\u00eb Republik\u00ebs s\u00eb Kosov\u00ebs, Abdullah Hotin, raporton portali Radio Rozhaje.me. U shpreh k\u00ebnaq\u00ebsia e dyanshme me zhvillimin e marr\u00ebdh\u00ebnieve nd\u00ebrmjet dy shteteve, qeverive dhe parlamenteve, q\u00eb jan\u00eb shum\u00eb t\u00eb mira dhe u shqyrtuan mund\u00ebsit\u00eb e p\u00ebrmir\u00ebsimit t\u00eb m\u00ebtutjesh\u00ebm. N\u00ebnkryetari Nimanbegu [&hellip;]<\/p>\n","protected":false},"author":1,"featured_media":0,"comment_status":"closed","ping_status":"closed","sticky":false,"template":"","format":"standard","meta":{"spay_email":"","jetpack_publicize_message":"","jetpack_is_tweetstorm":false,"jetpack_publicize_feature_enabled":true},"categories":[6,14],"tags":[],"jetpack_publicize_connections":[],"yoast_head":"<!-- This site is optimized with the Yoast SEO plugin v19.1 - https:\/\/yoast.com\/wordpress\/plugins\/seo\/ -->\n<title>Nimanbegu takon Ministrin Abdullah Hotin, ja \u00e7far\u00eb biseduan - Lajme nga Ulqini<\/title>\n<meta name=\"description\" content=\"N\u00ebnkryetari i Kuvendit t\u00eb Malit t\u00eb Zi, Genci Nimanbegu e pranoi sot Ministrin e financave t\u00eb Republik\u00ebs s\u00eb Kosov\u00ebs, Abdullah Hotin, raporton portali Radio\" \/>\n<meta name=\"robots\" content=\"index, follow, max-snippet:-1, max-image-preview:large, max-video-preview:-1\" \/>\n<link rel=\"canonical\" href=\"https:\/\/www.visit-ulcinj.com\/blog\/2017\/03\/17\/nimanbegu-takon-ministrin-abdullah-hotin-ja-cfare-biseduan\/\" \/>\n<meta property=\"og:locale\" content=\"en_US\" \/>\n<meta property=\"og:type\" content=\"article\" \/>\n<meta property=\"og:title\" content=\"Nimanbegu takon Ministrin Abdullah Hotin, ja \u00e7far\u00eb biseduan - Lajme nga Ulqini\" \/>\n<meta property=\"og:description\" content=\"N\u00ebnkryetari i Kuvendit t\u00eb Malit t\u00eb Zi, Genci Nimanbegu e pranoi sot Ministrin e financave t\u00eb Republik\u00ebs s\u00eb Kosov\u00ebs, Abdullah Hotin, raporton portali Radio\" \/>\n<meta property=\"og:url\" content=\"https:\/\/www.visit-ulcinj.com\/blog\/2017\/03\/17\/nimanbegu-takon-ministrin-abdullah-hotin-ja-cfare-biseduan\/\" \/>\n<meta property=\"og:site_name\" content=\"Lajme nga Ulqini\" \/>\n<meta property=\"article:published_time\" content=\"2017-03-17T18:32:55+00:00\" \/>\n<meta property=\"article:modified_time\" content=\"2017-03-18T15:08:05+00:00\" \/>\n<meta property=\"og:image\" content=\"http:\/\/www.visit-ulcinj.com\/blog\/wp-content\/uploads\/2017\/03\/Nimanbegu-takon-Ministrin-Abdullah-Hotin.jpg\" \/>\n<meta name=\"twitter:label1\" content=\"Written by\" \/>\n\t<meta name=\"twitter:data1\" content=\"ulqini\" \/>\n\t<meta name=\"twitter:label2\" content=\"Est. reading time\" \/>\n\t<meta name=\"twitter:data2\" content=\"1 minute\" \/>\n<script type=\"application\/ld+json\" class=\"yoast-schema-graph\">{\"@context\":\"https:\/\/schema.org\",\"@graph\":[{\"@type\":\"WebSite\",\"@id\":\"https:\/\/www.visit-ulcinj.com\/blog\/#website\",\"url\":\"https:\/\/www.visit-ulcinj.com\/blog\/\",\"name\":\"Lajme nga Ulqini\",\"description\":\"Lajme,Vijesti,Ulqini,Ulqin,Crna Gora,Mali i Zi\",\"potentialAction\":[{\"@type\":\"SearchAction\",\"target\":{\"@type\":\"EntryPoint\",\"urlTemplate\":\"https:\/\/www.visit-ulcinj.com\/blog\/?s={search_term_string}\"},\"query-input\":\"required name=search_term_string\"}],\"inLanguage\":\"en-US\"},{\"@type\":\"ImageObject\",\"inLanguage\":\"en-US\",\"@id\":\"https:\/\/www.visit-ulcinj.com\/blog\/2017\/03\/17\/nimanbegu-takon-ministrin-abdullah-hotin-ja-cfare-biseduan\/#primaryimage\",\"url\":\"https:\/\/www.visit-ulcinj.com\/blog\/wp-content\/uploads\/2017\/03\/Nimanbegu-takon-Ministrin-Abdullah-Hotin.jpg\",\"contentUrl\":\"https:\/\/www.visit-ulcinj.com\/blog\/wp-content\/uploads\/2017\/03\/Nimanbegu-takon-Ministrin-Abdullah-Hotin.jpg\",\"width\":702,\"height\":336},{\"@type\":\"WebPage\",\"@id\":\"https:\/\/www.visit-ulcinj.com\/blog\/2017\/03\/17\/nimanbegu-takon-ministrin-abdullah-hotin-ja-cfare-biseduan\/#webpage\",\"url\":\"https:\/\/www.visit-ulcinj.com\/blog\/2017\/03\/17\/nimanbegu-takon-ministrin-abdullah-hotin-ja-cfare-biseduan\/\",\"name\":\"Nimanbegu takon Ministrin Abdullah Hotin, ja \u00e7far\u00eb biseduan - Lajme nga Ulqini\",\"isPartOf\":{\"@id\":\"https:\/\/www.visit-ulcinj.com\/blog\/#website\"},\"primaryImageOfPage\":{\"@id\":\"https:\/\/www.visit-ulcinj.com\/blog\/2017\/03\/17\/nimanbegu-takon-ministrin-abdullah-hotin-ja-cfare-biseduan\/#primaryimage\"},\"datePublished\":\"2017-03-17T18:32:55+00:00\",\"dateModified\":\"2017-03-18T15:08:05+00:00\",\"author\":{\"@id\":\"https:\/\/www.visit-ulcinj.com\/blog\/#\/schema\/person\/dcab619c614d3038751c63bc2aadc06d\"},\"description\":\"N\u00ebnkryetari i Kuvendit t\u00eb Malit t\u00eb Zi, Genci Nimanbegu e pranoi sot Ministrin e financave t\u00eb Republik\u00ebs s\u00eb Kosov\u00ebs, Abdullah Hotin, raporton portali Radio\",\"breadcrumb\":{\"@id\":\"https:\/\/www.visit-ulcinj.com\/blog\/2017\/03\/17\/nimanbegu-takon-ministrin-abdullah-hotin-ja-cfare-biseduan\/#breadcrumb\"},\"inLanguage\":\"en-US\",\"potentialAction\":[{\"@type\":\"ReadAction\",\"target\":[\"https:\/\/www.visit-ulcinj.com\/blog\/2017\/03\/17\/nimanbegu-takon-ministrin-abdullah-hotin-ja-cfare-biseduan\/\"]}]},{\"@type\":\"BreadcrumbList\",\"@id\":\"https:\/\/www.visit-ulcinj.com\/blog\/2017\/03\/17\/nimanbegu-takon-ministrin-abdullah-hotin-ja-cfare-biseduan\/#breadcrumb\",\"itemListElement\":[{\"@type\":\"ListItem\",\"position\":1,\"name\":\"Nimanbegu takon Ministrin Abdullah Hotin, ja \u00e7far\u00eb biseduan\"}]},{\"@type\":\"Person\",\"@id\":\"https:\/\/www.visit-ulcinj.com\/blog\/#\/schema\/person\/dcab619c614d3038751c63bc2aadc06d\",\"name\":\"ulqini\",\"sameAs\":[\"http:\/\/www.visit-ulcinj.com\"],\"url\":\"https:\/\/www.visit-ulcinj.com\/blog\/author\/admin\/\"}]}<\/script>\n<!-- \/ Yoast SEO plugin. -->","yoast_head_json":{"title":"Nimanbegu takon Ministrin Abdullah Hotin, ja \u00e7far\u00eb biseduan - Lajme nga Ulqini","description":"N\u00ebnkryetari i Kuvendit t\u00eb Malit t\u00eb Zi, Genci Nimanbegu e pranoi sot Ministrin e financave t\u00eb Republik\u00ebs s\u00eb Kosov\u00ebs, Abdullah Hotin, raporton portali Radio","robots":{"index":"index","follow":"follow","max-snippet":"max-snippet:-1","max-image-preview":"max-image-preview:large","max-video-preview":"max-video-preview:-1"},"canonical":"https:\/\/www.visit-ulcinj.com\/blog\/2017\/03\/17\/nimanbegu-takon-ministrin-abdullah-hotin-ja-cfare-biseduan\/","og_locale":"en_US","og_type":"article","og_title":"Nimanbegu takon Ministrin Abdullah Hotin, ja \u00e7far\u00eb biseduan - Lajme nga Ulqini","og_description":"N\u00ebnkryetari i Kuvendit t\u00eb Malit t\u00eb Zi, Genci Nimanbegu e pranoi sot Ministrin e financave t\u00eb Republik\u00ebs s\u00eb Kosov\u00ebs, Abdullah Hotin, raporton portali Radio","og_url":"https:\/\/www.visit-ulcinj.com\/blog\/2017\/03\/17\/nimanbegu-takon-ministrin-abdullah-hotin-ja-cfare-biseduan\/","og_site_name":"Lajme nga Ulqini","article_published_time":"2017-03-17T18:32:55+00:00","article_modified_time":"2017-03-18T15:08:05+00:00","og_image":[{"url":"http:\/\/www.visit-ulcinj.com\/blog\/wp-content\/uploads\/2017\/03\/Nimanbegu-takon-Ministrin-Abdullah-Hotin.jpg"}],"twitter_misc":{"Written by":"ulqini","Est. reading time":"1 minute"},"schema":{"@context":"https:\/\/schema.org","@graph":[{"@type":"WebSite","@id":"https:\/\/www.visit-ulcinj.com\/blog\/#website","url":"https:\/\/www.visit-ulcinj.com\/blog\/","name":"Lajme nga Ulqini","description":"Lajme,Vijesti,Ulqini,Ulqin,Crna Gora,Mali i Zi","potentialAction":[{"@type":"SearchAction","target":{"@type":"EntryPoint","urlTemplate":"https:\/\/www.visit-ulcinj.com\/blog\/?s={search_term_string}"},"query-input":"required name=search_term_string"}],"inLanguage":"en-US"},{"@type":"ImageObject","inLanguage":"en-US","@id":"https:\/\/www.visit-ulcinj.com\/blog\/2017\/03\/17\/nimanbegu-takon-ministrin-abdullah-hotin-ja-cfare-biseduan\/#primaryimage","url":"https:\/\/www.visit-ulcinj.com\/blog\/wp-content\/uploads\/2017\/03\/Nimanbegu-takon-Ministrin-Abdullah-Hotin.jpg","contentUrl":"https:\/\/www.visit-ulcinj.com\/blog\/wp-content\/uploads\/2017\/03\/Nimanbegu-takon-Ministrin-Abdullah-Hotin.jpg","width":702,"height":336},{"@type":"WebPage","@id":"https:\/\/www.visit-ulcinj.com\/blog\/2017\/03\/17\/nimanbegu-takon-ministrin-abdullah-hotin-ja-cfare-biseduan\/#webpage","url":"https:\/\/www.visit-ulcinj.com\/blog\/2017\/03\/17\/nimanbegu-takon-ministrin-abdullah-hotin-ja-cfare-biseduan\/","name":"Nimanbegu takon Ministrin Abdullah Hotin, ja \u00e7far\u00eb biseduan - Lajme nga Ulqini","isPartOf":{"@id":"https:\/\/www.visit-ulcinj.com\/blog\/#website"},"primaryImageOfPage":{"@id":"https:\/\/www.visit-ulcinj.com\/blog\/2017\/03\/17\/nimanbegu-takon-ministrin-abdullah-hotin-ja-cfare-biseduan\/#primaryimage"},"datePublished":"2017-03-17T18:32:55+00:00","dateModified":"2017-03-18T15:08:05+00:00","author":{"@id":"https:\/\/www.visit-ulcinj.com\/blog\/#\/schema\/person\/dcab619c614d3038751c63bc2aadc06d"},"description":"N\u00ebnkryetari i Kuvendit t\u00eb Malit t\u00eb Zi, Genci Nimanbegu e pranoi sot Ministrin e financave t\u00eb Republik\u00ebs s\u00eb Kosov\u00ebs, Abdullah Hotin, raporton portali Radio","breadcrumb":{"@id":"https:\/\/www.visit-ulcinj.com\/blog\/2017\/03\/17\/nimanbegu-takon-ministrin-abdullah-hotin-ja-cfare-biseduan\/#breadcrumb"},"inLanguage":"en-US","potentialAction":[{"@type":"ReadAction","target":["https:\/\/www.visit-ulcinj.com\/blog\/2017\/03\/17\/nimanbegu-takon-ministrin-abdullah-hotin-ja-cfare-biseduan\/"]}]},{"@type":"BreadcrumbList","@id":"https:\/\/www.visit-ulcinj.com\/blog\/2017\/03\/17\/nimanbegu-takon-ministrin-abdullah-hotin-ja-cfare-biseduan\/#breadcrumb","itemListElement":[{"@type":"ListItem","position":1,"name":"Nimanbegu takon Ministrin Abdullah Hotin, ja \u00e7far\u00eb biseduan"}]},{"@type":"Person","@id":"https:\/\/www.visit-ulcinj.com\/blog\/#\/schema\/person\/dcab619c614d3038751c63bc2aadc06d","name":"ulqini","sameAs":["http:\/\/www.visit-ulcinj.com"],"url":"https:\/\/www.visit-ulcinj.com\/blog\/author\/admin\/"}]}},"jetpack_featured_media_url":"","jetpack_sharing_enabled":true,"jetpack_shortlink":"https:\/\/wp.me\/pe6lTn-qXg","_links":{"self":[{"href":"https:\/\/www.visit-ulcinj.com\/blog\/wp-json\/wp\/v2\/posts\/103618"}],"collection":[{"href":"https:\/\/www.visit-ulcinj.com\/blog\/wp-json\/wp\/v2\/posts"}],"about":[{"href":"https:\/\/www.visit-ulcinj.com\/blog\/wp-json\/wp\/v2\/types\/post"}],"author":[{"embeddable":true,"href":"https:\/\/www.visit-ulcinj.com\/blog\/wp-json\/wp\/v2\/users\/1"}],"replies":[{"embeddable":true,"href":"https:\/\/www.visit-ulcinj.com\/blog\/wp-json\/wp\/v2\/comments?post=103618"}],"version-history":[{"count":1,"href":"https:\/\/www.visit-ulcinj.com\/blog\/wp-json\/wp\/v2\/posts\/103618\/revisions"}],"predecessor-version":[{"id":103620,"href":"https:\/\/www.visit-ulcinj.com\/blog\/wp-json\/wp\/v2\/posts\/103618\/revisions\/103620"}],"wp:attachment":[{"href":"https:\/\/www.visit-ulcinj.com\/blog\/wp-json\/wp\/v2\/media?parent=103618"}],"wp:term":[{"taxonomy":"category","embeddable":true,"href":"https:\/\/www.visit-ulcinj.com\/blog\/wp-json\/wp\/v2\/categories?post=103618"},{"taxonomy":"post_tag","embeddable":true,"href":"https:\/\/www.visit-ulcinj.com\/blog\/wp-json\/wp\/v2\/tags?post=103618"}],"curies":[{"name":"wp","href":"https:\/\/api.w.org\/{rel}","templated":true}]}}