{"id":103621,"date":"2017-03-18T16:02:49","date_gmt":"2017-03-18T15:02:49","guid":{"rendered":"http:\/\/www.visit-ulcinj.com\/blog\/?p=103621"},"modified":"2017-03-19T08:03:25","modified_gmt":"2017-03-19T07:03:25","slug":"kryeimami-ali-ef-bardhi-priti-ne-takim-zv-kryetarin-e-organizates-turke-tika","status":"publish","type":"post","link":"https:\/\/www.visit-ulcinj.com\/blog\/2017\/03\/18\/kryeimami-ali-ef-bardhi-priti-ne-takim-zv-kryetarin-e-organizates-turke-tika\/","title":{"rendered":"Kryeimami Ali ef.Bardhi priti n\u00eb takim zv.kryetarin e organizat\u00ebs Turke TIKA"},"content":{"rendered":"<p><strong><a href=\"http:\/\/www.visit-ulcinj.com\/blog\/wp-content\/uploads\/2017\/03\/Ali-Bardhi-priti-ne-takim-Ali-Masken-Tika-Ulqin.jpg\"><img loading=\"lazy\" class=\"alignleft wp-image-103622\" src=\"http:\/\/www.visit-ulcinj.com\/blog\/wp-content\/uploads\/2017\/03\/Ali-Bardhi-priti-ne-takim-Ali-Masken-Tika-Ulqin.jpg\" alt=\"Ali Bardhi priti ne takim Ali Masken -Tika-Ulqin\" width=\"508\" height=\"370\" srcset=\"https:\/\/www.visit-ulcinj.com\/blog\/wp-content\/uploads\/2017\/03\/Ali-Bardhi-priti-ne-takim-Ali-Masken-Tika-Ulqin.jpg 999w, https:\/\/www.visit-ulcinj.com\/blog\/wp-content\/uploads\/2017\/03\/Ali-Bardhi-priti-ne-takim-Ali-Masken-Tika-Ulqin-300x218.jpg 300w, https:\/\/www.visit-ulcinj.com\/blog\/wp-content\/uploads\/2017\/03\/Ali-Bardhi-priti-ne-takim-Ali-Masken-Tika-Ulqin-768x559.jpg 768w\" sizes=\"(max-width: 508px) 100vw, 508px\" \/><\/a>Kryeimami i Ulqinit mr. Ali Bardhi realizoi takim me zv.kryetarin e p\u00ebrgjithsh\u00ebm t\u00eb Agjencis\u00eb qeveritare turke TIKA p\u00ebr Mal t\u00eb Zi, Ali Masken, raporton portali i <span class=\"st\">Bashk\u00ebsis Islame te Ulqinit, Islam-Ul.com.<\/span><br \/>\n<\/strong><\/p>\n<p>Sot n\u00eb vizit\u00eb n\u00eb Ulqin q\u00ebndroi zv. kryetari i TIKA-s z. Ali Masken.<\/p>\n<p>Ali Masken \u00ebsht\u00eb zv.kryetar i p\u00ebrgjithsh\u00ebm e TIKA-s me seli n\u00eb Ankara t\u00eb Turqis\u00eb. Ai gjat\u00eb vizit\u00ebs n\u00eb Mal t\u00eb Zi vizitoi Ulqinin ku u prit nga kryeimami mr. Ali ef. Bardhi dhe bashk\u00ebpun\u00ebtor\u00ebt e tij.<\/p>\n<p>Kryeimami i Ulqinit mr. Bardhi e njoftoi me pun\u00ebn e Bashk\u00ebsis\u00eb islame dhe projektet e realizuara dhe ato q\u00eb jan\u00eb n\u00eb vazhdim e sip\u00ebr.<\/p>\n<p>Nga ana tjet\u00ebr z. Masken duke u falenderuar foli p\u00ebr nevoj\u00ebn e bashk\u00ebpunimit ndermjet dy v\u00ebnd\u00ebve dhe premtoi se do t\u00eb qendroj\u00eb pran\u00eb Bashk\u00ebsis\u00eb islame p\u00ebr t\u00eb realizuar nevojat dhe projektet e veta n\u00eb t\u00eb mir\u00eb t\u00eb vendit.<\/p>\n<p>Duke folur para imam\u00ebv\u00eb dhe udheheqsis\u00eb s\u00eb Mexhlisit t\u00eb Bashk\u00ebsis\u00eb islame n\u00eb Ulqin t\u00eb cilin e perktheu prof. Besim Cura, zv. kryetari i TIKA-s tha mes tjerash se restaurimi dhe rinovimi i objekteve t\u00eb kultur\u00ebs dhe tradit\u00ebs nuk ka p\u00ebr qellim vet\u00ebm ngritjen e objekt\u00ebve por edhe t\u00eb vet\u00ebdij\u00ebs p\u00ebr ruajtjen e vlerave historike fetare e komb\u00ebtare.<\/p>\n<p>Z. Ali Masken ishte i shoq\u00ebruar nga koordinatori i TIKA-s n\u00eb Podgoric\u00eb z. Ahmet Alltun.<\/p>\n<p>Kryeimami me stafin e vet i shoq\u00ebroi te xhamia Namazgjah dhe pastaj tek xhamia e Pash\u00ebs ku z. Masken pa nga af\u00ebr dy objektet q\u00eb pritet t\u00eb filloj\u00eb se shpejti restaurimi i tyre si donacion i TIKA-s.<\/p>\n<p><a href=\"http:\/\/www.visit-ulcinj.com\/blog\/wp-content\/uploads\/2017\/03\/Ali-Bardhi-priti-ne-takim-Ali-Masken-Tika-Ulqin-1.jpg\"><img loading=\"lazy\" class=\"alignleft wp-image-103623\" src=\"http:\/\/www.visit-ulcinj.com\/blog\/wp-content\/uploads\/2017\/03\/Ali-Bardhi-priti-ne-takim-Ali-Masken-Tika-Ulqin-1.jpg\" alt=\"Ali Bardhi priti ne takim Ali Masken -Tika-Ulqin-1\" width=\"508\" height=\"453\" srcset=\"https:\/\/www.visit-ulcinj.com\/blog\/wp-content\/uploads\/2017\/03\/Ali-Bardhi-priti-ne-takim-Ali-Masken-Tika-Ulqin-1.jpg 999w, https:\/\/www.visit-ulcinj.com\/blog\/wp-content\/uploads\/2017\/03\/Ali-Bardhi-priti-ne-takim-Ali-Masken-Tika-Ulqin-1-300x268.jpg 300w, https:\/\/www.visit-ulcinj.com\/blog\/wp-content\/uploads\/2017\/03\/Ali-Bardhi-priti-ne-takim-Ali-Masken-Tika-Ulqin-1-768x685.jpg 768w\" sizes=\"(max-width: 508px) 100vw, 508px\" \/><\/a> <a href=\"http:\/\/www.visit-ulcinj.com\/blog\/wp-content\/uploads\/2017\/03\/Ali-Bardhi-priti-ne-takim-Ali-Masken-Tika-Ulqin-2.jpg\"><img loading=\"lazy\" class=\"alignleft wp-image-103624\" src=\"http:\/\/www.visit-ulcinj.com\/blog\/wp-content\/uploads\/2017\/03\/Ali-Bardhi-priti-ne-takim-Ali-Masken-Tika-Ulqin-2.jpg\" alt=\"Ali Bardhi priti ne takim Ali Masken -Tika-Ulqin-2\" width=\"508\" height=\"381\" srcset=\"https:\/\/www.visit-ulcinj.com\/blog\/wp-content\/uploads\/2017\/03\/Ali-Bardhi-priti-ne-takim-Ali-Masken-Tika-Ulqin-2.jpg 999w, https:\/\/www.visit-ulcinj.com\/blog\/wp-content\/uploads\/2017\/03\/Ali-Bardhi-priti-ne-takim-Ali-Masken-Tika-Ulqin-2-300x225.jpg 300w, https:\/\/www.visit-ulcinj.com\/blog\/wp-content\/uploads\/2017\/03\/Ali-Bardhi-priti-ne-takim-Ali-Masken-Tika-Ulqin-2-768x576.jpg 768w\" sizes=\"(max-width: 508px) 100vw, 508px\" \/><\/a><\/p>\n","protected":false},"excerpt":{"rendered":"<p>Kryeimami i Ulqinit mr. Ali Bardhi realizoi takim me zv.kryetarin e p\u00ebrgjithsh\u00ebm t\u00eb Agjencis\u00eb qeveritare turke TIKA p\u00ebr Mal t\u00eb Zi, Ali Masken, raporton portali i Bashk\u00ebsis Islame te Ulqinit, Islam-Ul.com. Sot n\u00eb vizit\u00eb n\u00eb Ulqin q\u00ebndroi zv. kryetari i TIKA-s z. Ali Masken. Ali Masken \u00ebsht\u00eb zv.kryetar i p\u00ebrgjithsh\u00ebm e TIKA-s me seli n\u00eb [&hellip;]<\/p>\n","protected":false},"author":1,"featured_media":0,"comment_status":"closed","ping_status":"closed","sticky":false,"template":"","format":"standard","meta":{"spay_email":"","jetpack_publicize_message":"","jetpack_is_tweetstorm":false,"jetpack_publicize_feature_enabled":true},"categories":[1,11],"tags":[],"jetpack_publicize_connections":[],"yoast_head":"<!-- This site is optimized with the Yoast SEO plugin v19.1 - https:\/\/yoast.com\/wordpress\/plugins\/seo\/ -->\n<title>Kryeimami Ali ef.Bardhi priti n\u00eb takim zv.kryetarin e organizat\u00ebs Turke TIKA - Lajme nga Ulqini<\/title>\n<meta name=\"description\" content=\"Kryeimami i Ulqinit mr. Ali Bardhi realizoi takim me zv.kryetarin e p\u00ebrgjithsh\u00ebm t\u00eb Agjencis\u00eb qeveritare turke TIKA p\u00ebr Mal t\u00eb Zi, Ali Masken, raporton\" \/>\n<meta name=\"robots\" content=\"index, follow, max-snippet:-1, max-image-preview:large, max-video-preview:-1\" \/>\n<link rel=\"canonical\" href=\"https:\/\/www.visit-ulcinj.com\/blog\/2017\/03\/18\/kryeimami-ali-ef-bardhi-priti-ne-takim-zv-kryetarin-e-organizates-turke-tika\/\" \/>\n<meta property=\"og:locale\" content=\"en_US\" \/>\n<meta property=\"og:type\" content=\"article\" \/>\n<meta property=\"og:title\" content=\"Kryeimami Ali ef.Bardhi priti n\u00eb takim zv.kryetarin e organizat\u00ebs Turke TIKA - Lajme nga Ulqini\" \/>\n<meta property=\"og:description\" content=\"Kryeimami i Ulqinit mr. Ali Bardhi realizoi takim me zv.kryetarin e p\u00ebrgjithsh\u00ebm t\u00eb Agjencis\u00eb qeveritare turke TIKA p\u00ebr Mal t\u00eb Zi, Ali Masken, raporton\" \/>\n<meta property=\"og:url\" content=\"https:\/\/www.visit-ulcinj.com\/blog\/2017\/03\/18\/kryeimami-ali-ef-bardhi-priti-ne-takim-zv-kryetarin-e-organizates-turke-tika\/\" \/>\n<meta property=\"og:site_name\" content=\"Lajme nga Ulqini\" \/>\n<meta property=\"article:published_time\" content=\"2017-03-18T15:02:49+00:00\" \/>\n<meta property=\"article:modified_time\" content=\"2017-03-19T07:03:25+00:00\" \/>\n<meta property=\"og:image\" content=\"http:\/\/www.visit-ulcinj.com\/blog\/wp-content\/uploads\/2017\/03\/Ali-Bardhi-priti-ne-takim-Ali-Masken-Tika-Ulqin.jpg\" \/>\n<meta name=\"twitter:label1\" content=\"Written by\" \/>\n\t<meta name=\"twitter:data1\" content=\"ulqini\" \/>\n\t<meta name=\"twitter:label2\" content=\"Est. reading time\" \/>\n\t<meta name=\"twitter:data2\" content=\"1 minute\" \/>\n<script type=\"application\/ld+json\" class=\"yoast-schema-graph\">{\"@context\":\"https:\/\/schema.org\",\"@graph\":[{\"@type\":\"WebSite\",\"@id\":\"https:\/\/www.visit-ulcinj.com\/blog\/#website\",\"url\":\"https:\/\/www.visit-ulcinj.com\/blog\/\",\"name\":\"Lajme nga Ulqini\",\"description\":\"Lajme,Vijesti,Ulqini,Ulqin,Crna Gora,Mali i Zi\",\"potentialAction\":[{\"@type\":\"SearchAction\",\"target\":{\"@type\":\"EntryPoint\",\"urlTemplate\":\"https:\/\/www.visit-ulcinj.com\/blog\/?s={search_term_string}\"},\"query-input\":\"required name=search_term_string\"}],\"inLanguage\":\"en-US\"},{\"@type\":\"ImageObject\",\"inLanguage\":\"en-US\",\"@id\":\"https:\/\/www.visit-ulcinj.com\/blog\/2017\/03\/18\/kryeimami-ali-ef-bardhi-priti-ne-takim-zv-kryetarin-e-organizates-turke-tika\/#primaryimage\",\"url\":\"https:\/\/www.visit-ulcinj.com\/blog\/wp-content\/uploads\/2017\/03\/Ali-Bardhi-priti-ne-takim-Ali-Masken-Tika-Ulqin.jpg\",\"contentUrl\":\"https:\/\/www.visit-ulcinj.com\/blog\/wp-content\/uploads\/2017\/03\/Ali-Bardhi-priti-ne-takim-Ali-Masken-Tika-Ulqin.jpg\",\"width\":999,\"height\":727},{\"@type\":\"WebPage\",\"@id\":\"https:\/\/www.visit-ulcinj.com\/blog\/2017\/03\/18\/kryeimami-ali-ef-bardhi-priti-ne-takim-zv-kryetarin-e-organizates-turke-tika\/#webpage\",\"url\":\"https:\/\/www.visit-ulcinj.com\/blog\/2017\/03\/18\/kryeimami-ali-ef-bardhi-priti-ne-takim-zv-kryetarin-e-organizates-turke-tika\/\",\"name\":\"Kryeimami Ali ef.Bardhi priti n\u00eb takim zv.kryetarin e organizat\u00ebs Turke TIKA - Lajme nga Ulqini\",\"isPartOf\":{\"@id\":\"https:\/\/www.visit-ulcinj.com\/blog\/#website\"},\"primaryImageOfPage\":{\"@id\":\"https:\/\/www.visit-ulcinj.com\/blog\/2017\/03\/18\/kryeimami-ali-ef-bardhi-priti-ne-takim-zv-kryetarin-e-organizates-turke-tika\/#primaryimage\"},\"datePublished\":\"2017-03-18T15:02:49+00:00\",\"dateModified\":\"2017-03-19T07:03:25+00:00\",\"author\":{\"@id\":\"https:\/\/www.visit-ulcinj.com\/blog\/#\/schema\/person\/dcab619c614d3038751c63bc2aadc06d\"},\"description\":\"Kryeimami i Ulqinit mr. Ali Bardhi realizoi takim me zv.kryetarin e p\u00ebrgjithsh\u00ebm t\u00eb Agjencis\u00eb qeveritare turke TIKA p\u00ebr Mal t\u00eb Zi, Ali Masken, raporton\",\"breadcrumb\":{\"@id\":\"https:\/\/www.visit-ulcinj.com\/blog\/2017\/03\/18\/kryeimami-ali-ef-bardhi-priti-ne-takim-zv-kryetarin-e-organizates-turke-tika\/#breadcrumb\"},\"inLanguage\":\"en-US\",\"potentialAction\":[{\"@type\":\"ReadAction\",\"target\":[\"https:\/\/www.visit-ulcinj.com\/blog\/2017\/03\/18\/kryeimami-ali-ef-bardhi-priti-ne-takim-zv-kryetarin-e-organizates-turke-tika\/\"]}]},{\"@type\":\"BreadcrumbList\",\"@id\":\"https:\/\/www.visit-ulcinj.com\/blog\/2017\/03\/18\/kryeimami-ali-ef-bardhi-priti-ne-takim-zv-kryetarin-e-organizates-turke-tika\/#breadcrumb\",\"itemListElement\":[{\"@type\":\"ListItem\",\"position\":1,\"name\":\"Kryeimami Ali ef.Bardhi priti n\u00eb takim zv.kryetarin e organizat\u00ebs Turke TIKA\"}]},{\"@type\":\"Person\",\"@id\":\"https:\/\/www.visit-ulcinj.com\/blog\/#\/schema\/person\/dcab619c614d3038751c63bc2aadc06d\",\"name\":\"ulqini\",\"sameAs\":[\"http:\/\/www.visit-ulcinj.com\"],\"url\":\"https:\/\/www.visit-ulcinj.com\/blog\/author\/admin\/\"}]}<\/script>\n<!-- \/ Yoast SEO plugin. -->","yoast_head_json":{"title":"Kryeimami Ali ef.Bardhi priti n\u00eb takim zv.kryetarin e organizat\u00ebs Turke TIKA - Lajme nga Ulqini","description":"Kryeimami i Ulqinit mr. Ali Bardhi realizoi takim me zv.kryetarin e p\u00ebrgjithsh\u00ebm t\u00eb Agjencis\u00eb qeveritare turke TIKA p\u00ebr Mal t\u00eb Zi, Ali Masken, raporton","robots":{"index":"index","follow":"follow","max-snippet":"max-snippet:-1","max-image-preview":"max-image-preview:large","max-video-preview":"max-video-preview:-1"},"canonical":"https:\/\/www.visit-ulcinj.com\/blog\/2017\/03\/18\/kryeimami-ali-ef-bardhi-priti-ne-takim-zv-kryetarin-e-organizates-turke-tika\/","og_locale":"en_US","og_type":"article","og_title":"Kryeimami Ali ef.Bardhi priti n\u00eb takim zv.kryetarin e organizat\u00ebs Turke TIKA - Lajme nga Ulqini","og_description":"Kryeimami i Ulqinit mr. Ali Bardhi realizoi takim me zv.kryetarin e p\u00ebrgjithsh\u00ebm t\u00eb Agjencis\u00eb qeveritare turke TIKA p\u00ebr Mal t\u00eb Zi, Ali Masken, raporton","og_url":"https:\/\/www.visit-ulcinj.com\/blog\/2017\/03\/18\/kryeimami-ali-ef-bardhi-priti-ne-takim-zv-kryetarin-e-organizates-turke-tika\/","og_site_name":"Lajme nga Ulqini","article_published_time":"2017-03-18T15:02:49+00:00","article_modified_time":"2017-03-19T07:03:25+00:00","og_image":[{"url":"http:\/\/www.visit-ulcinj.com\/blog\/wp-content\/uploads\/2017\/03\/Ali-Bardhi-priti-ne-takim-Ali-Masken-Tika-Ulqin.jpg"}],"twitter_misc":{"Written by":"ulqini","Est. reading time":"1 minute"},"schema":{"@context":"https:\/\/schema.org","@graph":[{"@type":"WebSite","@id":"https:\/\/www.visit-ulcinj.com\/blog\/#website","url":"https:\/\/www.visit-ulcinj.com\/blog\/","name":"Lajme nga Ulqini","description":"Lajme,Vijesti,Ulqini,Ulqin,Crna Gora,Mali i Zi","potentialAction":[{"@type":"SearchAction","target":{"@type":"EntryPoint","urlTemplate":"https:\/\/www.visit-ulcinj.com\/blog\/?s={search_term_string}"},"query-input":"required name=search_term_string"}],"inLanguage":"en-US"},{"@type":"ImageObject","inLanguage":"en-US","@id":"https:\/\/www.visit-ulcinj.com\/blog\/2017\/03\/18\/kryeimami-ali-ef-bardhi-priti-ne-takim-zv-kryetarin-e-organizates-turke-tika\/#primaryimage","url":"https:\/\/www.visit-ulcinj.com\/blog\/wp-content\/uploads\/2017\/03\/Ali-Bardhi-priti-ne-takim-Ali-Masken-Tika-Ulqin.jpg","contentUrl":"https:\/\/www.visit-ulcinj.com\/blog\/wp-content\/uploads\/2017\/03\/Ali-Bardhi-priti-ne-takim-Ali-Masken-Tika-Ulqin.jpg","width":999,"height":727},{"@type":"WebPage","@id":"https:\/\/www.visit-ulcinj.com\/blog\/2017\/03\/18\/kryeimami-ali-ef-bardhi-priti-ne-takim-zv-kryetarin-e-organizates-turke-tika\/#webpage","url":"https:\/\/www.visit-ulcinj.com\/blog\/2017\/03\/18\/kryeimami-ali-ef-bardhi-priti-ne-takim-zv-kryetarin-e-organizates-turke-tika\/","name":"Kryeimami Ali ef.Bardhi priti n\u00eb takim zv.kryetarin e organizat\u00ebs Turke TIKA - Lajme nga Ulqini","isPartOf":{"@id":"https:\/\/www.visit-ulcinj.com\/blog\/#website"},"primaryImageOfPage":{"@id":"https:\/\/www.visit-ulcinj.com\/blog\/2017\/03\/18\/kryeimami-ali-ef-bardhi-priti-ne-takim-zv-kryetarin-e-organizates-turke-tika\/#primaryimage"},"datePublished":"2017-03-18T15:02:49+00:00","dateModified":"2017-03-19T07:03:25+00:00","author":{"@id":"https:\/\/www.visit-ulcinj.com\/blog\/#\/schema\/person\/dcab619c614d3038751c63bc2aadc06d"},"description":"Kryeimami i Ulqinit mr. Ali Bardhi realizoi takim me zv.kryetarin e p\u00ebrgjithsh\u00ebm t\u00eb Agjencis\u00eb qeveritare turke TIKA p\u00ebr Mal t\u00eb Zi, Ali Masken, raporton","breadcrumb":{"@id":"https:\/\/www.visit-ulcinj.com\/blog\/2017\/03\/18\/kryeimami-ali-ef-bardhi-priti-ne-takim-zv-kryetarin-e-organizates-turke-tika\/#breadcrumb"},"inLanguage":"en-US","potentialAction":[{"@type":"ReadAction","target":["https:\/\/www.visit-ulcinj.com\/blog\/2017\/03\/18\/kryeimami-ali-ef-bardhi-priti-ne-takim-zv-kryetarin-e-organizates-turke-tika\/"]}]},{"@type":"BreadcrumbList","@id":"https:\/\/www.visit-ulcinj.com\/blog\/2017\/03\/18\/kryeimami-ali-ef-bardhi-priti-ne-takim-zv-kryetarin-e-organizates-turke-tika\/#breadcrumb","itemListElement":[{"@type":"ListItem","position":1,"name":"Kryeimami Ali ef.Bardhi priti n\u00eb takim zv.kryetarin e organizat\u00ebs Turke TIKA"}]},{"@type":"Person","@id":"https:\/\/www.visit-ulcinj.com\/blog\/#\/schema\/person\/dcab619c614d3038751c63bc2aadc06d","name":"ulqini","sameAs":["http:\/\/www.visit-ulcinj.com"],"url":"https:\/\/www.visit-ulcinj.com\/blog\/author\/admin\/"}]}},"jetpack_featured_media_url":"","jetpack_sharing_enabled":true,"jetpack_shortlink":"https:\/\/wp.me\/pe6lTn-qXj","_links":{"self":[{"href":"https:\/\/www.visit-ulcinj.com\/blog\/wp-json\/wp\/v2\/posts\/103621"}],"collection":[{"href":"https:\/\/www.visit-ulcinj.com\/blog\/wp-json\/wp\/v2\/posts"}],"about":[{"href":"https:\/\/www.visit-ulcinj.com\/blog\/wp-json\/wp\/v2\/types\/post"}],"author":[{"embeddable":true,"href":"https:\/\/www.visit-ulcinj.com\/blog\/wp-json\/wp\/v2\/users\/1"}],"replies":[{"embeddable":true,"href":"https:\/\/www.visit-ulcinj.com\/blog\/wp-json\/wp\/v2\/comments?post=103621"}],"version-history":[{"count":2,"href":"https:\/\/www.visit-ulcinj.com\/blog\/wp-json\/wp\/v2\/posts\/103621\/revisions"}],"predecessor-version":[{"id":103626,"href":"https:\/\/www.visit-ulcinj.com\/blog\/wp-json\/wp\/v2\/posts\/103621\/revisions\/103626"}],"wp:attachment":[{"href":"https:\/\/www.visit-ulcinj.com\/blog\/wp-json\/wp\/v2\/media?parent=103621"}],"wp:term":[{"taxonomy":"category","embeddable":true,"href":"https:\/\/www.visit-ulcinj.com\/blog\/wp-json\/wp\/v2\/categories?post=103621"},{"taxonomy":"post_tag","embeddable":true,"href":"https:\/\/www.visit-ulcinj.com\/blog\/wp-json\/wp\/v2\/tags?post=103621"}],"curies":[{"name":"wp","href":"https:\/\/api.w.org\/{rel}","templated":true}]}}