{"id":103634,"date":"2017-03-19T08:20:58","date_gmt":"2017-03-19T07:20:58","guid":{"rendered":"http:\/\/www.visit-ulcinj.com\/blog\/?p=103634"},"modified":"2017-03-19T08:20:58","modified_gmt":"2017-03-19T07:20:58","slug":"vazhdon-shperngulja-e-shqiptareve-nga-mali-zi-video","status":"publish","type":"post","link":"https:\/\/www.visit-ulcinj.com\/blog\/2017\/03\/19\/vazhdon-shperngulja-e-shqiptareve-nga-mali-zi-video\/","title":{"rendered":"Vazhdon shp\u00ebrngulja e shqiptar\u00ebve nga Mali i Zi &#8211; Video"},"content":{"rendered":"<p><a href=\"http:\/\/www.visit-ulcinj.com\/blog\/wp-content\/uploads\/2017\/03\/inmigracion.jpg\"><img loading=\"lazy\" class=\"alignleft wp-image-103635\" src=\"http:\/\/www.visit-ulcinj.com\/blog\/wp-content\/uploads\/2017\/03\/inmigracion.jpg\" alt=\"inmigracion\" width=\"508\" height=\"381\" srcset=\"https:\/\/www.visit-ulcinj.com\/blog\/wp-content\/uploads\/2017\/03\/inmigracion.jpg 640w, https:\/\/www.visit-ulcinj.com\/blog\/wp-content\/uploads\/2017\/03\/inmigracion-300x225.jpg 300w\" sizes=\"(max-width: 508px) 100vw, 508px\" \/><\/a>Procesi i vazhduesh\u00ebm i shp\u00ebrnguljes s\u00eb shqiptar\u00ebve nga Mali i Zi ka zbrazur t\u00ebr\u00ebsisht me dhjet\u00ebra vendbanime q\u00eb nga Plava e Gucia, Mal\u00ebsia, Kraja dhe Ulqini. Analist\u00ebt vler\u00ebsojn\u00eb se shkaqet e k\u00ebtij emigrimi jan\u00eb gjendja e r\u00ebnd\u00eb ekonomike, papun\u00ebsia dhe mungesa e perspektiv\u00ebs zhvillimore. Analist\u00ebt v\u00ebn\u00eb n\u00eb dukje se shp\u00ebrngulja kaq e madhe ka arritur pik\u00ebn kritike q\u00eb rrezikon qenien komb\u00ebtare t\u00eb shqiptar\u00ebve n\u00eb Malin e Zi.<\/p>\n<p>Kjo dukuri \u00ebsht\u00eb m\u00eb e theksuar edhe m\u00eb heret, ku disa fshatra jan\u00eb boshatisur plot\u00ebsisht.<\/p>\n<p>R\u00ebnia e vazhdueshme e numrit t\u00eb banor\u00ebve, sipas analist\u00ebve, do t\u00eb ndikoj\u00eb duksh\u00ebm n\u00eb t\u00eb ardhmen e k\u00ebtij komuniteti.<\/p>\n<p>Korrespondenti i Z\u00ebrit t\u00eb Amerik\u00ebs Ali Salaj p\u00ebrgatiti kronik\u00ebn:<\/p>\n<p>\/VoA\/<\/p>\n<!--YouTube Error: bad URL entered-->\n","protected":false},"excerpt":{"rendered":"<p>Procesi i vazhduesh\u00ebm i shp\u00ebrnguljes s\u00eb shqiptar\u00ebve nga Mali i Zi ka zbrazur t\u00ebr\u00ebsisht me dhjet\u00ebra vendbanime q\u00eb nga Plava e Gucia, Mal\u00ebsia, Kraja dhe Ulqini. Analist\u00ebt vler\u00ebsojn\u00eb se shkaqet e k\u00ebtij emigrimi jan\u00eb gjendja e r\u00ebnd\u00eb ekonomike, papun\u00ebsia dhe mungesa e perspektiv\u00ebs zhvillimore. Analist\u00ebt v\u00ebn\u00eb n\u00eb dukje se shp\u00ebrngulja kaq e madhe ka arritur [&hellip;]<\/p>\n","protected":false},"author":1,"featured_media":0,"comment_status":"closed","ping_status":"closed","sticky":false,"template":"","format":"standard","meta":{"spay_email":"","jetpack_publicize_message":"","jetpack_is_tweetstorm":false,"jetpack_publicize_feature_enabled":true},"categories":[12],"tags":[],"jetpack_publicize_connections":[],"yoast_head":"<!-- This site is optimized with the Yoast SEO plugin v19.1 - https:\/\/yoast.com\/wordpress\/plugins\/seo\/ -->\n<title>Vazhdon shp\u00ebrngulja e shqiptar\u00ebve nga Mali i Zi - Video - Lajme nga Ulqini<\/title>\n<meta name=\"description\" content=\"Procesi i vazhduesh\u00ebm i shp\u00ebrnguljes s\u00eb shqiptar\u00ebve nga Mali i Zi ka zbrazur t\u00ebr\u00ebsisht me dhjet\u00ebra vendbanime q\u00eb nga Plava e Gucia, Mal\u00ebsia, Kraja dhe\" \/>\n<meta name=\"robots\" content=\"index, follow, max-snippet:-1, max-image-preview:large, max-video-preview:-1\" \/>\n<link rel=\"canonical\" href=\"https:\/\/www.visit-ulcinj.com\/blog\/2017\/03\/19\/vazhdon-shperngulja-e-shqiptareve-nga-mali-zi-video\/\" \/>\n<meta property=\"og:locale\" content=\"en_US\" \/>\n<meta property=\"og:type\" content=\"article\" \/>\n<meta property=\"og:title\" content=\"Vazhdon shp\u00ebrngulja e shqiptar\u00ebve nga Mali i Zi - Video - Lajme nga Ulqini\" \/>\n<meta property=\"og:description\" content=\"Procesi i vazhduesh\u00ebm i shp\u00ebrnguljes s\u00eb shqiptar\u00ebve nga Mali i Zi ka zbrazur t\u00ebr\u00ebsisht me dhjet\u00ebra vendbanime q\u00eb nga Plava e Gucia, Mal\u00ebsia, Kraja dhe\" \/>\n<meta property=\"og:url\" content=\"https:\/\/www.visit-ulcinj.com\/blog\/2017\/03\/19\/vazhdon-shperngulja-e-shqiptareve-nga-mali-zi-video\/\" \/>\n<meta property=\"og:site_name\" content=\"Lajme nga Ulqini\" \/>\n<meta property=\"article:published_time\" content=\"2017-03-19T07:20:58+00:00\" \/>\n<meta property=\"og:image\" content=\"http:\/\/www.visit-ulcinj.com\/blog\/wp-content\/uploads\/2017\/03\/inmigracion.jpg\" \/>\n<meta name=\"twitter:label1\" content=\"Written by\" \/>\n\t<meta name=\"twitter:data1\" content=\"ulqini\" \/>\n\t<meta name=\"twitter:label2\" content=\"Est. reading time\" \/>\n\t<meta name=\"twitter:data2\" content=\"1 minute\" \/>\n<script type=\"application\/ld+json\" class=\"yoast-schema-graph\">{\"@context\":\"https:\/\/schema.org\",\"@graph\":[{\"@type\":\"WebSite\",\"@id\":\"https:\/\/www.visit-ulcinj.com\/blog\/#website\",\"url\":\"https:\/\/www.visit-ulcinj.com\/blog\/\",\"name\":\"Lajme nga Ulqini\",\"description\":\"Lajme,Vijesti,Ulqini,Ulqin,Crna Gora,Mali i Zi\",\"potentialAction\":[{\"@type\":\"SearchAction\",\"target\":{\"@type\":\"EntryPoint\",\"urlTemplate\":\"https:\/\/www.visit-ulcinj.com\/blog\/?s={search_term_string}\"},\"query-input\":\"required name=search_term_string\"}],\"inLanguage\":\"en-US\"},{\"@type\":\"ImageObject\",\"inLanguage\":\"en-US\",\"@id\":\"https:\/\/www.visit-ulcinj.com\/blog\/2017\/03\/19\/vazhdon-shperngulja-e-shqiptareve-nga-mali-zi-video\/#primaryimage\",\"url\":\"https:\/\/www.visit-ulcinj.com\/blog\/wp-content\/uploads\/2017\/03\/inmigracion.jpg\",\"contentUrl\":\"https:\/\/www.visit-ulcinj.com\/blog\/wp-content\/uploads\/2017\/03\/inmigracion.jpg\",\"width\":640,\"height\":480},{\"@type\":\"WebPage\",\"@id\":\"https:\/\/www.visit-ulcinj.com\/blog\/2017\/03\/19\/vazhdon-shperngulja-e-shqiptareve-nga-mali-zi-video\/#webpage\",\"url\":\"https:\/\/www.visit-ulcinj.com\/blog\/2017\/03\/19\/vazhdon-shperngulja-e-shqiptareve-nga-mali-zi-video\/\",\"name\":\"Vazhdon shp\u00ebrngulja e shqiptar\u00ebve nga Mali i Zi - Video - Lajme nga Ulqini\",\"isPartOf\":{\"@id\":\"https:\/\/www.visit-ulcinj.com\/blog\/#website\"},\"primaryImageOfPage\":{\"@id\":\"https:\/\/www.visit-ulcinj.com\/blog\/2017\/03\/19\/vazhdon-shperngulja-e-shqiptareve-nga-mali-zi-video\/#primaryimage\"},\"datePublished\":\"2017-03-19T07:20:58+00:00\",\"dateModified\":\"2017-03-19T07:20:58+00:00\",\"author\":{\"@id\":\"https:\/\/www.visit-ulcinj.com\/blog\/#\/schema\/person\/dcab619c614d3038751c63bc2aadc06d\"},\"description\":\"Procesi i vazhduesh\u00ebm i shp\u00ebrnguljes s\u00eb shqiptar\u00ebve nga Mali i Zi ka zbrazur t\u00ebr\u00ebsisht me dhjet\u00ebra vendbanime q\u00eb nga Plava e Gucia, Mal\u00ebsia, Kraja dhe\",\"breadcrumb\":{\"@id\":\"https:\/\/www.visit-ulcinj.com\/blog\/2017\/03\/19\/vazhdon-shperngulja-e-shqiptareve-nga-mali-zi-video\/#breadcrumb\"},\"inLanguage\":\"en-US\",\"potentialAction\":[{\"@type\":\"ReadAction\",\"target\":[\"https:\/\/www.visit-ulcinj.com\/blog\/2017\/03\/19\/vazhdon-shperngulja-e-shqiptareve-nga-mali-zi-video\/\"]}]},{\"@type\":\"BreadcrumbList\",\"@id\":\"https:\/\/www.visit-ulcinj.com\/blog\/2017\/03\/19\/vazhdon-shperngulja-e-shqiptareve-nga-mali-zi-video\/#breadcrumb\",\"itemListElement\":[{\"@type\":\"ListItem\",\"position\":1,\"name\":\"Vazhdon shp\u00ebrngulja e shqiptar\u00ebve nga Mali i Zi &#8211; Video\"}]},{\"@type\":\"Person\",\"@id\":\"https:\/\/www.visit-ulcinj.com\/blog\/#\/schema\/person\/dcab619c614d3038751c63bc2aadc06d\",\"name\":\"ulqini\",\"sameAs\":[\"http:\/\/www.visit-ulcinj.com\"],\"url\":\"https:\/\/www.visit-ulcinj.com\/blog\/author\/admin\/\"}]}<\/script>\n<!-- \/ Yoast SEO plugin. -->","yoast_head_json":{"title":"Vazhdon shp\u00ebrngulja e shqiptar\u00ebve nga Mali i Zi - Video - Lajme nga Ulqini","description":"Procesi i vazhduesh\u00ebm i shp\u00ebrnguljes s\u00eb shqiptar\u00ebve nga Mali i Zi ka zbrazur t\u00ebr\u00ebsisht me dhjet\u00ebra vendbanime q\u00eb nga Plava e Gucia, Mal\u00ebsia, Kraja dhe","robots":{"index":"index","follow":"follow","max-snippet":"max-snippet:-1","max-image-preview":"max-image-preview:large","max-video-preview":"max-video-preview:-1"},"canonical":"https:\/\/www.visit-ulcinj.com\/blog\/2017\/03\/19\/vazhdon-shperngulja-e-shqiptareve-nga-mali-zi-video\/","og_locale":"en_US","og_type":"article","og_title":"Vazhdon shp\u00ebrngulja e shqiptar\u00ebve nga Mali i Zi - Video - Lajme nga Ulqini","og_description":"Procesi i vazhduesh\u00ebm i shp\u00ebrnguljes s\u00eb shqiptar\u00ebve nga Mali i Zi ka zbrazur t\u00ebr\u00ebsisht me dhjet\u00ebra vendbanime q\u00eb nga Plava e Gucia, Mal\u00ebsia, Kraja dhe","og_url":"https:\/\/www.visit-ulcinj.com\/blog\/2017\/03\/19\/vazhdon-shperngulja-e-shqiptareve-nga-mali-zi-video\/","og_site_name":"Lajme nga Ulqini","article_published_time":"2017-03-19T07:20:58+00:00","og_image":[{"url":"http:\/\/www.visit-ulcinj.com\/blog\/wp-content\/uploads\/2017\/03\/inmigracion.jpg"}],"twitter_misc":{"Written by":"ulqini","Est. reading time":"1 minute"},"schema":{"@context":"https:\/\/schema.org","@graph":[{"@type":"WebSite","@id":"https:\/\/www.visit-ulcinj.com\/blog\/#website","url":"https:\/\/www.visit-ulcinj.com\/blog\/","name":"Lajme nga Ulqini","description":"Lajme,Vijesti,Ulqini,Ulqin,Crna Gora,Mali i Zi","potentialAction":[{"@type":"SearchAction","target":{"@type":"EntryPoint","urlTemplate":"https:\/\/www.visit-ulcinj.com\/blog\/?s={search_term_string}"},"query-input":"required name=search_term_string"}],"inLanguage":"en-US"},{"@type":"ImageObject","inLanguage":"en-US","@id":"https:\/\/www.visit-ulcinj.com\/blog\/2017\/03\/19\/vazhdon-shperngulja-e-shqiptareve-nga-mali-zi-video\/#primaryimage","url":"https:\/\/www.visit-ulcinj.com\/blog\/wp-content\/uploads\/2017\/03\/inmigracion.jpg","contentUrl":"https:\/\/www.visit-ulcinj.com\/blog\/wp-content\/uploads\/2017\/03\/inmigracion.jpg","width":640,"height":480},{"@type":"WebPage","@id":"https:\/\/www.visit-ulcinj.com\/blog\/2017\/03\/19\/vazhdon-shperngulja-e-shqiptareve-nga-mali-zi-video\/#webpage","url":"https:\/\/www.visit-ulcinj.com\/blog\/2017\/03\/19\/vazhdon-shperngulja-e-shqiptareve-nga-mali-zi-video\/","name":"Vazhdon shp\u00ebrngulja e shqiptar\u00ebve nga Mali i Zi - Video - Lajme nga Ulqini","isPartOf":{"@id":"https:\/\/www.visit-ulcinj.com\/blog\/#website"},"primaryImageOfPage":{"@id":"https:\/\/www.visit-ulcinj.com\/blog\/2017\/03\/19\/vazhdon-shperngulja-e-shqiptareve-nga-mali-zi-video\/#primaryimage"},"datePublished":"2017-03-19T07:20:58+00:00","dateModified":"2017-03-19T07:20:58+00:00","author":{"@id":"https:\/\/www.visit-ulcinj.com\/blog\/#\/schema\/person\/dcab619c614d3038751c63bc2aadc06d"},"description":"Procesi i vazhduesh\u00ebm i shp\u00ebrnguljes s\u00eb shqiptar\u00ebve nga Mali i Zi ka zbrazur t\u00ebr\u00ebsisht me dhjet\u00ebra vendbanime q\u00eb nga Plava e Gucia, Mal\u00ebsia, Kraja dhe","breadcrumb":{"@id":"https:\/\/www.visit-ulcinj.com\/blog\/2017\/03\/19\/vazhdon-shperngulja-e-shqiptareve-nga-mali-zi-video\/#breadcrumb"},"inLanguage":"en-US","potentialAction":[{"@type":"ReadAction","target":["https:\/\/www.visit-ulcinj.com\/blog\/2017\/03\/19\/vazhdon-shperngulja-e-shqiptareve-nga-mali-zi-video\/"]}]},{"@type":"BreadcrumbList","@id":"https:\/\/www.visit-ulcinj.com\/blog\/2017\/03\/19\/vazhdon-shperngulja-e-shqiptareve-nga-mali-zi-video\/#breadcrumb","itemListElement":[{"@type":"ListItem","position":1,"name":"Vazhdon shp\u00ebrngulja e shqiptar\u00ebve nga Mali i Zi &#8211; Video"}]},{"@type":"Person","@id":"https:\/\/www.visit-ulcinj.com\/blog\/#\/schema\/person\/dcab619c614d3038751c63bc2aadc06d","name":"ulqini","sameAs":["http:\/\/www.visit-ulcinj.com"],"url":"https:\/\/www.visit-ulcinj.com\/blog\/author\/admin\/"}]}},"jetpack_featured_media_url":"","jetpack_sharing_enabled":true,"jetpack_shortlink":"https:\/\/wp.me\/pe6lTn-qXw","_links":{"self":[{"href":"https:\/\/www.visit-ulcinj.com\/blog\/wp-json\/wp\/v2\/posts\/103634"}],"collection":[{"href":"https:\/\/www.visit-ulcinj.com\/blog\/wp-json\/wp\/v2\/posts"}],"about":[{"href":"https:\/\/www.visit-ulcinj.com\/blog\/wp-json\/wp\/v2\/types\/post"}],"author":[{"embeddable":true,"href":"https:\/\/www.visit-ulcinj.com\/blog\/wp-json\/wp\/v2\/users\/1"}],"replies":[{"embeddable":true,"href":"https:\/\/www.visit-ulcinj.com\/blog\/wp-json\/wp\/v2\/comments?post=103634"}],"version-history":[{"count":1,"href":"https:\/\/www.visit-ulcinj.com\/blog\/wp-json\/wp\/v2\/posts\/103634\/revisions"}],"predecessor-version":[{"id":103636,"href":"https:\/\/www.visit-ulcinj.com\/blog\/wp-json\/wp\/v2\/posts\/103634\/revisions\/103636"}],"wp:attachment":[{"href":"https:\/\/www.visit-ulcinj.com\/blog\/wp-json\/wp\/v2\/media?parent=103634"}],"wp:term":[{"taxonomy":"category","embeddable":true,"href":"https:\/\/www.visit-ulcinj.com\/blog\/wp-json\/wp\/v2\/categories?post=103634"},{"taxonomy":"post_tag","embeddable":true,"href":"https:\/\/www.visit-ulcinj.com\/blog\/wp-json\/wp\/v2\/tags?post=103634"}],"curies":[{"name":"wp","href":"https:\/\/api.w.org\/{rel}","templated":true}]}}