{"id":103641,"date":"2017-03-19T16:07:28","date_gmt":"2017-03-19T15:07:28","guid":{"rendered":"http:\/\/www.visit-ulcinj.com\/blog\/?p=103641"},"modified":"2017-03-19T16:07:28","modified_gmt":"2017-03-19T15:07:28","slug":"po-vojniku-1-500e-mjesecno-u-crnu-goru","status":"publish","type":"post","link":"https:\/\/www.visit-ulcinj.com\/blog\/2017\/03\/19\/po-vojniku-1-500e-mjesecno-u-crnu-goru\/","title":{"rendered":"Po vojniku 1.500\u20ac mjese\u010dno u Crnu Goru"},"content":{"rendered":"<p><strong><a href=\"http:\/\/www.visit-ulcinj.com\/blog\/wp-content\/uploads\/2017\/03\/Vojska-CG-G0v-1.jpg\"><img loading=\"lazy\" class=\"alignleft wp-image-103642\" src=\"http:\/\/www.visit-ulcinj.com\/blog\/wp-content\/uploads\/2017\/03\/Vojska-CG-G0v-1.jpg\" alt=\"Vojska CG G0v 1\" width=\"508\" height=\"338\" srcset=\"https:\/\/www.visit-ulcinj.com\/blog\/wp-content\/uploads\/2017\/03\/Vojska-CG-G0v-1.jpg 731w, https:\/\/www.visit-ulcinj.com\/blog\/wp-content\/uploads\/2017\/03\/Vojska-CG-G0v-1-300x199.jpg 300w\" sizes=\"(max-width: 508px) 100vw, 508px\" \/><\/a>Mladi u Crnoj Gori ima\u0107e priliku da 2019. godine pro\u0111u kroz vojnu obuku koja \u0107e trajati dva mjeseca. Za vojnike na dobrovoljnom slu\u017eenju vojnog roka bi\u0107e obezbije\u0111ena besplatna ishrana, uniforma, smje\u0161taj i obuka, a u nekim slu\u010dajevima i prevoz. Uz to, prima\u0107e i vojni\u010dku platu, potvr\u0111eno je Pobjedi iz Ministarstva odbrane.<\/strong><\/p>\n<p>Vojni analiti\u010dar Aleksandar Radi\u0107 smatra da je dobrovoljno slu\u017eenje vojnog roka jeftiniji pristup koji omogu\u0107ava dr\u017eanje solidne rezerve ljudstva.<\/p>\n<p>Ova novina dolazi 13 godina nakon \u0161to je Vojska Crne Gore ukinula obavezu slu\u017eenja vojnog roka.<\/p>\n<p>&#8220;Jedan od benefita vojne obuke je i mogu\u0107nost dobijanja sertifikata o obu\u010denosti za rukovanje vatrenim oru\u017ejem, koji \u0107e biti priznat od strane odgovaraju\u0107ih dr\u017eavnih organa&#8221;, isti\u010du iz Ministarstva odbrane.<\/p>\n<p>Pored toga, neki vojnici \u0107e, kako dodaju, tokom obuke sigurno biti osposobljeni za upravljanje gra\u0111evinskim ma\u0161inama, za \u0161ta obuka u privatnoj re\u017eiji nije jeftina.<\/p>\n<p>Osim toga, 60 dana provedeno u uniformi mo\u017ee se posmatrati i kao svojevrstan &#8220;probni rad&#8221;, kroz koji \u0107e mladi ljudi upoznati Vojsku i procijeniti da li bi mogli i \u017eeljeli da postanu njeni pripadnici, odnosno profesionalni vojnici, poru\u010duju iz Ministarstva.<\/p>\n<p>Kada je rije\u010d o finansijskoj opravdanosti uvo\u0111enja dobrovoljnog slu\u017eenja vojnog roka, iz Ministarstva odbrane ka\u017eu da se ta\u010dan iznos finansijskih sredstava ne mo\u017ee sa sigurno\u0161\u0107u utvrditi.<\/p>\n<p>&#8220;Preliminarna procjena je da tro\u0161kovi ishrane, uniforme, smje\u0161taja, usluga i obuke, ne uklju\u010duju\u0107i vojni\u010dku platu i tro\u0161kove zdravstvenog pregleda, po vojniku iznose oko 2.850 eura za dva mjeseca. Finansijska sredstva za ovu namjenu bi\u0107e planirana Zakonom o bud\u017eetu za 2019. godinu&#8221;, preciziraju iz Ministarstva.<\/p>\n<p>Vojni analiti\u010dar Radi\u0107 ocjenjuje\u00a0za Pobjedu da je dobrovoljno\u00a0slu\u017eenje vojnog roka neophodno\u00a0ako Vojska Crne Gore\u00a0namjerava da dio potreba za\u00a0ljudstvom podmiri aktivnom i\u00a0pasivnom rezervom.<\/p>\n<p>&#8220;Ljudi su vojsci potrebni i bez\u00a0ljudske snage niz zadataka\u00a0vojske ne mo\u017ee da se izvr\u0161i.\u00a0Va\u017eno je za Crnu Goru da mo\u017ee pove\u0107ati broj ljudi u kratkom\u00a0roku za, na primjer, podr\u0161ku\u00a0civilnim vlastima i\u00a0stanovni\u0161tvu kada se na\u0111u pod\u00a0udarom sila prirode ili se desi\u00a0velika nesre\u0107a&#8221;, ka\u017ee Radi\u0107.<\/p>\n<p>On dodaje da se za \u010dlanstvo u\u00a0NATO tako\u0111e o\u010dekuje da Vojska\u00a0Crne Gore ima ljudi za redovne\u00a0smjene u misijama u\u00a0inostranstvu i za zadatke kod\u00a0ku\u0107e.<\/p>\n<p>RTCG<\/p>\n","protected":false},"excerpt":{"rendered":"<p>Mladi u Crnoj Gori ima\u0107e priliku da 2019. godine pro\u0111u kroz vojnu obuku koja \u0107e trajati dva mjeseca. Za vojnike na dobrovoljnom slu\u017eenju vojnog roka bi\u0107e obezbije\u0111ena besplatna ishrana, uniforma, smje\u0161taj i obuka, a u nekim slu\u010dajevima i prevoz. Uz to, prima\u0107e i vojni\u010dku platu, potvr\u0111eno je Pobjedi iz Ministarstva odbrane. Vojni analiti\u010dar Aleksandar Radi\u0107 [&hellip;]<\/p>\n","protected":false},"author":1,"featured_media":0,"comment_status":"closed","ping_status":"closed","sticky":false,"template":"","format":"standard","meta":{"spay_email":"","jetpack_publicize_message":"","jetpack_is_tweetstorm":false,"jetpack_publicize_feature_enabled":true},"categories":[8337],"tags":[],"jetpack_publicize_connections":[],"yoast_head":"<!-- This site is optimized with the Yoast SEO plugin v19.1 - https:\/\/yoast.com\/wordpress\/plugins\/seo\/ -->\n<title>Po vojniku 1.500\u20ac mjese\u010dno u Crnu Goru - Lajme nga Ulqini<\/title>\n<meta name=\"description\" content=\"Mladi u Crnoj Gori ima\u0107e priliku da 2019. godine pro\u0111u kroz vojnu obuku koja \u0107e trajati dva mjeseca. Za vojnike na dobrovoljnom slu\u017eenju vojnog roka bi\u0107e\" \/>\n<meta name=\"robots\" content=\"index, follow, max-snippet:-1, max-image-preview:large, max-video-preview:-1\" \/>\n<link rel=\"canonical\" href=\"https:\/\/www.visit-ulcinj.com\/blog\/2017\/03\/19\/po-vojniku-1-500e-mjesecno-u-crnu-goru\/\" \/>\n<meta property=\"og:locale\" content=\"en_US\" \/>\n<meta property=\"og:type\" content=\"article\" \/>\n<meta property=\"og:title\" content=\"Po vojniku 1.500\u20ac mjese\u010dno u Crnu Goru - Lajme nga Ulqini\" \/>\n<meta property=\"og:description\" content=\"Mladi u Crnoj Gori ima\u0107e priliku da 2019. godine pro\u0111u kroz vojnu obuku koja \u0107e trajati dva mjeseca. Za vojnike na dobrovoljnom slu\u017eenju vojnog roka bi\u0107e\" \/>\n<meta property=\"og:url\" content=\"https:\/\/www.visit-ulcinj.com\/blog\/2017\/03\/19\/po-vojniku-1-500e-mjesecno-u-crnu-goru\/\" \/>\n<meta property=\"og:site_name\" content=\"Lajme nga Ulqini\" \/>\n<meta property=\"article:published_time\" content=\"2017-03-19T15:07:28+00:00\" \/>\n<meta property=\"og:image\" content=\"http:\/\/www.visit-ulcinj.com\/blog\/wp-content\/uploads\/2017\/03\/Vojska-CG-G0v-1.jpg\" \/>\n<meta name=\"twitter:label1\" content=\"Written by\" \/>\n\t<meta name=\"twitter:data1\" content=\"ulqini\" \/>\n\t<meta name=\"twitter:label2\" content=\"Est. reading time\" \/>\n\t<meta name=\"twitter:data2\" content=\"2 minutes\" \/>\n<script type=\"application\/ld+json\" class=\"yoast-schema-graph\">{\"@context\":\"https:\/\/schema.org\",\"@graph\":[{\"@type\":\"WebSite\",\"@id\":\"https:\/\/www.visit-ulcinj.com\/blog\/#website\",\"url\":\"https:\/\/www.visit-ulcinj.com\/blog\/\",\"name\":\"Lajme nga Ulqini\",\"description\":\"Lajme,Vijesti,Ulqini,Ulqin,Crna Gora,Mali i Zi\",\"potentialAction\":[{\"@type\":\"SearchAction\",\"target\":{\"@type\":\"EntryPoint\",\"urlTemplate\":\"https:\/\/www.visit-ulcinj.com\/blog\/?s={search_term_string}\"},\"query-input\":\"required name=search_term_string\"}],\"inLanguage\":\"en-US\"},{\"@type\":\"ImageObject\",\"inLanguage\":\"en-US\",\"@id\":\"https:\/\/www.visit-ulcinj.com\/blog\/2017\/03\/19\/po-vojniku-1-500e-mjesecno-u-crnu-goru\/#primaryimage\",\"url\":\"https:\/\/www.visit-ulcinj.com\/blog\/wp-content\/uploads\/2017\/03\/Vojska-CG-G0v-1.jpg\",\"contentUrl\":\"https:\/\/www.visit-ulcinj.com\/blog\/wp-content\/uploads\/2017\/03\/Vojska-CG-G0v-1.jpg\",\"width\":731,\"height\":486},{\"@type\":\"WebPage\",\"@id\":\"https:\/\/www.visit-ulcinj.com\/blog\/2017\/03\/19\/po-vojniku-1-500e-mjesecno-u-crnu-goru\/#webpage\",\"url\":\"https:\/\/www.visit-ulcinj.com\/blog\/2017\/03\/19\/po-vojniku-1-500e-mjesecno-u-crnu-goru\/\",\"name\":\"Po vojniku 1.500\u20ac mjese\u010dno u Crnu Goru - Lajme nga Ulqini\",\"isPartOf\":{\"@id\":\"https:\/\/www.visit-ulcinj.com\/blog\/#website\"},\"primaryImageOfPage\":{\"@id\":\"https:\/\/www.visit-ulcinj.com\/blog\/2017\/03\/19\/po-vojniku-1-500e-mjesecno-u-crnu-goru\/#primaryimage\"},\"datePublished\":\"2017-03-19T15:07:28+00:00\",\"dateModified\":\"2017-03-19T15:07:28+00:00\",\"author\":{\"@id\":\"https:\/\/www.visit-ulcinj.com\/blog\/#\/schema\/person\/dcab619c614d3038751c63bc2aadc06d\"},\"description\":\"Mladi u Crnoj Gori ima\u0107e priliku da 2019. godine pro\u0111u kroz vojnu obuku koja \u0107e trajati dva mjeseca. Za vojnike na dobrovoljnom slu\u017eenju vojnog roka bi\u0107e\",\"breadcrumb\":{\"@id\":\"https:\/\/www.visit-ulcinj.com\/blog\/2017\/03\/19\/po-vojniku-1-500e-mjesecno-u-crnu-goru\/#breadcrumb\"},\"inLanguage\":\"en-US\",\"potentialAction\":[{\"@type\":\"ReadAction\",\"target\":[\"https:\/\/www.visit-ulcinj.com\/blog\/2017\/03\/19\/po-vojniku-1-500e-mjesecno-u-crnu-goru\/\"]}]},{\"@type\":\"BreadcrumbList\",\"@id\":\"https:\/\/www.visit-ulcinj.com\/blog\/2017\/03\/19\/po-vojniku-1-500e-mjesecno-u-crnu-goru\/#breadcrumb\",\"itemListElement\":[{\"@type\":\"ListItem\",\"position\":1,\"name\":\"Po vojniku 1.500\u20ac mjese\u010dno u Crnu Goru\"}]},{\"@type\":\"Person\",\"@id\":\"https:\/\/www.visit-ulcinj.com\/blog\/#\/schema\/person\/dcab619c614d3038751c63bc2aadc06d\",\"name\":\"ulqini\",\"sameAs\":[\"http:\/\/www.visit-ulcinj.com\"],\"url\":\"https:\/\/www.visit-ulcinj.com\/blog\/author\/admin\/\"}]}<\/script>\n<!-- \/ Yoast SEO plugin. -->","yoast_head_json":{"title":"Po vojniku 1.500\u20ac mjese\u010dno u Crnu Goru - Lajme nga Ulqini","description":"Mladi u Crnoj Gori ima\u0107e priliku da 2019. godine pro\u0111u kroz vojnu obuku koja \u0107e trajati dva mjeseca. Za vojnike na dobrovoljnom slu\u017eenju vojnog roka bi\u0107e","robots":{"index":"index","follow":"follow","max-snippet":"max-snippet:-1","max-image-preview":"max-image-preview:large","max-video-preview":"max-video-preview:-1"},"canonical":"https:\/\/www.visit-ulcinj.com\/blog\/2017\/03\/19\/po-vojniku-1-500e-mjesecno-u-crnu-goru\/","og_locale":"en_US","og_type":"article","og_title":"Po vojniku 1.500\u20ac mjese\u010dno u Crnu Goru - Lajme nga Ulqini","og_description":"Mladi u Crnoj Gori ima\u0107e priliku da 2019. godine pro\u0111u kroz vojnu obuku koja \u0107e trajati dva mjeseca. Za vojnike na dobrovoljnom slu\u017eenju vojnog roka bi\u0107e","og_url":"https:\/\/www.visit-ulcinj.com\/blog\/2017\/03\/19\/po-vojniku-1-500e-mjesecno-u-crnu-goru\/","og_site_name":"Lajme nga Ulqini","article_published_time":"2017-03-19T15:07:28+00:00","og_image":[{"url":"http:\/\/www.visit-ulcinj.com\/blog\/wp-content\/uploads\/2017\/03\/Vojska-CG-G0v-1.jpg"}],"twitter_misc":{"Written by":"ulqini","Est. reading time":"2 minutes"},"schema":{"@context":"https:\/\/schema.org","@graph":[{"@type":"WebSite","@id":"https:\/\/www.visit-ulcinj.com\/blog\/#website","url":"https:\/\/www.visit-ulcinj.com\/blog\/","name":"Lajme nga Ulqini","description":"Lajme,Vijesti,Ulqini,Ulqin,Crna Gora,Mali i Zi","potentialAction":[{"@type":"SearchAction","target":{"@type":"EntryPoint","urlTemplate":"https:\/\/www.visit-ulcinj.com\/blog\/?s={search_term_string}"},"query-input":"required name=search_term_string"}],"inLanguage":"en-US"},{"@type":"ImageObject","inLanguage":"en-US","@id":"https:\/\/www.visit-ulcinj.com\/blog\/2017\/03\/19\/po-vojniku-1-500e-mjesecno-u-crnu-goru\/#primaryimage","url":"https:\/\/www.visit-ulcinj.com\/blog\/wp-content\/uploads\/2017\/03\/Vojska-CG-G0v-1.jpg","contentUrl":"https:\/\/www.visit-ulcinj.com\/blog\/wp-content\/uploads\/2017\/03\/Vojska-CG-G0v-1.jpg","width":731,"height":486},{"@type":"WebPage","@id":"https:\/\/www.visit-ulcinj.com\/blog\/2017\/03\/19\/po-vojniku-1-500e-mjesecno-u-crnu-goru\/#webpage","url":"https:\/\/www.visit-ulcinj.com\/blog\/2017\/03\/19\/po-vojniku-1-500e-mjesecno-u-crnu-goru\/","name":"Po vojniku 1.500\u20ac mjese\u010dno u Crnu Goru - Lajme nga Ulqini","isPartOf":{"@id":"https:\/\/www.visit-ulcinj.com\/blog\/#website"},"primaryImageOfPage":{"@id":"https:\/\/www.visit-ulcinj.com\/blog\/2017\/03\/19\/po-vojniku-1-500e-mjesecno-u-crnu-goru\/#primaryimage"},"datePublished":"2017-03-19T15:07:28+00:00","dateModified":"2017-03-19T15:07:28+00:00","author":{"@id":"https:\/\/www.visit-ulcinj.com\/blog\/#\/schema\/person\/dcab619c614d3038751c63bc2aadc06d"},"description":"Mladi u Crnoj Gori ima\u0107e priliku da 2019. godine pro\u0111u kroz vojnu obuku koja \u0107e trajati dva mjeseca. Za vojnike na dobrovoljnom slu\u017eenju vojnog roka bi\u0107e","breadcrumb":{"@id":"https:\/\/www.visit-ulcinj.com\/blog\/2017\/03\/19\/po-vojniku-1-500e-mjesecno-u-crnu-goru\/#breadcrumb"},"inLanguage":"en-US","potentialAction":[{"@type":"ReadAction","target":["https:\/\/www.visit-ulcinj.com\/blog\/2017\/03\/19\/po-vojniku-1-500e-mjesecno-u-crnu-goru\/"]}]},{"@type":"BreadcrumbList","@id":"https:\/\/www.visit-ulcinj.com\/blog\/2017\/03\/19\/po-vojniku-1-500e-mjesecno-u-crnu-goru\/#breadcrumb","itemListElement":[{"@type":"ListItem","position":1,"name":"Po vojniku 1.500\u20ac mjese\u010dno u Crnu Goru"}]},{"@type":"Person","@id":"https:\/\/www.visit-ulcinj.com\/blog\/#\/schema\/person\/dcab619c614d3038751c63bc2aadc06d","name":"ulqini","sameAs":["http:\/\/www.visit-ulcinj.com"],"url":"https:\/\/www.visit-ulcinj.com\/blog\/author\/admin\/"}]}},"jetpack_featured_media_url":"","jetpack_sharing_enabled":true,"jetpack_shortlink":"https:\/\/wp.me\/pe6lTn-qXD","_links":{"self":[{"href":"https:\/\/www.visit-ulcinj.com\/blog\/wp-json\/wp\/v2\/posts\/103641"}],"collection":[{"href":"https:\/\/www.visit-ulcinj.com\/blog\/wp-json\/wp\/v2\/posts"}],"about":[{"href":"https:\/\/www.visit-ulcinj.com\/blog\/wp-json\/wp\/v2\/types\/post"}],"author":[{"embeddable":true,"href":"https:\/\/www.visit-ulcinj.com\/blog\/wp-json\/wp\/v2\/users\/1"}],"replies":[{"embeddable":true,"href":"https:\/\/www.visit-ulcinj.com\/blog\/wp-json\/wp\/v2\/comments?post=103641"}],"version-history":[{"count":1,"href":"https:\/\/www.visit-ulcinj.com\/blog\/wp-json\/wp\/v2\/posts\/103641\/revisions"}],"predecessor-version":[{"id":103643,"href":"https:\/\/www.visit-ulcinj.com\/blog\/wp-json\/wp\/v2\/posts\/103641\/revisions\/103643"}],"wp:attachment":[{"href":"https:\/\/www.visit-ulcinj.com\/blog\/wp-json\/wp\/v2\/media?parent=103641"}],"wp:term":[{"taxonomy":"category","embeddable":true,"href":"https:\/\/www.visit-ulcinj.com\/blog\/wp-json\/wp\/v2\/categories?post=103641"},{"taxonomy":"post_tag","embeddable":true,"href":"https:\/\/www.visit-ulcinj.com\/blog\/wp-json\/wp\/v2\/tags?post=103641"}],"curies":[{"name":"wp","href":"https:\/\/api.w.org\/{rel}","templated":true}]}}