{"id":103652,"date":"2017-03-20T10:45:54","date_gmt":"2017-03-20T09:45:54","guid":{"rendered":"http:\/\/www.visit-ulcinj.com\/blog\/?p=103652"},"modified":"2017-03-20T10:45:54","modified_gmt":"2017-03-20T09:45:54","slug":"cungu-u-mipim-2017-u-ulcinj-bi-da-ulazu-francuzi-austrijanci-kinezi","status":"publish","type":"post","link":"https:\/\/www.visit-ulcinj.com\/blog\/2017\/03\/20\/cungu-u-mipim-2017-u-ulcinj-bi-da-ulazu-francuzi-austrijanci-kinezi\/","title":{"rendered":"Cungu u MIPIM 2017: U Ulcinj bi da ula\u017eu Francuzi, Austrijanci i Kinezi"},"content":{"rendered":"<p><strong><a href=\"http:\/\/www.visit-ulcinj.com\/blog\/wp-content\/uploads\/2017\/03\/Montenegro-MIPIM-2017.jpg\"><img loading=\"lazy\" class=\"alignleft wp-image-103653\" src=\"http:\/\/www.visit-ulcinj.com\/blog\/wp-content\/uploads\/2017\/03\/Montenegro-MIPIM-2017.jpg\" alt=\"Montenegro- MIPIM 2017\" width=\"508\" height=\"332\" srcset=\"https:\/\/www.visit-ulcinj.com\/blog\/wp-content\/uploads\/2017\/03\/Montenegro-MIPIM-2017.jpg 640w, https:\/\/www.visit-ulcinj.com\/blog\/wp-content\/uploads\/2017\/03\/Montenegro-MIPIM-2017-300x196.jpg 300w\" sizes=\"(max-width: 508px) 100vw, 508px\" \/><\/a>Op\u0161tina Ulcinj je na sajmu u\u010destvovala u ukviru delegacije Crne Gore predvo\u0111ena Ministarstvom odr\u017eivog razvoja i turizma<\/strong><\/p>\n<p><span class=\"credits__author\"> <strong>Autor: <a href=\"http:\/\/www.vijesti.me\/autori\/samir-adrovic-85\/profil\">Samir Adrovi\u0107<\/a> <\/strong><\/span><\/p>\n<p>Najve\u0107e interesovanje za investiranje u Op\u0161tini Ulcinj u oblasti turizma, na nedavno odr\u017eanom sajmu nekretnina u Kanu u Francuskoj, pokazale su kompnije \u201eAccor Hotels\u201c iz Francuske, \u201eFalkensteiner group\u201c iz Austrije i \u201eWanda\u201c iz NR Kine. Interes da ula\u017eu u Ulcinj pokazale su i jo\u0161 neke kompanije i grupe iz Turske, Arapskih Emirata i drugih evropskih zemalja. To je novinarima nakon povratka iz Francuske saop\u0161tio predsjednik Op\u0161tine Nazif Cungu.<\/p>\n<p>Op\u0161tina Ulcinj je na sajmu u\u010destvovala u ukviru delegacije Crne Gore predvo\u0111ena Ministarstvom odr\u017eivog razvoja i turizma.<\/p>\n<p>Ulcinjska delegacija je na bazi Prostorno Urbanisti\u010dkog Plana pripremila materijal koji je predstavila zainteresovanim licima, agencijama, predstavnicima raznih investicionih grupa i direktorima brojnih turisti\u010dkih lanaca.<\/p>\n<p>2Poseban fokus bio je na mogu\u0107nost valorizacije Velike pla\u017ee, Ade Bojane i Mavrijana. Osim navedenih lokacija, Op\u0161tina Ulcinj ohrabruje i druge vlasnike privatnih zemlji\u0161ta na atraktivnim lokacijama da se prijave ukoliko su zainteresovani da svojinu koju posjeduju valorizuju u partnerstvu sa me\u0111unarodnim partnerima&#8221;, poru\u010dio je Cungu.<\/p>\n<p><strong>Izvor: Vijesti Online<\/strong><\/p>\n","protected":false},"excerpt":{"rendered":"<p>Op\u0161tina Ulcinj je na sajmu u\u010destvovala u ukviru delegacije Crne Gore predvo\u0111ena Ministarstvom odr\u017eivog razvoja i turizma Autor: Samir Adrovi\u0107 Najve\u0107e interesovanje za investiranje u Op\u0161tini Ulcinj u oblasti turizma, na nedavno odr\u017eanom sajmu nekretnina u Kanu u Francuskoj, pokazale su kompnije \u201eAccor Hotels\u201c iz Francuske, \u201eFalkensteiner group\u201c iz Austrije i \u201eWanda\u201c iz NR Kine. [&hellip;]<\/p>\n","protected":false},"author":1,"featured_media":0,"comment_status":"closed","ping_status":"closed","sticky":false,"template":"","format":"standard","meta":{"spay_email":"","jetpack_publicize_message":"","jetpack_is_tweetstorm":false,"jetpack_publicize_feature_enabled":true},"categories":[8337],"tags":[],"jetpack_publicize_connections":[],"yoast_head":"<!-- This site is optimized with the Yoast SEO plugin v19.1 - https:\/\/yoast.com\/wordpress\/plugins\/seo\/ -->\n<title>Cungu u MIPIM 2017: U Ulcinj bi da ula\u017eu Francuzi, Austrijanci i Kinezi - Lajme nga Ulqini<\/title>\n<meta name=\"description\" content=\"Op\u0161tina Ulcinj je na sajmu u\u010destvovala u ukviru delegacije Crne Gore predvo\u0111ena Ministarstvom odr\u017eivog razvoja i turizma Autor: Samir Adrovi\u0107 Najve\u0107e\" \/>\n<meta name=\"robots\" content=\"index, follow, max-snippet:-1, max-image-preview:large, max-video-preview:-1\" \/>\n<link rel=\"canonical\" href=\"https:\/\/www.visit-ulcinj.com\/blog\/2017\/03\/20\/cungu-u-mipim-2017-u-ulcinj-bi-da-ulazu-francuzi-austrijanci-kinezi\/\" \/>\n<meta property=\"og:locale\" content=\"en_US\" \/>\n<meta property=\"og:type\" content=\"article\" \/>\n<meta property=\"og:title\" content=\"Cungu u MIPIM 2017: U Ulcinj bi da ula\u017eu Francuzi, Austrijanci i Kinezi - Lajme nga Ulqini\" \/>\n<meta property=\"og:description\" content=\"Op\u0161tina Ulcinj je na sajmu u\u010destvovala u ukviru delegacije Crne Gore predvo\u0111ena Ministarstvom odr\u017eivog razvoja i turizma Autor: Samir Adrovi\u0107 Najve\u0107e\" \/>\n<meta property=\"og:url\" content=\"https:\/\/www.visit-ulcinj.com\/blog\/2017\/03\/20\/cungu-u-mipim-2017-u-ulcinj-bi-da-ulazu-francuzi-austrijanci-kinezi\/\" \/>\n<meta property=\"og:site_name\" content=\"Lajme nga Ulqini\" \/>\n<meta property=\"article:published_time\" content=\"2017-03-20T09:45:54+00:00\" \/>\n<meta property=\"og:image\" content=\"http:\/\/www.visit-ulcinj.com\/blog\/wp-content\/uploads\/2017\/03\/Montenegro-MIPIM-2017.jpg\" \/>\n<meta name=\"twitter:label1\" content=\"Written by\" \/>\n\t<meta name=\"twitter:data1\" content=\"ulqini\" \/>\n\t<meta name=\"twitter:label2\" content=\"Est. reading time\" \/>\n\t<meta name=\"twitter:data2\" content=\"1 minute\" \/>\n<script type=\"application\/ld+json\" class=\"yoast-schema-graph\">{\"@context\":\"https:\/\/schema.org\",\"@graph\":[{\"@type\":\"WebSite\",\"@id\":\"https:\/\/www.visit-ulcinj.com\/blog\/#website\",\"url\":\"https:\/\/www.visit-ulcinj.com\/blog\/\",\"name\":\"Lajme nga Ulqini\",\"description\":\"Lajme,Vijesti,Ulqini,Ulqin,Crna Gora,Mali i Zi\",\"potentialAction\":[{\"@type\":\"SearchAction\",\"target\":{\"@type\":\"EntryPoint\",\"urlTemplate\":\"https:\/\/www.visit-ulcinj.com\/blog\/?s={search_term_string}\"},\"query-input\":\"required name=search_term_string\"}],\"inLanguage\":\"en-US\"},{\"@type\":\"ImageObject\",\"inLanguage\":\"en-US\",\"@id\":\"https:\/\/www.visit-ulcinj.com\/blog\/2017\/03\/20\/cungu-u-mipim-2017-u-ulcinj-bi-da-ulazu-francuzi-austrijanci-kinezi\/#primaryimage\",\"url\":\"https:\/\/www.visit-ulcinj.com\/blog\/wp-content\/uploads\/2017\/03\/Montenegro-MIPIM-2017.jpg\",\"contentUrl\":\"https:\/\/www.visit-ulcinj.com\/blog\/wp-content\/uploads\/2017\/03\/Montenegro-MIPIM-2017.jpg\",\"width\":640,\"height\":418},{\"@type\":\"WebPage\",\"@id\":\"https:\/\/www.visit-ulcinj.com\/blog\/2017\/03\/20\/cungu-u-mipim-2017-u-ulcinj-bi-da-ulazu-francuzi-austrijanci-kinezi\/#webpage\",\"url\":\"https:\/\/www.visit-ulcinj.com\/blog\/2017\/03\/20\/cungu-u-mipim-2017-u-ulcinj-bi-da-ulazu-francuzi-austrijanci-kinezi\/\",\"name\":\"Cungu u MIPIM 2017: U Ulcinj bi da ula\u017eu Francuzi, Austrijanci i Kinezi - Lajme nga Ulqini\",\"isPartOf\":{\"@id\":\"https:\/\/www.visit-ulcinj.com\/blog\/#website\"},\"primaryImageOfPage\":{\"@id\":\"https:\/\/www.visit-ulcinj.com\/blog\/2017\/03\/20\/cungu-u-mipim-2017-u-ulcinj-bi-da-ulazu-francuzi-austrijanci-kinezi\/#primaryimage\"},\"datePublished\":\"2017-03-20T09:45:54+00:00\",\"dateModified\":\"2017-03-20T09:45:54+00:00\",\"author\":{\"@id\":\"https:\/\/www.visit-ulcinj.com\/blog\/#\/schema\/person\/dcab619c614d3038751c63bc2aadc06d\"},\"description\":\"Op\u0161tina Ulcinj je na sajmu u\u010destvovala u ukviru delegacije Crne Gore predvo\u0111ena Ministarstvom odr\u017eivog razvoja i turizma Autor: Samir Adrovi\u0107 Najve\u0107e\",\"breadcrumb\":{\"@id\":\"https:\/\/www.visit-ulcinj.com\/blog\/2017\/03\/20\/cungu-u-mipim-2017-u-ulcinj-bi-da-ulazu-francuzi-austrijanci-kinezi\/#breadcrumb\"},\"inLanguage\":\"en-US\",\"potentialAction\":[{\"@type\":\"ReadAction\",\"target\":[\"https:\/\/www.visit-ulcinj.com\/blog\/2017\/03\/20\/cungu-u-mipim-2017-u-ulcinj-bi-da-ulazu-francuzi-austrijanci-kinezi\/\"]}]},{\"@type\":\"BreadcrumbList\",\"@id\":\"https:\/\/www.visit-ulcinj.com\/blog\/2017\/03\/20\/cungu-u-mipim-2017-u-ulcinj-bi-da-ulazu-francuzi-austrijanci-kinezi\/#breadcrumb\",\"itemListElement\":[{\"@type\":\"ListItem\",\"position\":1,\"name\":\"Cungu u MIPIM 2017: U Ulcinj bi da ula\u017eu Francuzi, Austrijanci i Kinezi\"}]},{\"@type\":\"Person\",\"@id\":\"https:\/\/www.visit-ulcinj.com\/blog\/#\/schema\/person\/dcab619c614d3038751c63bc2aadc06d\",\"name\":\"ulqini\",\"sameAs\":[\"http:\/\/www.visit-ulcinj.com\"],\"url\":\"https:\/\/www.visit-ulcinj.com\/blog\/author\/admin\/\"}]}<\/script>\n<!-- \/ Yoast SEO plugin. -->","yoast_head_json":{"title":"Cungu u MIPIM 2017: U Ulcinj bi da ula\u017eu Francuzi, Austrijanci i Kinezi - Lajme nga Ulqini","description":"Op\u0161tina Ulcinj je na sajmu u\u010destvovala u ukviru delegacije Crne Gore predvo\u0111ena Ministarstvom odr\u017eivog razvoja i turizma Autor: Samir Adrovi\u0107 Najve\u0107e","robots":{"index":"index","follow":"follow","max-snippet":"max-snippet:-1","max-image-preview":"max-image-preview:large","max-video-preview":"max-video-preview:-1"},"canonical":"https:\/\/www.visit-ulcinj.com\/blog\/2017\/03\/20\/cungu-u-mipim-2017-u-ulcinj-bi-da-ulazu-francuzi-austrijanci-kinezi\/","og_locale":"en_US","og_type":"article","og_title":"Cungu u MIPIM 2017: U Ulcinj bi da ula\u017eu Francuzi, Austrijanci i Kinezi - Lajme nga Ulqini","og_description":"Op\u0161tina Ulcinj je na sajmu u\u010destvovala u ukviru delegacije Crne Gore predvo\u0111ena Ministarstvom odr\u017eivog razvoja i turizma Autor: Samir Adrovi\u0107 Najve\u0107e","og_url":"https:\/\/www.visit-ulcinj.com\/blog\/2017\/03\/20\/cungu-u-mipim-2017-u-ulcinj-bi-da-ulazu-francuzi-austrijanci-kinezi\/","og_site_name":"Lajme nga Ulqini","article_published_time":"2017-03-20T09:45:54+00:00","og_image":[{"url":"http:\/\/www.visit-ulcinj.com\/blog\/wp-content\/uploads\/2017\/03\/Montenegro-MIPIM-2017.jpg"}],"twitter_misc":{"Written by":"ulqini","Est. reading time":"1 minute"},"schema":{"@context":"https:\/\/schema.org","@graph":[{"@type":"WebSite","@id":"https:\/\/www.visit-ulcinj.com\/blog\/#website","url":"https:\/\/www.visit-ulcinj.com\/blog\/","name":"Lajme nga Ulqini","description":"Lajme,Vijesti,Ulqini,Ulqin,Crna Gora,Mali i Zi","potentialAction":[{"@type":"SearchAction","target":{"@type":"EntryPoint","urlTemplate":"https:\/\/www.visit-ulcinj.com\/blog\/?s={search_term_string}"},"query-input":"required name=search_term_string"}],"inLanguage":"en-US"},{"@type":"ImageObject","inLanguage":"en-US","@id":"https:\/\/www.visit-ulcinj.com\/blog\/2017\/03\/20\/cungu-u-mipim-2017-u-ulcinj-bi-da-ulazu-francuzi-austrijanci-kinezi\/#primaryimage","url":"https:\/\/www.visit-ulcinj.com\/blog\/wp-content\/uploads\/2017\/03\/Montenegro-MIPIM-2017.jpg","contentUrl":"https:\/\/www.visit-ulcinj.com\/blog\/wp-content\/uploads\/2017\/03\/Montenegro-MIPIM-2017.jpg","width":640,"height":418},{"@type":"WebPage","@id":"https:\/\/www.visit-ulcinj.com\/blog\/2017\/03\/20\/cungu-u-mipim-2017-u-ulcinj-bi-da-ulazu-francuzi-austrijanci-kinezi\/#webpage","url":"https:\/\/www.visit-ulcinj.com\/blog\/2017\/03\/20\/cungu-u-mipim-2017-u-ulcinj-bi-da-ulazu-francuzi-austrijanci-kinezi\/","name":"Cungu u MIPIM 2017: U Ulcinj bi da ula\u017eu Francuzi, Austrijanci i Kinezi - Lajme nga Ulqini","isPartOf":{"@id":"https:\/\/www.visit-ulcinj.com\/blog\/#website"},"primaryImageOfPage":{"@id":"https:\/\/www.visit-ulcinj.com\/blog\/2017\/03\/20\/cungu-u-mipim-2017-u-ulcinj-bi-da-ulazu-francuzi-austrijanci-kinezi\/#primaryimage"},"datePublished":"2017-03-20T09:45:54+00:00","dateModified":"2017-03-20T09:45:54+00:00","author":{"@id":"https:\/\/www.visit-ulcinj.com\/blog\/#\/schema\/person\/dcab619c614d3038751c63bc2aadc06d"},"description":"Op\u0161tina Ulcinj je na sajmu u\u010destvovala u ukviru delegacije Crne Gore predvo\u0111ena Ministarstvom odr\u017eivog razvoja i turizma Autor: Samir Adrovi\u0107 Najve\u0107e","breadcrumb":{"@id":"https:\/\/www.visit-ulcinj.com\/blog\/2017\/03\/20\/cungu-u-mipim-2017-u-ulcinj-bi-da-ulazu-francuzi-austrijanci-kinezi\/#breadcrumb"},"inLanguage":"en-US","potentialAction":[{"@type":"ReadAction","target":["https:\/\/www.visit-ulcinj.com\/blog\/2017\/03\/20\/cungu-u-mipim-2017-u-ulcinj-bi-da-ulazu-francuzi-austrijanci-kinezi\/"]}]},{"@type":"BreadcrumbList","@id":"https:\/\/www.visit-ulcinj.com\/blog\/2017\/03\/20\/cungu-u-mipim-2017-u-ulcinj-bi-da-ulazu-francuzi-austrijanci-kinezi\/#breadcrumb","itemListElement":[{"@type":"ListItem","position":1,"name":"Cungu u MIPIM 2017: U Ulcinj bi da ula\u017eu Francuzi, Austrijanci i Kinezi"}]},{"@type":"Person","@id":"https:\/\/www.visit-ulcinj.com\/blog\/#\/schema\/person\/dcab619c614d3038751c63bc2aadc06d","name":"ulqini","sameAs":["http:\/\/www.visit-ulcinj.com"],"url":"https:\/\/www.visit-ulcinj.com\/blog\/author\/admin\/"}]}},"jetpack_featured_media_url":"","jetpack_sharing_enabled":true,"jetpack_shortlink":"https:\/\/wp.me\/pe6lTn-qXO","_links":{"self":[{"href":"https:\/\/www.visit-ulcinj.com\/blog\/wp-json\/wp\/v2\/posts\/103652"}],"collection":[{"href":"https:\/\/www.visit-ulcinj.com\/blog\/wp-json\/wp\/v2\/posts"}],"about":[{"href":"https:\/\/www.visit-ulcinj.com\/blog\/wp-json\/wp\/v2\/types\/post"}],"author":[{"embeddable":true,"href":"https:\/\/www.visit-ulcinj.com\/blog\/wp-json\/wp\/v2\/users\/1"}],"replies":[{"embeddable":true,"href":"https:\/\/www.visit-ulcinj.com\/blog\/wp-json\/wp\/v2\/comments?post=103652"}],"version-history":[{"count":1,"href":"https:\/\/www.visit-ulcinj.com\/blog\/wp-json\/wp\/v2\/posts\/103652\/revisions"}],"predecessor-version":[{"id":103654,"href":"https:\/\/www.visit-ulcinj.com\/blog\/wp-json\/wp\/v2\/posts\/103652\/revisions\/103654"}],"wp:attachment":[{"href":"https:\/\/www.visit-ulcinj.com\/blog\/wp-json\/wp\/v2\/media?parent=103652"}],"wp:term":[{"taxonomy":"category","embeddable":true,"href":"https:\/\/www.visit-ulcinj.com\/blog\/wp-json\/wp\/v2\/categories?post=103652"},{"taxonomy":"post_tag","embeddable":true,"href":"https:\/\/www.visit-ulcinj.com\/blog\/wp-json\/wp\/v2\/tags?post=103652"}],"curies":[{"name":"wp","href":"https:\/\/api.w.org\/{rel}","templated":true}]}}