{"id":103655,"date":"2017-03-20T11:06:02","date_gmt":"2017-03-20T10:06:02","guid":{"rendered":"http:\/\/www.visit-ulcinj.com\/blog\/?p=103655"},"modified":"2017-03-20T11:06:02","modified_gmt":"2017-03-20T10:06:02","slug":"nika-shasi-dhe-ulqini-nje-histori-ndryshe","status":"publish","type":"post","link":"https:\/\/www.visit-ulcinj.com\/blog\/2017\/03\/20\/nika-shasi-dhe-ulqini-nje-histori-ndryshe\/","title":{"rendered":"Nika: Shasi dhe Ulqini nj\u00eb histori ndryshe"},"content":{"rendered":"<p><strong><em>\u00a0<a href=\"http:\/\/www.visit-ulcinj.com\/blog\/wp-content\/uploads\/2017\/03\/Ancient-Lost-city-of-Shas-Sas-Svac-Ulcinj-Montenegro.jpg\"><img loading=\"lazy\" class=\"alignleft wp-image-103656\" src=\"http:\/\/www.visit-ulcinj.com\/blog\/wp-content\/uploads\/2017\/03\/Ancient-Lost-city-of-Shas-Sas-Svac-Ulcinj-Montenegro.jpg\" alt=\"Ancient-Lost-city-of-Shas-Sas-Svac-Ulcinj-Montenegro\" width=\"508\" height=\"262\" srcset=\"https:\/\/www.visit-ulcinj.com\/blog\/wp-content\/uploads\/2017\/03\/Ancient-Lost-city-of-Shas-Sas-Svac-Ulcinj-Montenegro.jpg 720w, https:\/\/www.visit-ulcinj.com\/blog\/wp-content\/uploads\/2017\/03\/Ancient-Lost-city-of-Shas-Sas-Svac-Ulcinj-Montenegro-300x155.jpg 300w\" sizes=\"(max-width: 508px) 100vw, 508px\" \/><\/a>Shkruan Muhamet Nika<\/em><\/strong><\/p>\n<p><strong><em>Zanafilla para ilire\u00a0 e qyteteve Shas dhe Ulqin<\/em><\/strong><\/p>\n<p>K\u00ebta si qytetet\u00a0\u00a0 duhet t\u00eb jen\u00eb\u00a0 formuar\u00a0\u00a0 mbase fillimisht\u00a0 nga qendrat tregtare Tulat e dikurshme\u00a0 t\u00eb kultur\u00ebs para ilire \u2013 e\u00a0 t\u00eb cilat hasen kudo n\u00eb Evrop\u00eb,\u00a0 pastaj n\u00eb pjes\u00eb t\u00eb ndryshme t\u00eb Afrik\u00ebs dhe Azis\u00eb. Mendojm\u00eb n\u00eb koh\u00ebn e\u00a0 fuqizimit t\u00eb bujq\u00ebsis\u00eb pem\u00ebtaris\u00eb si dhe\u00a0 t\u00eb shpikjes\u00a0 s\u00eb\u00a0 tregtis\u00eb , si :t\u00eb m\u00ebndafshit kinez,\u00a0 er\u00ebzave(parfumeve) arabike , krip\u00ebs ver\u00ebs etj. D\u00ebshmohet\u00a0 se\u00a0 rrug\u00eb\u00a0 t\u00eb k\u00ebtilla tregtare kalonin gjithandej\u00a0 n\u00ebp\u00ebr dy qendrat e p\u00ebrmendura- ilire , Shas dhe Ulqin duke shkuar edhe p\u00ebrtej detit&#8230;?!!Mij\u00ebvje\u00e7ari i 3 \u2013t\u00eb\u00a0 para Er\u00ebs Son\u00eb:<\/p>\n<p>Po duket se duke ndjekur rrug\u00ebt kryesore tregtare euroaziatike dhe afrikane q\u00eb kalonin n\u00ebp\u00ebr k\u00ebto treva\u00a0\u00a0\u00a0\u00a0 ndodhi fillimisht\u00a0 edhe\u00a0 magazinimi i\u00a0\u00a0 mallrave &#8211; Filloi\u00a0 pastaj edhe\u00a0 shk\u00ebmbimi i tij , n\u00eb fillim\u00a0 dihet\u00a0\u00a0 mall\u00a0\u00a0 p\u00ebr mall\u00eb\u00a0 duke\u00a0 nxitur\u00a0 k\u00ebshtu gjithsesi\u00a0 nj\u00eb trafik t\u00eb madh mallrash n\u00eb qendra t\u00eb caktuara t\u00eb cilat fillojn\u00eb e\u00a0 njihen si\u00a0 qytezat Tula n\u00eb histori- Trafik i mallrave.<\/p>\n<p><strong><em>Kush jan\u00eb\u00a0 ret\u00ebt , dasaret\u00ebt\u00a0 dhe sasaret\u00ebt- Shasaret\u00ebt (Shasi)?!<\/em><\/strong><\/p>\n<p>Kujtojm\u00eb k\u00ebshtu se nj\u00eb popullsi e cila d\u00ebshmohet t\u00eb ket\u00eb ardhur n\u00eb trupin e iliris\u00eb ishte edhe ajo\u00a0 e popullsis\u00eb nordike q\u00eb arriti t\u00eb dep\u00ebrtoj\u00eb deri k\u00ebtu e duke kaluar edhe detin n\u00eb mesin e popull\u00ebsus\u00eb alboilire, kuptohet \u00a0me forc\u00ebn \u00a0e kuajve dhe t\u00eb mburojave para 3 mij\u00eb vjeteve , por \u00a0duke mos e shp\u00ebrb\u00ebr\u00eb ilirin\u00eb\u00a0\u00a0 shohim q\u00eb\u00a0 seret\u00ebt, ku hynin: Ret\u00ebt, dasaret\u00ebt dhe dasaret\u00ebt ia beh\u00ebn n\u00eb Shas dhe Ulqin.<\/p>\n<p>K\u00ebto t\u00eb fundit si duket i dhan\u00eb edhe emrin Shasit(shasaret\u00ebt)- Sasaret\u00ebt\u00a0 .\u00a0 Po duket \u00a0edhe k\u00ebto ishin ret\u00eb q\u00eb kishin shum\u00eb shije dhe vullnet p\u00ebr jet\u00eb\u00a0 (Enezo Gati- Ilir\u00ebt,- botoi Bargjini \u2013 2005 f.. 138).<\/p>\n<p>E nga ret\u00ebt- njer\u00ebz\u00a0 dhe sundues t\u00eb drejt\u00eb , po duket \u00a0q\u00eb edhe sot trash\u00ebguam fjal\u00ebn Rreth\u00a0 , si nj\u00ebsi administrative \u2013\u00a0 pohon Gati .<\/p>\n<p>Kurse\u00a0 dasaret\u00ebt\u00a0\u00a0 del t\u00eb ishin \u00a0popullsi t\u00eb dashur e t\u00eb drejt\u00eb e shum\u00eb t\u00eb lezetsh\u00ebm .<\/p>\n<p>Nga ret\u00ebt mbase \u00a0kemi edhe emrin rex- prijs\u00eb i drejt\u00eb\u00a0 dhe kuptohet,\u00a0 kuptimin e dyt\u00eb t\u00eb fjal\u00ebs \u00a0<strong>roje<\/strong>.<\/p>\n<p>K\u00ebta \u00a0si popullsi e ardhur nga veriu -fillimisht n\u00eb tulat e p\u00ebrmendura \u00a0gjithandej , vun\u00eb ca mure p\u00ebr t\u00eb ruajtur mallin e arritur n\u00eb destinacion\u00a0 dhe n\u00eb mes t\u00eb godin\u00ebs kishin nj\u00eb ark\u00eb , ku t\u00eb pakt\u00ebn n\u00eb Tul\u00eb\u00a0 , ruhej Malli gjat\u00eb nat\u00ebs.<\/p>\n<p>Nj\u00eb\u00a0 Tul\u00eb e till\u00eb , p\u00ebrve\u00e7 Shasit,\u00a0 q\u00eb kish zanafill\u00eb edhe m\u00eb t\u00eb lasht\u00eb \u2013 si objekt kulti Ilir- ngjash\u00ebm si Dodona, sipas neve \u00a0duhet t\u00eb ishte edhe porti i Ulqinit sepse aty\u00a0 p\u00ebrqendroheshin t\u00eb gjitha rrug\u00ebt q\u00eb l\u00ebshoheshin nga pjesa\u00a0 kontinentale\u00a0 malore n\u00eb det. Ndoshta emri i qytetit edhe sot fsheh dhe\u00a0\u00a0 ruan rr\u00ebnj\u00ebn Tul\u00eb.<\/p>\n<p>Kujto ngjash\u00eb \u00a0del e\u00a0 formuar\u00a0 nga rr\u00ebnja Tul\u00eb edhe \u00a0qytetit Tuzlla-\u00a0 e cila quhej \u00a0Tul\u00e7e&#8230;?!<\/p>\n<p>At\u00ebher\u00eb pse \u00a0t\u00eb mos pranojm\u00eb\u00a0 q\u00eb n\u00eb k\u00ebt\u00eb rast\u00a0 \u00a0jemi af\u00ebr zb\u00ebrthimit t\u00eb vet\u00eb etimologjis\u00eb s\u00eb emrit t\u00eb qytetit kur edhe emri i qytetit t\u00eb Ulqinit na del si Dulcinium- Dul\u00e7e( Dul\u00e7inea)- q\u00eb disa e ngat\u00ebrrojn\u00eb me Dul\u00e7inean- sheqeren \u00a0lat. dhe \u00a0e martojn\u00eb me Servantesin- Servetin&#8230;.?!<\/p>\n<p><strong><em>\u00a0<\/em><\/strong><\/p>\n<p><strong>\u00c7far\u00eb \u00a0ishte besimi ilir?!<\/strong><\/p>\n<p>Hetojm\u00eb se shum\u00eb kush \u00a0nga mos informimi p\u00ebr kultur\u00ebn e\u00a0 besimit ilir ku hyn\u00a0 Shasi\u00a0 dhe Ulqini , kurr\u00ebdoher\u00eb\u00a0 kur nisin g\u00ebrmimet arkeologjike\u00a0 n\u00eb topog\u00ebrmadhat ilire t\u00eb k\u00ebsaj\u00a0 gjeografie\u00a0 \u2013 pra edhe n\u00eb vet <strong><em>Shasin Antik dhe arkaik, mendon dhe shpreson q\u00eb atij,n\u00ebn muret e kishave ekzistuese t\u00eb shpallen rr\u00ebnoja<\/em><\/strong>\u00a0 madheshtore ilire t\u00eb tipit t\u00eb faltoreve kristiane \u2013 qelive\u00a0 ku rrijn\u00eb t\u00eb ngujuara per\u00ebndi e per\u00ebndesha ose harbojn\u00eb nj\u00ebri me tjetrin n\u00eb orgji kolektive skutave t\u00eb\u00a0 tempullit t\u00eb humbur\u00a0 si n\u00eb kulturat\u00a0 tjera dhe\u00a0 harrojn\u00eb se k\u00ebso gj\u00ebrash nuk hasim as n\u00eb Dodon\u00ebn Iliri.<\/p>\n<p>E gjith\u00eb kjo ndodh\u00eb sepse\u00a0 shpesh ngjat q\u00eb\u00a0 ne nuk e kemi t\u00eb qart\u00eb konceptin ilir t\u00eb fes\u00eb s\u00eb tyre\u00a0 t\u00eb par\u00eb pagane\u00a0\u00a0 q\u00eb\u00a0 v\u00ebrtetohet se\u00a0 \u00ebsht\u00eb nj\u00eb me natyr\u00eb- monoteiste\u00a0 dhe aspak e thjesht\u00eb si\u00e7 pretendonte Aleksand\u00ebr Stip\u00ebeviq-<\/p>\n<p>Te popullsia pellazgo ilire ku hyjn\u00eb shqiptar\u00ebt e deri te shfaqja e popullsis\u00eb albo ilire p\u00ebr gjat\u00eb gjith\u00eb historis\u00eb ekzistonte\u00a0 nd\u00ebr ta nj\u00eb Zot &#8211; Kronosi-( Koha)?! Kurse\u00a0 sipas besimit ilir Zoti del t\u00eb ishte i p\u00ebrmasave t\u00eb pa paramenduara dhe\u00a0 si i till\u00eb mund\u00ebsh t\u2019i lutesh kudo n\u00eb natyr\u00eb . Ai nuk mund t\u00eb rrij\u00eb n\u00eb nj\u00eb faltore sepse \u00ebsht\u00eb Ala (cit. Enezo\u00a0 Gati- Ilr\u00ebt- Bargjani \u2013 Tiran\u00eb 2005) duke pasur\u00a0 kuptimin \u201c me krah\u00eb qiellor\u201d \u2013 Andaj qielli \u00ebsht\u00eb tep\u00ebr i madh p\u00ebr t\u00eb krahasuar krah\u00ebt e dikujt\u00a0 me te ?!!<\/p>\n<p>Nd\u00ebrsa\u00a0 n\u00eb\u00a0 gjuh\u00ebt simite \u2013 me t\u00eb cilat ka afri shqipja , ky Zot njihet edhe si El, por ka edhe emra tjer\u00eb , si psh RA, Rabi- na(Zoti yn\u00eb, arab.).<\/p>\n<p>Ky Rabi-na , te popullsia Albo ilire(pra edhe n\u00eb An\u00eb t\u00eb Malit) del si Ru-na ( na ruaj..). K\u00ebshtu\u00a0 quhej sipas Gatit, edhe nj\u00ebri nga gur\u00ebt e varrit i cili\u00a0 edhe sot praktikohet\u00a0 te shqiptar\u00ebt \u2013 Shas dhe Ulqin. E\u00a0 guri i dyt\u00eb\u00a0 i varrit quhej Rro-na, pra n\u00eb kuptimin\u00a0 q\u00eb vdekja \u00ebsht\u00eb\u00a0 dor\u00ebzim i t\u00eb vdekurit n\u00eb varr\u00a0 dhe sikur thot\u00a0 se me vdekje jeta vazhdon deri\u00a0 n\u00eb p\u00ebrjet\u00ebsi ( n\u00eb kuptimin pasi RRONA\u00a0 zot\u00a0 RUNA&#8230;.?!!<\/p>\n<p>&nbsp;<\/p>\n<p><strong><em>Kush \u00ebsht\u00eb\u00a0 RRIZANA \u2013 Pse n\u00eb Shas nuk b\u00ebn\u00eb t\u00eb\u00a0 hulumtohet n\u00eb m\u00ebnyr\u00eb t\u00eb eg\u00ebr edhe me buldozer ?!!<\/em><\/strong><\/p>\n<p>&nbsp;<\/p>\n<p>Sipas k\u00ebtij besimi\u00a0 t\u00eb thjesht\u00eb , por burimor ilir, shohim q\u00eb\u00a0 Zeusi si Zot ilir nuk lindi diku\u00a0 n\u00eb\u00a0 nj\u00eb pallat&#8230;., por n\u00eb nj\u00eb shpell\u00eb\u00a0 mali , diku n\u00eb mesin e Zanave\u00a0 t\u00eb\u00a0 motrat dhe v\u00ebllez\u00ebrit\u00a0 e vet e t\u00eb cilat bashk\u00eb me n\u00ebn\u00ebn e vet\u00a0 Af\u00ebrdit\u00ebn kishin mision ta\u00a0 mbronin nga babai i vet p\u00ebr t\u00eb mos e vrar\u00eb p\u00ebr pun\u00eb Karrige-Froni&#8230;?!!<\/p>\n<p>P\u00ebr kuriozitet\u00a0 duhet shtuar se n\u00eb k\u00ebt\u00eb besim edhe hyjnesha N\u00ebn\u00eb\u00a0 e Madhe( q\u00eb \u00ebsht\u00eb nj\u00eb Ev\u00eb- Hava) del t\u00eb ishte\u00a0 nj\u00eb Zan\u00eb\u00a0 Mali .<\/p>\n<p>Nga kjo po duket vjen edhe emri i Shasit \u2013an\u00ebs s\u00eb Malit icili n\u00eb hartat venedikase\u00a0 njihet edhe si RRIZAN\u00cb<\/p>\n<p>N\u00eb mitin shqiptar\u00a0 shohim q\u00eb jan\u00eb heronjt\u00eb(fatosat) ata\u00a0 t\u00eb\u00a0 cil\u00ebt kan\u00eb lindur nga dashurit\u00eb e atyre nga qielli ( si p.sh-ilir\u00ebt\u00a0 q\u00eb besonin p\u00ebr veten se kan\u00eb\u00a0 r\u00ebn\u00eb n\u00eb tok\u00eb nga ylli Skiro) dhe kuptohet q\u00eb ishin martuar me femra t\u00eb bukura\u00a0 vdektare .<\/p>\n<p>Kjo \u00ebsht\u00eb e gjitha dhe ata nuk ishin trash\u00ebgimtar\u00eb t\u00eb\u00a0 barbarve e pagan\u00ebve dhe historia e tyre n\u00eb Shas nuk shkon vet\u00ebm deri n\u00eb shekullin VI q\u00eb kan\u00eb qejf\u00a0\u00a0 skllavet.<\/p>\n<p>E n\u00ebse \u00ebsht\u00eb k\u00ebshtu , \u00e7far\u00eb funksioni\u00a0 ka tashti nj\u00eb alltar (vend flijimi)\u00a0 shum\u00eb\u00a0 i sofistikuar me mure dhe pirgje q\u00eb disa presin tu zbulohet n\u00eb Shas&#8230;.?!<\/p>\n<p>Jo alltari ( q\u00eb n\u00eb vete fsheh fjal\u00ebn all&#8230;) te ilir\u00ebt del t\u00eb jet\u00eb shum\u00eb i thjesht\u00eb, &#8211; b\u00ebn\u00eb edhe nj\u00eb mur apo gardh Shestani &#8211; buz\u00eb nj\u00eb druaje \u2013 lisi shum\u00eb vje\u00e7ar , n\u00ebn t\u00eb cilin , p\u00ebr N\u00ebn\u00ebn e Madhe ( Ev\u00ebn)q\u00eb lind\u00eb shum\u00eb f\u00ebmij\u00eb t\u00eb pritet nj\u00eb dem i bardh\u00eb q\u00eb ajo t\u00eb jet\u00eb e k\u00ebnaqur e t\u00eb mos marr\u00eb\u00a0 m\u00ebri.<\/p>\n<p>&nbsp;<\/p>\n","protected":false},"excerpt":{"rendered":"<p>\u00a0Shkruan Muhamet Nika Zanafilla para ilire\u00a0 e qyteteve Shas dhe Ulqin K\u00ebta si qytetet\u00a0\u00a0 duhet t\u00eb jen\u00eb\u00a0 formuar\u00a0\u00a0 mbase fillimisht\u00a0 nga qendrat tregtare Tulat e dikurshme\u00a0 t\u00eb kultur\u00ebs para ilire \u2013 e\u00a0 t\u00eb cilat hasen kudo n\u00eb Evrop\u00eb,\u00a0 pastaj n\u00eb pjes\u00eb t\u00eb ndryshme t\u00eb Afrik\u00ebs dhe Azis\u00eb. Mendojm\u00eb n\u00eb koh\u00ebn e\u00a0 fuqizimit t\u00eb bujq\u00ebsis\u00eb pem\u00ebtaris\u00eb [&hellip;]<\/p>\n","protected":false},"author":1,"featured_media":0,"comment_status":"closed","ping_status":"closed","sticky":false,"template":"","format":"standard","meta":{"spay_email":"","jetpack_publicize_message":"","jetpack_is_tweetstorm":false,"jetpack_publicize_feature_enabled":true},"categories":[14249],"tags":[],"jetpack_publicize_connections":[],"yoast_head":"<!-- This site is optimized with the Yoast SEO plugin v19.1 - https:\/\/yoast.com\/wordpress\/plugins\/seo\/ -->\n<title>Nika: Shasi dhe Ulqini nj\u00eb histori ndryshe - Lajme nga Ulqini<\/title>\n<meta name=\"description\" content=\"\u00a0Shkruan Muhamet Nika Zanafilla para ilire\u00a0 e qyteteve Shas dhe Ulqin K\u00ebta si qytetet\u00a0\u00a0 duhet t\u00eb jen\u00eb\u00a0 formuar\u00a0\u00a0 mbase fillimisht\u00a0 nga qendrat tregtare\" \/>\n<meta name=\"robots\" content=\"index, follow, max-snippet:-1, max-image-preview:large, max-video-preview:-1\" \/>\n<link rel=\"canonical\" href=\"https:\/\/www.visit-ulcinj.com\/blog\/2017\/03\/20\/nika-shasi-dhe-ulqini-nje-histori-ndryshe\/\" \/>\n<meta property=\"og:locale\" content=\"en_US\" \/>\n<meta property=\"og:type\" content=\"article\" \/>\n<meta property=\"og:title\" content=\"Nika: Shasi dhe Ulqini nj\u00eb histori ndryshe - Lajme nga Ulqini\" \/>\n<meta property=\"og:description\" content=\"\u00a0Shkruan Muhamet Nika Zanafilla para ilire\u00a0 e qyteteve Shas dhe Ulqin K\u00ebta si qytetet\u00a0\u00a0 duhet t\u00eb jen\u00eb\u00a0 formuar\u00a0\u00a0 mbase fillimisht\u00a0 nga qendrat tregtare\" \/>\n<meta property=\"og:url\" content=\"https:\/\/www.visit-ulcinj.com\/blog\/2017\/03\/20\/nika-shasi-dhe-ulqini-nje-histori-ndryshe\/\" \/>\n<meta property=\"og:site_name\" content=\"Lajme nga Ulqini\" \/>\n<meta property=\"article:published_time\" content=\"2017-03-20T10:06:02+00:00\" \/>\n<meta property=\"og:image\" content=\"http:\/\/www.visit-ulcinj.com\/blog\/wp-content\/uploads\/2017\/03\/Ancient-Lost-city-of-Shas-Sas-Svac-Ulcinj-Montenegro.jpg\" \/>\n<meta name=\"twitter:label1\" content=\"Written by\" \/>\n\t<meta name=\"twitter:data1\" content=\"ulqini\" \/>\n\t<meta name=\"twitter:label2\" content=\"Est. reading time\" \/>\n\t<meta name=\"twitter:data2\" content=\"6 minutes\" \/>\n<script type=\"application\/ld+json\" class=\"yoast-schema-graph\">{\"@context\":\"https:\/\/schema.org\",\"@graph\":[{\"@type\":\"WebSite\",\"@id\":\"https:\/\/www.visit-ulcinj.com\/blog\/#website\",\"url\":\"https:\/\/www.visit-ulcinj.com\/blog\/\",\"name\":\"Lajme nga Ulqini\",\"description\":\"Lajme,Vijesti,Ulqini,Ulqin,Crna Gora,Mali i Zi\",\"potentialAction\":[{\"@type\":\"SearchAction\",\"target\":{\"@type\":\"EntryPoint\",\"urlTemplate\":\"https:\/\/www.visit-ulcinj.com\/blog\/?s={search_term_string}\"},\"query-input\":\"required name=search_term_string\"}],\"inLanguage\":\"en-US\"},{\"@type\":\"ImageObject\",\"inLanguage\":\"en-US\",\"@id\":\"https:\/\/www.visit-ulcinj.com\/blog\/2017\/03\/20\/nika-shasi-dhe-ulqini-nje-histori-ndryshe\/#primaryimage\",\"url\":\"https:\/\/www.visit-ulcinj.com\/blog\/wp-content\/uploads\/2017\/03\/Ancient-Lost-city-of-Shas-Sas-Svac-Ulcinj-Montenegro.jpg\",\"contentUrl\":\"https:\/\/www.visit-ulcinj.com\/blog\/wp-content\/uploads\/2017\/03\/Ancient-Lost-city-of-Shas-Sas-Svac-Ulcinj-Montenegro.jpg\",\"width\":720,\"height\":372},{\"@type\":\"WebPage\",\"@id\":\"https:\/\/www.visit-ulcinj.com\/blog\/2017\/03\/20\/nika-shasi-dhe-ulqini-nje-histori-ndryshe\/#webpage\",\"url\":\"https:\/\/www.visit-ulcinj.com\/blog\/2017\/03\/20\/nika-shasi-dhe-ulqini-nje-histori-ndryshe\/\",\"name\":\"Nika: Shasi dhe Ulqini nj\u00eb histori ndryshe - Lajme nga Ulqini\",\"isPartOf\":{\"@id\":\"https:\/\/www.visit-ulcinj.com\/blog\/#website\"},\"primaryImageOfPage\":{\"@id\":\"https:\/\/www.visit-ulcinj.com\/blog\/2017\/03\/20\/nika-shasi-dhe-ulqini-nje-histori-ndryshe\/#primaryimage\"},\"datePublished\":\"2017-03-20T10:06:02+00:00\",\"dateModified\":\"2017-03-20T10:06:02+00:00\",\"author\":{\"@id\":\"https:\/\/www.visit-ulcinj.com\/blog\/#\/schema\/person\/dcab619c614d3038751c63bc2aadc06d\"},\"description\":\"\u00a0Shkruan Muhamet Nika Zanafilla para ilire\u00a0 e qyteteve Shas dhe Ulqin K\u00ebta si qytetet\u00a0\u00a0 duhet t\u00eb jen\u00eb\u00a0 formuar\u00a0\u00a0 mbase fillimisht\u00a0 nga qendrat tregtare\",\"breadcrumb\":{\"@id\":\"https:\/\/www.visit-ulcinj.com\/blog\/2017\/03\/20\/nika-shasi-dhe-ulqini-nje-histori-ndryshe\/#breadcrumb\"},\"inLanguage\":\"en-US\",\"potentialAction\":[{\"@type\":\"ReadAction\",\"target\":[\"https:\/\/www.visit-ulcinj.com\/blog\/2017\/03\/20\/nika-shasi-dhe-ulqini-nje-histori-ndryshe\/\"]}]},{\"@type\":\"BreadcrumbList\",\"@id\":\"https:\/\/www.visit-ulcinj.com\/blog\/2017\/03\/20\/nika-shasi-dhe-ulqini-nje-histori-ndryshe\/#breadcrumb\",\"itemListElement\":[{\"@type\":\"ListItem\",\"position\":1,\"name\":\"Nika: Shasi dhe Ulqini nj\u00eb histori ndryshe\"}]},{\"@type\":\"Person\",\"@id\":\"https:\/\/www.visit-ulcinj.com\/blog\/#\/schema\/person\/dcab619c614d3038751c63bc2aadc06d\",\"name\":\"ulqini\",\"sameAs\":[\"http:\/\/www.visit-ulcinj.com\"],\"url\":\"https:\/\/www.visit-ulcinj.com\/blog\/author\/admin\/\"}]}<\/script>\n<!-- \/ Yoast SEO plugin. -->","yoast_head_json":{"title":"Nika: Shasi dhe Ulqini nj\u00eb histori ndryshe - Lajme nga Ulqini","description":"\u00a0Shkruan Muhamet Nika Zanafilla para ilire\u00a0 e qyteteve Shas dhe Ulqin K\u00ebta si qytetet\u00a0\u00a0 duhet t\u00eb jen\u00eb\u00a0 formuar\u00a0\u00a0 mbase fillimisht\u00a0 nga qendrat tregtare","robots":{"index":"index","follow":"follow","max-snippet":"max-snippet:-1","max-image-preview":"max-image-preview:large","max-video-preview":"max-video-preview:-1"},"canonical":"https:\/\/www.visit-ulcinj.com\/blog\/2017\/03\/20\/nika-shasi-dhe-ulqini-nje-histori-ndryshe\/","og_locale":"en_US","og_type":"article","og_title":"Nika: Shasi dhe Ulqini nj\u00eb histori ndryshe - Lajme nga Ulqini","og_description":"\u00a0Shkruan Muhamet Nika Zanafilla para ilire\u00a0 e qyteteve Shas dhe Ulqin K\u00ebta si qytetet\u00a0\u00a0 duhet t\u00eb jen\u00eb\u00a0 formuar\u00a0\u00a0 mbase fillimisht\u00a0 nga qendrat tregtare","og_url":"https:\/\/www.visit-ulcinj.com\/blog\/2017\/03\/20\/nika-shasi-dhe-ulqini-nje-histori-ndryshe\/","og_site_name":"Lajme nga Ulqini","article_published_time":"2017-03-20T10:06:02+00:00","og_image":[{"url":"http:\/\/www.visit-ulcinj.com\/blog\/wp-content\/uploads\/2017\/03\/Ancient-Lost-city-of-Shas-Sas-Svac-Ulcinj-Montenegro.jpg"}],"twitter_misc":{"Written by":"ulqini","Est. reading time":"6 minutes"},"schema":{"@context":"https:\/\/schema.org","@graph":[{"@type":"WebSite","@id":"https:\/\/www.visit-ulcinj.com\/blog\/#website","url":"https:\/\/www.visit-ulcinj.com\/blog\/","name":"Lajme nga Ulqini","description":"Lajme,Vijesti,Ulqini,Ulqin,Crna Gora,Mali i Zi","potentialAction":[{"@type":"SearchAction","target":{"@type":"EntryPoint","urlTemplate":"https:\/\/www.visit-ulcinj.com\/blog\/?s={search_term_string}"},"query-input":"required name=search_term_string"}],"inLanguage":"en-US"},{"@type":"ImageObject","inLanguage":"en-US","@id":"https:\/\/www.visit-ulcinj.com\/blog\/2017\/03\/20\/nika-shasi-dhe-ulqini-nje-histori-ndryshe\/#primaryimage","url":"https:\/\/www.visit-ulcinj.com\/blog\/wp-content\/uploads\/2017\/03\/Ancient-Lost-city-of-Shas-Sas-Svac-Ulcinj-Montenegro.jpg","contentUrl":"https:\/\/www.visit-ulcinj.com\/blog\/wp-content\/uploads\/2017\/03\/Ancient-Lost-city-of-Shas-Sas-Svac-Ulcinj-Montenegro.jpg","width":720,"height":372},{"@type":"WebPage","@id":"https:\/\/www.visit-ulcinj.com\/blog\/2017\/03\/20\/nika-shasi-dhe-ulqini-nje-histori-ndryshe\/#webpage","url":"https:\/\/www.visit-ulcinj.com\/blog\/2017\/03\/20\/nika-shasi-dhe-ulqini-nje-histori-ndryshe\/","name":"Nika: Shasi dhe Ulqini nj\u00eb histori ndryshe - Lajme nga Ulqini","isPartOf":{"@id":"https:\/\/www.visit-ulcinj.com\/blog\/#website"},"primaryImageOfPage":{"@id":"https:\/\/www.visit-ulcinj.com\/blog\/2017\/03\/20\/nika-shasi-dhe-ulqini-nje-histori-ndryshe\/#primaryimage"},"datePublished":"2017-03-20T10:06:02+00:00","dateModified":"2017-03-20T10:06:02+00:00","author":{"@id":"https:\/\/www.visit-ulcinj.com\/blog\/#\/schema\/person\/dcab619c614d3038751c63bc2aadc06d"},"description":"\u00a0Shkruan Muhamet Nika Zanafilla para ilire\u00a0 e qyteteve Shas dhe Ulqin K\u00ebta si qytetet\u00a0\u00a0 duhet t\u00eb jen\u00eb\u00a0 formuar\u00a0\u00a0 mbase fillimisht\u00a0 nga qendrat tregtare","breadcrumb":{"@id":"https:\/\/www.visit-ulcinj.com\/blog\/2017\/03\/20\/nika-shasi-dhe-ulqini-nje-histori-ndryshe\/#breadcrumb"},"inLanguage":"en-US","potentialAction":[{"@type":"ReadAction","target":["https:\/\/www.visit-ulcinj.com\/blog\/2017\/03\/20\/nika-shasi-dhe-ulqini-nje-histori-ndryshe\/"]}]},{"@type":"BreadcrumbList","@id":"https:\/\/www.visit-ulcinj.com\/blog\/2017\/03\/20\/nika-shasi-dhe-ulqini-nje-histori-ndryshe\/#breadcrumb","itemListElement":[{"@type":"ListItem","position":1,"name":"Nika: Shasi dhe Ulqini nj\u00eb histori ndryshe"}]},{"@type":"Person","@id":"https:\/\/www.visit-ulcinj.com\/blog\/#\/schema\/person\/dcab619c614d3038751c63bc2aadc06d","name":"ulqini","sameAs":["http:\/\/www.visit-ulcinj.com"],"url":"https:\/\/www.visit-ulcinj.com\/blog\/author\/admin\/"}]}},"jetpack_featured_media_url":"","jetpack_sharing_enabled":true,"jetpack_shortlink":"https:\/\/wp.me\/pe6lTn-qXR","_links":{"self":[{"href":"https:\/\/www.visit-ulcinj.com\/blog\/wp-json\/wp\/v2\/posts\/103655"}],"collection":[{"href":"https:\/\/www.visit-ulcinj.com\/blog\/wp-json\/wp\/v2\/posts"}],"about":[{"href":"https:\/\/www.visit-ulcinj.com\/blog\/wp-json\/wp\/v2\/types\/post"}],"author":[{"embeddable":true,"href":"https:\/\/www.visit-ulcinj.com\/blog\/wp-json\/wp\/v2\/users\/1"}],"replies":[{"embeddable":true,"href":"https:\/\/www.visit-ulcinj.com\/blog\/wp-json\/wp\/v2\/comments?post=103655"}],"version-history":[{"count":1,"href":"https:\/\/www.visit-ulcinj.com\/blog\/wp-json\/wp\/v2\/posts\/103655\/revisions"}],"predecessor-version":[{"id":103657,"href":"https:\/\/www.visit-ulcinj.com\/blog\/wp-json\/wp\/v2\/posts\/103655\/revisions\/103657"}],"wp:attachment":[{"href":"https:\/\/www.visit-ulcinj.com\/blog\/wp-json\/wp\/v2\/media?parent=103655"}],"wp:term":[{"taxonomy":"category","embeddable":true,"href":"https:\/\/www.visit-ulcinj.com\/blog\/wp-json\/wp\/v2\/categories?post=103655"},{"taxonomy":"post_tag","embeddable":true,"href":"https:\/\/www.visit-ulcinj.com\/blog\/wp-json\/wp\/v2\/tags?post=103655"}],"curies":[{"name":"wp","href":"https:\/\/api.w.org\/{rel}","templated":true}]}}