{"id":103658,"date":"2017-03-20T11:13:28","date_gmt":"2017-03-20T10:13:28","guid":{"rendered":"http:\/\/www.visit-ulcinj.com\/blog\/?p=103658"},"modified":"2017-03-25T17:44:19","modified_gmt":"2017-03-25T16:44:19","slug":"informate-e-punes-se-qendres-ditore-per-femije-sirena-ne-ulqin-2017","status":"publish","type":"post","link":"https:\/\/www.visit-ulcinj.com\/blog\/2017\/03\/20\/informate-e-punes-se-qendres-ditore-per-femije-sirena-ne-ulqin-2017\/","title":{"rendered":"Informat\u00eb e pun\u00ebs s\u00eb Qendr\u00ebs ditore p\u00ebr f\u00ebmij\u00eb \u201cSirena\u201d n\u00eb Ulqin 2017-Video"},"content":{"rendered":"<p><em><a href=\"http:\/\/www.visit-ulcinj.com\/blog\/wp-content\/uploads\/2014\/07\/Dnevni-Centar-Sirena-Qendra-Ditore-Sirena-Ulqin-Ulcinj.jpg\"><img loading=\"lazy\" class=\"alignleft wp-image-83741\" src=\"http:\/\/www.visit-ulcinj.com\/blog\/wp-content\/uploads\/2014\/07\/Dnevni-Centar-Sirena-Qendra-Ditore-Sirena-Ulqin-Ulcinj.jpg\" alt=\"Dnevni Centar -Sirena- Qendra Ditore-Sirena-Ulqin-Ulcinj\" width=\"508\" height=\"465\" srcset=\"https:\/\/www.visit-ulcinj.com\/blog\/wp-content\/uploads\/2014\/07\/Dnevni-Centar-Sirena-Qendra-Ditore-Sirena-Ulqin-Ulcinj.jpg 720w, https:\/\/www.visit-ulcinj.com\/blog\/wp-content\/uploads\/2014\/07\/Dnevni-Centar-Sirena-Qendra-Ditore-Sirena-Ulqin-Ulcinj-300x274.jpg 300w\" sizes=\"(max-width: 508px) 100vw, 508px\" \/><\/a><\/em><strong>Informat\u00eb e pun\u00ebs\u00a0 s\u00eb Qendr\u00ebs ditore p\u00ebr f\u00ebmij\u00eb dhe t\u00eb rinj me pengesa dhe v\u00ebshtir\u00ebsi n\u00eb zhvillim \u201c Sirena\u201d n\u00eb Ulqin, n\u00eb vitin 2017<\/strong><\/p>\n<p>&nbsp;<\/p>\n<p>Tremujor\u00ebshi i par\u00eb i k\u00ebtij\u00eb viti karakterizohet me disa aktivitete t\u00eb cilat duksh\u00ebm ndikojn\u00eb\u00a0 n\u00eb p\u00ebrmir\u00ebsimin e kushteve n\u00eb Qendr\u00ebn ditore \u201c Sirena \u201c.<\/p>\n<p>Drejtori i qendr\u00ebs , me nd\u00ebrmjet\u00ebsimin e z. Byl Llolla nga Rashtisha, realizuan nj\u00eb projekt madhor dhe t\u00eb domosdosh\u00ebm p\u00ebr k\u00ebt\u00eb institucion.<\/p>\n<p>Bashk\u00ebvendasit nga Komuna e Ulqinit q\u00eb punojn\u00eb dhe veprojn\u00eb n\u00eb Gjermani me kontributin e tyre kan\u00eb mund\u00ebsuar blerjen e furgonit special.<\/p>\n<ol>\n<li>Byl Llolla ka kontaktuar me 48 individ n\u00eb Gjermani t\u00eb cil\u00ebt kan\u00eb grumbulluar nj\u00eb donacion n\u00eb vler\u00eb prej 5960,00 \u20ac. Me k\u00ebto t\u00eb holla \u00ebsht\u00eb bler\u00eb furgoni special dhe \u00ebsht\u00eb paguar dogana n\u00eb vler\u00eb prej 437,00 \u20ac.<\/li>\n<\/ol>\n<p>Si cdo her\u00eb i gatsh\u00ebm p\u00ebr t\u00eb kontribuar duke u gjetur pran\u00eb k\u00ebtij\u00eb institucioni n\u00eb cdo moment, \u00a0z. Muslim Llolla bashk\u00eb me kryetarin e Biznis Klubit Ana e Malit, z. Kabil Kurtin realizojn\u00eb servisimin e furgonit n\u00eb vler\u00eb prej 850,00 \u20ac.<\/p>\n<p>Auto qendra\u00a0 Kliko\u2019s me pronar z. Predrag Klikovac , me nj\u00eb kenaq\u00ebsi t\u00eb vecant\u00eb, regjistron furgonin falas.<\/p>\n<p>M\u00eb 08.03.2017, ministria p\u00ebr finansa n\u00eb Mal t\u00eb Zi, gjegj\u00ebsisht drejtoria e dogan\u00ebs s\u00eb Malit t\u00eb Zi me vendimin nr. 2417\/2, drejtori i k\u00ebtij\u00eb institucioni Vladan Jokiq dhe bashk\u00ebpun\u00ebtori i tij Zoran Paviqeviq, ndihmojn\u00eb f\u00ebmij\u00ebt dhe t\u00eb rinjt\u00eb e qendr\u00ebs me vesh\u00ebmbathje.<\/p>\n<p>Nd\u00ebrmarrja publike Uj\u00ebsjell\u00ebs dhe kanalizim, si\u00a0 c do her\u00eb edhe k\u00ebt\u00eb her\u00eb na u gjend pran\u00eb me nj\u00eb ndihm\u00eb n\u00eb vler\u00eb prej 250,00 \u20ac.<\/p>\n<p>Kolektivi i Qqendr\u00ebs ditore \u201c Sirena \u201c p\u00ebrzem\u00ebrsisht falenderon\u00a0 bashk\u00ebvendasit tan\u00eb n\u00eb Gjermani, z. Byl Llolla, Biznis Klubin Ana e Malit\u00a0 dhe Drejtorin\u00eb e Doganave t\u00eb Malit t\u00eb Zi p\u00ebr p\u00ebrkujdesjen q\u00eb kan\u00eb treguar n\u00eb p\u00ebrmir\u00ebsimin e kushteve n\u00eb k\u00ebt\u00eb institucion.<\/p>\n<p>Me respekt,<\/p>\n<p><strong>Drejtori,<\/strong><\/p>\n<p><strong>Bilal Alaj<\/strong><\/p>\n<p><strong><em>JU Dnevni centar za djecu i omladinu sa smetnjama i teskocama u razvoju \u201cSirena\u201d<\/em><\/strong><\/p>\n<p><strong><em>IP Qendra ditore p\u00ebr f\u00ebmij\u00eb dhe t\u00eb rinj me pengesa dhe v\u00ebshtir\u00ebsi n\u00eb zhvillim \u201cSirena\u201d<\/em><\/strong><\/p>\n<p><strong>Ul.-Rr.Djerdj Kastrioti Skenderbeg Pib:02902877 Z.r:5201807282<\/strong><\/p>\n<p><strong>e-mail:sirena_ul@hotmail.com tel\/fax:030\/414-109<\/strong><\/p>\n<!--YouTube Error: bad URL entered-->\n","protected":false},"excerpt":{"rendered":"<p>Informat\u00eb e pun\u00ebs\u00a0 s\u00eb Qendr\u00ebs ditore p\u00ebr f\u00ebmij\u00eb dhe t\u00eb rinj me pengesa dhe v\u00ebshtir\u00ebsi n\u00eb zhvillim \u201c Sirena\u201d n\u00eb Ulqin, n\u00eb vitin 2017 &nbsp; Tremujor\u00ebshi i par\u00eb i k\u00ebtij\u00eb viti karakterizohet me disa aktivitete t\u00eb cilat duksh\u00ebm ndikojn\u00eb\u00a0 n\u00eb p\u00ebrmir\u00ebsimin e kushteve n\u00eb Qendr\u00ebn ditore \u201c Sirena \u201c. Drejtori i qendr\u00ebs , me nd\u00ebrmjet\u00ebsimin [&hellip;]<\/p>\n","protected":false},"author":1,"featured_media":0,"comment_status":"closed","ping_status":"closed","sticky":false,"template":"","format":"standard","meta":{"spay_email":"","jetpack_publicize_message":"","jetpack_is_tweetstorm":false,"jetpack_publicize_feature_enabled":true},"categories":[11],"tags":[],"jetpack_publicize_connections":[],"yoast_head":"<!-- This site is optimized with the Yoast SEO plugin v19.1 - https:\/\/yoast.com\/wordpress\/plugins\/seo\/ -->\n<title>Informat\u00eb e pun\u00ebs s\u00eb Qendr\u00ebs ditore p\u00ebr f\u00ebmij\u00eb \u201cSirena\u201d n\u00eb Ulqin 2017-Video - Lajme nga Ulqini<\/title>\n<meta name=\"description\" content=\"Informat\u00eb e pun\u00ebs\u00a0 s\u00eb Qendr\u00ebs ditore p\u00ebr f\u00ebmij\u00eb dhe t\u00eb rinj me pengesa dhe v\u00ebshtir\u00ebsi n\u00eb zhvillim \u201c Sirena\u201d n\u00eb Ulqin, n\u00eb vitin 2017 &nbsp; Tremujor\u00ebshi i\" \/>\n<meta name=\"robots\" content=\"index, follow, max-snippet:-1, max-image-preview:large, max-video-preview:-1\" \/>\n<link rel=\"canonical\" href=\"https:\/\/www.visit-ulcinj.com\/blog\/2017\/03\/20\/informate-e-punes-se-qendres-ditore-per-femije-sirena-ne-ulqin-2017\/\" \/>\n<meta property=\"og:locale\" content=\"en_US\" \/>\n<meta property=\"og:type\" content=\"article\" \/>\n<meta property=\"og:title\" content=\"Informat\u00eb e pun\u00ebs s\u00eb Qendr\u00ebs ditore p\u00ebr f\u00ebmij\u00eb \u201cSirena\u201d n\u00eb Ulqin 2017-Video - Lajme nga Ulqini\" \/>\n<meta property=\"og:description\" content=\"Informat\u00eb e pun\u00ebs\u00a0 s\u00eb Qendr\u00ebs ditore p\u00ebr f\u00ebmij\u00eb dhe t\u00eb rinj me pengesa dhe v\u00ebshtir\u00ebsi n\u00eb zhvillim \u201c Sirena\u201d n\u00eb Ulqin, n\u00eb vitin 2017 &nbsp; Tremujor\u00ebshi i\" \/>\n<meta property=\"og:url\" content=\"https:\/\/www.visit-ulcinj.com\/blog\/2017\/03\/20\/informate-e-punes-se-qendres-ditore-per-femije-sirena-ne-ulqin-2017\/\" \/>\n<meta property=\"og:site_name\" content=\"Lajme nga Ulqini\" \/>\n<meta property=\"article:published_time\" content=\"2017-03-20T10:13:28+00:00\" \/>\n<meta property=\"article:modified_time\" content=\"2017-03-25T16:44:19+00:00\" \/>\n<meta property=\"og:image\" content=\"http:\/\/www.visit-ulcinj.com\/blog\/wp-content\/uploads\/2014\/07\/Dnevni-Centar-Sirena-Qendra-Ditore-Sirena-Ulqin-Ulcinj.jpg\" \/>\n<meta name=\"twitter:label1\" content=\"Written by\" \/>\n\t<meta name=\"twitter:data1\" content=\"ulqini\" \/>\n\t<meta name=\"twitter:label2\" content=\"Est. reading time\" \/>\n\t<meta name=\"twitter:data2\" content=\"2 minutes\" \/>\n<script type=\"application\/ld+json\" class=\"yoast-schema-graph\">{\"@context\":\"https:\/\/schema.org\",\"@graph\":[{\"@type\":\"WebSite\",\"@id\":\"https:\/\/www.visit-ulcinj.com\/blog\/#website\",\"url\":\"https:\/\/www.visit-ulcinj.com\/blog\/\",\"name\":\"Lajme nga Ulqini\",\"description\":\"Lajme,Vijesti,Ulqini,Ulqin,Crna Gora,Mali i Zi\",\"potentialAction\":[{\"@type\":\"SearchAction\",\"target\":{\"@type\":\"EntryPoint\",\"urlTemplate\":\"https:\/\/www.visit-ulcinj.com\/blog\/?s={search_term_string}\"},\"query-input\":\"required name=search_term_string\"}],\"inLanguage\":\"en-US\"},{\"@type\":\"ImageObject\",\"inLanguage\":\"en-US\",\"@id\":\"https:\/\/www.visit-ulcinj.com\/blog\/2017\/03\/20\/informate-e-punes-se-qendres-ditore-per-femije-sirena-ne-ulqin-2017\/#primaryimage\",\"url\":\"https:\/\/www.visit-ulcinj.com\/blog\/wp-content\/uploads\/2014\/07\/Dnevni-Centar-Sirena-Qendra-Ditore-Sirena-Ulqin-Ulcinj.jpg\",\"contentUrl\":\"https:\/\/www.visit-ulcinj.com\/blog\/wp-content\/uploads\/2014\/07\/Dnevni-Centar-Sirena-Qendra-Ditore-Sirena-Ulqin-Ulcinj.jpg\",\"width\":720,\"height\":659},{\"@type\":\"WebPage\",\"@id\":\"https:\/\/www.visit-ulcinj.com\/blog\/2017\/03\/20\/informate-e-punes-se-qendres-ditore-per-femije-sirena-ne-ulqin-2017\/#webpage\",\"url\":\"https:\/\/www.visit-ulcinj.com\/blog\/2017\/03\/20\/informate-e-punes-se-qendres-ditore-per-femije-sirena-ne-ulqin-2017\/\",\"name\":\"Informat\u00eb e pun\u00ebs s\u00eb Qendr\u00ebs ditore p\u00ebr f\u00ebmij\u00eb \u201cSirena\u201d n\u00eb Ulqin 2017-Video - Lajme nga Ulqini\",\"isPartOf\":{\"@id\":\"https:\/\/www.visit-ulcinj.com\/blog\/#website\"},\"primaryImageOfPage\":{\"@id\":\"https:\/\/www.visit-ulcinj.com\/blog\/2017\/03\/20\/informate-e-punes-se-qendres-ditore-per-femije-sirena-ne-ulqin-2017\/#primaryimage\"},\"datePublished\":\"2017-03-20T10:13:28+00:00\",\"dateModified\":\"2017-03-25T16:44:19+00:00\",\"author\":{\"@id\":\"https:\/\/www.visit-ulcinj.com\/blog\/#\/schema\/person\/dcab619c614d3038751c63bc2aadc06d\"},\"description\":\"Informat\u00eb e pun\u00ebs\u00a0 s\u00eb Qendr\u00ebs ditore p\u00ebr f\u00ebmij\u00eb dhe t\u00eb rinj me pengesa dhe v\u00ebshtir\u00ebsi n\u00eb zhvillim \u201c Sirena\u201d n\u00eb Ulqin, n\u00eb vitin 2017 &nbsp; Tremujor\u00ebshi i\",\"breadcrumb\":{\"@id\":\"https:\/\/www.visit-ulcinj.com\/blog\/2017\/03\/20\/informate-e-punes-se-qendres-ditore-per-femije-sirena-ne-ulqin-2017\/#breadcrumb\"},\"inLanguage\":\"en-US\",\"potentialAction\":[{\"@type\":\"ReadAction\",\"target\":[\"https:\/\/www.visit-ulcinj.com\/blog\/2017\/03\/20\/informate-e-punes-se-qendres-ditore-per-femije-sirena-ne-ulqin-2017\/\"]}]},{\"@type\":\"BreadcrumbList\",\"@id\":\"https:\/\/www.visit-ulcinj.com\/blog\/2017\/03\/20\/informate-e-punes-se-qendres-ditore-per-femije-sirena-ne-ulqin-2017\/#breadcrumb\",\"itemListElement\":[{\"@type\":\"ListItem\",\"position\":1,\"name\":\"Informat\u00eb e pun\u00ebs s\u00eb Qendr\u00ebs ditore p\u00ebr f\u00ebmij\u00eb \u201cSirena\u201d n\u00eb Ulqin 2017-Video\"}]},{\"@type\":\"Person\",\"@id\":\"https:\/\/www.visit-ulcinj.com\/blog\/#\/schema\/person\/dcab619c614d3038751c63bc2aadc06d\",\"name\":\"ulqini\",\"sameAs\":[\"http:\/\/www.visit-ulcinj.com\"],\"url\":\"https:\/\/www.visit-ulcinj.com\/blog\/author\/admin\/\"}]}<\/script>\n<!-- \/ Yoast SEO plugin. -->","yoast_head_json":{"title":"Informat\u00eb e pun\u00ebs s\u00eb Qendr\u00ebs ditore p\u00ebr f\u00ebmij\u00eb \u201cSirena\u201d n\u00eb Ulqin 2017-Video - Lajme nga Ulqini","description":"Informat\u00eb e pun\u00ebs\u00a0 s\u00eb Qendr\u00ebs ditore p\u00ebr f\u00ebmij\u00eb dhe t\u00eb rinj me pengesa dhe v\u00ebshtir\u00ebsi n\u00eb zhvillim \u201c Sirena\u201d n\u00eb Ulqin, n\u00eb vitin 2017 &nbsp; Tremujor\u00ebshi i","robots":{"index":"index","follow":"follow","max-snippet":"max-snippet:-1","max-image-preview":"max-image-preview:large","max-video-preview":"max-video-preview:-1"},"canonical":"https:\/\/www.visit-ulcinj.com\/blog\/2017\/03\/20\/informate-e-punes-se-qendres-ditore-per-femije-sirena-ne-ulqin-2017\/","og_locale":"en_US","og_type":"article","og_title":"Informat\u00eb e pun\u00ebs s\u00eb Qendr\u00ebs ditore p\u00ebr f\u00ebmij\u00eb \u201cSirena\u201d n\u00eb Ulqin 2017-Video - Lajme nga Ulqini","og_description":"Informat\u00eb e pun\u00ebs\u00a0 s\u00eb Qendr\u00ebs ditore p\u00ebr f\u00ebmij\u00eb dhe t\u00eb rinj me pengesa dhe v\u00ebshtir\u00ebsi n\u00eb zhvillim \u201c Sirena\u201d n\u00eb Ulqin, n\u00eb vitin 2017 &nbsp; Tremujor\u00ebshi i","og_url":"https:\/\/www.visit-ulcinj.com\/blog\/2017\/03\/20\/informate-e-punes-se-qendres-ditore-per-femije-sirena-ne-ulqin-2017\/","og_site_name":"Lajme nga Ulqini","article_published_time":"2017-03-20T10:13:28+00:00","article_modified_time":"2017-03-25T16:44:19+00:00","og_image":[{"url":"http:\/\/www.visit-ulcinj.com\/blog\/wp-content\/uploads\/2014\/07\/Dnevni-Centar-Sirena-Qendra-Ditore-Sirena-Ulqin-Ulcinj.jpg"}],"twitter_misc":{"Written by":"ulqini","Est. reading time":"2 minutes"},"schema":{"@context":"https:\/\/schema.org","@graph":[{"@type":"WebSite","@id":"https:\/\/www.visit-ulcinj.com\/blog\/#website","url":"https:\/\/www.visit-ulcinj.com\/blog\/","name":"Lajme nga Ulqini","description":"Lajme,Vijesti,Ulqini,Ulqin,Crna Gora,Mali i Zi","potentialAction":[{"@type":"SearchAction","target":{"@type":"EntryPoint","urlTemplate":"https:\/\/www.visit-ulcinj.com\/blog\/?s={search_term_string}"},"query-input":"required name=search_term_string"}],"inLanguage":"en-US"},{"@type":"ImageObject","inLanguage":"en-US","@id":"https:\/\/www.visit-ulcinj.com\/blog\/2017\/03\/20\/informate-e-punes-se-qendres-ditore-per-femije-sirena-ne-ulqin-2017\/#primaryimage","url":"https:\/\/www.visit-ulcinj.com\/blog\/wp-content\/uploads\/2014\/07\/Dnevni-Centar-Sirena-Qendra-Ditore-Sirena-Ulqin-Ulcinj.jpg","contentUrl":"https:\/\/www.visit-ulcinj.com\/blog\/wp-content\/uploads\/2014\/07\/Dnevni-Centar-Sirena-Qendra-Ditore-Sirena-Ulqin-Ulcinj.jpg","width":720,"height":659},{"@type":"WebPage","@id":"https:\/\/www.visit-ulcinj.com\/blog\/2017\/03\/20\/informate-e-punes-se-qendres-ditore-per-femije-sirena-ne-ulqin-2017\/#webpage","url":"https:\/\/www.visit-ulcinj.com\/blog\/2017\/03\/20\/informate-e-punes-se-qendres-ditore-per-femije-sirena-ne-ulqin-2017\/","name":"Informat\u00eb e pun\u00ebs s\u00eb Qendr\u00ebs ditore p\u00ebr f\u00ebmij\u00eb \u201cSirena\u201d n\u00eb Ulqin 2017-Video - Lajme nga Ulqini","isPartOf":{"@id":"https:\/\/www.visit-ulcinj.com\/blog\/#website"},"primaryImageOfPage":{"@id":"https:\/\/www.visit-ulcinj.com\/blog\/2017\/03\/20\/informate-e-punes-se-qendres-ditore-per-femije-sirena-ne-ulqin-2017\/#primaryimage"},"datePublished":"2017-03-20T10:13:28+00:00","dateModified":"2017-03-25T16:44:19+00:00","author":{"@id":"https:\/\/www.visit-ulcinj.com\/blog\/#\/schema\/person\/dcab619c614d3038751c63bc2aadc06d"},"description":"Informat\u00eb e pun\u00ebs\u00a0 s\u00eb Qendr\u00ebs ditore p\u00ebr f\u00ebmij\u00eb dhe t\u00eb rinj me pengesa dhe v\u00ebshtir\u00ebsi n\u00eb zhvillim \u201c Sirena\u201d n\u00eb Ulqin, n\u00eb vitin 2017 &nbsp; Tremujor\u00ebshi i","breadcrumb":{"@id":"https:\/\/www.visit-ulcinj.com\/blog\/2017\/03\/20\/informate-e-punes-se-qendres-ditore-per-femije-sirena-ne-ulqin-2017\/#breadcrumb"},"inLanguage":"en-US","potentialAction":[{"@type":"ReadAction","target":["https:\/\/www.visit-ulcinj.com\/blog\/2017\/03\/20\/informate-e-punes-se-qendres-ditore-per-femije-sirena-ne-ulqin-2017\/"]}]},{"@type":"BreadcrumbList","@id":"https:\/\/www.visit-ulcinj.com\/blog\/2017\/03\/20\/informate-e-punes-se-qendres-ditore-per-femije-sirena-ne-ulqin-2017\/#breadcrumb","itemListElement":[{"@type":"ListItem","position":1,"name":"Informat\u00eb e pun\u00ebs s\u00eb Qendr\u00ebs ditore p\u00ebr f\u00ebmij\u00eb \u201cSirena\u201d n\u00eb Ulqin 2017-Video"}]},{"@type":"Person","@id":"https:\/\/www.visit-ulcinj.com\/blog\/#\/schema\/person\/dcab619c614d3038751c63bc2aadc06d","name":"ulqini","sameAs":["http:\/\/www.visit-ulcinj.com"],"url":"https:\/\/www.visit-ulcinj.com\/blog\/author\/admin\/"}]}},"jetpack_featured_media_url":"","jetpack_sharing_enabled":true,"jetpack_shortlink":"https:\/\/wp.me\/pe6lTn-qXU","_links":{"self":[{"href":"https:\/\/www.visit-ulcinj.com\/blog\/wp-json\/wp\/v2\/posts\/103658"}],"collection":[{"href":"https:\/\/www.visit-ulcinj.com\/blog\/wp-json\/wp\/v2\/posts"}],"about":[{"href":"https:\/\/www.visit-ulcinj.com\/blog\/wp-json\/wp\/v2\/types\/post"}],"author":[{"embeddable":true,"href":"https:\/\/www.visit-ulcinj.com\/blog\/wp-json\/wp\/v2\/users\/1"}],"replies":[{"embeddable":true,"href":"https:\/\/www.visit-ulcinj.com\/blog\/wp-json\/wp\/v2\/comments?post=103658"}],"version-history":[{"count":2,"href":"https:\/\/www.visit-ulcinj.com\/blog\/wp-json\/wp\/v2\/posts\/103658\/revisions"}],"predecessor-version":[{"id":103775,"href":"https:\/\/www.visit-ulcinj.com\/blog\/wp-json\/wp\/v2\/posts\/103658\/revisions\/103775"}],"wp:attachment":[{"href":"https:\/\/www.visit-ulcinj.com\/blog\/wp-json\/wp\/v2\/media?parent=103658"}],"wp:term":[{"taxonomy":"category","embeddable":true,"href":"https:\/\/www.visit-ulcinj.com\/blog\/wp-json\/wp\/v2\/categories?post=103658"},{"taxonomy":"post_tag","embeddable":true,"href":"https:\/\/www.visit-ulcinj.com\/blog\/wp-json\/wp\/v2\/tags?post=103658"}],"curies":[{"name":"wp","href":"https:\/\/api.w.org\/{rel}","templated":true}]}}