{"id":103660,"date":"2017-03-20T11:17:41","date_gmt":"2017-03-20T10:17:41","guid":{"rendered":"http:\/\/www.visit-ulcinj.com\/blog\/?p=103660"},"modified":"2017-03-25T17:43:34","modified_gmt":"2017-03-25T16:43:34","slug":"informacije-o-radu-dnevnog-centra-za-djecu-sirena-ulcinj-2017","status":"publish","type":"post","link":"https:\/\/www.visit-ulcinj.com\/blog\/2017\/03\/20\/informacije-o-radu-dnevnog-centra-za-djecu-sirena-ulcinj-2017\/","title":{"rendered":"Informacije o radu Dnevnog centra za djecu &#8221; Sirena&#8221; Ulcinj 2017"},"content":{"rendered":"<p><strong><a href=\"http:\/\/www.visit-ulcinj.com\/blog\/wp-content\/uploads\/2014\/07\/Dnevni-Centar-Sirena-Qendra-Ditore-Sirena-Ulqin-Ulcinj.jpg\"><img loading=\"lazy\" class=\"alignleft wp-image-83741\" src=\"http:\/\/www.visit-ulcinj.com\/blog\/wp-content\/uploads\/2014\/07\/Dnevni-Centar-Sirena-Qendra-Ditore-Sirena-Ulqin-Ulcinj.jpg\" alt=\"Dnevni Centar -Sirena- Qendra Ditore-Sirena-Ulqin-Ulcinj\" width=\"508\" height=\"465\" srcset=\"https:\/\/www.visit-ulcinj.com\/blog\/wp-content\/uploads\/2014\/07\/Dnevni-Centar-Sirena-Qendra-Ditore-Sirena-Ulqin-Ulcinj.jpg 720w, https:\/\/www.visit-ulcinj.com\/blog\/wp-content\/uploads\/2014\/07\/Dnevni-Centar-Sirena-Qendra-Ditore-Sirena-Ulqin-Ulcinj-300x274.jpg 300w\" sizes=\"(max-width: 508px) 100vw, 508px\" \/><\/a>Informacije o radu Dnevnog centra za djecu I omladinu sa smetnjama I teskocama u razvoju \u201cSirena\u201d za 2017.godinu<\/strong><\/p>\n<p>Prvo tromjesecje ove godine je karakterizovano odredjenim aktivnostima koje su vidno poboljsale uslove rada u Dnevnom centru \u201cSirena\u201d.<\/p>\n<p>Direktor dnevnog centra,posredovanjem g.Byl Llolla iz Rastise realizovali su veliki I neophodan projekat za ovu instituciju.<\/p>\n<p>Sugradjani iz opstine Ulcinj koji zive I rade u Njemackoj su svojim doprinosom omogucili kupovinu specijalnog kombi vozila.<\/p>\n<p>G.Byl Llolla je kontaktirao 48 osoba u Njemackoj koji su svojim doprinosom u vrijednosti od 5960,00\u20ac omogucili kupovinu specijalnog kombi vozila I ocarinjen je u vrijednosti od 437,00\u20ac.<\/p>\n<p>Kao I svakog puta kada je to neophodno spreman da pomogne g.Muslim Llolla je zajedno sa predsjednikom Biznis Kluba Ana e Malit,g.Kabilom Kurtiem obezbjedili servisiranje kombija u vrijednosti od 850,00\u20ac.<\/p>\n<p>Auto Centar \u201cKlikos\u201d u vlasnistvu G. Predraga Klikovca je sa zadovoljstvom besplatno registrovao kombi vozilo.<\/p>\n<p>Dana 08.03.2017.godine Ministarsvo Finansija,odnosno Uprava Carina Crne Gore rjesenjem br.2417\/2,direktor ove institucije g.Vladan Jokic I njegov saradnik g.Zoran Pavicevic su donirali dnevnom centru odjecu I obucu.<\/p>\n<p>Javno preduzece \u201cVodovod I kanalizacija\u201d je kao I svakog puta izasla nam je u susret I pomogla novcano 250,00\u20ac.<\/p>\n<p>Kolektiv Dnevnog centra \u201cSirena\u201d se srdacno zahvaljuje sugradjanima koji zive I rade u Njemackoj,g.Byl\u00a0 Llolla,Biznis Klubu Ana e Malit\u201d I Upravi Carine koji su svojim doprinosima poboljsali uslove rada u ovoj instituciji.<\/p>\n<p><strong>Sa postovanjem,<\/strong><\/p>\n<p><strong>Direktor,<\/strong><\/p>\n<p><strong>Bilal Alaj<\/strong><\/p>\n<p><strong><em>JU Dnevni centar za djecu i omladinu sa smetnjama i teskocama u razvoju \u201cSirena\u201d<\/em><\/strong><\/p>\n<p><strong><em>IP Qendra ditore p\u00ebr f\u00ebmij\u00eb dhe t\u00eb rinj me pengesa dhe v\u00ebshtir\u00ebsi n\u00eb zhvillim \u201cSirena\u201d<\/em><\/strong><\/p>\n<p><strong>Ul.-Rr.Djerdj Kastrioti Skenderbeg Pib:02902877 Z.r:5201807282<\/strong><\/p>\n<p><strong>e-mail:sirena_ul@hotmail.com tel\/fax:030\/414-109<\/strong><\/p>\n<!--YouTube Error: bad URL entered-->\n","protected":false},"excerpt":{"rendered":"<p>Informacije o radu Dnevnog centra za djecu I omladinu sa smetnjama I teskocama u razvoju \u201cSirena\u201d za 2017.godinu Prvo tromjesecje ove godine je karakterizovano odredjenim aktivnostima koje su vidno poboljsale uslove rada u Dnevnom centru \u201cSirena\u201d. Direktor dnevnog centra,posredovanjem g.Byl Llolla iz Rastise realizovali su veliki I neophodan projekat za ovu instituciju. Sugradjani iz opstine [&hellip;]<\/p>\n","protected":false},"author":1,"featured_media":0,"comment_status":"closed","ping_status":"closed","sticky":false,"template":"","format":"standard","meta":{"spay_email":"","jetpack_publicize_message":"","jetpack_is_tweetstorm":false,"jetpack_publicize_feature_enabled":true},"categories":[6950],"tags":[],"jetpack_publicize_connections":[],"yoast_head":"<!-- This site is optimized with the Yoast SEO plugin v19.1 - https:\/\/yoast.com\/wordpress\/plugins\/seo\/ -->\n<title>Informacije o radu Dnevnog centra za djecu &quot; Sirena&quot; Ulcinj 2017 - Lajme nga Ulqini<\/title>\n<meta name=\"description\" content=\"Informacije o radu Dnevnog centra za djecu I omladinu sa smetnjama I teskocama u razvoju \u201cSirena\u201d za 2017.godinu Prvo tromjesecje ove godine je\" \/>\n<meta name=\"robots\" content=\"index, follow, max-snippet:-1, max-image-preview:large, max-video-preview:-1\" \/>\n<link rel=\"canonical\" href=\"https:\/\/www.visit-ulcinj.com\/blog\/2017\/03\/20\/informacije-o-radu-dnevnog-centra-za-djecu-sirena-ulcinj-2017\/\" \/>\n<meta property=\"og:locale\" content=\"en_US\" \/>\n<meta property=\"og:type\" content=\"article\" \/>\n<meta property=\"og:title\" content=\"Informacije o radu Dnevnog centra za djecu &quot; Sirena&quot; Ulcinj 2017 - Lajme nga Ulqini\" \/>\n<meta property=\"og:description\" content=\"Informacije o radu Dnevnog centra za djecu I omladinu sa smetnjama I teskocama u razvoju \u201cSirena\u201d za 2017.godinu Prvo tromjesecje ove godine je\" \/>\n<meta property=\"og:url\" content=\"https:\/\/www.visit-ulcinj.com\/blog\/2017\/03\/20\/informacije-o-radu-dnevnog-centra-za-djecu-sirena-ulcinj-2017\/\" \/>\n<meta property=\"og:site_name\" content=\"Lajme nga Ulqini\" \/>\n<meta property=\"article:published_time\" content=\"2017-03-20T10:17:41+00:00\" \/>\n<meta property=\"article:modified_time\" content=\"2017-03-25T16:43:34+00:00\" \/>\n<meta property=\"og:image\" content=\"http:\/\/www.visit-ulcinj.com\/blog\/wp-content\/uploads\/2014\/07\/Dnevni-Centar-Sirena-Qendra-Ditore-Sirena-Ulqin-Ulcinj.jpg\" \/>\n<meta name=\"twitter:label1\" content=\"Written by\" \/>\n\t<meta name=\"twitter:data1\" content=\"ulqini\" \/>\n\t<meta name=\"twitter:label2\" content=\"Est. reading time\" \/>\n\t<meta name=\"twitter:data2\" content=\"1 minute\" \/>\n<script type=\"application\/ld+json\" class=\"yoast-schema-graph\">{\"@context\":\"https:\/\/schema.org\",\"@graph\":[{\"@type\":\"WebSite\",\"@id\":\"https:\/\/www.visit-ulcinj.com\/blog\/#website\",\"url\":\"https:\/\/www.visit-ulcinj.com\/blog\/\",\"name\":\"Lajme nga Ulqini\",\"description\":\"Lajme,Vijesti,Ulqini,Ulqin,Crna Gora,Mali i Zi\",\"potentialAction\":[{\"@type\":\"SearchAction\",\"target\":{\"@type\":\"EntryPoint\",\"urlTemplate\":\"https:\/\/www.visit-ulcinj.com\/blog\/?s={search_term_string}\"},\"query-input\":\"required name=search_term_string\"}],\"inLanguage\":\"en-US\"},{\"@type\":\"ImageObject\",\"inLanguage\":\"en-US\",\"@id\":\"https:\/\/www.visit-ulcinj.com\/blog\/2017\/03\/20\/informacije-o-radu-dnevnog-centra-za-djecu-sirena-ulcinj-2017\/#primaryimage\",\"url\":\"https:\/\/www.visit-ulcinj.com\/blog\/wp-content\/uploads\/2014\/07\/Dnevni-Centar-Sirena-Qendra-Ditore-Sirena-Ulqin-Ulcinj.jpg\",\"contentUrl\":\"https:\/\/www.visit-ulcinj.com\/blog\/wp-content\/uploads\/2014\/07\/Dnevni-Centar-Sirena-Qendra-Ditore-Sirena-Ulqin-Ulcinj.jpg\",\"width\":720,\"height\":659},{\"@type\":\"WebPage\",\"@id\":\"https:\/\/www.visit-ulcinj.com\/blog\/2017\/03\/20\/informacije-o-radu-dnevnog-centra-za-djecu-sirena-ulcinj-2017\/#webpage\",\"url\":\"https:\/\/www.visit-ulcinj.com\/blog\/2017\/03\/20\/informacije-o-radu-dnevnog-centra-za-djecu-sirena-ulcinj-2017\/\",\"name\":\"Informacije o radu Dnevnog centra za djecu \\\" Sirena\\\" Ulcinj 2017 - Lajme nga Ulqini\",\"isPartOf\":{\"@id\":\"https:\/\/www.visit-ulcinj.com\/blog\/#website\"},\"primaryImageOfPage\":{\"@id\":\"https:\/\/www.visit-ulcinj.com\/blog\/2017\/03\/20\/informacije-o-radu-dnevnog-centra-za-djecu-sirena-ulcinj-2017\/#primaryimage\"},\"datePublished\":\"2017-03-20T10:17:41+00:00\",\"dateModified\":\"2017-03-25T16:43:34+00:00\",\"author\":{\"@id\":\"https:\/\/www.visit-ulcinj.com\/blog\/#\/schema\/person\/dcab619c614d3038751c63bc2aadc06d\"},\"description\":\"Informacije o radu Dnevnog centra za djecu I omladinu sa smetnjama I teskocama u razvoju \u201cSirena\u201d za 2017.godinu Prvo tromjesecje ove godine je\",\"breadcrumb\":{\"@id\":\"https:\/\/www.visit-ulcinj.com\/blog\/2017\/03\/20\/informacije-o-radu-dnevnog-centra-za-djecu-sirena-ulcinj-2017\/#breadcrumb\"},\"inLanguage\":\"en-US\",\"potentialAction\":[{\"@type\":\"ReadAction\",\"target\":[\"https:\/\/www.visit-ulcinj.com\/blog\/2017\/03\/20\/informacije-o-radu-dnevnog-centra-za-djecu-sirena-ulcinj-2017\/\"]}]},{\"@type\":\"BreadcrumbList\",\"@id\":\"https:\/\/www.visit-ulcinj.com\/blog\/2017\/03\/20\/informacije-o-radu-dnevnog-centra-za-djecu-sirena-ulcinj-2017\/#breadcrumb\",\"itemListElement\":[{\"@type\":\"ListItem\",\"position\":1,\"name\":\"Informacije o radu Dnevnog centra za djecu &#8221; Sirena&#8221; Ulcinj 2017\"}]},{\"@type\":\"Person\",\"@id\":\"https:\/\/www.visit-ulcinj.com\/blog\/#\/schema\/person\/dcab619c614d3038751c63bc2aadc06d\",\"name\":\"ulqini\",\"sameAs\":[\"http:\/\/www.visit-ulcinj.com\"],\"url\":\"https:\/\/www.visit-ulcinj.com\/blog\/author\/admin\/\"}]}<\/script>\n<!-- \/ Yoast SEO plugin. -->","yoast_head_json":{"title":"Informacije o radu Dnevnog centra za djecu \" Sirena\" Ulcinj 2017 - Lajme nga Ulqini","description":"Informacije o radu Dnevnog centra za djecu I omladinu sa smetnjama I teskocama u razvoju \u201cSirena\u201d za 2017.godinu Prvo tromjesecje ove godine je","robots":{"index":"index","follow":"follow","max-snippet":"max-snippet:-1","max-image-preview":"max-image-preview:large","max-video-preview":"max-video-preview:-1"},"canonical":"https:\/\/www.visit-ulcinj.com\/blog\/2017\/03\/20\/informacije-o-radu-dnevnog-centra-za-djecu-sirena-ulcinj-2017\/","og_locale":"en_US","og_type":"article","og_title":"Informacije o radu Dnevnog centra za djecu \" Sirena\" Ulcinj 2017 - Lajme nga Ulqini","og_description":"Informacije o radu Dnevnog centra za djecu I omladinu sa smetnjama I teskocama u razvoju \u201cSirena\u201d za 2017.godinu Prvo tromjesecje ove godine je","og_url":"https:\/\/www.visit-ulcinj.com\/blog\/2017\/03\/20\/informacije-o-radu-dnevnog-centra-za-djecu-sirena-ulcinj-2017\/","og_site_name":"Lajme nga Ulqini","article_published_time":"2017-03-20T10:17:41+00:00","article_modified_time":"2017-03-25T16:43:34+00:00","og_image":[{"url":"http:\/\/www.visit-ulcinj.com\/blog\/wp-content\/uploads\/2014\/07\/Dnevni-Centar-Sirena-Qendra-Ditore-Sirena-Ulqin-Ulcinj.jpg"}],"twitter_misc":{"Written by":"ulqini","Est. reading time":"1 minute"},"schema":{"@context":"https:\/\/schema.org","@graph":[{"@type":"WebSite","@id":"https:\/\/www.visit-ulcinj.com\/blog\/#website","url":"https:\/\/www.visit-ulcinj.com\/blog\/","name":"Lajme nga Ulqini","description":"Lajme,Vijesti,Ulqini,Ulqin,Crna Gora,Mali i Zi","potentialAction":[{"@type":"SearchAction","target":{"@type":"EntryPoint","urlTemplate":"https:\/\/www.visit-ulcinj.com\/blog\/?s={search_term_string}"},"query-input":"required name=search_term_string"}],"inLanguage":"en-US"},{"@type":"ImageObject","inLanguage":"en-US","@id":"https:\/\/www.visit-ulcinj.com\/blog\/2017\/03\/20\/informacije-o-radu-dnevnog-centra-za-djecu-sirena-ulcinj-2017\/#primaryimage","url":"https:\/\/www.visit-ulcinj.com\/blog\/wp-content\/uploads\/2014\/07\/Dnevni-Centar-Sirena-Qendra-Ditore-Sirena-Ulqin-Ulcinj.jpg","contentUrl":"https:\/\/www.visit-ulcinj.com\/blog\/wp-content\/uploads\/2014\/07\/Dnevni-Centar-Sirena-Qendra-Ditore-Sirena-Ulqin-Ulcinj.jpg","width":720,"height":659},{"@type":"WebPage","@id":"https:\/\/www.visit-ulcinj.com\/blog\/2017\/03\/20\/informacije-o-radu-dnevnog-centra-za-djecu-sirena-ulcinj-2017\/#webpage","url":"https:\/\/www.visit-ulcinj.com\/blog\/2017\/03\/20\/informacije-o-radu-dnevnog-centra-za-djecu-sirena-ulcinj-2017\/","name":"Informacije o radu Dnevnog centra za djecu \" Sirena\" Ulcinj 2017 - Lajme nga Ulqini","isPartOf":{"@id":"https:\/\/www.visit-ulcinj.com\/blog\/#website"},"primaryImageOfPage":{"@id":"https:\/\/www.visit-ulcinj.com\/blog\/2017\/03\/20\/informacije-o-radu-dnevnog-centra-za-djecu-sirena-ulcinj-2017\/#primaryimage"},"datePublished":"2017-03-20T10:17:41+00:00","dateModified":"2017-03-25T16:43:34+00:00","author":{"@id":"https:\/\/www.visit-ulcinj.com\/blog\/#\/schema\/person\/dcab619c614d3038751c63bc2aadc06d"},"description":"Informacije o radu Dnevnog centra za djecu I omladinu sa smetnjama I teskocama u razvoju \u201cSirena\u201d za 2017.godinu Prvo tromjesecje ove godine je","breadcrumb":{"@id":"https:\/\/www.visit-ulcinj.com\/blog\/2017\/03\/20\/informacije-o-radu-dnevnog-centra-za-djecu-sirena-ulcinj-2017\/#breadcrumb"},"inLanguage":"en-US","potentialAction":[{"@type":"ReadAction","target":["https:\/\/www.visit-ulcinj.com\/blog\/2017\/03\/20\/informacije-o-radu-dnevnog-centra-za-djecu-sirena-ulcinj-2017\/"]}]},{"@type":"BreadcrumbList","@id":"https:\/\/www.visit-ulcinj.com\/blog\/2017\/03\/20\/informacije-o-radu-dnevnog-centra-za-djecu-sirena-ulcinj-2017\/#breadcrumb","itemListElement":[{"@type":"ListItem","position":1,"name":"Informacije o radu Dnevnog centra za djecu &#8221; Sirena&#8221; Ulcinj 2017"}]},{"@type":"Person","@id":"https:\/\/www.visit-ulcinj.com\/blog\/#\/schema\/person\/dcab619c614d3038751c63bc2aadc06d","name":"ulqini","sameAs":["http:\/\/www.visit-ulcinj.com"],"url":"https:\/\/www.visit-ulcinj.com\/blog\/author\/admin\/"}]}},"jetpack_featured_media_url":"","jetpack_sharing_enabled":true,"jetpack_shortlink":"https:\/\/wp.me\/pe6lTn-qXW","_links":{"self":[{"href":"https:\/\/www.visit-ulcinj.com\/blog\/wp-json\/wp\/v2\/posts\/103660"}],"collection":[{"href":"https:\/\/www.visit-ulcinj.com\/blog\/wp-json\/wp\/v2\/posts"}],"about":[{"href":"https:\/\/www.visit-ulcinj.com\/blog\/wp-json\/wp\/v2\/types\/post"}],"author":[{"embeddable":true,"href":"https:\/\/www.visit-ulcinj.com\/blog\/wp-json\/wp\/v2\/users\/1"}],"replies":[{"embeddable":true,"href":"https:\/\/www.visit-ulcinj.com\/blog\/wp-json\/wp\/v2\/comments?post=103660"}],"version-history":[{"count":2,"href":"https:\/\/www.visit-ulcinj.com\/blog\/wp-json\/wp\/v2\/posts\/103660\/revisions"}],"predecessor-version":[{"id":103774,"href":"https:\/\/www.visit-ulcinj.com\/blog\/wp-json\/wp\/v2\/posts\/103660\/revisions\/103774"}],"wp:attachment":[{"href":"https:\/\/www.visit-ulcinj.com\/blog\/wp-json\/wp\/v2\/media?parent=103660"}],"wp:term":[{"taxonomy":"category","embeddable":true,"href":"https:\/\/www.visit-ulcinj.com\/blog\/wp-json\/wp\/v2\/categories?post=103660"},{"taxonomy":"post_tag","embeddable":true,"href":"https:\/\/www.visit-ulcinj.com\/blog\/wp-json\/wp\/v2\/tags?post=103660"}],"curies":[{"name":"wp","href":"https:\/\/api.w.org\/{rel}","templated":true}]}}