{"id":103667,"date":"2017-03-20T17:21:04","date_gmt":"2017-03-20T16:21:04","guid":{"rendered":"http:\/\/www.visit-ulcinj.com\/blog\/?p=103667"},"modified":"2017-03-21T23:05:18","modified_gmt":"2017-03-21T22:05:18","slug":"prezantohet-programi-dites-se-ulqinit-2017","status":"publish","type":"post","link":"https:\/\/www.visit-ulcinj.com\/blog\/2017\/03\/20\/prezantohet-programi-dites-se-ulqinit-2017\/","title":{"rendered":"Prezantohet programi i dit\u00ebs s\u00eb Ulqinit 2017"},"content":{"rendered":"<h3 style=\"text-align: center;\"><strong><a href=\"http:\/\/www.visit-ulcinj.com\/blog\/wp-content\/uploads\/2017\/03\/Prezantohet-programi-i-dit\u00ebs-s\u00eb-Ulqinit-2017.jpg\"><img loading=\"lazy\" class=\"alignleft wp-image-103668\" src=\"http:\/\/www.visit-ulcinj.com\/blog\/wp-content\/uploads\/2017\/03\/Prezantohet-programi-i-dit\u00ebs-s\u00eb-Ulqinit-2017.jpg\" alt=\"Prezantohet programi i dit\u00ebs s\u00eb Ulqinit 2017\" width=\"508\" height=\"339\" srcset=\"https:\/\/www.visit-ulcinj.com\/blog\/wp-content\/uploads\/2017\/03\/Prezantohet-programi-i-dit\u00ebs-s\u00eb-Ulqinit-2017.jpg 1000w, https:\/\/www.visit-ulcinj.com\/blog\/wp-content\/uploads\/2017\/03\/Prezantohet-programi-i-dit\u00ebs-s\u00eb-Ulqinit-2017-300x200.jpg 300w, https:\/\/www.visit-ulcinj.com\/blog\/wp-content\/uploads\/2017\/03\/Prezantohet-programi-i-dit\u00ebs-s\u00eb-Ulqinit-2017-768x512.jpg 768w\" sizes=\"(max-width: 508px) 100vw, 508px\" \/><\/a>Ditet e Komunes se Ulqinit (PRILL 2017)<\/strong><\/h3>\n<div><\/div>\n<div><strong>29 mars 2017, e m\u00ebrkur\u00eb<\/strong><\/div>\n<div><\/div>\n<div>1.<\/div>\n<div>Hapja e festivalit nd\u00ebrkombetar t\u00eb gruas krijuese, salla e Shkoll\u00ebs muzik\u00ebs, ora 10:00 (OJQ<\/div>\n<div>Harmonia)<\/div>\n<div>2.<\/div>\n<div>Eskpozita e punishtes artistike p\u00ebr f\u00ebmij\u00eb, galeria e Qendr\u00ebs p\u00ebr Kultur\u00eb, ora 19:00 (Art Dulcinium)<\/div>\n<div><\/div>\n<div><\/div>\n<div><strong>30 mars 2017, e enjt\u00eb<\/strong><\/div>\n<div>1.<\/div>\n<div>Ndarja e bursave student\u00ebve t\u00eb dalluar, Sala e vog\u00ebl e Kabinetit, ora 9:30<\/div>\n<div>2.<\/div>\n<div>Fillimi i punimeve n\u00eb pik\u00eb &#8211; vrojtimin e Valdanosit, ora 11:00<\/div>\n<div>3.<\/div>\n<div>Ligjerata: \u201cUlliri, vaji i ullirit dhe perpektiva e zhvillimit ullishataris\u00eb<\/div>\n<div>n\u00eb rajonin adriatiko &#8211; jonian\u201d prof. dr. Hajri Ismaili, profesor i Universitetit Bujq\u00ebsor t\u00eb Tiran\u00ebs, ora 12:00, Salla e<\/div>\n<div>madhe e Kuvendit Komunal<\/div>\n<div>4.<\/div>\n<div>Fillimi i punimeve n\u00eb pik\u00eb &#8211; vrojtimin e Shtegvash\u00ebs, ora 14:00<\/div>\n<div><\/div>\n<div><strong>31 mars 2017, e premt\u00eb<\/strong><\/div>\n<div>1.<\/div>\n<div>Hapja e konferenc\u00ebs shkencore nderkomb\u00ebtare \u201cRoli i shkenc\u00ebs n\u00eb zhvillimin ekonomik t\u00eb vendit<\/div>\n<div>dhe vendeve t\u00eb rajonit\u201d, salla e madhe e Kuvendit Komunal, ora 10:00<\/div>\n<div><\/div>\n<div>2.<\/div>\n<div>Workshop<\/div>\n<div>(Pun\u00ebtori)n\u00eb ullishtari \u201c Prezantimi i metodave t\u00eb revitalizimit t\u00eb ullishatave t\u00eb vjetra\u201d,<\/div>\n<div>11:00 Ullishta e Ulqinit<\/div>\n<div>3.<\/div>\n<div>Hapja e<\/div>\n<div>outdoor workout (palestr\u00ebs n\u00eb natyr\u00eb) n\u00eb pyllin e pishave, ora 12:00<\/div>\n<div>4.<\/div>\n<div>Hapja e turneut mbar\u00ebkomb\u00ebtar n\u00eb tenis Ulqini 2017 \u201d, Tennis Club Bellevue, ora 14:30<\/div>\n<div><\/div>\n<div><\/div>\n<div><strong>1 prill 2017, e shtun\u00eb<\/strong><\/div>\n<div>1.<\/div>\n<div>Seanca solemne e Kuvendit Komunal t\u00eb Ulqinit, ora 11:00, Qendra p\u00ebr Kultur\u00eb &#8211; Ulqin<\/div>\n<div><\/div>\n<div>2.<\/div>\n<div>Koncerti i 9-t\u00eb tradicional i Shkoll\u00ebs muzik\u00ebs \u2013 Uqin, hoteli Mediteran ora 19:30<\/div>\n<div><a href=\"http:\/\/www.visit-ulcinj.com\/blog\/wp-content\/uploads\/2017\/03\/dita-e-komunes-se-ulqinit.1.jpg\"><img loading=\"lazy\" class=\"alignleft wp-image-103672\" src=\"http:\/\/www.visit-ulcinj.com\/blog\/wp-content\/uploads\/2017\/03\/dita-e-komunes-se-ulqinit.1.jpg\" alt=\"dita-e-komunes-se-ulqinit.1\" width=\"508\" height=\"246\" srcset=\"https:\/\/www.visit-ulcinj.com\/blog\/wp-content\/uploads\/2017\/03\/dita-e-komunes-se-ulqinit.1.jpg 620w, https:\/\/www.visit-ulcinj.com\/blog\/wp-content\/uploads\/2017\/03\/dita-e-komunes-se-ulqinit.1-300x145.jpg 300w\" sizes=\"(max-width: 508px) 100vw, 508px\" \/><\/a><\/div>\n<div><\/div>\n<div><strong>2 prill 2017, e diel\u00eb<\/strong><\/div>\n<div><\/div>\n<div>1.<\/div>\n<div>Turneu i 16 nd\u00ebrkomb\u00ebtar i karates \u201c Ulqin Open 2017\u201d, palestra e SH.F. Marshalli Tito, ora 10:00<\/div>\n<div><\/div>\n<div>2.<\/div>\n<div>Karnevali i f\u00ebmij\u00ebve t\u00eb kopshteve t\u00eb Ulqini &#8211; Defileja, Sheshi i Ullirit, ora 11:00<\/div>\n<div>&#8211;<\/div>\n<div>Koncert, Plazhi i vog\u00ebl, ora 12:00<\/div>\n<div><\/div>\n<div>3.<\/div>\n<div>Hapja e simpoziumit p\u00ebr autiz\u00ebm \u201cF\u00ebmij\u00ebt me \u00e7rregullime t\u00eb spektrit t\u00eb autizmit\u201d, salla e madhe e Kuvendit Komunal t\u00eb Ulqinit, ora 11:00<\/div>\n<div><\/div>\n<div><strong>3 prill 2017, e h\u00ebn\u00eb<\/strong><\/div>\n<div><\/div>\n<div>1.<\/div>\n<div>Tryez\u00eb e rrumbullak\u00ebt \u201cKriporja e Ulqinit si destinacion eko turistik\u201d, hotel Dolcino, ora 11:00<\/div>\n<div><\/div>\n<div>2.<\/div>\n<div>Promovimi i librit \u201cQ\u00ebmtime nga historia e Ulqinit\u201d, autor Jusufo Lika, Biblioteka e Ulqinit, ora 19:00<\/div>\n<div>\n<div>3.<\/div>\n<div>Ekspozita tradicionale e piktor\u00ebv e akademik t\u00eb Ulqinit, Galeria e Qendr\u00ebs p\u00ebr Kultur\u00eb Ulqin, ora 20:00<\/div>\n<div><\/div>\n<\/div>\n<div><!--YouTube Error: bad URL entered--><\/div>\n<div class=\"canvasWrapper\"><\/div>\n","protected":false},"excerpt":{"rendered":"<p>Ditet e Komunes se Ulqinit (PRILL 2017) 29 mars 2017, e m\u00ebrkur\u00eb 1. Hapja e festivalit nd\u00ebrkombetar t\u00eb gruas krijuese, salla e Shkoll\u00ebs muzik\u00ebs, ora 10:00 (OJQ Harmonia) 2. Eskpozita e punishtes artistike p\u00ebr f\u00ebmij\u00eb, galeria e Qendr\u00ebs p\u00ebr Kultur\u00eb, ora 19:00 (Art Dulcinium) 30 mars 2017, e enjt\u00eb 1. Ndarja e bursave student\u00ebve t\u00eb [&hellip;]<\/p>\n","protected":false},"author":1,"featured_media":0,"comment_status":"closed","ping_status":"closed","sticky":false,"template":"","format":"standard","meta":{"spay_email":"","jetpack_publicize_message":"","jetpack_is_tweetstorm":false,"jetpack_publicize_feature_enabled":true},"categories":[1],"tags":[],"jetpack_publicize_connections":[],"yoast_head":"<!-- This site is optimized with the Yoast SEO plugin v19.1 - https:\/\/yoast.com\/wordpress\/plugins\/seo\/ -->\n<title>Prezantohet programi i dit\u00ebs s\u00eb Ulqinit 2017 - Lajme nga Ulqini<\/title>\n<meta name=\"description\" content=\"Ditet e Komunes se Ulqinit (PRILL 2017) 29 mars 2017, e m\u00ebrkur\u00eb 1. Hapja e festivalit nd\u00ebrkombetar t\u00eb gruas krijuese, salla e Shkoll\u00ebs muzik\u00ebs, ora 10:00\" \/>\n<meta name=\"robots\" content=\"index, follow, max-snippet:-1, max-image-preview:large, max-video-preview:-1\" \/>\n<link rel=\"canonical\" href=\"https:\/\/www.visit-ulcinj.com\/blog\/2017\/03\/20\/prezantohet-programi-dites-se-ulqinit-2017\/\" \/>\n<meta property=\"og:locale\" content=\"en_US\" \/>\n<meta property=\"og:type\" content=\"article\" \/>\n<meta property=\"og:title\" content=\"Prezantohet programi i dit\u00ebs s\u00eb Ulqinit 2017 - Lajme nga Ulqini\" \/>\n<meta property=\"og:description\" content=\"Ditet e Komunes se Ulqinit (PRILL 2017) 29 mars 2017, e m\u00ebrkur\u00eb 1. Hapja e festivalit nd\u00ebrkombetar t\u00eb gruas krijuese, salla e Shkoll\u00ebs muzik\u00ebs, ora 10:00\" \/>\n<meta property=\"og:url\" content=\"https:\/\/www.visit-ulcinj.com\/blog\/2017\/03\/20\/prezantohet-programi-dites-se-ulqinit-2017\/\" \/>\n<meta property=\"og:site_name\" content=\"Lajme nga Ulqini\" \/>\n<meta property=\"article:published_time\" content=\"2017-03-20T16:21:04+00:00\" \/>\n<meta property=\"article:modified_time\" content=\"2017-03-21T22:05:18+00:00\" \/>\n<meta property=\"og:image\" content=\"http:\/\/www.visit-ulcinj.com\/blog\/wp-content\/uploads\/2017\/03\/dita-e-komunes-se-ulqinit.1.jpg\" \/>\n<meta name=\"twitter:label1\" content=\"Written by\" \/>\n\t<meta name=\"twitter:data1\" content=\"ulqini\" \/>\n\t<meta name=\"twitter:label2\" content=\"Est. reading time\" \/>\n\t<meta name=\"twitter:data2\" content=\"2 minutes\" \/>\n<script type=\"application\/ld+json\" class=\"yoast-schema-graph\">{\"@context\":\"https:\/\/schema.org\",\"@graph\":[{\"@type\":\"WebSite\",\"@id\":\"https:\/\/www.visit-ulcinj.com\/blog\/#website\",\"url\":\"https:\/\/www.visit-ulcinj.com\/blog\/\",\"name\":\"Lajme nga Ulqini\",\"description\":\"Lajme,Vijesti,Ulqini,Ulqin,Crna Gora,Mali i Zi\",\"potentialAction\":[{\"@type\":\"SearchAction\",\"target\":{\"@type\":\"EntryPoint\",\"urlTemplate\":\"https:\/\/www.visit-ulcinj.com\/blog\/?s={search_term_string}\"},\"query-input\":\"required name=search_term_string\"}],\"inLanguage\":\"en-US\"},{\"@type\":\"ImageObject\",\"inLanguage\":\"en-US\",\"@id\":\"https:\/\/www.visit-ulcinj.com\/blog\/2017\/03\/20\/prezantohet-programi-dites-se-ulqinit-2017\/#primaryimage\",\"url\":\"https:\/\/www.visit-ulcinj.com\/blog\/wp-content\/uploads\/2017\/03\/dita-e-komunes-se-ulqinit.1.jpg\",\"contentUrl\":\"https:\/\/www.visit-ulcinj.com\/blog\/wp-content\/uploads\/2017\/03\/dita-e-komunes-se-ulqinit.1.jpg\",\"width\":620,\"height\":300},{\"@type\":\"WebPage\",\"@id\":\"https:\/\/www.visit-ulcinj.com\/blog\/2017\/03\/20\/prezantohet-programi-dites-se-ulqinit-2017\/#webpage\",\"url\":\"https:\/\/www.visit-ulcinj.com\/blog\/2017\/03\/20\/prezantohet-programi-dites-se-ulqinit-2017\/\",\"name\":\"Prezantohet programi i dit\u00ebs s\u00eb Ulqinit 2017 - Lajme nga Ulqini\",\"isPartOf\":{\"@id\":\"https:\/\/www.visit-ulcinj.com\/blog\/#website\"},\"primaryImageOfPage\":{\"@id\":\"https:\/\/www.visit-ulcinj.com\/blog\/2017\/03\/20\/prezantohet-programi-dites-se-ulqinit-2017\/#primaryimage\"},\"datePublished\":\"2017-03-20T16:21:04+00:00\",\"dateModified\":\"2017-03-21T22:05:18+00:00\",\"author\":{\"@id\":\"https:\/\/www.visit-ulcinj.com\/blog\/#\/schema\/person\/dcab619c614d3038751c63bc2aadc06d\"},\"description\":\"Ditet e Komunes se Ulqinit (PRILL 2017) 29 mars 2017, e m\u00ebrkur\u00eb 1. Hapja e festivalit nd\u00ebrkombetar t\u00eb gruas krijuese, salla e Shkoll\u00ebs muzik\u00ebs, ora 10:00\",\"breadcrumb\":{\"@id\":\"https:\/\/www.visit-ulcinj.com\/blog\/2017\/03\/20\/prezantohet-programi-dites-se-ulqinit-2017\/#breadcrumb\"},\"inLanguage\":\"en-US\",\"potentialAction\":[{\"@type\":\"ReadAction\",\"target\":[\"https:\/\/www.visit-ulcinj.com\/blog\/2017\/03\/20\/prezantohet-programi-dites-se-ulqinit-2017\/\"]}]},{\"@type\":\"BreadcrumbList\",\"@id\":\"https:\/\/www.visit-ulcinj.com\/blog\/2017\/03\/20\/prezantohet-programi-dites-se-ulqinit-2017\/#breadcrumb\",\"itemListElement\":[{\"@type\":\"ListItem\",\"position\":1,\"name\":\"Prezantohet programi i dit\u00ebs s\u00eb Ulqinit 2017\"}]},{\"@type\":\"Person\",\"@id\":\"https:\/\/www.visit-ulcinj.com\/blog\/#\/schema\/person\/dcab619c614d3038751c63bc2aadc06d\",\"name\":\"ulqini\",\"sameAs\":[\"http:\/\/www.visit-ulcinj.com\"],\"url\":\"https:\/\/www.visit-ulcinj.com\/blog\/author\/admin\/\"}]}<\/script>\n<!-- \/ Yoast SEO plugin. -->","yoast_head_json":{"title":"Prezantohet programi i dit\u00ebs s\u00eb Ulqinit 2017 - Lajme nga Ulqini","description":"Ditet e Komunes se Ulqinit (PRILL 2017) 29 mars 2017, e m\u00ebrkur\u00eb 1. Hapja e festivalit nd\u00ebrkombetar t\u00eb gruas krijuese, salla e Shkoll\u00ebs muzik\u00ebs, ora 10:00","robots":{"index":"index","follow":"follow","max-snippet":"max-snippet:-1","max-image-preview":"max-image-preview:large","max-video-preview":"max-video-preview:-1"},"canonical":"https:\/\/www.visit-ulcinj.com\/blog\/2017\/03\/20\/prezantohet-programi-dites-se-ulqinit-2017\/","og_locale":"en_US","og_type":"article","og_title":"Prezantohet programi i dit\u00ebs s\u00eb Ulqinit 2017 - Lajme nga Ulqini","og_description":"Ditet e Komunes se Ulqinit (PRILL 2017) 29 mars 2017, e m\u00ebrkur\u00eb 1. Hapja e festivalit nd\u00ebrkombetar t\u00eb gruas krijuese, salla e Shkoll\u00ebs muzik\u00ebs, ora 10:00","og_url":"https:\/\/www.visit-ulcinj.com\/blog\/2017\/03\/20\/prezantohet-programi-dites-se-ulqinit-2017\/","og_site_name":"Lajme nga Ulqini","article_published_time":"2017-03-20T16:21:04+00:00","article_modified_time":"2017-03-21T22:05:18+00:00","og_image":[{"url":"http:\/\/www.visit-ulcinj.com\/blog\/wp-content\/uploads\/2017\/03\/dita-e-komunes-se-ulqinit.1.jpg"}],"twitter_misc":{"Written by":"ulqini","Est. reading time":"2 minutes"},"schema":{"@context":"https:\/\/schema.org","@graph":[{"@type":"WebSite","@id":"https:\/\/www.visit-ulcinj.com\/blog\/#website","url":"https:\/\/www.visit-ulcinj.com\/blog\/","name":"Lajme nga Ulqini","description":"Lajme,Vijesti,Ulqini,Ulqin,Crna Gora,Mali i Zi","potentialAction":[{"@type":"SearchAction","target":{"@type":"EntryPoint","urlTemplate":"https:\/\/www.visit-ulcinj.com\/blog\/?s={search_term_string}"},"query-input":"required name=search_term_string"}],"inLanguage":"en-US"},{"@type":"ImageObject","inLanguage":"en-US","@id":"https:\/\/www.visit-ulcinj.com\/blog\/2017\/03\/20\/prezantohet-programi-dites-se-ulqinit-2017\/#primaryimage","url":"https:\/\/www.visit-ulcinj.com\/blog\/wp-content\/uploads\/2017\/03\/dita-e-komunes-se-ulqinit.1.jpg","contentUrl":"https:\/\/www.visit-ulcinj.com\/blog\/wp-content\/uploads\/2017\/03\/dita-e-komunes-se-ulqinit.1.jpg","width":620,"height":300},{"@type":"WebPage","@id":"https:\/\/www.visit-ulcinj.com\/blog\/2017\/03\/20\/prezantohet-programi-dites-se-ulqinit-2017\/#webpage","url":"https:\/\/www.visit-ulcinj.com\/blog\/2017\/03\/20\/prezantohet-programi-dites-se-ulqinit-2017\/","name":"Prezantohet programi i dit\u00ebs s\u00eb Ulqinit 2017 - Lajme nga Ulqini","isPartOf":{"@id":"https:\/\/www.visit-ulcinj.com\/blog\/#website"},"primaryImageOfPage":{"@id":"https:\/\/www.visit-ulcinj.com\/blog\/2017\/03\/20\/prezantohet-programi-dites-se-ulqinit-2017\/#primaryimage"},"datePublished":"2017-03-20T16:21:04+00:00","dateModified":"2017-03-21T22:05:18+00:00","author":{"@id":"https:\/\/www.visit-ulcinj.com\/blog\/#\/schema\/person\/dcab619c614d3038751c63bc2aadc06d"},"description":"Ditet e Komunes se Ulqinit (PRILL 2017) 29 mars 2017, e m\u00ebrkur\u00eb 1. Hapja e festivalit nd\u00ebrkombetar t\u00eb gruas krijuese, salla e Shkoll\u00ebs muzik\u00ebs, ora 10:00","breadcrumb":{"@id":"https:\/\/www.visit-ulcinj.com\/blog\/2017\/03\/20\/prezantohet-programi-dites-se-ulqinit-2017\/#breadcrumb"},"inLanguage":"en-US","potentialAction":[{"@type":"ReadAction","target":["https:\/\/www.visit-ulcinj.com\/blog\/2017\/03\/20\/prezantohet-programi-dites-se-ulqinit-2017\/"]}]},{"@type":"BreadcrumbList","@id":"https:\/\/www.visit-ulcinj.com\/blog\/2017\/03\/20\/prezantohet-programi-dites-se-ulqinit-2017\/#breadcrumb","itemListElement":[{"@type":"ListItem","position":1,"name":"Prezantohet programi i dit\u00ebs s\u00eb Ulqinit 2017"}]},{"@type":"Person","@id":"https:\/\/www.visit-ulcinj.com\/blog\/#\/schema\/person\/dcab619c614d3038751c63bc2aadc06d","name":"ulqini","sameAs":["http:\/\/www.visit-ulcinj.com"],"url":"https:\/\/www.visit-ulcinj.com\/blog\/author\/admin\/"}]}},"jetpack_featured_media_url":"","jetpack_sharing_enabled":true,"jetpack_shortlink":"https:\/\/wp.me\/pe6lTn-qY3","_links":{"self":[{"href":"https:\/\/www.visit-ulcinj.com\/blog\/wp-json\/wp\/v2\/posts\/103667"}],"collection":[{"href":"https:\/\/www.visit-ulcinj.com\/blog\/wp-json\/wp\/v2\/posts"}],"about":[{"href":"https:\/\/www.visit-ulcinj.com\/blog\/wp-json\/wp\/v2\/types\/post"}],"author":[{"embeddable":true,"href":"https:\/\/www.visit-ulcinj.com\/blog\/wp-json\/wp\/v2\/users\/1"}],"replies":[{"embeddable":true,"href":"https:\/\/www.visit-ulcinj.com\/blog\/wp-json\/wp\/v2\/comments?post=103667"}],"version-history":[{"count":5,"href":"https:\/\/www.visit-ulcinj.com\/blog\/wp-json\/wp\/v2\/posts\/103667\/revisions"}],"predecessor-version":[{"id":103700,"href":"https:\/\/www.visit-ulcinj.com\/blog\/wp-json\/wp\/v2\/posts\/103667\/revisions\/103700"}],"wp:attachment":[{"href":"https:\/\/www.visit-ulcinj.com\/blog\/wp-json\/wp\/v2\/media?parent=103667"}],"wp:term":[{"taxonomy":"category","embeddable":true,"href":"https:\/\/www.visit-ulcinj.com\/blog\/wp-json\/wp\/v2\/categories?post=103667"},{"taxonomy":"post_tag","embeddable":true,"href":"https:\/\/www.visit-ulcinj.com\/blog\/wp-json\/wp\/v2\/tags?post=103667"}],"curies":[{"name":"wp","href":"https:\/\/api.w.org\/{rel}","templated":true}]}}