{"id":103674,"date":"2017-03-20T17:40:18","date_gmt":"2017-03-20T16:40:18","guid":{"rendered":"http:\/\/www.visit-ulcinj.com\/blog\/?p=103674"},"modified":"2017-03-20T17:40:18","modified_gmt":"2017-03-20T16:40:18","slug":"m-canka-gradjane-ulcinja-niko-nista-ne-pita","status":"publish","type":"post","link":"https:\/\/www.visit-ulcinj.com\/blog\/2017\/03\/20\/m-canka-gradjane-ulcinja-niko-nista-ne-pita\/","title":{"rendered":"M.Canka: GRADJANE ULCINJA NIKO NISTA NE PITA"},"content":{"rendered":"<p><a href=\"http:\/\/www.visit-ulcinj.com\/blog\/wp-content\/uploads\/2017\/03\/MUSTAFA-CANKA.jpg\"><img loading=\"lazy\" class=\"alignleft wp-image-103676\" src=\"http:\/\/www.visit-ulcinj.com\/blog\/wp-content\/uploads\/2017\/03\/MUSTAFA-CANKA.jpg\" alt=\"MUSTAFA-CANKA\" width=\"508\" height=\"381\" srcset=\"https:\/\/www.visit-ulcinj.com\/blog\/wp-content\/uploads\/2017\/03\/MUSTAFA-CANKA.jpg 1000w, https:\/\/www.visit-ulcinj.com\/blog\/wp-content\/uploads\/2017\/03\/MUSTAFA-CANKA-300x225.jpg 300w, https:\/\/www.visit-ulcinj.com\/blog\/wp-content\/uploads\/2017\/03\/MUSTAFA-CANKA-768x576.jpg 768w\" sizes=\"(max-width: 508px) 100vw, 508px\" \/><\/a>Ministarka ekonomije <strong>Dragica Sekuli\u0107<\/strong> i izvr\u0161ni direktor gr\u010dke kompanije Energean Oil&amp;Gas <strong>Mathios Rigas<\/strong> potpisali su u srijedu u Vili \u201dGorica\u201d\u00a0ugovor o koncesiji za proizvodnju i istra\u017eivanje ugljovodonika u podmorju Crne Gore na 30 godina.<\/p>\n<p>Prema rije\u010dima ministarke, Crna Gora i njeni gra\u0111ani napokon \u0107e znati da li imaju ovaj resurs, a da pri tom ne\u0107e imati nikakve tro\u0161kove po tom osnovu. \u201cDugo smo pripremali projekat, trpe\u0107i i kritike zbog du\u017eine trajanja pripremnog procesa. Ipak, nijesmo tr\u010dali nau\u0161trb kvaliteta, ve\u0107 smo se potrudili da u\u010dimo od najboljih na svijetu u ovoj oblasti\u201d, kazala je\u00a0Sekuli\u0107.<\/p>\n<p>I Rigas je bio pun optimizma navode\u0107i da nikada za 35 godina rada nijesu imali neku nesre\u0107u u gr\u010dkom podmorju i da su sada tu \u201eu korist Crne Gore i\u00a0njenih gra\u0111ana\u201d.<\/p>\n<p>Problem je, mo\u017eda, samo u \u010dinjenici da gra\u0111ane Ulcinja, u \u010dijem \u0107e akvatorijumu biti bu\u0161otine, o tome niko ni\u0161ta nije pitao niti najve\u0107i broj njih i\u0161ta o tome zna.<\/p>\n<p>\u010cak ni javne rasprave prilikom dono\u0161enja Zakona o ugljovodonicima nijesu organizovane u tom gradu ve\u0107 samo u Podgorici, Baru i Kotoru.<\/p>\n<p>Usvajaju\u0107i taj pravni akt poslanik Nove demokratske snage \u2013 Forca, a sada\u0161nji potpredsjednik Skup\u0161tine Crne Gore <strong>Genci Nimanbegu<\/strong> je kazao da nema\u00a0dovoljno podataka o\u00a0budu\u0107im istra\u017eivanjima nafte i gasa. Naveo je da bi to pitanje ponovo trebalo otvoriti u skup\u0161tinama op\u0161tina Ulcinj i Bar.<\/p>\n<p>To se, naravno, nije desilo niti je neko od ulcinjskih zvani\u010dnika bilo \u0161to javno kazao o poslu koji bi trebalo da po\u010dne u prvoj polovini naredne godine. Potpisivanjem ugovora s gr\u010dkom kompanijom, a u septembru pro\u0161le godine sa italijansko-ruskim kompanijama \u201cEni\u201d i \u201cNovatek\u201d, ukupan broj blokova koji su dati na istra\u017eivanje u ulcinjskom podmorju iznosi \u0161est, a povr\u0161ina koju zahvataju je oko 1.400 kilometara kvadratnih!?<\/p>\n<p>U ulcinjskoj URI su kazali da je to logi\u010dno o\u010dekivati od vlasti koja je prije ta\u010dno godinu dana instalirana dekretom iz Podgorice, i da, stoga, njeni \u010delnici nijesu odgovorni gra\u0111anima, ve\u0107 onima koji su ih postavili na funkcije.<\/p>\n<p>\u201cVlada je sve uni\u0161tila\u00a0u proteklih 25 godina\u00a0i jedino nam je ostalo more. Na ovaj na\u010din su na dobrom putu da i to \u0161to je o\u010duvano uni\u0161te. Mi \u010dak nemamo ni studiju o procjeni uticaja na \u017eivotnu sredinu. A Ulcinjani \u017eive uz more i od onog \u0161to je direktno vezano sa morem, njegovim o\u010duvanjem i za\u0161titom. Mislimo tu, prije svega, na turizam i ribarstvo. Zato nemamo povjerenja da \u0107e Vlada taj\u00a0posao uraditi kako treba\u201d, isti\u010du iz te politi\u010dke organizacije.<\/p>\n<p>Navodi se da je prethodna Vlada <strong>Mila \u0110ukanovi\u0107a<\/strong> odbila mogu\u0107nost da se gra\u0111ani na referendumu izjasne o projekta istra\u017eivanja nafte i gasa.<\/p>\n<p>Ulcinjani tako\u0111e ni\u0161ta nijesu pitani ni prilikom projektovanja trase gasovoda koji bi iz Azerbejd\u017eana trebalo jednim krakom da prolazi kroz teritoriju te op\u0161tine i dalje prema Zapadnoj Evropi. Javna rasprava o tome je odr\u017eana na Cetinju.<\/p>\n<p>Naime, taj transjadranski gasovod bi u Crnu Goru ulazio kod mjesta \u0160todra, na granici sa Albanijom, a tu bi trebalo da budu postavljena gasna postrojenja.<\/p>\n<p>Mje\u0161tanima sela na Anamalskom podru\u010dju niko nije kazao da \u0107e gasovod \u201cprogutati\u201d ogroman prostor, da se on potom ne mo\u017ee valorizovati na kvalitetan na\u010din, kao i da od ovog, novog \u201cposla stolje\u0107a\u201d oni ne\u0107e imati nikakve koristi.<\/p>\n<p>Sli\u010dno se desilo tokom pokretanja projekta izgradnje vjetroelektrana na brdu Mo\u017eura, te u postupcima privatizacije ulcinjskih preduze\u0107a (Agroulcinj, Solana, Gra\u0111evinsko, Ultep, Otrantkomerc i hotela), \u010dije su posljedice bile razorne po ovu op\u0161tinu i njene gra\u0111ane, posebno nekada\u0161nje radnike.<\/p>\n<p>Izvr\u0161ni direktor ekolo\u0161ke organizacije \u201cZeleni korak\u201d <strong>D\u017eelal Hod\u017ei\u0107<\/strong> ka\u017ee da vlast po doma\u0107em i me\u0111unarodnom zakonodavstvu mora da informi\u0161e gra\u0111ane i obezbijede pristup informacijama, pa i da im omogu\u0107i u\u010de\u0161\u0107e u odlu\u010divanju o pitanjima vezanim za \u017eivotnu sredinu. \u201cNa to smo se obavezali jer smo prije osam godina usvojili Arhu\u0161ku konvenciju, koja omogu\u0107ava interakciju gra\u0111ana i organa vlasti na svim nivoima i obezbje\u0111uje primjenu i za\u0161titu ljudskih prava u oblasti \u017eivotne sredine\u201d, dodaje on.<\/p>\n<p>Prema rije\u010dima direktora Monitoring grupe Ulcinj (MOGUL) <strong>D\u017eemala Perovi\u0107a<\/strong>, svaka od ovih radnji je vo\u0111ena pohlepom. \u201cI svaka ponaosob zavre\u0111uje promptnu reakciju gra\u0111ana Ulcinja. Bez i\u010dijeg poziva, normalna odbrana, ne samo \u017eivotne sredine, ve\u0107 \u017eivotnih interesa, budu\u0107ih pokoljenja. Pesimisti ka\u017eu da nas nikada ni za \u0161to nijesu pitali, ali smo uspjeli da odbranimo pone\u0161to. Nikome vi\u0161e ne treba obja\u0161njavati da se radi o bezo\u010dnoj plja\u010dki dr\u017eavnih resursa od strane prvog e\u0161alona vladaju\u0107e garniture. No, kada sve ovo pro\u0111e bi\u0107e zanimljivo i neophodno objasniti ovu apatiju, ovaj sindrom mirenja sa \u2018sudbinom\u2019, ovu paralizu podanika, kako u Ulcinju, tako i u cijeloj dr\u017eavi. Ne samo da izostaje organizovani otpor obespravljenih, koji bi ih sru\u0161io kao kulu od karata, nego su ponekad glasniji ubogi \u2018gra\u0111ani\u2018, koji imaju iluziju da su dio sistema, da ih tamo ne\u0111e \u010deka nagrada \u0161to rade u korist svoje \u0161tete\u201d, ocjenjuje on.<\/p>\n<p>Perovi\u0107 ka\u017ee da, ipak, ne pamti neku gra\u0111ansku akciju koju je pokrenuo MOGUL, a da im nije pri\u0161ao poneko iz redova onih za \u010dije interese su se zalagali: bili oni radnici koji su zavr\u0161ili na ulici od njihovih privatizacija, ili biv\u0161i vlasnici kojima treba da se vrati oteto, sa \u2018prijateljskim savjetom\u2019 da se manemo \u2018\u0107orava posla\u2019. \u201cValjda, da im ne kvarimo iluziju obe\u0107anog boljeg \u017eivota sigurnim korakom. Ali, na sre\u0107u, sve je manje naivnih\u201d, uvjeren je \u010delnik ove ulcinjske nevladine organizacije.<strong> (<em>Monitor<\/em>)<\/strong><\/p>\n<p><strong>VIDEO TVCG<\/strong><br \/>\n[flv]http:\/\/www.rtcg.me\/upload\/boxFileData\/2017\/03\/15\/219880\/15%203%20Iidnevnik%202%20001-1.mp4[\/flv]<\/p>\n","protected":false},"excerpt":{"rendered":"<p>Ministarka ekonomije Dragica Sekuli\u0107 i izvr\u0161ni direktor gr\u010dke kompanije Energean Oil&amp;Gas Mathios Rigas potpisali su u srijedu u Vili \u201dGorica\u201d\u00a0ugovor o koncesiji za proizvodnju i istra\u017eivanje ugljovodonika u podmorju Crne Gore na 30 godina. Prema rije\u010dima ministarke, Crna Gora i njeni gra\u0111ani napokon \u0107e znati da li imaju ovaj resurs, a da pri tom ne\u0107e [&hellip;]<\/p>\n","protected":false},"author":1,"featured_media":0,"comment_status":"closed","ping_status":"closed","sticky":false,"template":"","format":"standard","meta":{"spay_email":"","jetpack_publicize_message":"","jetpack_is_tweetstorm":false,"jetpack_publicize_feature_enabled":true},"categories":[8337],"tags":[],"jetpack_publicize_connections":[],"yoast_head":"<!-- This site is optimized with the Yoast SEO plugin v19.1 - https:\/\/yoast.com\/wordpress\/plugins\/seo\/ -->\n<title>M.Canka: GRADJANE ULCINJA NIKO NISTA NE PITA - Lajme nga Ulqini<\/title>\n<meta name=\"description\" content=\"Ministarka ekonomije Dragica Sekuli\u0107 i izvr\u0161ni direktor gr\u010dke kompanije Energean Oil&amp;Gas Mathios Rigas potpisali su u srijedu u Vili \u201dGorica\u201d\u00a0ugovor o\" \/>\n<meta name=\"robots\" content=\"index, follow, max-snippet:-1, max-image-preview:large, max-video-preview:-1\" \/>\n<link rel=\"canonical\" href=\"https:\/\/www.visit-ulcinj.com\/blog\/2017\/03\/20\/m-canka-gradjane-ulcinja-niko-nista-ne-pita\/\" \/>\n<meta property=\"og:locale\" content=\"en_US\" \/>\n<meta property=\"og:type\" content=\"article\" \/>\n<meta property=\"og:title\" content=\"M.Canka: GRADJANE ULCINJA NIKO NISTA NE PITA - Lajme nga Ulqini\" \/>\n<meta property=\"og:description\" content=\"Ministarka ekonomije Dragica Sekuli\u0107 i izvr\u0161ni direktor gr\u010dke kompanije Energean Oil&amp;Gas Mathios Rigas potpisali su u srijedu u Vili \u201dGorica\u201d\u00a0ugovor o\" \/>\n<meta property=\"og:url\" content=\"https:\/\/www.visit-ulcinj.com\/blog\/2017\/03\/20\/m-canka-gradjane-ulcinja-niko-nista-ne-pita\/\" \/>\n<meta property=\"og:site_name\" content=\"Lajme nga Ulqini\" \/>\n<meta property=\"article:published_time\" content=\"2017-03-20T16:40:18+00:00\" \/>\n<meta property=\"og:image\" content=\"http:\/\/www.visit-ulcinj.com\/blog\/wp-content\/uploads\/2017\/03\/MUSTAFA-CANKA.jpg\" \/>\n<meta name=\"twitter:label1\" content=\"Written by\" \/>\n\t<meta name=\"twitter:data1\" content=\"ulqini\" \/>\n\t<meta name=\"twitter:label2\" content=\"Est. reading time\" \/>\n\t<meta name=\"twitter:data2\" content=\"5 minutes\" \/>\n<script type=\"application\/ld+json\" class=\"yoast-schema-graph\">{\"@context\":\"https:\/\/schema.org\",\"@graph\":[{\"@type\":\"WebSite\",\"@id\":\"https:\/\/www.visit-ulcinj.com\/blog\/#website\",\"url\":\"https:\/\/www.visit-ulcinj.com\/blog\/\",\"name\":\"Lajme nga Ulqini\",\"description\":\"Lajme,Vijesti,Ulqini,Ulqin,Crna Gora,Mali i Zi\",\"potentialAction\":[{\"@type\":\"SearchAction\",\"target\":{\"@type\":\"EntryPoint\",\"urlTemplate\":\"https:\/\/www.visit-ulcinj.com\/blog\/?s={search_term_string}\"},\"query-input\":\"required name=search_term_string\"}],\"inLanguage\":\"en-US\"},{\"@type\":\"ImageObject\",\"inLanguage\":\"en-US\",\"@id\":\"https:\/\/www.visit-ulcinj.com\/blog\/2017\/03\/20\/m-canka-gradjane-ulcinja-niko-nista-ne-pita\/#primaryimage\",\"url\":\"https:\/\/www.visit-ulcinj.com\/blog\/wp-content\/uploads\/2017\/03\/MUSTAFA-CANKA.jpg\",\"contentUrl\":\"https:\/\/www.visit-ulcinj.com\/blog\/wp-content\/uploads\/2017\/03\/MUSTAFA-CANKA.jpg\",\"width\":1000,\"height\":750},{\"@type\":\"WebPage\",\"@id\":\"https:\/\/www.visit-ulcinj.com\/blog\/2017\/03\/20\/m-canka-gradjane-ulcinja-niko-nista-ne-pita\/#webpage\",\"url\":\"https:\/\/www.visit-ulcinj.com\/blog\/2017\/03\/20\/m-canka-gradjane-ulcinja-niko-nista-ne-pita\/\",\"name\":\"M.Canka: GRADJANE ULCINJA NIKO NISTA NE PITA - Lajme nga Ulqini\",\"isPartOf\":{\"@id\":\"https:\/\/www.visit-ulcinj.com\/blog\/#website\"},\"primaryImageOfPage\":{\"@id\":\"https:\/\/www.visit-ulcinj.com\/blog\/2017\/03\/20\/m-canka-gradjane-ulcinja-niko-nista-ne-pita\/#primaryimage\"},\"datePublished\":\"2017-03-20T16:40:18+00:00\",\"dateModified\":\"2017-03-20T16:40:18+00:00\",\"author\":{\"@id\":\"https:\/\/www.visit-ulcinj.com\/blog\/#\/schema\/person\/dcab619c614d3038751c63bc2aadc06d\"},\"description\":\"Ministarka ekonomije Dragica Sekuli\u0107 i izvr\u0161ni direktor gr\u010dke kompanije Energean Oil&amp;Gas Mathios Rigas potpisali su u srijedu u Vili \u201dGorica\u201d\u00a0ugovor o\",\"breadcrumb\":{\"@id\":\"https:\/\/www.visit-ulcinj.com\/blog\/2017\/03\/20\/m-canka-gradjane-ulcinja-niko-nista-ne-pita\/#breadcrumb\"},\"inLanguage\":\"en-US\",\"potentialAction\":[{\"@type\":\"ReadAction\",\"target\":[\"https:\/\/www.visit-ulcinj.com\/blog\/2017\/03\/20\/m-canka-gradjane-ulcinja-niko-nista-ne-pita\/\"]}]},{\"@type\":\"BreadcrumbList\",\"@id\":\"https:\/\/www.visit-ulcinj.com\/blog\/2017\/03\/20\/m-canka-gradjane-ulcinja-niko-nista-ne-pita\/#breadcrumb\",\"itemListElement\":[{\"@type\":\"ListItem\",\"position\":1,\"name\":\"M.Canka: GRADJANE ULCINJA NIKO NISTA NE PITA\"}]},{\"@type\":\"Person\",\"@id\":\"https:\/\/www.visit-ulcinj.com\/blog\/#\/schema\/person\/dcab619c614d3038751c63bc2aadc06d\",\"name\":\"ulqini\",\"sameAs\":[\"http:\/\/www.visit-ulcinj.com\"],\"url\":\"https:\/\/www.visit-ulcinj.com\/blog\/author\/admin\/\"}]}<\/script>\n<!-- \/ Yoast SEO plugin. -->","yoast_head_json":{"title":"M.Canka: GRADJANE ULCINJA NIKO NISTA NE PITA - Lajme nga Ulqini","description":"Ministarka ekonomije Dragica Sekuli\u0107 i izvr\u0161ni direktor gr\u010dke kompanije Energean Oil&amp;Gas Mathios Rigas potpisali su u srijedu u Vili \u201dGorica\u201d\u00a0ugovor o","robots":{"index":"index","follow":"follow","max-snippet":"max-snippet:-1","max-image-preview":"max-image-preview:large","max-video-preview":"max-video-preview:-1"},"canonical":"https:\/\/www.visit-ulcinj.com\/blog\/2017\/03\/20\/m-canka-gradjane-ulcinja-niko-nista-ne-pita\/","og_locale":"en_US","og_type":"article","og_title":"M.Canka: GRADJANE ULCINJA NIKO NISTA NE PITA - Lajme nga Ulqini","og_description":"Ministarka ekonomije Dragica Sekuli\u0107 i izvr\u0161ni direktor gr\u010dke kompanije Energean Oil&amp;Gas Mathios Rigas potpisali su u srijedu u Vili \u201dGorica\u201d\u00a0ugovor o","og_url":"https:\/\/www.visit-ulcinj.com\/blog\/2017\/03\/20\/m-canka-gradjane-ulcinja-niko-nista-ne-pita\/","og_site_name":"Lajme nga Ulqini","article_published_time":"2017-03-20T16:40:18+00:00","og_image":[{"url":"http:\/\/www.visit-ulcinj.com\/blog\/wp-content\/uploads\/2017\/03\/MUSTAFA-CANKA.jpg"}],"twitter_misc":{"Written by":"ulqini","Est. reading time":"5 minutes"},"schema":{"@context":"https:\/\/schema.org","@graph":[{"@type":"WebSite","@id":"https:\/\/www.visit-ulcinj.com\/blog\/#website","url":"https:\/\/www.visit-ulcinj.com\/blog\/","name":"Lajme nga Ulqini","description":"Lajme,Vijesti,Ulqini,Ulqin,Crna Gora,Mali i Zi","potentialAction":[{"@type":"SearchAction","target":{"@type":"EntryPoint","urlTemplate":"https:\/\/www.visit-ulcinj.com\/blog\/?s={search_term_string}"},"query-input":"required name=search_term_string"}],"inLanguage":"en-US"},{"@type":"ImageObject","inLanguage":"en-US","@id":"https:\/\/www.visit-ulcinj.com\/blog\/2017\/03\/20\/m-canka-gradjane-ulcinja-niko-nista-ne-pita\/#primaryimage","url":"https:\/\/www.visit-ulcinj.com\/blog\/wp-content\/uploads\/2017\/03\/MUSTAFA-CANKA.jpg","contentUrl":"https:\/\/www.visit-ulcinj.com\/blog\/wp-content\/uploads\/2017\/03\/MUSTAFA-CANKA.jpg","width":1000,"height":750},{"@type":"WebPage","@id":"https:\/\/www.visit-ulcinj.com\/blog\/2017\/03\/20\/m-canka-gradjane-ulcinja-niko-nista-ne-pita\/#webpage","url":"https:\/\/www.visit-ulcinj.com\/blog\/2017\/03\/20\/m-canka-gradjane-ulcinja-niko-nista-ne-pita\/","name":"M.Canka: GRADJANE ULCINJA NIKO NISTA NE PITA - Lajme nga Ulqini","isPartOf":{"@id":"https:\/\/www.visit-ulcinj.com\/blog\/#website"},"primaryImageOfPage":{"@id":"https:\/\/www.visit-ulcinj.com\/blog\/2017\/03\/20\/m-canka-gradjane-ulcinja-niko-nista-ne-pita\/#primaryimage"},"datePublished":"2017-03-20T16:40:18+00:00","dateModified":"2017-03-20T16:40:18+00:00","author":{"@id":"https:\/\/www.visit-ulcinj.com\/blog\/#\/schema\/person\/dcab619c614d3038751c63bc2aadc06d"},"description":"Ministarka ekonomije Dragica Sekuli\u0107 i izvr\u0161ni direktor gr\u010dke kompanije Energean Oil&amp;Gas Mathios Rigas potpisali su u srijedu u Vili \u201dGorica\u201d\u00a0ugovor o","breadcrumb":{"@id":"https:\/\/www.visit-ulcinj.com\/blog\/2017\/03\/20\/m-canka-gradjane-ulcinja-niko-nista-ne-pita\/#breadcrumb"},"inLanguage":"en-US","potentialAction":[{"@type":"ReadAction","target":["https:\/\/www.visit-ulcinj.com\/blog\/2017\/03\/20\/m-canka-gradjane-ulcinja-niko-nista-ne-pita\/"]}]},{"@type":"BreadcrumbList","@id":"https:\/\/www.visit-ulcinj.com\/blog\/2017\/03\/20\/m-canka-gradjane-ulcinja-niko-nista-ne-pita\/#breadcrumb","itemListElement":[{"@type":"ListItem","position":1,"name":"M.Canka: GRADJANE ULCINJA NIKO NISTA NE PITA"}]},{"@type":"Person","@id":"https:\/\/www.visit-ulcinj.com\/blog\/#\/schema\/person\/dcab619c614d3038751c63bc2aadc06d","name":"ulqini","sameAs":["http:\/\/www.visit-ulcinj.com"],"url":"https:\/\/www.visit-ulcinj.com\/blog\/author\/admin\/"}]}},"jetpack_featured_media_url":"","jetpack_sharing_enabled":true,"jetpack_shortlink":"https:\/\/wp.me\/pe6lTn-qYa","_links":{"self":[{"href":"https:\/\/www.visit-ulcinj.com\/blog\/wp-json\/wp\/v2\/posts\/103674"}],"collection":[{"href":"https:\/\/www.visit-ulcinj.com\/blog\/wp-json\/wp\/v2\/posts"}],"about":[{"href":"https:\/\/www.visit-ulcinj.com\/blog\/wp-json\/wp\/v2\/types\/post"}],"author":[{"embeddable":true,"href":"https:\/\/www.visit-ulcinj.com\/blog\/wp-json\/wp\/v2\/users\/1"}],"replies":[{"embeddable":true,"href":"https:\/\/www.visit-ulcinj.com\/blog\/wp-json\/wp\/v2\/comments?post=103674"}],"version-history":[{"count":1,"href":"https:\/\/www.visit-ulcinj.com\/blog\/wp-json\/wp\/v2\/posts\/103674\/revisions"}],"predecessor-version":[{"id":103677,"href":"https:\/\/www.visit-ulcinj.com\/blog\/wp-json\/wp\/v2\/posts\/103674\/revisions\/103677"}],"wp:attachment":[{"href":"https:\/\/www.visit-ulcinj.com\/blog\/wp-json\/wp\/v2\/media?parent=103674"}],"wp:term":[{"taxonomy":"category","embeddable":true,"href":"https:\/\/www.visit-ulcinj.com\/blog\/wp-json\/wp\/v2\/categories?post=103674"},{"taxonomy":"post_tag","embeddable":true,"href":"https:\/\/www.visit-ulcinj.com\/blog\/wp-json\/wp\/v2\/tags?post=103674"}],"curies":[{"name":"wp","href":"https:\/\/api.w.org\/{rel}","templated":true}]}}