{"id":103696,"date":"2017-03-21T15:02:25","date_gmt":"2017-03-21T14:02:25","guid":{"rendered":"http:\/\/www.visit-ulcinj.com\/blog\/?p=103696"},"modified":"2017-03-23T15:05:22","modified_gmt":"2017-03-23T14:05:22","slug":"cili-eshte-kuptimi-ulqinak-e-burr-aspak-nga-haxhi-zeneli","status":"publish","type":"post","link":"https:\/\/www.visit-ulcinj.com\/blog\/2017\/03\/21\/cili-eshte-kuptimi-ulqinak-e-burr-aspak-nga-haxhi-zeneli\/","title":{"rendered":"Cili eshte kuptimi &#8220;Ulqinak e burr aspak&#8221; nga Haxhi Zeneli"},"content":{"rendered":"<div><strong><a href=\"http:\/\/www.visit-ulcinj.com\/blog\/wp-content\/uploads\/2014\/01\/haxhi-zeneli.jpg\"><img loading=\"lazy\" class=\"alignleft wp-image-78844 size-full\" src=\"http:\/\/www.visit-ulcinj.com\/blog\/wp-content\/uploads\/2014\/01\/haxhi-zeneli.jpg\" alt=\"haxhi-zeneli\" width=\"280\" height=\"236\" \/><\/a>Nga: Haxhi Zeneli<\/strong><\/div>\n<div><\/div>\n<div style=\"text-align: center;\"><strong>&#8220;ULQINAK E BURR ASPAK&#8221;!<\/strong><\/div>\n<div style=\"text-align: center;\"><\/div>\n<p>Nj\u00eb th\u00ebnje,po thuajse e d\u00ebgjuar nga shumica e shqiptar\u00ebve,e cila p\u00ebrdor\u00ebt nga \u00a0populli yn\u00eb,por n\u00eb t\u00eb v\u00ebrtet\u00eb shumica nuk dinin se nga erdhi,kush e shpiku,p\u00ebr \u00a0kend ishte fjala?.Pra n\u00eb k\u00ebt\u00eb shkrim dua t\u00eb shpjegoj\u00eb t\u00eb v\u00ebrtet\u00ebn e k\u00ebsaj\u00eb \u00a0historie,pasi q\u00eb kjo th\u00ebnje kishte kaluar kufijt e vendeve tona. Nj\u00eb dit\u00eb n\u00eb vendin e pun\u00ebs,nj\u00eb bashk\u00ebpuntor me komb\u00ebsi kroate,q\u00eb punonim nj\u00eb \u00a0koh\u00eb t\u00eb gjat\u00eb s\u00eb bashku,vjen tek un\u00eb,duke buzqeshur,dhe mu drejtue me k\u00ebto fjal\u00eb:&#8221;Ulqinak e burr \u00a0aspak&#8221;!,dhe pastaj m\u00eb pyet:&#8221;se \u00e7ka do t\u00eb thot\u00eb kjo?,t\u00eb cilat i kishte t\u00eb shkruara n\u00eb nj\u00eb let\u00ebr,q\u00eb mesiguri ja \u00a0kishte shkruar ndonj\u00eb shqiptar.Dhe un\u00eb buzqesha,duke i th\u00ebn\u00eb se:ai q\u00eb ta ka th\u00ebn\u00eb mesiguri q\u00eb nuk e njef \u00a0historin e k\u00ebsaj\u00eb th\u00ebnje,sepse e verteta \u00ebsht\u00eb ndryshe!, dhe i shpjegova historin e k\u00ebsaj\u00eb th\u00ebnje. Dhe ai pasi d\u00ebgjoj\u00eb rr\u00ebfimin tim,m\u00eb tregoj\u00eb se di\u00e7ka t\u00eb ngjaj\u00ebshme kishte edhe n\u00eb bregdetin e ti \u00a0kroat.<\/p>\n<p>Duke mos e kuptuar shumica e shqiptar\u00ebve historikun e k\u00ebsaj\u00eb anekdote,q\u00eb shpesh her\u00eb t\u00eb tjer\u00ebt e \u00a0p\u00ebrdorin p\u00ebr ti p\u00ebrqeshur ulqinak\u00ebt,as q\u00eb jan\u00eb n\u00eb dieni se p\u00ebr \u00e7ka ishte fjala,sepse asgj\u00eb nuk ka t\u00eb b\u00ebj\u00eb \u00a0me burr\u00ebrit e k\u00ebti populli.Dhe ko ndodh\u00eb,p\u00ebr shkak se Ulqinit ju \u00ebsht\u00eb muhuar e drejta e historia,q\u00eb nga \u00a0viti 1912,dhe q\u00eb nga ajo dit\u00eb nuk \u00ebsht\u00eb guxuar t\u00eb flit\u00ebt p\u00ebr heroizmin e banor\u00ebve t\u00eb k\u00ebti qyteti \u00a0legjendar.K\u00ebshtu q\u00eb shqiptaret e viseve t\u00eb tjera mund t\u00eb themi,se nuk e kan\u00eb njohurin p\u00ebr k\u00ebt\u00eb qytet dhe \u00a0popullin e ti.Shqiptar\u00ebt kan\u00eb vizituar k\u00ebt\u00eb qytet vet\u00ebm gjat\u00eb ver\u00ebs,dhe pak jan\u00eb interesuar p\u00ebr historin e \u00a0k\u00ebti qyteti t\u00eb lasht\u00eb.Qyteti i cili asnj\u00ebher\u00eb nuk u gjunj\u00ebzue para shum\u00eb okupator\u00ebve,t\u00eb cil\u00ebt erdh\u00ebn,kaluan \u00a0dhe shkuan,q\u00eb nga romak\u00ebt, venedikasit, turqit, italian\u00ebt, sllav\u00ebt.<\/p>\n<p>Qyteti dhe banor\u00ebt e Ulqinit,mund t\u00eb \u00a0sh\u00ebrbejn si shembull,se si iliro\/shqiptar\u00ebt i ruajt\u00ebn k\u00ebto troje nga pushtuesit e tyre me nj\u00eb heroiz\u00ebm t\u00eb \u00a0pashoq,gjat\u00eb t\u00ebr\u00eb k\u00ebtyre shekujve brutal ndaj\u00eb k\u00ebti populli,ku ende edhe sot nuk po ja ndajn \u00a0&#8220;zullumin&#8221;,gjithnj\u00eb p\u00ebr ta asimiluar dhe d\u00ebbuar popullin e k\u00ebti qyteti nga vendi tyre. Trimat dhe burrat q\u00eb mbrojt\u00ebn k\u00ebt\u00eb qytet mijra vje\u00e7ar ishin shum\u00eb,q\u00eb asnj\u00ebher\u00eb nuk guxoheh t\u00eb \u00a0hulumtohej nga historianet e k\u00ebti vendi,por u mbajt n\u00ebn balt\u00ebn e sllavo komunist\u00ebve serbo\/malazez.Por \u00a0kjo nuk ndaloj\u00eb q\u00eb k\u00ebto heroizma mesheftazi populli ti sh\u00ebnoj\u00eb n\u00eb vargjet e k\u00ebng\u00ebve epiko\/legjendare,si\u00e7 \u00a0ishin k\u00ebng\u00ebt t\u00eb ashtuquajtur n\u00eb popull,bajloz\u00ebt e detit,q\u00eb dilnin nga deti p\u00ebr t\u00eb okupuar k\u00ebto vise,pikrisht\u00eb \u00a0ishte vendi i ulqinak\u00ebve,sepse Shqip\u00ebris rreziku vinte nga deti,pra aty ishin ulqinak\u00ebt si port\u00eb mbrojt\u00ebse e \u00a0trojeve t\u00eb Shqip\u00ebris s\u00eb Veriut.Atyre u jan\u00eb thurur k\u00ebng\u00eb t\u00eb ndryshme p\u00ebr heronj\u00ebt e k\u00ebtyre luftar\u00ebve,si\u00e7 \u00a0ishin:Haxhi Aliut,Hysen Reizit,Selim Shurdha,Gut Hazizi,Cafa Begu,Hodo Begu,e shum\u00eb t\u00eb tjer\u00eb,n\u00eb luftrat \u00a0heroike p\u00ebr mbrojtj\u00ebn e Ulqinit q\u00eb mos ti jep\u00ebj Malit t\u00eb Zi n\u00eb Qershor t\u00eb vitit 1880,ku \u00e7eta e ulqinak\u00ebve prej \u00a01500 luft\u00ebtar\u00ebve n\u00eb malin e Muzhurit,n\u00eb krye me Haxhi Mehmet Becin dhe Mehmet Begun,k\u00ebto te dy nga \u00a0Ulqini,bashk\u00eb me malsor\u00ebt nga t\u00eb dyja an\u00ebt e lumit Buna,mandej kryekomandanti i anamals\u00ebve nga \u00a0Shasi legjendar, Dul Mehmetin bashk\u00eb me Jakup Bajraktarin q\u00eb vuen kufirin aty ku buk\u00ebs i thonin \u00a0Buk\u00eb,s\u00eb bashku me v\u00ebllez\u00ebrit e tyre t\u00eb nj\u00eb gjaku nga t\u00eb gjith\u00eb trojet shqiptare q\u00eb erdh\u00ebn n\u00eb ndihme p\u00ebr t\u00eb \u00a0mbrojtur k\u00ebt\u00eb qytet legjendar.Pra p\u00ebr k\u00ebto heronj q\u00eb q\u00ebndruan n\u00eb istikame kundra shum\u00eb \u00a0okupator\u00ebve,shum\u00eb pak u shkru dhe u publiku p\u00ebr historin e tyre.<\/p>\n<p>Sepse shteti komunist nuk lejonte t\u00eb \u00a0publikoh\u00ebt kjo histori e k\u00ebtyre patriot\u00ebve ulqinak,k\u00ebshtu q\u00eb u mbajt n\u00eb hesht\u00ebje.Por ky epitet i ngjitur \u00a0k\u00ebsaj\u00eb popullate,jo q\u00eb nuk ishte e v\u00ebrtet\u00eb,por ishte e d\u00ebmshme,jo patriotike dhe armiq\u00ebsore,p\u00ebr ta treguar \u00a0k\u00ebt\u00eb popull shum\u00eb t\u00eb dob\u00ebt ashtu si\u00e7 e donte armiku.Epitetit jo korrekt, &#8220;ulqinak e burr aspak&#8221;, ju vesh\u00eb \u00a0ulqinak\u00ebve nga shqiptar\u00ebt q\u00eb vinin ti kalonin pushim\u00ebt n\u00eb bregdetin e k\u00ebti qyteti.Ku ky qytet gjat\u00eb sezonit \u00a0veror,vizitoh\u00ebt nga nj\u00eb num\u00ebr shum\u00eb i madh\u00eb i pushues\u00ebve,bile nganj\u00ebher\u00eb,m\u00eb tep\u00ebr se ka \u00a0kapacitetin.K\u00ebshtu q\u00eb nga pamund\u00ebsit p\u00ebr ti akomoduar t\u00eb gjith\u00eb k\u00ebto njer\u00ebz,nganj\u00ebher\u00eb kan\u00eb ndodhur \u00a0moskorrekt\u00ebsi me pal\u00ebt.Sepse k\u00ebtu gjat\u00eb sezonit veror,flit\u00ebt vet\u00ebm gjuha e biznesit,dhe p\u00ebrfitimet q\u00eb \u00a0duheshin t\u00eb siguroh\u00ebn,p\u00ebr t\u00eb kaluar tri stin\u00ebt tjera,q\u00eb s&#8217;kishin se si ti siguronin por jetonin me fitimin e \u00a0ver\u00ebs nga turist\u00ebt. Ulqinaket ishin nj\u00eb popull q\u00eb me anijet e tyre,kishin shetitur Bot\u00ebn.<\/p>\n<p>N\u00eb fakt me dalj\u00ebn e tyre prej koh\u00ebsh n\u00eb \u00a0vendet tjera,ata u njoh\u00ebn me kultura t\u00eb ndryshme t\u00eb vendeve q\u00eb vizitonin,qysh n\u00eb koh\u00ebt e her\u00ebshme, dhe \u00a0ulqinak\u00ebt p\u00ebrfituan nga kjo shum\u00eb:si n\u00eb gjendjen ekonomike ashtu dhe kulturore,q\u00eb ata k\u00ebt\u00eb eksperienc\u00eb \u00a0e soll\u00ebn edhe n\u00eb qytetin e tyre. Pikrisht k\u00ebtu lindi edhe nj\u00eb th\u00ebnje tjet\u00ebr popullore:&#8221;M\u00eb mir\u00eb i shetitur se i ditur&#8221;.Prandaj ulqinak\u00ebt ishin \u00a0njer\u00ebz t\u00eb detit dhe t\u00eb Bot\u00ebs,ku me anijet e tyre u b\u00ebn\u00eb shum\u00eb t\u00eb njohur,si detar t\u00eb shquar edhe n\u00eb vende \u00a0t\u00eb tjera t\u00eb bot\u00ebs,ku ata b\u00ebnin treg\u00ebti.Ulqinak\u00ebt ishin detar dhe ata jet\u00ebn e tyre ja kushtuan detit.Dhe \u00a0pikrisht nga k\u00ebtu rrjedh\u00eb th\u00ebn\u00ebja e lart\u00ebp\u00ebrmendur.Kjo th\u00ebnje:&#8221;Ulqinak e burr aspak&#8221; ka krejt\u00eb nj\u00eb histori \u00a0tjet\u00ebr dhe asgj\u00eb s&#8217;ka t\u00eb b\u00ebj me burr\u00ebrin e k\u00ebtyre banor\u00ebve.<\/p>\n<p>Ngjar\u00ebja ka ndodhur k\u00ebshtu ,sipas Isa Alibalit q\u00eb \u00a0sh\u00ebnon n\u00eb librin e ti&#8221;N\u00eb Shkod\u00ebr t\u00eb gjith\u00eb k\u00ebndojn\u00eb&#8221;. Nj\u00ebher\u00eb nj\u00eb djali ulqinak,prind\u00ebrit e ti e fejojn\u00eb n\u00eb Shkod\u00ebr,ku dhe martoh\u00ebt.Sipas tradit\u00ebs shkojn\u00eb e \u00a0marrin nusen dhe e bin n\u00eb sht\u00ebpi t\u00eb dh\u00ebnd\u00ebrrit n\u00eb Ulqinit.Mirpo dh\u00ebnd\u00ebrri ulqinak i cili ishte detar,ai \u00a0q\u00ebndron me nus\u00ebn e posa martuar shum\u00eb shkurt,dhe pastaj i ktheh\u00ebt detit,sepse kjo ishte puna e \u00a0tyre.Mirpo detit thonin ulqinak\u00ebt se nuk i dih\u00ebt,sepse nisesh n\u00eb nj\u00eb rrug\u00eb dhe k\u00ebshtu mund t\u00eb dal edhe nj\u00eb \u00a0rrug\u00eb tjet\u00ebr,dhe mund t\u00eb vonoj puna.&#8221;Dh\u00ebnd\u00ebrri i ri&#8221;ulqinak vonoh\u00ebt disa muej p\u00ebr tu kthyar tek nusja e \u00a0tij.<\/p>\n<p>Nusja e cila ishte duke pritur q\u00eb po i ktheh\u00ebj bashk\u00ebshorti,dalngadal\u00eb ka nisur t\u00eb humbiste durimin,dhe \u00a0nj\u00eb dit\u00eb nga dit\u00ebt nusja vendos\u00eb t\u00eb ktheh\u00ebt tek familja e saj\u00eb n\u00eb Shkod\u00ebr.Me t\u00eb mbrrijtur tek familja e \u00a0saj\u00eb,ate e pyesin:&#8221;He moj bij\u00eb,\u00e7ka ka ndodh\u00eb, p\u00ebrse erdhe? -Bija ju p\u00ebrgjigj\u00ebt prind\u00ebrve,duke ju th\u00ebn\u00eb se:&#8221;Ulqinak e burr aspak&#8221;.Prindit s&#8217;po koptojn\u00eb se \u00e7far\u00eb donte t\u00eb \u00a0thoshte me k\u00ebt\u00eb fjali,dhe pyesin at\u00eb t\u00eb ju shpjegoj\u00eb?,vajza ju shpjegon se:Po t\u00eb marr\u00ebsh djal\u00eb ulqini,je pa \u00a0burr fare,sepse ata shkojn\u00eb n\u00eb deti me muaj t\u00eb t\u00ebr\u00eb,k\u00ebshtu q\u00eb je pa burr aspak.Ata martoh\u00ebn me \u00a0detin,shkurt:&#8221;Ulqinak e burr aspak&#8221;,pra kjo ishte historija e k\u00ebsaj\u00eb th\u00ebnje.<\/p>\n<p><strong>Ja dhe nj\u00eb k\u00ebng\u00eb p\u00ebr luften e Ulqinit,duke luftuar me forcat Osmano\/turke,q\u00eb i dorzuan k\u00ebt\u00eb qytet Malit t\u00eb Zi,ku k\u00ebnga thot\u00eb k\u00ebshtu:\u00a0<\/strong><\/p>\n<p>Njaj Haxhia i Mehmet Becit,<br \/>\nMe Ierin e Levrezit,<br \/>\nSelim Shurdha ushtar i detit,<br \/>\nGut Hazizi e Malush Fici,<br \/>\nMe sa tjer\u00eb Ali Baliqi,<br \/>\nTrime t&#8217;njoftun n&#8217;at\u00eb qytet,<br \/>\nThon se pushka nuk i vret,<br \/>\nRrkaj\u00eb po bien anadollak\u00ebt,<br \/>\nKur\u00eb i vrasin ulqinak\u00ebt.. &#8230;.<\/p>\n<p>Mars\/2017<\/p>\n<p>&nbsp;<\/p>\n","protected":false},"excerpt":{"rendered":"<p>Nga: Haxhi Zeneli &#8220;ULQINAK E BURR ASPAK&#8221;! Nj\u00eb th\u00ebnje,po thuajse e d\u00ebgjuar nga shumica e shqiptar\u00ebve,e cila p\u00ebrdor\u00ebt nga \u00a0populli yn\u00eb,por n\u00eb t\u00eb v\u00ebrtet\u00eb shumica nuk dinin se nga erdhi,kush e shpiku,p\u00ebr \u00a0kend ishte fjala?.Pra n\u00eb k\u00ebt\u00eb shkrim dua t\u00eb shpjegoj\u00eb t\u00eb v\u00ebrtet\u00ebn e k\u00ebsaj\u00eb \u00a0historie,pasi q\u00eb kjo th\u00ebnje kishte kaluar kufijt e vendeve tona. [&hellip;]<\/p>\n","protected":false},"author":1,"featured_media":0,"comment_status":"closed","ping_status":"closed","sticky":false,"template":"","format":"standard","meta":{"spay_email":"","jetpack_publicize_message":"","jetpack_is_tweetstorm":false,"jetpack_publicize_feature_enabled":true},"categories":[7,1],"tags":[],"jetpack_publicize_connections":[],"yoast_head":"<!-- This site is optimized with the Yoast SEO plugin v19.1 - https:\/\/yoast.com\/wordpress\/plugins\/seo\/ -->\n<title>Cili eshte kuptimi &quot;Ulqinak e burr aspak&quot; nga Haxhi Zeneli - Lajme nga Ulqini<\/title>\n<meta name=\"description\" content=\"Nga: Haxhi Zeneli &quot;ULQINAK E BURR ASPAK&quot;! Nj\u00eb th\u00ebnje,po thuajse e d\u00ebgjuar nga shumica e shqiptar\u00ebve,e cila p\u00ebrdor\u00ebt nga \u00a0populli yn\u00eb,por n\u00eb t\u00eb v\u00ebrtet\u00eb\" \/>\n<meta name=\"robots\" content=\"index, follow, max-snippet:-1, max-image-preview:large, max-video-preview:-1\" \/>\n<link rel=\"canonical\" href=\"https:\/\/www.visit-ulcinj.com\/blog\/2017\/03\/21\/cili-eshte-kuptimi-ulqinak-e-burr-aspak-nga-haxhi-zeneli\/\" \/>\n<meta property=\"og:locale\" content=\"en_US\" \/>\n<meta property=\"og:type\" content=\"article\" \/>\n<meta property=\"og:title\" content=\"Cili eshte kuptimi &quot;Ulqinak e burr aspak&quot; nga Haxhi Zeneli - Lajme nga Ulqini\" \/>\n<meta property=\"og:description\" content=\"Nga: Haxhi Zeneli &quot;ULQINAK E BURR ASPAK&quot;! Nj\u00eb th\u00ebnje,po thuajse e d\u00ebgjuar nga shumica e shqiptar\u00ebve,e cila p\u00ebrdor\u00ebt nga \u00a0populli yn\u00eb,por n\u00eb t\u00eb v\u00ebrtet\u00eb\" \/>\n<meta property=\"og:url\" content=\"https:\/\/www.visit-ulcinj.com\/blog\/2017\/03\/21\/cili-eshte-kuptimi-ulqinak-e-burr-aspak-nga-haxhi-zeneli\/\" \/>\n<meta property=\"og:site_name\" content=\"Lajme nga Ulqini\" \/>\n<meta property=\"article:published_time\" content=\"2017-03-21T14:02:25+00:00\" \/>\n<meta property=\"article:modified_time\" content=\"2017-03-23T14:05:22+00:00\" \/>\n<meta property=\"og:image\" content=\"http:\/\/www.visit-ulcinj.com\/blog\/wp-content\/uploads\/2014\/01\/haxhi-zeneli.jpg\" \/>\n<meta name=\"twitter:label1\" content=\"Written by\" \/>\n\t<meta name=\"twitter:data1\" content=\"ulqini\" \/>\n\t<meta name=\"twitter:label2\" content=\"Est. reading time\" \/>\n\t<meta name=\"twitter:data2\" content=\"7 minutes\" \/>\n<script type=\"application\/ld+json\" class=\"yoast-schema-graph\">{\"@context\":\"https:\/\/schema.org\",\"@graph\":[{\"@type\":\"WebSite\",\"@id\":\"https:\/\/www.visit-ulcinj.com\/blog\/#website\",\"url\":\"https:\/\/www.visit-ulcinj.com\/blog\/\",\"name\":\"Lajme nga Ulqini\",\"description\":\"Lajme,Vijesti,Ulqini,Ulqin,Crna Gora,Mali i Zi\",\"potentialAction\":[{\"@type\":\"SearchAction\",\"target\":{\"@type\":\"EntryPoint\",\"urlTemplate\":\"https:\/\/www.visit-ulcinj.com\/blog\/?s={search_term_string}\"},\"query-input\":\"required name=search_term_string\"}],\"inLanguage\":\"en-US\"},{\"@type\":\"ImageObject\",\"inLanguage\":\"en-US\",\"@id\":\"https:\/\/www.visit-ulcinj.com\/blog\/2017\/03\/21\/cili-eshte-kuptimi-ulqinak-e-burr-aspak-nga-haxhi-zeneli\/#primaryimage\",\"url\":\"https:\/\/www.visit-ulcinj.com\/blog\/wp-content\/uploads\/2014\/01\/haxhi-zeneli.jpg\",\"contentUrl\":\"https:\/\/www.visit-ulcinj.com\/blog\/wp-content\/uploads\/2014\/01\/haxhi-zeneli.jpg\",\"width\":280,\"height\":236},{\"@type\":\"WebPage\",\"@id\":\"https:\/\/www.visit-ulcinj.com\/blog\/2017\/03\/21\/cili-eshte-kuptimi-ulqinak-e-burr-aspak-nga-haxhi-zeneli\/#webpage\",\"url\":\"https:\/\/www.visit-ulcinj.com\/blog\/2017\/03\/21\/cili-eshte-kuptimi-ulqinak-e-burr-aspak-nga-haxhi-zeneli\/\",\"name\":\"Cili eshte kuptimi \\\"Ulqinak e burr aspak\\\" nga Haxhi Zeneli - Lajme nga Ulqini\",\"isPartOf\":{\"@id\":\"https:\/\/www.visit-ulcinj.com\/blog\/#website\"},\"primaryImageOfPage\":{\"@id\":\"https:\/\/www.visit-ulcinj.com\/blog\/2017\/03\/21\/cili-eshte-kuptimi-ulqinak-e-burr-aspak-nga-haxhi-zeneli\/#primaryimage\"},\"datePublished\":\"2017-03-21T14:02:25+00:00\",\"dateModified\":\"2017-03-23T14:05:22+00:00\",\"author\":{\"@id\":\"https:\/\/www.visit-ulcinj.com\/blog\/#\/schema\/person\/dcab619c614d3038751c63bc2aadc06d\"},\"description\":\"Nga: Haxhi Zeneli \\\"ULQINAK E BURR ASPAK\\\"! Nj\u00eb th\u00ebnje,po thuajse e d\u00ebgjuar nga shumica e shqiptar\u00ebve,e cila p\u00ebrdor\u00ebt nga \u00a0populli yn\u00eb,por n\u00eb t\u00eb v\u00ebrtet\u00eb\",\"breadcrumb\":{\"@id\":\"https:\/\/www.visit-ulcinj.com\/blog\/2017\/03\/21\/cili-eshte-kuptimi-ulqinak-e-burr-aspak-nga-haxhi-zeneli\/#breadcrumb\"},\"inLanguage\":\"en-US\",\"potentialAction\":[{\"@type\":\"ReadAction\",\"target\":[\"https:\/\/www.visit-ulcinj.com\/blog\/2017\/03\/21\/cili-eshte-kuptimi-ulqinak-e-burr-aspak-nga-haxhi-zeneli\/\"]}]},{\"@type\":\"BreadcrumbList\",\"@id\":\"https:\/\/www.visit-ulcinj.com\/blog\/2017\/03\/21\/cili-eshte-kuptimi-ulqinak-e-burr-aspak-nga-haxhi-zeneli\/#breadcrumb\",\"itemListElement\":[{\"@type\":\"ListItem\",\"position\":1,\"name\":\"Cili eshte kuptimi &#8220;Ulqinak e burr aspak&#8221; nga Haxhi Zeneli\"}]},{\"@type\":\"Person\",\"@id\":\"https:\/\/www.visit-ulcinj.com\/blog\/#\/schema\/person\/dcab619c614d3038751c63bc2aadc06d\",\"name\":\"ulqini\",\"sameAs\":[\"http:\/\/www.visit-ulcinj.com\"],\"url\":\"https:\/\/www.visit-ulcinj.com\/blog\/author\/admin\/\"}]}<\/script>\n<!-- \/ Yoast SEO plugin. -->","yoast_head_json":{"title":"Cili eshte kuptimi \"Ulqinak e burr aspak\" nga Haxhi Zeneli - Lajme nga Ulqini","description":"Nga: Haxhi Zeneli \"ULQINAK E BURR ASPAK\"! Nj\u00eb th\u00ebnje,po thuajse e d\u00ebgjuar nga shumica e shqiptar\u00ebve,e cila p\u00ebrdor\u00ebt nga \u00a0populli yn\u00eb,por n\u00eb t\u00eb v\u00ebrtet\u00eb","robots":{"index":"index","follow":"follow","max-snippet":"max-snippet:-1","max-image-preview":"max-image-preview:large","max-video-preview":"max-video-preview:-1"},"canonical":"https:\/\/www.visit-ulcinj.com\/blog\/2017\/03\/21\/cili-eshte-kuptimi-ulqinak-e-burr-aspak-nga-haxhi-zeneli\/","og_locale":"en_US","og_type":"article","og_title":"Cili eshte kuptimi \"Ulqinak e burr aspak\" nga Haxhi Zeneli - Lajme nga Ulqini","og_description":"Nga: Haxhi Zeneli \"ULQINAK E BURR ASPAK\"! Nj\u00eb th\u00ebnje,po thuajse e d\u00ebgjuar nga shumica e shqiptar\u00ebve,e cila p\u00ebrdor\u00ebt nga \u00a0populli yn\u00eb,por n\u00eb t\u00eb v\u00ebrtet\u00eb","og_url":"https:\/\/www.visit-ulcinj.com\/blog\/2017\/03\/21\/cili-eshte-kuptimi-ulqinak-e-burr-aspak-nga-haxhi-zeneli\/","og_site_name":"Lajme nga Ulqini","article_published_time":"2017-03-21T14:02:25+00:00","article_modified_time":"2017-03-23T14:05:22+00:00","og_image":[{"url":"http:\/\/www.visit-ulcinj.com\/blog\/wp-content\/uploads\/2014\/01\/haxhi-zeneli.jpg"}],"twitter_misc":{"Written by":"ulqini","Est. reading time":"7 minutes"},"schema":{"@context":"https:\/\/schema.org","@graph":[{"@type":"WebSite","@id":"https:\/\/www.visit-ulcinj.com\/blog\/#website","url":"https:\/\/www.visit-ulcinj.com\/blog\/","name":"Lajme nga Ulqini","description":"Lajme,Vijesti,Ulqini,Ulqin,Crna Gora,Mali i Zi","potentialAction":[{"@type":"SearchAction","target":{"@type":"EntryPoint","urlTemplate":"https:\/\/www.visit-ulcinj.com\/blog\/?s={search_term_string}"},"query-input":"required name=search_term_string"}],"inLanguage":"en-US"},{"@type":"ImageObject","inLanguage":"en-US","@id":"https:\/\/www.visit-ulcinj.com\/blog\/2017\/03\/21\/cili-eshte-kuptimi-ulqinak-e-burr-aspak-nga-haxhi-zeneli\/#primaryimage","url":"https:\/\/www.visit-ulcinj.com\/blog\/wp-content\/uploads\/2014\/01\/haxhi-zeneli.jpg","contentUrl":"https:\/\/www.visit-ulcinj.com\/blog\/wp-content\/uploads\/2014\/01\/haxhi-zeneli.jpg","width":280,"height":236},{"@type":"WebPage","@id":"https:\/\/www.visit-ulcinj.com\/blog\/2017\/03\/21\/cili-eshte-kuptimi-ulqinak-e-burr-aspak-nga-haxhi-zeneli\/#webpage","url":"https:\/\/www.visit-ulcinj.com\/blog\/2017\/03\/21\/cili-eshte-kuptimi-ulqinak-e-burr-aspak-nga-haxhi-zeneli\/","name":"Cili eshte kuptimi \"Ulqinak e burr aspak\" nga Haxhi Zeneli - Lajme nga Ulqini","isPartOf":{"@id":"https:\/\/www.visit-ulcinj.com\/blog\/#website"},"primaryImageOfPage":{"@id":"https:\/\/www.visit-ulcinj.com\/blog\/2017\/03\/21\/cili-eshte-kuptimi-ulqinak-e-burr-aspak-nga-haxhi-zeneli\/#primaryimage"},"datePublished":"2017-03-21T14:02:25+00:00","dateModified":"2017-03-23T14:05:22+00:00","author":{"@id":"https:\/\/www.visit-ulcinj.com\/blog\/#\/schema\/person\/dcab619c614d3038751c63bc2aadc06d"},"description":"Nga: Haxhi Zeneli \"ULQINAK E BURR ASPAK\"! Nj\u00eb th\u00ebnje,po thuajse e d\u00ebgjuar nga shumica e shqiptar\u00ebve,e cila p\u00ebrdor\u00ebt nga \u00a0populli yn\u00eb,por n\u00eb t\u00eb v\u00ebrtet\u00eb","breadcrumb":{"@id":"https:\/\/www.visit-ulcinj.com\/blog\/2017\/03\/21\/cili-eshte-kuptimi-ulqinak-e-burr-aspak-nga-haxhi-zeneli\/#breadcrumb"},"inLanguage":"en-US","potentialAction":[{"@type":"ReadAction","target":["https:\/\/www.visit-ulcinj.com\/blog\/2017\/03\/21\/cili-eshte-kuptimi-ulqinak-e-burr-aspak-nga-haxhi-zeneli\/"]}]},{"@type":"BreadcrumbList","@id":"https:\/\/www.visit-ulcinj.com\/blog\/2017\/03\/21\/cili-eshte-kuptimi-ulqinak-e-burr-aspak-nga-haxhi-zeneli\/#breadcrumb","itemListElement":[{"@type":"ListItem","position":1,"name":"Cili eshte kuptimi &#8220;Ulqinak e burr aspak&#8221; nga Haxhi Zeneli"}]},{"@type":"Person","@id":"https:\/\/www.visit-ulcinj.com\/blog\/#\/schema\/person\/dcab619c614d3038751c63bc2aadc06d","name":"ulqini","sameAs":["http:\/\/www.visit-ulcinj.com"],"url":"https:\/\/www.visit-ulcinj.com\/blog\/author\/admin\/"}]}},"jetpack_featured_media_url":"","jetpack_sharing_enabled":true,"jetpack_shortlink":"https:\/\/wp.me\/pe6lTn-qYw","_links":{"self":[{"href":"https:\/\/www.visit-ulcinj.com\/blog\/wp-json\/wp\/v2\/posts\/103696"}],"collection":[{"href":"https:\/\/www.visit-ulcinj.com\/blog\/wp-json\/wp\/v2\/posts"}],"about":[{"href":"https:\/\/www.visit-ulcinj.com\/blog\/wp-json\/wp\/v2\/types\/post"}],"author":[{"embeddable":true,"href":"https:\/\/www.visit-ulcinj.com\/blog\/wp-json\/wp\/v2\/users\/1"}],"replies":[{"embeddable":true,"href":"https:\/\/www.visit-ulcinj.com\/blog\/wp-json\/wp\/v2\/comments?post=103696"}],"version-history":[{"count":3,"href":"https:\/\/www.visit-ulcinj.com\/blog\/wp-json\/wp\/v2\/posts\/103696\/revisions"}],"predecessor-version":[{"id":103699,"href":"https:\/\/www.visit-ulcinj.com\/blog\/wp-json\/wp\/v2\/posts\/103696\/revisions\/103699"}],"wp:attachment":[{"href":"https:\/\/www.visit-ulcinj.com\/blog\/wp-json\/wp\/v2\/media?parent=103696"}],"wp:term":[{"taxonomy":"category","embeddable":true,"href":"https:\/\/www.visit-ulcinj.com\/blog\/wp-json\/wp\/v2\/categories?post=103696"},{"taxonomy":"post_tag","embeddable":true,"href":"https:\/\/www.visit-ulcinj.com\/blog\/wp-json\/wp\/v2\/tags?post=103696"}],"curies":[{"name":"wp","href":"https:\/\/api.w.org\/{rel}","templated":true}]}}