{"id":103709,"date":"2017-03-22T15:36:19","date_gmt":"2017-03-22T14:36:19","guid":{"rendered":"http:\/\/www.visit-ulcinj.com\/blog\/?p=103709"},"modified":"2017-03-22T15:36:33","modified_gmt":"2017-03-22T14:36:33","slug":"shoqata-e-te-verberve-fiton-perkrahje-nga-komuna-ulqinit","status":"publish","type":"post","link":"https:\/\/www.visit-ulcinj.com\/blog\/2017\/03\/22\/shoqata-e-te-verberve-fiton-perkrahje-nga-komuna-ulqinit\/","title":{"rendered":"Shoqata e t\u00eb verb\u00ebrve fiton p\u00ebrkrahje nga komuna Ulqinit"},"content":{"rendered":"<p><span lang=\"SQ\"><strong><a href=\"http:\/\/www.visit-ulcinj.com\/blog\/wp-content\/uploads\/2017\/03\/Veselin-Joketiq-Nazif-Cungu-Ulqin.jpg\"><img loading=\"lazy\" class=\"alignleft wp-image-103710\" src=\"http:\/\/www.visit-ulcinj.com\/blog\/wp-content\/uploads\/2017\/03\/Veselin-Joketiq-Nazif-Cungu-Ulqin.jpg\" alt=\"Veselin Joketiq-Nazif Cungu-Ulqin\" width=\"508\" height=\"381\" srcset=\"https:\/\/www.visit-ulcinj.com\/blog\/wp-content\/uploads\/2017\/03\/Veselin-Joketiq-Nazif-Cungu-Ulqin.jpg 823w, https:\/\/www.visit-ulcinj.com\/blog\/wp-content\/uploads\/2017\/03\/Veselin-Joketiq-Nazif-Cungu-Ulqin-300x225.jpg 300w, https:\/\/www.visit-ulcinj.com\/blog\/wp-content\/uploads\/2017\/03\/Veselin-Joketiq-Nazif-Cungu-Ulqin-768x576.jpg 768w\" sizes=\"(max-width: 508px) 100vw, 508px\" \/><\/a>Kryetari i Komun\u00ebs s\u00eb Ulqinit, z.Nazif Cungu, priti sot n\u00eb nj\u00eb takim z.<span lang=\"DE\">Veselin Joketiq<\/span> \u2013kryetar i Shoqat\u00ebs Nd\u00ebrkomunale t\u00eb Personave t\u00eb Verb\u00ebr dhe me t\u00eb Pam\u00eb t\u00eb Dob\u00ebsuar t\u00eb Ulqinit dhe Tivarit.<\/strong><br \/>\n<\/span><\/p>\n<p><strong>Komuna e Ulqinit do te perkrahe Shoqaten e te\u00a0 verberve\u00a0 dhe aktivitete\u00a0 e saj. <\/strong><\/p>\n<p><strong>\u00a0<\/strong>Kryetari I Ulqinit Nazif Cungu\u00a0 priti Kryetarin e Shoqat\u00ebs t\u00eb t\u00eb Verb\u00ebrve\u00a0 per komunat Ulqin Tivar\u00a0 Z. Veselin Joketiq.<\/p>\n<p>Cungu falenderoi per vizit\u00ebn\u00a0 dhe u njoh\u00a0 nga af\u00ebr\u00a0 me aktivitetet e Shoqates\u00a0 q\u00eb \u00ebsht\u00eb aktive n\u00eb mbrojtjen e t\u00eb drejtave\u00a0 t\u00eb t\u00eb verb\u00ebrve dhe q\u00eb tubon\u00a0 mbi 70 persona t\u00eb till\u00eb nga Tivari dhe Ulqini.<\/p>\n<p>Ne takim u tha po ashtu \u00a0se \u00a0shoqata ka nevoje\u00a0 p\u00ebr ndihm\u00eb dhe partneritet .<\/p>\n<p>Cungu dhe me k\u00ebt\u00eb rast u shpreh I gatshem p\u00ebr\u00a0 ndihm\u00eb\u00a0 \u00a0edhe p\u00ebr angazhim permanent te komunes n\u00eb mbrojtjen e t\u00eb drejtave\u00a0 t\u00eb personave t\u00eb till\u00eb.<\/p>\n<p>Ai po ashtu theksoi se duhet pare mundesine edhe te suvensioneve te tjera per kete kategori, respektivisht ndihmave dhe asistencave gje qe u pershendet nga Z. Joketiq.<\/p>\n<p><a href=\"http:\/\/www.visit-ulcinj.com\/blog\/wp-content\/uploads\/2017\/03\/Veselin-Joketiq-Nazif-Cungu-Ulqin-1.jpg\"><img loading=\"lazy\" class=\"alignleft wp-image-103712\" src=\"http:\/\/www.visit-ulcinj.com\/blog\/wp-content\/uploads\/2017\/03\/Veselin-Joketiq-Nazif-Cungu-Ulqin-1.jpg\" alt=\"Veselin Joketiq-Nazif Cungu-Ulqin-1\" width=\"508\" height=\"286\" srcset=\"https:\/\/www.visit-ulcinj.com\/blog\/wp-content\/uploads\/2017\/03\/Veselin-Joketiq-Nazif-Cungu-Ulqin-1.jpg 999w, https:\/\/www.visit-ulcinj.com\/blog\/wp-content\/uploads\/2017\/03\/Veselin-Joketiq-Nazif-Cungu-Ulqin-1-300x169.jpg 300w, https:\/\/www.visit-ulcinj.com\/blog\/wp-content\/uploads\/2017\/03\/Veselin-Joketiq-Nazif-Cungu-Ulqin-1-768x432.jpg 768w\" sizes=\"(max-width: 508px) 100vw, 508px\" \/><\/a><\/p>\n","protected":false},"excerpt":{"rendered":"<p>Kryetari i Komun\u00ebs s\u00eb Ulqinit, z.Nazif Cungu, priti sot n\u00eb nj\u00eb takim z.Veselin Joketiq \u2013kryetar i Shoqat\u00ebs Nd\u00ebrkomunale t\u00eb Personave t\u00eb Verb\u00ebr dhe me t\u00eb Pam\u00eb t\u00eb Dob\u00ebsuar t\u00eb Ulqinit dhe Tivarit. Komuna e Ulqinit do te perkrahe Shoqaten e te\u00a0 verberve\u00a0 dhe aktivitete\u00a0 e saj. \u00a0Kryetari I Ulqinit Nazif Cungu\u00a0 priti Kryetarin e Shoqat\u00ebs [&hellip;]<\/p>\n","protected":false},"author":1,"featured_media":0,"comment_status":"closed","ping_status":"closed","sticky":false,"template":"","format":"standard","meta":{"spay_email":"","jetpack_publicize_message":"","jetpack_is_tweetstorm":false,"jetpack_publicize_feature_enabled":true},"categories":[14],"tags":[],"jetpack_publicize_connections":[],"yoast_head":"<!-- This site is optimized with the Yoast SEO plugin v19.1 - https:\/\/yoast.com\/wordpress\/plugins\/seo\/ -->\n<title>Shoqata e t\u00eb verb\u00ebrve fiton p\u00ebrkrahje nga komuna Ulqinit - Lajme nga Ulqini<\/title>\n<meta name=\"description\" content=\"Kryetari i Komun\u00ebs s\u00eb Ulqinit, z.Nazif Cungu, priti sot n\u00eb nj\u00eb takim z.Veselin Joketiq \u2013kryetar i Shoqat\u00ebs Nd\u00ebrkomunale t\u00eb Personave t\u00eb Verb\u00ebr dhe me t\u00eb\" \/>\n<meta name=\"robots\" content=\"index, follow, max-snippet:-1, max-image-preview:large, max-video-preview:-1\" \/>\n<link rel=\"canonical\" href=\"https:\/\/www.visit-ulcinj.com\/blog\/2017\/03\/22\/shoqata-e-te-verberve-fiton-perkrahje-nga-komuna-ulqinit\/\" \/>\n<meta property=\"og:locale\" content=\"en_US\" \/>\n<meta property=\"og:type\" content=\"article\" \/>\n<meta property=\"og:title\" content=\"Shoqata e t\u00eb verb\u00ebrve fiton p\u00ebrkrahje nga komuna Ulqinit - Lajme nga Ulqini\" \/>\n<meta property=\"og:description\" content=\"Kryetari i Komun\u00ebs s\u00eb Ulqinit, z.Nazif Cungu, priti sot n\u00eb nj\u00eb takim z.Veselin Joketiq \u2013kryetar i Shoqat\u00ebs Nd\u00ebrkomunale t\u00eb Personave t\u00eb Verb\u00ebr dhe me t\u00eb\" \/>\n<meta property=\"og:url\" content=\"https:\/\/www.visit-ulcinj.com\/blog\/2017\/03\/22\/shoqata-e-te-verberve-fiton-perkrahje-nga-komuna-ulqinit\/\" \/>\n<meta property=\"og:site_name\" content=\"Lajme nga Ulqini\" \/>\n<meta property=\"article:published_time\" content=\"2017-03-22T14:36:19+00:00\" \/>\n<meta property=\"article:modified_time\" content=\"2017-03-22T14:36:33+00:00\" \/>\n<meta property=\"og:image\" content=\"http:\/\/www.visit-ulcinj.com\/blog\/wp-content\/uploads\/2017\/03\/Veselin-Joketiq-Nazif-Cungu-Ulqin.jpg\" \/>\n<meta name=\"twitter:label1\" content=\"Written by\" \/>\n\t<meta name=\"twitter:data1\" content=\"ulqini\" \/>\n\t<meta name=\"twitter:label2\" content=\"Est. reading time\" \/>\n\t<meta name=\"twitter:data2\" content=\"1 minute\" \/>\n<script type=\"application\/ld+json\" class=\"yoast-schema-graph\">{\"@context\":\"https:\/\/schema.org\",\"@graph\":[{\"@type\":\"WebSite\",\"@id\":\"https:\/\/www.visit-ulcinj.com\/blog\/#website\",\"url\":\"https:\/\/www.visit-ulcinj.com\/blog\/\",\"name\":\"Lajme nga Ulqini\",\"description\":\"Lajme,Vijesti,Ulqini,Ulqin,Crna Gora,Mali i Zi\",\"potentialAction\":[{\"@type\":\"SearchAction\",\"target\":{\"@type\":\"EntryPoint\",\"urlTemplate\":\"https:\/\/www.visit-ulcinj.com\/blog\/?s={search_term_string}\"},\"query-input\":\"required name=search_term_string\"}],\"inLanguage\":\"en-US\"},{\"@type\":\"ImageObject\",\"inLanguage\":\"en-US\",\"@id\":\"https:\/\/www.visit-ulcinj.com\/blog\/2017\/03\/22\/shoqata-e-te-verberve-fiton-perkrahje-nga-komuna-ulqinit\/#primaryimage\",\"url\":\"https:\/\/www.visit-ulcinj.com\/blog\/wp-content\/uploads\/2017\/03\/Veselin-Joketiq-Nazif-Cungu-Ulqin.jpg\",\"contentUrl\":\"https:\/\/www.visit-ulcinj.com\/blog\/wp-content\/uploads\/2017\/03\/Veselin-Joketiq-Nazif-Cungu-Ulqin.jpg\",\"width\":823,\"height\":617},{\"@type\":\"WebPage\",\"@id\":\"https:\/\/www.visit-ulcinj.com\/blog\/2017\/03\/22\/shoqata-e-te-verberve-fiton-perkrahje-nga-komuna-ulqinit\/#webpage\",\"url\":\"https:\/\/www.visit-ulcinj.com\/blog\/2017\/03\/22\/shoqata-e-te-verberve-fiton-perkrahje-nga-komuna-ulqinit\/\",\"name\":\"Shoqata e t\u00eb verb\u00ebrve fiton p\u00ebrkrahje nga komuna Ulqinit - Lajme nga Ulqini\",\"isPartOf\":{\"@id\":\"https:\/\/www.visit-ulcinj.com\/blog\/#website\"},\"primaryImageOfPage\":{\"@id\":\"https:\/\/www.visit-ulcinj.com\/blog\/2017\/03\/22\/shoqata-e-te-verberve-fiton-perkrahje-nga-komuna-ulqinit\/#primaryimage\"},\"datePublished\":\"2017-03-22T14:36:19+00:00\",\"dateModified\":\"2017-03-22T14:36:33+00:00\",\"author\":{\"@id\":\"https:\/\/www.visit-ulcinj.com\/blog\/#\/schema\/person\/dcab619c614d3038751c63bc2aadc06d\"},\"description\":\"Kryetari i Komun\u00ebs s\u00eb Ulqinit, z.Nazif Cungu, priti sot n\u00eb nj\u00eb takim z.Veselin Joketiq \u2013kryetar i Shoqat\u00ebs Nd\u00ebrkomunale t\u00eb Personave t\u00eb Verb\u00ebr dhe me t\u00eb\",\"breadcrumb\":{\"@id\":\"https:\/\/www.visit-ulcinj.com\/blog\/2017\/03\/22\/shoqata-e-te-verberve-fiton-perkrahje-nga-komuna-ulqinit\/#breadcrumb\"},\"inLanguage\":\"en-US\",\"potentialAction\":[{\"@type\":\"ReadAction\",\"target\":[\"https:\/\/www.visit-ulcinj.com\/blog\/2017\/03\/22\/shoqata-e-te-verberve-fiton-perkrahje-nga-komuna-ulqinit\/\"]}]},{\"@type\":\"BreadcrumbList\",\"@id\":\"https:\/\/www.visit-ulcinj.com\/blog\/2017\/03\/22\/shoqata-e-te-verberve-fiton-perkrahje-nga-komuna-ulqinit\/#breadcrumb\",\"itemListElement\":[{\"@type\":\"ListItem\",\"position\":1,\"name\":\"Shoqata e t\u00eb verb\u00ebrve fiton p\u00ebrkrahje nga komuna Ulqinit\"}]},{\"@type\":\"Person\",\"@id\":\"https:\/\/www.visit-ulcinj.com\/blog\/#\/schema\/person\/dcab619c614d3038751c63bc2aadc06d\",\"name\":\"ulqini\",\"sameAs\":[\"http:\/\/www.visit-ulcinj.com\"],\"url\":\"https:\/\/www.visit-ulcinj.com\/blog\/author\/admin\/\"}]}<\/script>\n<!-- \/ Yoast SEO plugin. -->","yoast_head_json":{"title":"Shoqata e t\u00eb verb\u00ebrve fiton p\u00ebrkrahje nga komuna Ulqinit - Lajme nga Ulqini","description":"Kryetari i Komun\u00ebs s\u00eb Ulqinit, z.Nazif Cungu, priti sot n\u00eb nj\u00eb takim z.Veselin Joketiq \u2013kryetar i Shoqat\u00ebs Nd\u00ebrkomunale t\u00eb Personave t\u00eb Verb\u00ebr dhe me t\u00eb","robots":{"index":"index","follow":"follow","max-snippet":"max-snippet:-1","max-image-preview":"max-image-preview:large","max-video-preview":"max-video-preview:-1"},"canonical":"https:\/\/www.visit-ulcinj.com\/blog\/2017\/03\/22\/shoqata-e-te-verberve-fiton-perkrahje-nga-komuna-ulqinit\/","og_locale":"en_US","og_type":"article","og_title":"Shoqata e t\u00eb verb\u00ebrve fiton p\u00ebrkrahje nga komuna Ulqinit - Lajme nga Ulqini","og_description":"Kryetari i Komun\u00ebs s\u00eb Ulqinit, z.Nazif Cungu, priti sot n\u00eb nj\u00eb takim z.Veselin Joketiq \u2013kryetar i Shoqat\u00ebs Nd\u00ebrkomunale t\u00eb Personave t\u00eb Verb\u00ebr dhe me t\u00eb","og_url":"https:\/\/www.visit-ulcinj.com\/blog\/2017\/03\/22\/shoqata-e-te-verberve-fiton-perkrahje-nga-komuna-ulqinit\/","og_site_name":"Lajme nga Ulqini","article_published_time":"2017-03-22T14:36:19+00:00","article_modified_time":"2017-03-22T14:36:33+00:00","og_image":[{"url":"http:\/\/www.visit-ulcinj.com\/blog\/wp-content\/uploads\/2017\/03\/Veselin-Joketiq-Nazif-Cungu-Ulqin.jpg"}],"twitter_misc":{"Written by":"ulqini","Est. reading time":"1 minute"},"schema":{"@context":"https:\/\/schema.org","@graph":[{"@type":"WebSite","@id":"https:\/\/www.visit-ulcinj.com\/blog\/#website","url":"https:\/\/www.visit-ulcinj.com\/blog\/","name":"Lajme nga Ulqini","description":"Lajme,Vijesti,Ulqini,Ulqin,Crna Gora,Mali i Zi","potentialAction":[{"@type":"SearchAction","target":{"@type":"EntryPoint","urlTemplate":"https:\/\/www.visit-ulcinj.com\/blog\/?s={search_term_string}"},"query-input":"required name=search_term_string"}],"inLanguage":"en-US"},{"@type":"ImageObject","inLanguage":"en-US","@id":"https:\/\/www.visit-ulcinj.com\/blog\/2017\/03\/22\/shoqata-e-te-verberve-fiton-perkrahje-nga-komuna-ulqinit\/#primaryimage","url":"https:\/\/www.visit-ulcinj.com\/blog\/wp-content\/uploads\/2017\/03\/Veselin-Joketiq-Nazif-Cungu-Ulqin.jpg","contentUrl":"https:\/\/www.visit-ulcinj.com\/blog\/wp-content\/uploads\/2017\/03\/Veselin-Joketiq-Nazif-Cungu-Ulqin.jpg","width":823,"height":617},{"@type":"WebPage","@id":"https:\/\/www.visit-ulcinj.com\/blog\/2017\/03\/22\/shoqata-e-te-verberve-fiton-perkrahje-nga-komuna-ulqinit\/#webpage","url":"https:\/\/www.visit-ulcinj.com\/blog\/2017\/03\/22\/shoqata-e-te-verberve-fiton-perkrahje-nga-komuna-ulqinit\/","name":"Shoqata e t\u00eb verb\u00ebrve fiton p\u00ebrkrahje nga komuna Ulqinit - Lajme nga Ulqini","isPartOf":{"@id":"https:\/\/www.visit-ulcinj.com\/blog\/#website"},"primaryImageOfPage":{"@id":"https:\/\/www.visit-ulcinj.com\/blog\/2017\/03\/22\/shoqata-e-te-verberve-fiton-perkrahje-nga-komuna-ulqinit\/#primaryimage"},"datePublished":"2017-03-22T14:36:19+00:00","dateModified":"2017-03-22T14:36:33+00:00","author":{"@id":"https:\/\/www.visit-ulcinj.com\/blog\/#\/schema\/person\/dcab619c614d3038751c63bc2aadc06d"},"description":"Kryetari i Komun\u00ebs s\u00eb Ulqinit, z.Nazif Cungu, priti sot n\u00eb nj\u00eb takim z.Veselin Joketiq \u2013kryetar i Shoqat\u00ebs Nd\u00ebrkomunale t\u00eb Personave t\u00eb Verb\u00ebr dhe me t\u00eb","breadcrumb":{"@id":"https:\/\/www.visit-ulcinj.com\/blog\/2017\/03\/22\/shoqata-e-te-verberve-fiton-perkrahje-nga-komuna-ulqinit\/#breadcrumb"},"inLanguage":"en-US","potentialAction":[{"@type":"ReadAction","target":["https:\/\/www.visit-ulcinj.com\/blog\/2017\/03\/22\/shoqata-e-te-verberve-fiton-perkrahje-nga-komuna-ulqinit\/"]}]},{"@type":"BreadcrumbList","@id":"https:\/\/www.visit-ulcinj.com\/blog\/2017\/03\/22\/shoqata-e-te-verberve-fiton-perkrahje-nga-komuna-ulqinit\/#breadcrumb","itemListElement":[{"@type":"ListItem","position":1,"name":"Shoqata e t\u00eb verb\u00ebrve fiton p\u00ebrkrahje nga komuna Ulqinit"}]},{"@type":"Person","@id":"https:\/\/www.visit-ulcinj.com\/blog\/#\/schema\/person\/dcab619c614d3038751c63bc2aadc06d","name":"ulqini","sameAs":["http:\/\/www.visit-ulcinj.com"],"url":"https:\/\/www.visit-ulcinj.com\/blog\/author\/admin\/"}]}},"jetpack_featured_media_url":"","jetpack_sharing_enabled":true,"jetpack_shortlink":"https:\/\/wp.me\/pe6lTn-qYJ","_links":{"self":[{"href":"https:\/\/www.visit-ulcinj.com\/blog\/wp-json\/wp\/v2\/posts\/103709"}],"collection":[{"href":"https:\/\/www.visit-ulcinj.com\/blog\/wp-json\/wp\/v2\/posts"}],"about":[{"href":"https:\/\/www.visit-ulcinj.com\/blog\/wp-json\/wp\/v2\/types\/post"}],"author":[{"embeddable":true,"href":"https:\/\/www.visit-ulcinj.com\/blog\/wp-json\/wp\/v2\/users\/1"}],"replies":[{"embeddable":true,"href":"https:\/\/www.visit-ulcinj.com\/blog\/wp-json\/wp\/v2\/comments?post=103709"}],"version-history":[{"count":1,"href":"https:\/\/www.visit-ulcinj.com\/blog\/wp-json\/wp\/v2\/posts\/103709\/revisions"}],"predecessor-version":[{"id":103713,"href":"https:\/\/www.visit-ulcinj.com\/blog\/wp-json\/wp\/v2\/posts\/103709\/revisions\/103713"}],"wp:attachment":[{"href":"https:\/\/www.visit-ulcinj.com\/blog\/wp-json\/wp\/v2\/media?parent=103709"}],"wp:term":[{"taxonomy":"category","embeddable":true,"href":"https:\/\/www.visit-ulcinj.com\/blog\/wp-json\/wp\/v2\/categories?post=103709"},{"taxonomy":"post_tag","embeddable":true,"href":"https:\/\/www.visit-ulcinj.com\/blog\/wp-json\/wp\/v2\/tags?post=103709"}],"curies":[{"name":"wp","href":"https:\/\/api.w.org\/{rel}","templated":true}]}}