{"id":103714,"date":"2017-03-22T15:53:42","date_gmt":"2017-03-22T14:53:42","guid":{"rendered":"http:\/\/www.visit-ulcinj.com\/blog\/?p=103714"},"modified":"2017-03-22T15:53:42","modified_gmt":"2017-03-22T14:53:42","slug":"dzelal-hodzic-ulcinj-nismo-mi","status":"publish","type":"post","link":"https:\/\/www.visit-ulcinj.com\/blog\/2017\/03\/22\/dzelal-hodzic-ulcinj-nismo-mi\/","title":{"rendered":"Dzelal Hodzic: Ulcinj to (ni)smo mi"},"content":{"rendered":"<p><a href=\"http:\/\/www.visit-ulcinj.com\/blog\/wp-content\/uploads\/2014\/09\/dzelal-hodzic.jpg\"><img loading=\"lazy\" class=\"alignleft wp-image-85159\" src=\"http:\/\/www.visit-ulcinj.com\/blog\/wp-content\/uploads\/2014\/09\/dzelal-hodzic.jpg\" alt=\"dzelal-hodzic\" width=\"508\" height=\"381\" srcset=\"https:\/\/www.visit-ulcinj.com\/blog\/wp-content\/uploads\/2014\/09\/dzelal-hodzic.jpg 960w, https:\/\/www.visit-ulcinj.com\/blog\/wp-content\/uploads\/2014\/09\/dzelal-hodzic-300x225.jpg 300w\" sizes=\"(max-width: 508px) 100vw, 508px\" \/><\/a>Mo\u017eda je naslov ovog teksta otrcana fraza ili slogan koji je 80-ih godina pro\u0161log vijeka izra\u017eavao istinske emocije gra\u0111ana ex-Yu u ljubavi prema do\u017eivotnom predsjedniku SFRJ, Josipu Brozu Titu. A ovaj tekst, mislimo, \u00a0sada izra\u017eava ljubav i ujedno brigu gra\u0111ana Ulcinja za stanje i polo\u017eaj najvrednijih resursa Ulcinja tj. ljudskog i prirodnog. Po\u0111imo redom.<\/p>\n<p>Prije zemljotresa, \u00a01978. godine, \u00a0Ulcinj je u\u010destvovao sa cca 38-39% turisti\u010dkog prihoda CG, Budva 26%. \u00a0Sada \u00a0\u2013 Ulcinj 10-11%, Budva 52%. Ulcinj je na 75% prosjeka razvijenosti Crne Gore, \u0161to je uznemiruju\u0107e za sve njegove gra\u0111ane. On posjeduje \u00a0\u2013 bolje re\u0107i, tu se nalazi \u2013 \u00a0preko 50% turisti\u010dkih potencijala dr\u017eave CG, ali na\u017ealost Ulcinj nije imao jaku politi\u010dku elitu i adekvatne ljudske resurse \u2013 stru\u010dne, kreativne vizionare na \u010delu op\u0161tine.<\/p>\n<p>Ulcinj nema dugoro\u010dnu definisanu i odr\u017eivu ekonomsku, socijalnu, ekolo\u0161ko-ambijentalnu i kadrovsku politiku za narednih 20-ak godina, nema studiju procjene vrijednosti svojih resursa \u2013 \u00a0\u0160asko jezero, Bojana, Solana, Port Milena, Ada Bojana, Velika Pla\u017ea, borova \u0161uma, Valdanos, Kru\u010de, izvori mineralne sumporne vode, poljoprivredne potencijale. Nema ni transparentnu i odr\u017eivu politiku saradnje sa dijasporom koja ima puno uspje\u0161nih biznismena i osoba od znanja.<\/p>\n<p>Ali zato Ulcinj \u00a0ve\u0107 27 godina pluralizma ima izra\u017eene \u201epatriote iz nacionalnih partija\u201c za fotelje i svoj d\u017eep, me\u0111usobno posva\u0111ane, poziciju i opoziciju koji sebe smatraju protivnicima, a ne neistomi\u0161ljenicima.<\/p>\n<p>Zato i ne \u010dudi \u010dinjenica da smo u Ulcinju u proteklom periodu imali neuspje\u0161ne privatizacije, a uspje\u0161ne likvidacije preduze\u0107a, uru\u0161enu privredu, veliku nezaposlenost, mali natalitet, pa zato i veliku emigraciju, prvenstveno omladine, u EU i prekomorske zemlje.<\/p>\n<p>Poslednjih godina izra\u017eeno je \u201ebombardovanje\u201c prostora Ulcinja malim i velikim objektima (ne hoteli, ve\u0107 vikendice i spavaonice za turiste) bez komunalija, zelenila, parkinga, itd.<\/p>\n<p>Zamislile su neke institucije van Ulcinja da je Bojana ve\u0107a od Amazona, pa je tovarimo sa skoro 600 objekata konfekcijskog tipa gdje je prisutno \u017eeljezo, eloksir, klima ure\u0111aji, koji gu\u0161e prostor, identitetsku pejsa\u017enu, tradicionalnu arhitekturu \u2013 ribarske kolibe pro\u0161arane tradicionalnim drvenim kalimerama. Vi\u0161e se na Bojani ne osje\u0107a misti\u010dna, ribarska atmosfera i intima, me\u0111usobno dovikivanje ribara, pomo\u0107 pri ulovu ribe, izvla\u010denje i \u010di\u0161\u0107enje mre\u017ea, proslava dobrog ulova, zajedni\u010dka riblja \u010dorba, obavje\u0161tenja o nailasku nevremena i dr. Ali zato dominira otpad, a \u00a0caruju papiri \u2013 \u00a0povr\u0161ina objekta, cijena po m2, iznos, na\u010din pla\u0107anja, mogu\u0107e sankcije i sl.<\/p>\n<p>Bojana kao posebna ekolo\u0161ka, biodiverzitetska i hidrolo\u0161ka osobenost te\u010de ne samo prema moru nizvodno, ve\u0107 i uzvodno u odre\u0111enim situacijama i potencijal je i mogu\u0107i turisti\u010dki brend za sportski ribolov \u2013 tune, kajak-kanu sport, maratonsko plivanje nizvodno\u2026 To je jedan od puteva ka valorizaciji.<\/p>\n<p>Nemamo informaciju da li je ura\u0111ena procjena uticaja na \u017eivotnu sredinu za objekte na Bojani, koliko tih blizu 600 objekata zapo\u0161ljava ljudi, ali znamo da nije odr\u017eana javna rasprava, procjena uticaja na kulturno nasle\u0111e, na istorijsku, geografsku, identitetsku, pejsa\u017enu vrijednost Bojane.<\/p>\n<p>Nije nam jasno za\u0161to se ne postupa po dokumentu: Temeljna studija za osnivanje regionalnog parka delte Bojane \u2013 \u00a0iz 2007. i \u00a0 2008. autora iz Njema\u010dke, Italije i Crne Gore, kojom prilikom je potpisan Memorandum sa Svjetskom bankom o finansiranju, a odobrila Vlada CG. \u00a0Pomenuta studija vrednuje deltu Bojanu kao \u0161iri pojam cca 40% teritorije op\u0161tine Ulcinj \u2013 kao najva\u017eniju mo\u010dvaru isto\u010dnog Mediterana uz preporuku za formiranje institucije Regionalni park delta Bojane u ingerenciji lokalne samouprave. To isto se preporu\u010duje i kroz projekat Bojanatour koji su realizovali UBA i Zeleni Korak, a koji je finansiran od strane CEPF-a.<\/p>\n<p>Na taj na\u010din bi se pove\u0107ala turisti\u010dka ponuda Ulcinja, produ\u017eila turisti\u010da sezona, otvarala nova radna mjesta, pospje\u0161ile\/razvijale organska poljoprivreda u pomenutoj zoni. Crna Gora, a pogotovo Ulcinj, je mali prostor gdje svaki grumen zemlje vrijedi grumena zlata i koja se ne smije \u00a0ovako prodavati ili izdavati na 99 godina, ve\u0107 po na\u0161em mi\u0161ljenju treba promovisati privatno-javno partnerstvo sa relevantnim investitorima koji imaju osje\u0107aj za prostor i prirodu, a ne samo \u017eelju za \u0161to br\u017eim profitom. Jer sre\u0107an je \u010dovjek koji ima pro\u0161lost i nju ostavlja i za budu\u0107e generacije. \u00a0Ulcinjske resurse treba obazrivo za\u0161tititi, pravilno valorizovati, a ne brutalno eksploatisati kao \u0161to je slu\u010daj sa Bojanom. Bojana treba da pripadne ribarima, ekskluzivnim ribljim restoranima, sportsko-rekreativnim sadr\u017eajima i \u00a0bude prepoznatljiva po cijelom svijetu, a ne osobama koji \u0107e da le\u0161kare u novoizgra\u0111enim objektima bez osje\u0107aja za prostor i prirodu, kojima ni po kojoj osnovi \u00a0\u2013 istorija, mentalitet, \u017eivotno opredjeljenje, geografija \u2013 ne pripada Bojana. Za takve osobe Ulcinj ima dosta drugog prostora, dio Velike pla\u017ee, kameniti dio od Borove \u0161ume do Ponte \u0110erane, itd.<\/p>\n<p>Nama Ulcinjanima sre\u0107u ne mogu donijeti osobe sa strane \u2013 stranci, ve\u0107 samo mi, znanjem, radom, saradnjom, a dr\u017eava se mora pona\u0161ati prema pravilima EU kojoj te\u017eimo. Ulcinj je u opasnosti da nestane sa demografskog, identitetskog i istorijskog stanovi\u0161ta ukoliko nam tu\u0111a para kreira na\u0161u budu\u0107nost uzimaju\u0107i u obzir samo profit pojedinaca. Para je kao i voda i vatra \u2013 \u00a0dobar sluga, a lo\u0161 gospodar. Para je kao i droga \u2013 \u0161to je vi\u0161e ima\u0161 i konzumira\u0161 sve si ovisniji od nje, zaboravlja\u0161 sve ostalo, i familiju i oca i majku i prijatelje i neprijatelje.<br \/>\nJedan pjesnik re\u010de:<\/p>\n<p>\u201eProbudi se ne\u0161to se de\u0161ava, \/ nemoj re\u0107i da to nisi znao \/ \u00a0I tvoja (na\u0161a) se sudbina rje\u0161ava \/ mo\u017eda \u0107e ti jednom biti \u017eao\u201c.<\/p>\n<p><strong><em>Autor je \u00a0dr. vet. med. ecc<\/em><\/strong><\/p>\n<p><strong>Izvor: Vijesti Online<\/strong><\/p>\n","protected":false},"excerpt":{"rendered":"<p>Mo\u017eda je naslov ovog teksta otrcana fraza ili slogan koji je 80-ih godina pro\u0161log vijeka izra\u017eavao istinske emocije gra\u0111ana ex-Yu u ljubavi prema do\u017eivotnom predsjedniku SFRJ, Josipu Brozu Titu. A ovaj tekst, mislimo, \u00a0sada izra\u017eava ljubav i ujedno brigu gra\u0111ana Ulcinja za stanje i polo\u017eaj najvrednijih resursa Ulcinja tj. ljudskog i prirodnog. Po\u0111imo redom. Prije [&hellip;]<\/p>\n","protected":false},"author":1,"featured_media":0,"comment_status":"closed","ping_status":"closed","sticky":false,"template":"","format":"standard","meta":{"spay_email":"","jetpack_publicize_message":"","jetpack_is_tweetstorm":false,"jetpack_publicize_feature_enabled":true},"categories":[6950],"tags":[],"jetpack_publicize_connections":[],"yoast_head":"<!-- This site is optimized with the Yoast SEO plugin v19.1 - https:\/\/yoast.com\/wordpress\/plugins\/seo\/ -->\n<title>Dzelal Hodzic: Ulcinj to (ni)smo mi - Lajme nga Ulqini<\/title>\n<meta name=\"description\" content=\"Mo\u017eda je naslov ovog teksta otrcana fraza ili slogan koji je 80-ih godina pro\u0161log vijeka izra\u017eavao istinske emocije gra\u0111ana ex-Yu u ljubavi prema\" \/>\n<meta name=\"robots\" content=\"index, follow, max-snippet:-1, max-image-preview:large, max-video-preview:-1\" \/>\n<link rel=\"canonical\" href=\"https:\/\/www.visit-ulcinj.com\/blog\/2017\/03\/22\/dzelal-hodzic-ulcinj-nismo-mi\/\" \/>\n<meta property=\"og:locale\" content=\"en_US\" \/>\n<meta property=\"og:type\" content=\"article\" \/>\n<meta property=\"og:title\" content=\"Dzelal Hodzic: Ulcinj to (ni)smo mi - Lajme nga Ulqini\" \/>\n<meta property=\"og:description\" content=\"Mo\u017eda je naslov ovog teksta otrcana fraza ili slogan koji je 80-ih godina pro\u0161log vijeka izra\u017eavao istinske emocije gra\u0111ana ex-Yu u ljubavi prema\" \/>\n<meta property=\"og:url\" content=\"https:\/\/www.visit-ulcinj.com\/blog\/2017\/03\/22\/dzelal-hodzic-ulcinj-nismo-mi\/\" \/>\n<meta property=\"og:site_name\" content=\"Lajme nga Ulqini\" \/>\n<meta property=\"article:published_time\" content=\"2017-03-22T14:53:42+00:00\" \/>\n<meta property=\"og:image\" content=\"http:\/\/www.visit-ulcinj.com\/blog\/wp-content\/uploads\/2014\/09\/dzelal-hodzic.jpg\" \/>\n<meta name=\"twitter:label1\" content=\"Written by\" \/>\n\t<meta name=\"twitter:data1\" content=\"ulqini\" \/>\n\t<meta name=\"twitter:label2\" content=\"Est. reading time\" \/>\n\t<meta name=\"twitter:data2\" content=\"5 minutes\" \/>\n<script type=\"application\/ld+json\" class=\"yoast-schema-graph\">{\"@context\":\"https:\/\/schema.org\",\"@graph\":[{\"@type\":\"WebSite\",\"@id\":\"https:\/\/www.visit-ulcinj.com\/blog\/#website\",\"url\":\"https:\/\/www.visit-ulcinj.com\/blog\/\",\"name\":\"Lajme nga Ulqini\",\"description\":\"Lajme,Vijesti,Ulqini,Ulqin,Crna Gora,Mali i Zi\",\"potentialAction\":[{\"@type\":\"SearchAction\",\"target\":{\"@type\":\"EntryPoint\",\"urlTemplate\":\"https:\/\/www.visit-ulcinj.com\/blog\/?s={search_term_string}\"},\"query-input\":\"required name=search_term_string\"}],\"inLanguage\":\"en-US\"},{\"@type\":\"ImageObject\",\"inLanguage\":\"en-US\",\"@id\":\"https:\/\/www.visit-ulcinj.com\/blog\/2017\/03\/22\/dzelal-hodzic-ulcinj-nismo-mi\/#primaryimage\",\"url\":\"https:\/\/www.visit-ulcinj.com\/blog\/wp-content\/uploads\/2014\/09\/dzelal-hodzic.jpg\",\"contentUrl\":\"https:\/\/www.visit-ulcinj.com\/blog\/wp-content\/uploads\/2014\/09\/dzelal-hodzic.jpg\",\"width\":960,\"height\":720},{\"@type\":\"WebPage\",\"@id\":\"https:\/\/www.visit-ulcinj.com\/blog\/2017\/03\/22\/dzelal-hodzic-ulcinj-nismo-mi\/#webpage\",\"url\":\"https:\/\/www.visit-ulcinj.com\/blog\/2017\/03\/22\/dzelal-hodzic-ulcinj-nismo-mi\/\",\"name\":\"Dzelal Hodzic: Ulcinj to (ni)smo mi - Lajme nga Ulqini\",\"isPartOf\":{\"@id\":\"https:\/\/www.visit-ulcinj.com\/blog\/#website\"},\"primaryImageOfPage\":{\"@id\":\"https:\/\/www.visit-ulcinj.com\/blog\/2017\/03\/22\/dzelal-hodzic-ulcinj-nismo-mi\/#primaryimage\"},\"datePublished\":\"2017-03-22T14:53:42+00:00\",\"dateModified\":\"2017-03-22T14:53:42+00:00\",\"author\":{\"@id\":\"https:\/\/www.visit-ulcinj.com\/blog\/#\/schema\/person\/dcab619c614d3038751c63bc2aadc06d\"},\"description\":\"Mo\u017eda je naslov ovog teksta otrcana fraza ili slogan koji je 80-ih godina pro\u0161log vijeka izra\u017eavao istinske emocije gra\u0111ana ex-Yu u ljubavi prema\",\"breadcrumb\":{\"@id\":\"https:\/\/www.visit-ulcinj.com\/blog\/2017\/03\/22\/dzelal-hodzic-ulcinj-nismo-mi\/#breadcrumb\"},\"inLanguage\":\"en-US\",\"potentialAction\":[{\"@type\":\"ReadAction\",\"target\":[\"https:\/\/www.visit-ulcinj.com\/blog\/2017\/03\/22\/dzelal-hodzic-ulcinj-nismo-mi\/\"]}]},{\"@type\":\"BreadcrumbList\",\"@id\":\"https:\/\/www.visit-ulcinj.com\/blog\/2017\/03\/22\/dzelal-hodzic-ulcinj-nismo-mi\/#breadcrumb\",\"itemListElement\":[{\"@type\":\"ListItem\",\"position\":1,\"name\":\"Dzelal Hodzic: Ulcinj to (ni)smo mi\"}]},{\"@type\":\"Person\",\"@id\":\"https:\/\/www.visit-ulcinj.com\/blog\/#\/schema\/person\/dcab619c614d3038751c63bc2aadc06d\",\"name\":\"ulqini\",\"sameAs\":[\"http:\/\/www.visit-ulcinj.com\"],\"url\":\"https:\/\/www.visit-ulcinj.com\/blog\/author\/admin\/\"}]}<\/script>\n<!-- \/ Yoast SEO plugin. -->","yoast_head_json":{"title":"Dzelal Hodzic: Ulcinj to (ni)smo mi - Lajme nga Ulqini","description":"Mo\u017eda je naslov ovog teksta otrcana fraza ili slogan koji je 80-ih godina pro\u0161log vijeka izra\u017eavao istinske emocije gra\u0111ana ex-Yu u ljubavi prema","robots":{"index":"index","follow":"follow","max-snippet":"max-snippet:-1","max-image-preview":"max-image-preview:large","max-video-preview":"max-video-preview:-1"},"canonical":"https:\/\/www.visit-ulcinj.com\/blog\/2017\/03\/22\/dzelal-hodzic-ulcinj-nismo-mi\/","og_locale":"en_US","og_type":"article","og_title":"Dzelal Hodzic: Ulcinj to (ni)smo mi - Lajme nga Ulqini","og_description":"Mo\u017eda je naslov ovog teksta otrcana fraza ili slogan koji je 80-ih godina pro\u0161log vijeka izra\u017eavao istinske emocije gra\u0111ana ex-Yu u ljubavi prema","og_url":"https:\/\/www.visit-ulcinj.com\/blog\/2017\/03\/22\/dzelal-hodzic-ulcinj-nismo-mi\/","og_site_name":"Lajme nga Ulqini","article_published_time":"2017-03-22T14:53:42+00:00","og_image":[{"url":"http:\/\/www.visit-ulcinj.com\/blog\/wp-content\/uploads\/2014\/09\/dzelal-hodzic.jpg"}],"twitter_misc":{"Written by":"ulqini","Est. reading time":"5 minutes"},"schema":{"@context":"https:\/\/schema.org","@graph":[{"@type":"WebSite","@id":"https:\/\/www.visit-ulcinj.com\/blog\/#website","url":"https:\/\/www.visit-ulcinj.com\/blog\/","name":"Lajme nga Ulqini","description":"Lajme,Vijesti,Ulqini,Ulqin,Crna Gora,Mali i Zi","potentialAction":[{"@type":"SearchAction","target":{"@type":"EntryPoint","urlTemplate":"https:\/\/www.visit-ulcinj.com\/blog\/?s={search_term_string}"},"query-input":"required name=search_term_string"}],"inLanguage":"en-US"},{"@type":"ImageObject","inLanguage":"en-US","@id":"https:\/\/www.visit-ulcinj.com\/blog\/2017\/03\/22\/dzelal-hodzic-ulcinj-nismo-mi\/#primaryimage","url":"https:\/\/www.visit-ulcinj.com\/blog\/wp-content\/uploads\/2014\/09\/dzelal-hodzic.jpg","contentUrl":"https:\/\/www.visit-ulcinj.com\/blog\/wp-content\/uploads\/2014\/09\/dzelal-hodzic.jpg","width":960,"height":720},{"@type":"WebPage","@id":"https:\/\/www.visit-ulcinj.com\/blog\/2017\/03\/22\/dzelal-hodzic-ulcinj-nismo-mi\/#webpage","url":"https:\/\/www.visit-ulcinj.com\/blog\/2017\/03\/22\/dzelal-hodzic-ulcinj-nismo-mi\/","name":"Dzelal Hodzic: Ulcinj to (ni)smo mi - Lajme nga Ulqini","isPartOf":{"@id":"https:\/\/www.visit-ulcinj.com\/blog\/#website"},"primaryImageOfPage":{"@id":"https:\/\/www.visit-ulcinj.com\/blog\/2017\/03\/22\/dzelal-hodzic-ulcinj-nismo-mi\/#primaryimage"},"datePublished":"2017-03-22T14:53:42+00:00","dateModified":"2017-03-22T14:53:42+00:00","author":{"@id":"https:\/\/www.visit-ulcinj.com\/blog\/#\/schema\/person\/dcab619c614d3038751c63bc2aadc06d"},"description":"Mo\u017eda je naslov ovog teksta otrcana fraza ili slogan koji je 80-ih godina pro\u0161log vijeka izra\u017eavao istinske emocije gra\u0111ana ex-Yu u ljubavi prema","breadcrumb":{"@id":"https:\/\/www.visit-ulcinj.com\/blog\/2017\/03\/22\/dzelal-hodzic-ulcinj-nismo-mi\/#breadcrumb"},"inLanguage":"en-US","potentialAction":[{"@type":"ReadAction","target":["https:\/\/www.visit-ulcinj.com\/blog\/2017\/03\/22\/dzelal-hodzic-ulcinj-nismo-mi\/"]}]},{"@type":"BreadcrumbList","@id":"https:\/\/www.visit-ulcinj.com\/blog\/2017\/03\/22\/dzelal-hodzic-ulcinj-nismo-mi\/#breadcrumb","itemListElement":[{"@type":"ListItem","position":1,"name":"Dzelal Hodzic: Ulcinj to (ni)smo mi"}]},{"@type":"Person","@id":"https:\/\/www.visit-ulcinj.com\/blog\/#\/schema\/person\/dcab619c614d3038751c63bc2aadc06d","name":"ulqini","sameAs":["http:\/\/www.visit-ulcinj.com"],"url":"https:\/\/www.visit-ulcinj.com\/blog\/author\/admin\/"}]}},"jetpack_featured_media_url":"","jetpack_sharing_enabled":true,"jetpack_shortlink":"https:\/\/wp.me\/pe6lTn-qYO","_links":{"self":[{"href":"https:\/\/www.visit-ulcinj.com\/blog\/wp-json\/wp\/v2\/posts\/103714"}],"collection":[{"href":"https:\/\/www.visit-ulcinj.com\/blog\/wp-json\/wp\/v2\/posts"}],"about":[{"href":"https:\/\/www.visit-ulcinj.com\/blog\/wp-json\/wp\/v2\/types\/post"}],"author":[{"embeddable":true,"href":"https:\/\/www.visit-ulcinj.com\/blog\/wp-json\/wp\/v2\/users\/1"}],"replies":[{"embeddable":true,"href":"https:\/\/www.visit-ulcinj.com\/blog\/wp-json\/wp\/v2\/comments?post=103714"}],"version-history":[{"count":1,"href":"https:\/\/www.visit-ulcinj.com\/blog\/wp-json\/wp\/v2\/posts\/103714\/revisions"}],"predecessor-version":[{"id":103715,"href":"https:\/\/www.visit-ulcinj.com\/blog\/wp-json\/wp\/v2\/posts\/103714\/revisions\/103715"}],"wp:attachment":[{"href":"https:\/\/www.visit-ulcinj.com\/blog\/wp-json\/wp\/v2\/media?parent=103714"}],"wp:term":[{"taxonomy":"category","embeddable":true,"href":"https:\/\/www.visit-ulcinj.com\/blog\/wp-json\/wp\/v2\/categories?post=103714"},{"taxonomy":"post_tag","embeddable":true,"href":"https:\/\/www.visit-ulcinj.com\/blog\/wp-json\/wp\/v2\/tags?post=103714"}],"curies":[{"name":"wp","href":"https:\/\/api.w.org\/{rel}","templated":true}]}}