{"id":103720,"date":"2017-03-22T17:44:29","date_gmt":"2017-03-22T16:44:29","guid":{"rendered":"http:\/\/www.visit-ulcinj.com\/blog\/?p=103720"},"modified":"2017-03-22T17:44:29","modified_gmt":"2017-03-22T16:44:29","slug":"pavel-nedved-po-kalon-pushimet-ne-ulqin-jahtin-e-tij","status":"publish","type":"post","link":"https:\/\/www.visit-ulcinj.com\/blog\/2017\/03\/22\/pavel-nedved-po-kalon-pushimet-ne-ulqin-jahtin-e-tij\/","title":{"rendered":"Pavel Nedved po i kalon pushimet n\u00eb Ulqin me jahtin e tij"},"content":{"rendered":"<p><a href=\"http:\/\/www.visit-ulcinj.com\/blog\/wp-content\/uploads\/2017\/03\/Pavel-Nedved-me-jahtin-e-tije-ne-Ulqin.jpg\"><img loading=\"lazy\" class=\"alignleft wp-image-103721\" src=\"http:\/\/www.visit-ulcinj.com\/blog\/wp-content\/uploads\/2017\/03\/Pavel-Nedved-me-jahtin-e-tije-ne-Ulqin.jpg\" alt=\"Pavel Nedved-me jahtin e tije ne Ulqin\" width=\"508\" height=\"381\" srcset=\"https:\/\/www.visit-ulcinj.com\/blog\/wp-content\/uploads\/2017\/03\/Pavel-Nedved-me-jahtin-e-tije-ne-Ulqin.jpg 960w, https:\/\/www.visit-ulcinj.com\/blog\/wp-content\/uploads\/2017\/03\/Pavel-Nedved-me-jahtin-e-tije-ne-Ulqin-300x225.jpg 300w, https:\/\/www.visit-ulcinj.com\/blog\/wp-content\/uploads\/2017\/03\/Pavel-Nedved-me-jahtin-e-tije-ne-Ulqin-768x576.jpg 768w\" sizes=\"(max-width: 508px) 100vw, 508px\" \/><\/a>Ish futbollisti i Juventusit dhe Lazios, Pavel Nedved, t\u00eb mart\u00ebn ka hyr\u00eb n\u00ebportin e Ulqinit me jahtin personal \u2018Rimini\u2019.<\/p>\n<p>Ai \u00ebsht\u00eb n\u00eb lundrim p\u00ebrgjat\u00eb Adriatikut, derisa thuhet se \u00ebsht\u00eb magjepsur me bukurit\u00eb e Kalas\u00eb dhe Ran\u00ebs.<\/p>\n<p>Nedved, i cili n\u00eb vitin 2003 \u00ebsht\u00eb shpallur futbollisti m\u00eb i mir\u00eb i Evrop\u00ebs, ka luajutr te Juventusi nga viti 2001 e deri m\u00eb 2009.<\/p>\n<p>Gazeta Blic<\/p>\n","protected":false},"excerpt":{"rendered":"<p>Ish futbollisti i Juventusit dhe Lazios, Pavel Nedved, t\u00eb mart\u00ebn ka hyr\u00eb n\u00ebportin e Ulqinit me jahtin personal \u2018Rimini\u2019. Ai \u00ebsht\u00eb n\u00eb lundrim p\u00ebrgjat\u00eb Adriatikut, derisa thuhet se \u00ebsht\u00eb magjepsur me bukurit\u00eb e Kalas\u00eb dhe Ran\u00ebs. Nedved, i cili n\u00eb vitin 2003 \u00ebsht\u00eb shpallur futbollisti m\u00eb i mir\u00eb i Evrop\u00ebs, ka luajutr te Juventusi nga [&hellip;]<\/p>\n","protected":false},"author":1,"featured_media":0,"comment_status":"closed","ping_status":"closed","sticky":false,"template":"","format":"standard","meta":{"spay_email":"","jetpack_publicize_message":"","jetpack_is_tweetstorm":false,"jetpack_publicize_feature_enabled":true},"categories":[1],"tags":[],"jetpack_publicize_connections":[],"yoast_head":"<!-- This site is optimized with the Yoast SEO plugin v19.1 - https:\/\/yoast.com\/wordpress\/plugins\/seo\/ -->\n<title>Pavel Nedved po i kalon pushimet n\u00eb Ulqin me jahtin e tij - Lajme nga Ulqini<\/title>\n<meta name=\"description\" content=\"Ish futbollisti i Juventusit dhe Lazios, Pavel Nedved, t\u00eb mart\u00ebn ka hyr\u00eb n\u00ebportin e Ulqinit me jahtin personal \u2018Rimini\u2019. Ai \u00ebsht\u00eb n\u00eb lundrim p\u00ebrgjat\u00eb\" \/>\n<meta name=\"robots\" content=\"index, follow, max-snippet:-1, max-image-preview:large, max-video-preview:-1\" \/>\n<link rel=\"canonical\" href=\"https:\/\/www.visit-ulcinj.com\/blog\/2017\/03\/22\/pavel-nedved-po-kalon-pushimet-ne-ulqin-jahtin-e-tij\/\" \/>\n<meta property=\"og:locale\" content=\"en_US\" \/>\n<meta property=\"og:type\" content=\"article\" \/>\n<meta property=\"og:title\" content=\"Pavel Nedved po i kalon pushimet n\u00eb Ulqin me jahtin e tij - Lajme nga Ulqini\" \/>\n<meta property=\"og:description\" content=\"Ish futbollisti i Juventusit dhe Lazios, Pavel Nedved, t\u00eb mart\u00ebn ka hyr\u00eb n\u00ebportin e Ulqinit me jahtin personal \u2018Rimini\u2019. Ai \u00ebsht\u00eb n\u00eb lundrim p\u00ebrgjat\u00eb\" \/>\n<meta property=\"og:url\" content=\"https:\/\/www.visit-ulcinj.com\/blog\/2017\/03\/22\/pavel-nedved-po-kalon-pushimet-ne-ulqin-jahtin-e-tij\/\" \/>\n<meta property=\"og:site_name\" content=\"Lajme nga Ulqini\" \/>\n<meta property=\"article:published_time\" content=\"2017-03-22T16:44:29+00:00\" \/>\n<meta property=\"og:image\" content=\"http:\/\/www.visit-ulcinj.com\/blog\/wp-content\/uploads\/2017\/03\/Pavel-Nedved-me-jahtin-e-tije-ne-Ulqin.jpg\" \/>\n<meta name=\"twitter:label1\" content=\"Written by\" \/>\n\t<meta name=\"twitter:data1\" content=\"ulqini\" \/>\n<script type=\"application\/ld+json\" class=\"yoast-schema-graph\">{\"@context\":\"https:\/\/schema.org\",\"@graph\":[{\"@type\":\"WebSite\",\"@id\":\"https:\/\/www.visit-ulcinj.com\/blog\/#website\",\"url\":\"https:\/\/www.visit-ulcinj.com\/blog\/\",\"name\":\"Lajme nga Ulqini\",\"description\":\"Lajme,Vijesti,Ulqini,Ulqin,Crna Gora,Mali i Zi\",\"potentialAction\":[{\"@type\":\"SearchAction\",\"target\":{\"@type\":\"EntryPoint\",\"urlTemplate\":\"https:\/\/www.visit-ulcinj.com\/blog\/?s={search_term_string}\"},\"query-input\":\"required name=search_term_string\"}],\"inLanguage\":\"en-US\"},{\"@type\":\"ImageObject\",\"inLanguage\":\"en-US\",\"@id\":\"https:\/\/www.visit-ulcinj.com\/blog\/2017\/03\/22\/pavel-nedved-po-kalon-pushimet-ne-ulqin-jahtin-e-tij\/#primaryimage\",\"url\":\"https:\/\/www.visit-ulcinj.com\/blog\/wp-content\/uploads\/2017\/03\/Pavel-Nedved-me-jahtin-e-tije-ne-Ulqin.jpg\",\"contentUrl\":\"https:\/\/www.visit-ulcinj.com\/blog\/wp-content\/uploads\/2017\/03\/Pavel-Nedved-me-jahtin-e-tije-ne-Ulqin.jpg\",\"width\":960,\"height\":720},{\"@type\":\"WebPage\",\"@id\":\"https:\/\/www.visit-ulcinj.com\/blog\/2017\/03\/22\/pavel-nedved-po-kalon-pushimet-ne-ulqin-jahtin-e-tij\/#webpage\",\"url\":\"https:\/\/www.visit-ulcinj.com\/blog\/2017\/03\/22\/pavel-nedved-po-kalon-pushimet-ne-ulqin-jahtin-e-tij\/\",\"name\":\"Pavel Nedved po i kalon pushimet n\u00eb Ulqin me jahtin e tij - Lajme nga Ulqini\",\"isPartOf\":{\"@id\":\"https:\/\/www.visit-ulcinj.com\/blog\/#website\"},\"primaryImageOfPage\":{\"@id\":\"https:\/\/www.visit-ulcinj.com\/blog\/2017\/03\/22\/pavel-nedved-po-kalon-pushimet-ne-ulqin-jahtin-e-tij\/#primaryimage\"},\"datePublished\":\"2017-03-22T16:44:29+00:00\",\"dateModified\":\"2017-03-22T16:44:29+00:00\",\"author\":{\"@id\":\"https:\/\/www.visit-ulcinj.com\/blog\/#\/schema\/person\/dcab619c614d3038751c63bc2aadc06d\"},\"description\":\"Ish futbollisti i Juventusit dhe Lazios, Pavel Nedved, t\u00eb mart\u00ebn ka hyr\u00eb n\u00ebportin e Ulqinit me jahtin personal \u2018Rimini\u2019. Ai \u00ebsht\u00eb n\u00eb lundrim p\u00ebrgjat\u00eb\",\"breadcrumb\":{\"@id\":\"https:\/\/www.visit-ulcinj.com\/blog\/2017\/03\/22\/pavel-nedved-po-kalon-pushimet-ne-ulqin-jahtin-e-tij\/#breadcrumb\"},\"inLanguage\":\"en-US\",\"potentialAction\":[{\"@type\":\"ReadAction\",\"target\":[\"https:\/\/www.visit-ulcinj.com\/blog\/2017\/03\/22\/pavel-nedved-po-kalon-pushimet-ne-ulqin-jahtin-e-tij\/\"]}]},{\"@type\":\"BreadcrumbList\",\"@id\":\"https:\/\/www.visit-ulcinj.com\/blog\/2017\/03\/22\/pavel-nedved-po-kalon-pushimet-ne-ulqin-jahtin-e-tij\/#breadcrumb\",\"itemListElement\":[{\"@type\":\"ListItem\",\"position\":1,\"name\":\"Pavel Nedved po i kalon pushimet n\u00eb Ulqin me jahtin e tij\"}]},{\"@type\":\"Person\",\"@id\":\"https:\/\/www.visit-ulcinj.com\/blog\/#\/schema\/person\/dcab619c614d3038751c63bc2aadc06d\",\"name\":\"ulqini\",\"sameAs\":[\"http:\/\/www.visit-ulcinj.com\"],\"url\":\"https:\/\/www.visit-ulcinj.com\/blog\/author\/admin\/\"}]}<\/script>\n<!-- \/ Yoast SEO plugin. -->","yoast_head_json":{"title":"Pavel Nedved po i kalon pushimet n\u00eb Ulqin me jahtin e tij - Lajme nga Ulqini","description":"Ish futbollisti i Juventusit dhe Lazios, Pavel Nedved, t\u00eb mart\u00ebn ka hyr\u00eb n\u00ebportin e Ulqinit me jahtin personal \u2018Rimini\u2019. Ai \u00ebsht\u00eb n\u00eb lundrim p\u00ebrgjat\u00eb","robots":{"index":"index","follow":"follow","max-snippet":"max-snippet:-1","max-image-preview":"max-image-preview:large","max-video-preview":"max-video-preview:-1"},"canonical":"https:\/\/www.visit-ulcinj.com\/blog\/2017\/03\/22\/pavel-nedved-po-kalon-pushimet-ne-ulqin-jahtin-e-tij\/","og_locale":"en_US","og_type":"article","og_title":"Pavel Nedved po i kalon pushimet n\u00eb Ulqin me jahtin e tij - Lajme nga Ulqini","og_description":"Ish futbollisti i Juventusit dhe Lazios, Pavel Nedved, t\u00eb mart\u00ebn ka hyr\u00eb n\u00ebportin e Ulqinit me jahtin personal \u2018Rimini\u2019. Ai \u00ebsht\u00eb n\u00eb lundrim p\u00ebrgjat\u00eb","og_url":"https:\/\/www.visit-ulcinj.com\/blog\/2017\/03\/22\/pavel-nedved-po-kalon-pushimet-ne-ulqin-jahtin-e-tij\/","og_site_name":"Lajme nga Ulqini","article_published_time":"2017-03-22T16:44:29+00:00","og_image":[{"url":"http:\/\/www.visit-ulcinj.com\/blog\/wp-content\/uploads\/2017\/03\/Pavel-Nedved-me-jahtin-e-tije-ne-Ulqin.jpg"}],"twitter_misc":{"Written by":"ulqini"},"schema":{"@context":"https:\/\/schema.org","@graph":[{"@type":"WebSite","@id":"https:\/\/www.visit-ulcinj.com\/blog\/#website","url":"https:\/\/www.visit-ulcinj.com\/blog\/","name":"Lajme nga Ulqini","description":"Lajme,Vijesti,Ulqini,Ulqin,Crna Gora,Mali i Zi","potentialAction":[{"@type":"SearchAction","target":{"@type":"EntryPoint","urlTemplate":"https:\/\/www.visit-ulcinj.com\/blog\/?s={search_term_string}"},"query-input":"required name=search_term_string"}],"inLanguage":"en-US"},{"@type":"ImageObject","inLanguage":"en-US","@id":"https:\/\/www.visit-ulcinj.com\/blog\/2017\/03\/22\/pavel-nedved-po-kalon-pushimet-ne-ulqin-jahtin-e-tij\/#primaryimage","url":"https:\/\/www.visit-ulcinj.com\/blog\/wp-content\/uploads\/2017\/03\/Pavel-Nedved-me-jahtin-e-tije-ne-Ulqin.jpg","contentUrl":"https:\/\/www.visit-ulcinj.com\/blog\/wp-content\/uploads\/2017\/03\/Pavel-Nedved-me-jahtin-e-tije-ne-Ulqin.jpg","width":960,"height":720},{"@type":"WebPage","@id":"https:\/\/www.visit-ulcinj.com\/blog\/2017\/03\/22\/pavel-nedved-po-kalon-pushimet-ne-ulqin-jahtin-e-tij\/#webpage","url":"https:\/\/www.visit-ulcinj.com\/blog\/2017\/03\/22\/pavel-nedved-po-kalon-pushimet-ne-ulqin-jahtin-e-tij\/","name":"Pavel Nedved po i kalon pushimet n\u00eb Ulqin me jahtin e tij - Lajme nga Ulqini","isPartOf":{"@id":"https:\/\/www.visit-ulcinj.com\/blog\/#website"},"primaryImageOfPage":{"@id":"https:\/\/www.visit-ulcinj.com\/blog\/2017\/03\/22\/pavel-nedved-po-kalon-pushimet-ne-ulqin-jahtin-e-tij\/#primaryimage"},"datePublished":"2017-03-22T16:44:29+00:00","dateModified":"2017-03-22T16:44:29+00:00","author":{"@id":"https:\/\/www.visit-ulcinj.com\/blog\/#\/schema\/person\/dcab619c614d3038751c63bc2aadc06d"},"description":"Ish futbollisti i Juventusit dhe Lazios, Pavel Nedved, t\u00eb mart\u00ebn ka hyr\u00eb n\u00ebportin e Ulqinit me jahtin personal \u2018Rimini\u2019. Ai \u00ebsht\u00eb n\u00eb lundrim p\u00ebrgjat\u00eb","breadcrumb":{"@id":"https:\/\/www.visit-ulcinj.com\/blog\/2017\/03\/22\/pavel-nedved-po-kalon-pushimet-ne-ulqin-jahtin-e-tij\/#breadcrumb"},"inLanguage":"en-US","potentialAction":[{"@type":"ReadAction","target":["https:\/\/www.visit-ulcinj.com\/blog\/2017\/03\/22\/pavel-nedved-po-kalon-pushimet-ne-ulqin-jahtin-e-tij\/"]}]},{"@type":"BreadcrumbList","@id":"https:\/\/www.visit-ulcinj.com\/blog\/2017\/03\/22\/pavel-nedved-po-kalon-pushimet-ne-ulqin-jahtin-e-tij\/#breadcrumb","itemListElement":[{"@type":"ListItem","position":1,"name":"Pavel Nedved po i kalon pushimet n\u00eb Ulqin me jahtin e tij"}]},{"@type":"Person","@id":"https:\/\/www.visit-ulcinj.com\/blog\/#\/schema\/person\/dcab619c614d3038751c63bc2aadc06d","name":"ulqini","sameAs":["http:\/\/www.visit-ulcinj.com"],"url":"https:\/\/www.visit-ulcinj.com\/blog\/author\/admin\/"}]}},"jetpack_featured_media_url":"","jetpack_sharing_enabled":true,"jetpack_shortlink":"https:\/\/wp.me\/pe6lTn-qYU","_links":{"self":[{"href":"https:\/\/www.visit-ulcinj.com\/blog\/wp-json\/wp\/v2\/posts\/103720"}],"collection":[{"href":"https:\/\/www.visit-ulcinj.com\/blog\/wp-json\/wp\/v2\/posts"}],"about":[{"href":"https:\/\/www.visit-ulcinj.com\/blog\/wp-json\/wp\/v2\/types\/post"}],"author":[{"embeddable":true,"href":"https:\/\/www.visit-ulcinj.com\/blog\/wp-json\/wp\/v2\/users\/1"}],"replies":[{"embeddable":true,"href":"https:\/\/www.visit-ulcinj.com\/blog\/wp-json\/wp\/v2\/comments?post=103720"}],"version-history":[{"count":1,"href":"https:\/\/www.visit-ulcinj.com\/blog\/wp-json\/wp\/v2\/posts\/103720\/revisions"}],"predecessor-version":[{"id":103722,"href":"https:\/\/www.visit-ulcinj.com\/blog\/wp-json\/wp\/v2\/posts\/103720\/revisions\/103722"}],"wp:attachment":[{"href":"https:\/\/www.visit-ulcinj.com\/blog\/wp-json\/wp\/v2\/media?parent=103720"}],"wp:term":[{"taxonomy":"category","embeddable":true,"href":"https:\/\/www.visit-ulcinj.com\/blog\/wp-json\/wp\/v2\/categories?post=103720"},{"taxonomy":"post_tag","embeddable":true,"href":"https:\/\/www.visit-ulcinj.com\/blog\/wp-json\/wp\/v2\/tags?post=103720"}],"curies":[{"name":"wp","href":"https:\/\/api.w.org\/{rel}","templated":true}]}}