{"id":103723,"date":"2017-03-22T18:30:19","date_gmt":"2017-03-22T17:30:19","guid":{"rendered":"http:\/\/www.visit-ulcinj.com\/blog\/?p=103723"},"modified":"2017-03-22T18:32:26","modified_gmt":"2017-03-22T17:32:26","slug":"resorti-ne-mal-te-zi-rrezikon-shkodren-pala-shqiptare-hesht-video","status":"publish","type":"post","link":"https:\/\/www.visit-ulcinj.com\/blog\/2017\/03\/22\/resorti-ne-mal-te-zi-rrezikon-shkodren-pala-shqiptare-hesht-video\/","title":{"rendered":"Resorti n\u00eb Mal t\u00eb Zi rrezikon Shkodr\u00ebn, Pala shqiptare hesht &#8211; Video"},"content":{"rendered":"<p><strong><a href=\"http:\/\/www.visit-ulcinj.com\/blog\/wp-content\/uploads\/2014\/03\/Porto-Skadar-Lake-Montenegro.jpg\"><img loading=\"lazy\" class=\"alignleft wp-image-80692\" src=\"http:\/\/www.visit-ulcinj.com\/blog\/wp-content\/uploads\/2014\/03\/Porto-Skadar-Lake-Montenegro.jpg\" alt=\"Porto-Skadar-Lake-Montenegro\" width=\"508\" height=\"199\" srcset=\"https:\/\/www.visit-ulcinj.com\/blog\/wp-content\/uploads\/2014\/03\/Porto-Skadar-Lake-Montenegro.jpg 1347w, https:\/\/www.visit-ulcinj.com\/blog\/wp-content\/uploads\/2014\/03\/Porto-Skadar-Lake-Montenegro-300x117.jpg 300w, https:\/\/www.visit-ulcinj.com\/blog\/wp-content\/uploads\/2014\/03\/Porto-Skadar-Lake-Montenegro-1024x400.jpg 1024w\" sizes=\"(max-width: 508px) 100vw, 508px\" \/><\/a>Projekti turistik \u201cPorto Liqeni i Shkodres\u201d\u00a0 q\u00eb pret miratimin e Qeveris\u00eb s\u00eb Malit te Zi, ka nxitur protesta t\u00eb organizatave mjedisore n\u00eb Podgoric\u00eb.<\/strong><\/p>\n<p>Gjithashtu shqet\u00ebsimi p\u00ebr eko-resortin q\u00eb p\u00ebrfshin nj\u00eb hotel, 30 vila luksoze me pishina, restorante, porte dhe nj\u00eb qend\u00ebr tregtare, ka mb\u00ebrritur deri n\u00eb Parlamentin Europian, ku theksohet d\u00ebmi i r\u00ebnd\u00eb q\u00eb u shkakton vlerave eko-turistike t\u00eb Parkut t\u00eb Liqenit t\u00eb Shkodr\u00ebs.<\/p>\n<p>Nd\u00ebrkoh\u00eb nga pala shqiptare deri tani \u00ebsht\u00eb p\u00ebrcjell\u00eb me heshtje kjo situat\u00eb, p\u00ebr t\u00eb cil\u00ebn specialisti i mir\u00ebnjohur i bujq\u00ebsis\u00eb dhe mjedisit, Profesor Doktor Ahmet Osja, thote se duhet t\u00eb nis\u00eb menj\u00ebhere takimi qeveritar me pal\u00ebn malazeze, pasi Liqeni i Shkodr\u00ebs nuk mund t\u00eb shfryt\u00ebzohet n\u00eb m\u00ebnyr\u00eb t\u00eb nj\u00ebanshme.<\/p>\n<p>&nbsp;<\/p>\n<p><strong>\u00a0<\/strong><strong>Ahmet Osja , Dr. i Shkencave: <\/strong><em>Liqeni i Shkodr\u00ebs do institucion dy pal\u00ebsh. T\u00eb ulet n\u00eb tavolin\u00eb, ngre probleme dhe zbaton detyra\u201d <\/em><\/p>\n<p><strong>\u00a0<\/strong>Profesor Osja, edhe me cil\u00ebsine e ish ministrit t\u00eb Bujq\u00ebsise dhe Mjedisit, kujton se p\u00ebr Liqenin e Shkodr\u00ebs ka marr\u00ebveshje te pashkruara dhe te shkruara me Malin e Zi, ndaj qeveria shqiptare duhet t\u00eb k\u00ebrkoj\u00eb zbatimin e tyre.<\/p>\n<p>E kontaktuar nga Ora News, Bashkia e Shkodr\u00ebs shprehet se nuk ka asnj\u00eb informacion zyrtar dhe ka marr\u00eb informacion p\u00ebrmes medias rreth k\u00ebtij projekti. Sipas saj i takon qeveris\u00eb shqiptare t\u00eb nd\u00ebrhyje p\u00ebr t\u00eb k\u00ebrkuar informacion n\u00eb rrug\u00eb zyrtare. Hapesira e Liqenit t\u00eb Shkodr\u00ebs q\u00eb lag dy shtetet ka nj\u00eb biodiversitet t\u00eb pasur me 2.2 miliard met\u00ebr kube uj\u00eb, 281 shpend\u00eb, 50 gjitar\u00eb dhe 48 lloje peshqesh. Esht\u00eb shpallur zon\u00eb Ramsar qe nga vitit 1996, dhe mbrohet si e tille.<\/p>\n<p>\/Oranews.tv\/<\/p>\n<p><iframe loading=\"lazy\" width=\"508\" height=\"335\" src=\"https:\/\/www.youtube.com\/embed\/9DvnhGsN5H8\" frameborder=\"0\" allowfullscreen><\/iframe><\/p>\n","protected":false},"excerpt":{"rendered":"<p>Projekti turistik \u201cPorto Liqeni i Shkodres\u201d\u00a0 q\u00eb pret miratimin e Qeveris\u00eb s\u00eb Malit te Zi, ka nxitur protesta t\u00eb organizatave mjedisore n\u00eb Podgoric\u00eb. Gjithashtu shqet\u00ebsimi p\u00ebr eko-resortin q\u00eb p\u00ebrfshin nj\u00eb hotel, 30 vila luksoze me pishina, restorante, porte dhe nj\u00eb qend\u00ebr tregtare, ka mb\u00ebrritur deri n\u00eb Parlamentin Europian, ku theksohet d\u00ebmi i r\u00ebnd\u00eb q\u00eb u [&hellip;]<\/p>\n","protected":false},"author":1,"featured_media":0,"comment_status":"closed","ping_status":"closed","sticky":false,"template":"","format":"standard","meta":{"spay_email":"","jetpack_publicize_message":"","jetpack_is_tweetstorm":false,"jetpack_publicize_feature_enabled":true},"categories":[15],"tags":[],"jetpack_publicize_connections":[],"yoast_head":"<!-- This site is optimized with the Yoast SEO plugin v19.1 - https:\/\/yoast.com\/wordpress\/plugins\/seo\/ -->\n<title>Resorti n\u00eb Mal t\u00eb Zi rrezikon Shkodr\u00ebn, Pala shqiptare hesht - Video - Lajme nga Ulqini<\/title>\n<meta name=\"description\" content=\"Projekti turistik \u201cPorto Liqeni i Shkodres\u201d\u00a0 q\u00eb pret miratimin e Qeveris\u00eb s\u00eb Malit te Zi, ka nxitur protesta t\u00eb organizatave mjedisore n\u00eb Podgoric\u00eb.\" \/>\n<meta name=\"robots\" content=\"index, follow, max-snippet:-1, max-image-preview:large, max-video-preview:-1\" \/>\n<link rel=\"canonical\" href=\"https:\/\/www.visit-ulcinj.com\/blog\/2017\/03\/22\/resorti-ne-mal-te-zi-rrezikon-shkodren-pala-shqiptare-hesht-video\/\" \/>\n<meta property=\"og:locale\" content=\"en_US\" \/>\n<meta property=\"og:type\" content=\"article\" \/>\n<meta property=\"og:title\" content=\"Resorti n\u00eb Mal t\u00eb Zi rrezikon Shkodr\u00ebn, Pala shqiptare hesht - Video - Lajme nga Ulqini\" \/>\n<meta property=\"og:description\" content=\"Projekti turistik \u201cPorto Liqeni i Shkodres\u201d\u00a0 q\u00eb pret miratimin e Qeveris\u00eb s\u00eb Malit te Zi, ka nxitur protesta t\u00eb organizatave mjedisore n\u00eb Podgoric\u00eb.\" \/>\n<meta property=\"og:url\" content=\"https:\/\/www.visit-ulcinj.com\/blog\/2017\/03\/22\/resorti-ne-mal-te-zi-rrezikon-shkodren-pala-shqiptare-hesht-video\/\" \/>\n<meta property=\"og:site_name\" content=\"Lajme nga Ulqini\" \/>\n<meta property=\"article:published_time\" content=\"2017-03-22T17:30:19+00:00\" \/>\n<meta property=\"article:modified_time\" content=\"2017-03-22T17:32:26+00:00\" \/>\n<meta property=\"og:image\" content=\"http:\/\/www.visit-ulcinj.com\/blog\/wp-content\/uploads\/2014\/03\/Porto-Skadar-Lake-Montenegro.jpg\" \/>\n<meta name=\"twitter:label1\" content=\"Written by\" \/>\n\t<meta name=\"twitter:data1\" content=\"ulqini\" \/>\n\t<meta name=\"twitter:label2\" content=\"Est. reading time\" \/>\n\t<meta name=\"twitter:data2\" content=\"1 minute\" \/>\n<script type=\"application\/ld+json\" class=\"yoast-schema-graph\">{\"@context\":\"https:\/\/schema.org\",\"@graph\":[{\"@type\":\"WebSite\",\"@id\":\"https:\/\/www.visit-ulcinj.com\/blog\/#website\",\"url\":\"https:\/\/www.visit-ulcinj.com\/blog\/\",\"name\":\"Lajme nga Ulqini\",\"description\":\"Lajme,Vijesti,Ulqini,Ulqin,Crna Gora,Mali i Zi\",\"potentialAction\":[{\"@type\":\"SearchAction\",\"target\":{\"@type\":\"EntryPoint\",\"urlTemplate\":\"https:\/\/www.visit-ulcinj.com\/blog\/?s={search_term_string}\"},\"query-input\":\"required name=search_term_string\"}],\"inLanguage\":\"en-US\"},{\"@type\":\"ImageObject\",\"inLanguage\":\"en-US\",\"@id\":\"https:\/\/www.visit-ulcinj.com\/blog\/2017\/03\/22\/resorti-ne-mal-te-zi-rrezikon-shkodren-pala-shqiptare-hesht-video\/#primaryimage\",\"url\":\"https:\/\/www.visit-ulcinj.com\/blog\/wp-content\/uploads\/2014\/03\/Porto-Skadar-Lake-Montenegro.jpg\",\"contentUrl\":\"https:\/\/www.visit-ulcinj.com\/blog\/wp-content\/uploads\/2014\/03\/Porto-Skadar-Lake-Montenegro.jpg\",\"width\":1347,\"height\":527},{\"@type\":\"WebPage\",\"@id\":\"https:\/\/www.visit-ulcinj.com\/blog\/2017\/03\/22\/resorti-ne-mal-te-zi-rrezikon-shkodren-pala-shqiptare-hesht-video\/#webpage\",\"url\":\"https:\/\/www.visit-ulcinj.com\/blog\/2017\/03\/22\/resorti-ne-mal-te-zi-rrezikon-shkodren-pala-shqiptare-hesht-video\/\",\"name\":\"Resorti n\u00eb Mal t\u00eb Zi rrezikon Shkodr\u00ebn, Pala shqiptare hesht - Video - Lajme nga Ulqini\",\"isPartOf\":{\"@id\":\"https:\/\/www.visit-ulcinj.com\/blog\/#website\"},\"primaryImageOfPage\":{\"@id\":\"https:\/\/www.visit-ulcinj.com\/blog\/2017\/03\/22\/resorti-ne-mal-te-zi-rrezikon-shkodren-pala-shqiptare-hesht-video\/#primaryimage\"},\"datePublished\":\"2017-03-22T17:30:19+00:00\",\"dateModified\":\"2017-03-22T17:32:26+00:00\",\"author\":{\"@id\":\"https:\/\/www.visit-ulcinj.com\/blog\/#\/schema\/person\/dcab619c614d3038751c63bc2aadc06d\"},\"description\":\"Projekti turistik \u201cPorto Liqeni i Shkodres\u201d\u00a0 q\u00eb pret miratimin e Qeveris\u00eb s\u00eb Malit te Zi, ka nxitur protesta t\u00eb organizatave mjedisore n\u00eb Podgoric\u00eb.\",\"breadcrumb\":{\"@id\":\"https:\/\/www.visit-ulcinj.com\/blog\/2017\/03\/22\/resorti-ne-mal-te-zi-rrezikon-shkodren-pala-shqiptare-hesht-video\/#breadcrumb\"},\"inLanguage\":\"en-US\",\"potentialAction\":[{\"@type\":\"ReadAction\",\"target\":[\"https:\/\/www.visit-ulcinj.com\/blog\/2017\/03\/22\/resorti-ne-mal-te-zi-rrezikon-shkodren-pala-shqiptare-hesht-video\/\"]}]},{\"@type\":\"BreadcrumbList\",\"@id\":\"https:\/\/www.visit-ulcinj.com\/blog\/2017\/03\/22\/resorti-ne-mal-te-zi-rrezikon-shkodren-pala-shqiptare-hesht-video\/#breadcrumb\",\"itemListElement\":[{\"@type\":\"ListItem\",\"position\":1,\"name\":\"Resorti n\u00eb Mal t\u00eb Zi rrezikon Shkodr\u00ebn, Pala shqiptare hesht &#8211; Video\"}]},{\"@type\":\"Person\",\"@id\":\"https:\/\/www.visit-ulcinj.com\/blog\/#\/schema\/person\/dcab619c614d3038751c63bc2aadc06d\",\"name\":\"ulqini\",\"sameAs\":[\"http:\/\/www.visit-ulcinj.com\"],\"url\":\"https:\/\/www.visit-ulcinj.com\/blog\/author\/admin\/\"}]}<\/script>\n<!-- \/ Yoast SEO plugin. -->","yoast_head_json":{"title":"Resorti n\u00eb Mal t\u00eb Zi rrezikon Shkodr\u00ebn, Pala shqiptare hesht - Video - Lajme nga Ulqini","description":"Projekti turistik \u201cPorto Liqeni i Shkodres\u201d\u00a0 q\u00eb pret miratimin e Qeveris\u00eb s\u00eb Malit te Zi, ka nxitur protesta t\u00eb organizatave mjedisore n\u00eb Podgoric\u00eb.","robots":{"index":"index","follow":"follow","max-snippet":"max-snippet:-1","max-image-preview":"max-image-preview:large","max-video-preview":"max-video-preview:-1"},"canonical":"https:\/\/www.visit-ulcinj.com\/blog\/2017\/03\/22\/resorti-ne-mal-te-zi-rrezikon-shkodren-pala-shqiptare-hesht-video\/","og_locale":"en_US","og_type":"article","og_title":"Resorti n\u00eb Mal t\u00eb Zi rrezikon Shkodr\u00ebn, Pala shqiptare hesht - Video - Lajme nga Ulqini","og_description":"Projekti turistik \u201cPorto Liqeni i Shkodres\u201d\u00a0 q\u00eb pret miratimin e Qeveris\u00eb s\u00eb Malit te Zi, ka nxitur protesta t\u00eb organizatave mjedisore n\u00eb Podgoric\u00eb.","og_url":"https:\/\/www.visit-ulcinj.com\/blog\/2017\/03\/22\/resorti-ne-mal-te-zi-rrezikon-shkodren-pala-shqiptare-hesht-video\/","og_site_name":"Lajme nga Ulqini","article_published_time":"2017-03-22T17:30:19+00:00","article_modified_time":"2017-03-22T17:32:26+00:00","og_image":[{"url":"http:\/\/www.visit-ulcinj.com\/blog\/wp-content\/uploads\/2014\/03\/Porto-Skadar-Lake-Montenegro.jpg"}],"twitter_misc":{"Written by":"ulqini","Est. reading time":"1 minute"},"schema":{"@context":"https:\/\/schema.org","@graph":[{"@type":"WebSite","@id":"https:\/\/www.visit-ulcinj.com\/blog\/#website","url":"https:\/\/www.visit-ulcinj.com\/blog\/","name":"Lajme nga Ulqini","description":"Lajme,Vijesti,Ulqini,Ulqin,Crna Gora,Mali i Zi","potentialAction":[{"@type":"SearchAction","target":{"@type":"EntryPoint","urlTemplate":"https:\/\/www.visit-ulcinj.com\/blog\/?s={search_term_string}"},"query-input":"required name=search_term_string"}],"inLanguage":"en-US"},{"@type":"ImageObject","inLanguage":"en-US","@id":"https:\/\/www.visit-ulcinj.com\/blog\/2017\/03\/22\/resorti-ne-mal-te-zi-rrezikon-shkodren-pala-shqiptare-hesht-video\/#primaryimage","url":"https:\/\/www.visit-ulcinj.com\/blog\/wp-content\/uploads\/2014\/03\/Porto-Skadar-Lake-Montenegro.jpg","contentUrl":"https:\/\/www.visit-ulcinj.com\/blog\/wp-content\/uploads\/2014\/03\/Porto-Skadar-Lake-Montenegro.jpg","width":1347,"height":527},{"@type":"WebPage","@id":"https:\/\/www.visit-ulcinj.com\/blog\/2017\/03\/22\/resorti-ne-mal-te-zi-rrezikon-shkodren-pala-shqiptare-hesht-video\/#webpage","url":"https:\/\/www.visit-ulcinj.com\/blog\/2017\/03\/22\/resorti-ne-mal-te-zi-rrezikon-shkodren-pala-shqiptare-hesht-video\/","name":"Resorti n\u00eb Mal t\u00eb Zi rrezikon Shkodr\u00ebn, Pala shqiptare hesht - Video - Lajme nga Ulqini","isPartOf":{"@id":"https:\/\/www.visit-ulcinj.com\/blog\/#website"},"primaryImageOfPage":{"@id":"https:\/\/www.visit-ulcinj.com\/blog\/2017\/03\/22\/resorti-ne-mal-te-zi-rrezikon-shkodren-pala-shqiptare-hesht-video\/#primaryimage"},"datePublished":"2017-03-22T17:30:19+00:00","dateModified":"2017-03-22T17:32:26+00:00","author":{"@id":"https:\/\/www.visit-ulcinj.com\/blog\/#\/schema\/person\/dcab619c614d3038751c63bc2aadc06d"},"description":"Projekti turistik \u201cPorto Liqeni i Shkodres\u201d\u00a0 q\u00eb pret miratimin e Qeveris\u00eb s\u00eb Malit te Zi, ka nxitur protesta t\u00eb organizatave mjedisore n\u00eb Podgoric\u00eb.","breadcrumb":{"@id":"https:\/\/www.visit-ulcinj.com\/blog\/2017\/03\/22\/resorti-ne-mal-te-zi-rrezikon-shkodren-pala-shqiptare-hesht-video\/#breadcrumb"},"inLanguage":"en-US","potentialAction":[{"@type":"ReadAction","target":["https:\/\/www.visit-ulcinj.com\/blog\/2017\/03\/22\/resorti-ne-mal-te-zi-rrezikon-shkodren-pala-shqiptare-hesht-video\/"]}]},{"@type":"BreadcrumbList","@id":"https:\/\/www.visit-ulcinj.com\/blog\/2017\/03\/22\/resorti-ne-mal-te-zi-rrezikon-shkodren-pala-shqiptare-hesht-video\/#breadcrumb","itemListElement":[{"@type":"ListItem","position":1,"name":"Resorti n\u00eb Mal t\u00eb Zi rrezikon Shkodr\u00ebn, Pala shqiptare hesht &#8211; Video"}]},{"@type":"Person","@id":"https:\/\/www.visit-ulcinj.com\/blog\/#\/schema\/person\/dcab619c614d3038751c63bc2aadc06d","name":"ulqini","sameAs":["http:\/\/www.visit-ulcinj.com"],"url":"https:\/\/www.visit-ulcinj.com\/blog\/author\/admin\/"}]}},"jetpack_featured_media_url":"","jetpack_sharing_enabled":true,"jetpack_shortlink":"https:\/\/wp.me\/pe6lTn-qYX","_links":{"self":[{"href":"https:\/\/www.visit-ulcinj.com\/blog\/wp-json\/wp\/v2\/posts\/103723"}],"collection":[{"href":"https:\/\/www.visit-ulcinj.com\/blog\/wp-json\/wp\/v2\/posts"}],"about":[{"href":"https:\/\/www.visit-ulcinj.com\/blog\/wp-json\/wp\/v2\/types\/post"}],"author":[{"embeddable":true,"href":"https:\/\/www.visit-ulcinj.com\/blog\/wp-json\/wp\/v2\/users\/1"}],"replies":[{"embeddable":true,"href":"https:\/\/www.visit-ulcinj.com\/blog\/wp-json\/wp\/v2\/comments?post=103723"}],"version-history":[{"count":2,"href":"https:\/\/www.visit-ulcinj.com\/blog\/wp-json\/wp\/v2\/posts\/103723\/revisions"}],"predecessor-version":[{"id":103725,"href":"https:\/\/www.visit-ulcinj.com\/blog\/wp-json\/wp\/v2\/posts\/103723\/revisions\/103725"}],"wp:attachment":[{"href":"https:\/\/www.visit-ulcinj.com\/blog\/wp-json\/wp\/v2\/media?parent=103723"}],"wp:term":[{"taxonomy":"category","embeddable":true,"href":"https:\/\/www.visit-ulcinj.com\/blog\/wp-json\/wp\/v2\/categories?post=103723"},{"taxonomy":"post_tag","embeddable":true,"href":"https:\/\/www.visit-ulcinj.com\/blog\/wp-json\/wp\/v2\/tags?post=103723"}],"curies":[{"name":"wp","href":"https:\/\/api.w.org\/{rel}","templated":true}]}}