{"id":103726,"date":"2017-03-22T19:06:20","date_gmt":"2017-03-22T18:06:20","guid":{"rendered":"http:\/\/www.visit-ulcinj.com\/blog\/?p=103726"},"modified":"2017-03-22T19:06:50","modified_gmt":"2017-03-22T18:06:50","slug":"musa-gjoka-interviste-me-z-shefika-gjoni-video","status":"publish","type":"post","link":"https:\/\/www.visit-ulcinj.com\/blog\/2017\/03\/22\/musa-gjoka-interviste-me-z-shefika-gjoni-video\/","title":{"rendered":"Musa Gjoka Intervist\u00eb me z. Shefika Gjoni &#8211; Video"},"content":{"rendered":"<p><strong><a href=\"http:\/\/www.visit-ulcinj.com\/blog\/wp-content\/uploads\/2017\/03\/Musa-GJOKA-INTERVIJU-ME-z.-SHEFIKA-GJONI.jpg\"><img loading=\"lazy\" class=\"alignleft wp-image-103727\" src=\"http:\/\/www.visit-ulcinj.com\/blog\/wp-content\/uploads\/2017\/03\/Musa-GJOKA-INTERVIJU-ME-z.-SHEFIKA-GJONI.jpg\" alt=\"Musa GJOKA INTERVIJU ME z. SHEFIKA GJONI\" width=\"508\" height=\"255\" srcset=\"https:\/\/www.visit-ulcinj.com\/blog\/wp-content\/uploads\/2017\/03\/Musa-GJOKA-INTERVIJU-ME-z.-SHEFIKA-GJONI.jpg 619w, https:\/\/www.visit-ulcinj.com\/blog\/wp-content\/uploads\/2017\/03\/Musa-GJOKA-INTERVIJU-ME-z.-SHEFIKA-GJONI-300x151.jpg 300w\" sizes=\"(max-width: 508px) 100vw, 508px\" \/><\/a>Kryetaria e deg\u00ebs s\u00eb shoqat\u00ebs \u201cRrjeti global i gruas shqiptare\u201d p\u00ebr Malin e Zi, Shefika Gjoni tha p\u00ebr intervist\u00eb, se p\u00ebrmes k\u00ebtij projekti angazhohemi p\u00ebr kusht\u00ebzimin e integrimti t\u00eb Malit t\u00eb Zi n\u00eb Bashkimin Evropian dhe n\u00eb NATO, si dhe formimin e qeveris\u00eb, n\u00eb aspektin e realizimit t\u00eb t\u00eb drejtave t\u00eb plota t\u00eb shqiptar\u00ebve sipas t\u00eb drejtave t\u00eb vet asaj bashk\u00ebsie, pjes\u00eb e s\u00eb cil\u00ebs Mali i Zi pretendon t\u00eb b\u00ebhet.<\/strong><\/p>\n<p>Se \u00e7far\u00eb asht\u00eb \u201cPozita e shqiptar\u00ebve n\u00eb prag t\u00eb integrimit t\u00eb Malit t\u00eb Zi n\u00eb Bashkimin Evropian\u201d.<br \/>\nN\u00eb fjal\u00ebn hyr\u00ebse, kryetarja e deg\u00ebs s\u00eb Rrjetit Global t\u00eb Gruas Shqiptare p\u00ebr Malin e Zi, Shefika Gjoni, ka th\u00ebn\u00eb se pozita e shqiptar\u00ebve n\u00eb Mal t\u00eb Zi vazhdon t\u00eb jet\u00eb shqet\u00ebsuese edhe n\u00eb shekullin XXI.<br \/>\n\u201cShqiptar\u00ebt n\u00eb Mal te Zi nuk po arrijn\u00eb t\u00eb realizojn\u00eb as minimumin e t\u00eb drejtave elementare si popull autokton, t\u00eb drejta k\u00ebto t\u00eb parapara edhe me Kushtetut\u00ebn e Malit te Zi dhe t\u00eb garantuara me konventat nd\u00ebrkomb\u00ebtare\u201d, ka th\u00ebn\u00eb ajo, duke konstatuar se \u201cshqiptar\u00ebt n\u00eb Mal t\u00eb Zi kishin m\u00eb shum\u00eb t\u00eb drejta ligjore n\u00eb vitet \u201890 t\u00eb shekullit t\u00eb kaluar sesa sot\u201d.<br \/>\nGjoni ka theksuar se \u00ebsht\u00eb momenti i fundit q\u00eb t\u2019u t\u00ebrhiqet v\u00ebmendja p\u00ebrfaq\u00ebsuesve politik\u00eb dhe qytetar\u00ebve se vazaliteti nuk \u00ebsht\u00eb metod\u00eb p\u00ebr t\u00eb fituar t\u00eb drejtat q\u00eb na takojn\u00eb, si\u00e7 jan\u00eb e drejta p\u00ebr p\u00ebrfaq\u00ebsim proporcional n\u00eb Kuvendin e Malit t\u00eb Zi, qeveri dhe organet tjera shtet\u00ebrore, e drejta e shkollimit n\u00eb gjuh\u00ebn ametare n\u00eb t\u00eb gjitha nivelet.<br \/>\nAjo ka th\u00ebn\u00eb se \u00ebsht\u00eb momenti i faktorizimit t\u00eb shqiptar\u00ebve duke vendosur kushte dhe k\u00ebrkesa p\u00ebr fomimin e shumic\u00ebs s\u00eb re qeveris\u00ebse. \u00a0<strong>i.k.<\/strong><\/p>\n<!--YouTube Error: bad URL entered-->\n<p>&nbsp;<\/p>\n","protected":false},"excerpt":{"rendered":"<p>Kryetaria e deg\u00ebs s\u00eb shoqat\u00ebs \u201cRrjeti global i gruas shqiptare\u201d p\u00ebr Malin e Zi, Shefika Gjoni tha p\u00ebr intervist\u00eb, se p\u00ebrmes k\u00ebtij projekti angazhohemi p\u00ebr kusht\u00ebzimin e integrimti t\u00eb Malit t\u00eb Zi n\u00eb Bashkimin Evropian dhe n\u00eb NATO, si dhe formimin e qeveris\u00eb, n\u00eb aspektin e realizimit t\u00eb t\u00eb drejtave t\u00eb plota t\u00eb shqiptar\u00ebve sipas [&hellip;]<\/p>\n","protected":false},"author":1,"featured_media":0,"comment_status":"closed","ping_status":"closed","sticky":false,"template":"","format":"standard","meta":{"spay_email":"","jetpack_publicize_message":"","jetpack_is_tweetstorm":false,"jetpack_publicize_feature_enabled":true},"categories":[5],"tags":[],"jetpack_publicize_connections":[],"yoast_head":"<!-- This site is optimized with the Yoast SEO plugin v19.1 - https:\/\/yoast.com\/wordpress\/plugins\/seo\/ -->\n<title>Musa Gjoka Intervist\u00eb me z. Shefika Gjoni - Video - Lajme nga Ulqini<\/title>\n<meta name=\"description\" content=\"Kryetaria e deg\u00ebs s\u00eb shoqat\u00ebs \u201cRrjeti global i gruas shqiptare\u201d p\u00ebr Malin e Zi, Shefika Gjoni tha p\u00ebr intervist\u00eb, se p\u00ebrmes k\u00ebtij projekti angazhohemi p\u00ebr\" \/>\n<meta name=\"robots\" content=\"index, follow, max-snippet:-1, max-image-preview:large, max-video-preview:-1\" \/>\n<link rel=\"canonical\" href=\"https:\/\/www.visit-ulcinj.com\/blog\/2017\/03\/22\/musa-gjoka-interviste-me-z-shefika-gjoni-video\/\" \/>\n<meta property=\"og:locale\" content=\"en_US\" \/>\n<meta property=\"og:type\" content=\"article\" \/>\n<meta property=\"og:title\" content=\"Musa Gjoka Intervist\u00eb me z. Shefika Gjoni - Video - Lajme nga Ulqini\" \/>\n<meta property=\"og:description\" content=\"Kryetaria e deg\u00ebs s\u00eb shoqat\u00ebs \u201cRrjeti global i gruas shqiptare\u201d p\u00ebr Malin e Zi, Shefika Gjoni tha p\u00ebr intervist\u00eb, se p\u00ebrmes k\u00ebtij projekti angazhohemi p\u00ebr\" \/>\n<meta property=\"og:url\" content=\"https:\/\/www.visit-ulcinj.com\/blog\/2017\/03\/22\/musa-gjoka-interviste-me-z-shefika-gjoni-video\/\" \/>\n<meta property=\"og:site_name\" content=\"Lajme nga Ulqini\" \/>\n<meta property=\"article:published_time\" content=\"2017-03-22T18:06:20+00:00\" \/>\n<meta property=\"article:modified_time\" content=\"2017-03-22T18:06:50+00:00\" \/>\n<meta property=\"og:image\" content=\"http:\/\/www.visit-ulcinj.com\/blog\/wp-content\/uploads\/2017\/03\/Musa-GJOKA-INTERVIJU-ME-z.-SHEFIKA-GJONI.jpg\" \/>\n<meta name=\"twitter:label1\" content=\"Written by\" \/>\n\t<meta name=\"twitter:data1\" content=\"ulqini\" \/>\n\t<meta name=\"twitter:label2\" content=\"Est. reading time\" \/>\n\t<meta name=\"twitter:data2\" content=\"2 minutes\" \/>\n<script type=\"application\/ld+json\" class=\"yoast-schema-graph\">{\"@context\":\"https:\/\/schema.org\",\"@graph\":[{\"@type\":\"WebSite\",\"@id\":\"https:\/\/www.visit-ulcinj.com\/blog\/#website\",\"url\":\"https:\/\/www.visit-ulcinj.com\/blog\/\",\"name\":\"Lajme nga Ulqini\",\"description\":\"Lajme,Vijesti,Ulqini,Ulqin,Crna Gora,Mali i Zi\",\"potentialAction\":[{\"@type\":\"SearchAction\",\"target\":{\"@type\":\"EntryPoint\",\"urlTemplate\":\"https:\/\/www.visit-ulcinj.com\/blog\/?s={search_term_string}\"},\"query-input\":\"required name=search_term_string\"}],\"inLanguage\":\"en-US\"},{\"@type\":\"ImageObject\",\"inLanguage\":\"en-US\",\"@id\":\"https:\/\/www.visit-ulcinj.com\/blog\/2017\/03\/22\/musa-gjoka-interviste-me-z-shefika-gjoni-video\/#primaryimage\",\"url\":\"https:\/\/www.visit-ulcinj.com\/blog\/wp-content\/uploads\/2017\/03\/Musa-GJOKA-INTERVIJU-ME-z.-SHEFIKA-GJONI.jpg\",\"contentUrl\":\"https:\/\/www.visit-ulcinj.com\/blog\/wp-content\/uploads\/2017\/03\/Musa-GJOKA-INTERVIJU-ME-z.-SHEFIKA-GJONI.jpg\",\"width\":619,\"height\":311},{\"@type\":\"WebPage\",\"@id\":\"https:\/\/www.visit-ulcinj.com\/blog\/2017\/03\/22\/musa-gjoka-interviste-me-z-shefika-gjoni-video\/#webpage\",\"url\":\"https:\/\/www.visit-ulcinj.com\/blog\/2017\/03\/22\/musa-gjoka-interviste-me-z-shefika-gjoni-video\/\",\"name\":\"Musa Gjoka Intervist\u00eb me z. Shefika Gjoni - Video - Lajme nga Ulqini\",\"isPartOf\":{\"@id\":\"https:\/\/www.visit-ulcinj.com\/blog\/#website\"},\"primaryImageOfPage\":{\"@id\":\"https:\/\/www.visit-ulcinj.com\/blog\/2017\/03\/22\/musa-gjoka-interviste-me-z-shefika-gjoni-video\/#primaryimage\"},\"datePublished\":\"2017-03-22T18:06:20+00:00\",\"dateModified\":\"2017-03-22T18:06:50+00:00\",\"author\":{\"@id\":\"https:\/\/www.visit-ulcinj.com\/blog\/#\/schema\/person\/dcab619c614d3038751c63bc2aadc06d\"},\"description\":\"Kryetaria e deg\u00ebs s\u00eb shoqat\u00ebs \u201cRrjeti global i gruas shqiptare\u201d p\u00ebr Malin e Zi, Shefika Gjoni tha p\u00ebr intervist\u00eb, se p\u00ebrmes k\u00ebtij projekti angazhohemi p\u00ebr\",\"breadcrumb\":{\"@id\":\"https:\/\/www.visit-ulcinj.com\/blog\/2017\/03\/22\/musa-gjoka-interviste-me-z-shefika-gjoni-video\/#breadcrumb\"},\"inLanguage\":\"en-US\",\"potentialAction\":[{\"@type\":\"ReadAction\",\"target\":[\"https:\/\/www.visit-ulcinj.com\/blog\/2017\/03\/22\/musa-gjoka-interviste-me-z-shefika-gjoni-video\/\"]}]},{\"@type\":\"BreadcrumbList\",\"@id\":\"https:\/\/www.visit-ulcinj.com\/blog\/2017\/03\/22\/musa-gjoka-interviste-me-z-shefika-gjoni-video\/#breadcrumb\",\"itemListElement\":[{\"@type\":\"ListItem\",\"position\":1,\"name\":\"Musa Gjoka Intervist\u00eb me z. Shefika Gjoni &#8211; Video\"}]},{\"@type\":\"Person\",\"@id\":\"https:\/\/www.visit-ulcinj.com\/blog\/#\/schema\/person\/dcab619c614d3038751c63bc2aadc06d\",\"name\":\"ulqini\",\"sameAs\":[\"http:\/\/www.visit-ulcinj.com\"],\"url\":\"https:\/\/www.visit-ulcinj.com\/blog\/author\/admin\/\"}]}<\/script>\n<!-- \/ Yoast SEO plugin. -->","yoast_head_json":{"title":"Musa Gjoka Intervist\u00eb me z. Shefika Gjoni - Video - Lajme nga Ulqini","description":"Kryetaria e deg\u00ebs s\u00eb shoqat\u00ebs \u201cRrjeti global i gruas shqiptare\u201d p\u00ebr Malin e Zi, Shefika Gjoni tha p\u00ebr intervist\u00eb, se p\u00ebrmes k\u00ebtij projekti angazhohemi p\u00ebr","robots":{"index":"index","follow":"follow","max-snippet":"max-snippet:-1","max-image-preview":"max-image-preview:large","max-video-preview":"max-video-preview:-1"},"canonical":"https:\/\/www.visit-ulcinj.com\/blog\/2017\/03\/22\/musa-gjoka-interviste-me-z-shefika-gjoni-video\/","og_locale":"en_US","og_type":"article","og_title":"Musa Gjoka Intervist\u00eb me z. Shefika Gjoni - Video - Lajme nga Ulqini","og_description":"Kryetaria e deg\u00ebs s\u00eb shoqat\u00ebs \u201cRrjeti global i gruas shqiptare\u201d p\u00ebr Malin e Zi, Shefika Gjoni tha p\u00ebr intervist\u00eb, se p\u00ebrmes k\u00ebtij projekti angazhohemi p\u00ebr","og_url":"https:\/\/www.visit-ulcinj.com\/blog\/2017\/03\/22\/musa-gjoka-interviste-me-z-shefika-gjoni-video\/","og_site_name":"Lajme nga Ulqini","article_published_time":"2017-03-22T18:06:20+00:00","article_modified_time":"2017-03-22T18:06:50+00:00","og_image":[{"url":"http:\/\/www.visit-ulcinj.com\/blog\/wp-content\/uploads\/2017\/03\/Musa-GJOKA-INTERVIJU-ME-z.-SHEFIKA-GJONI.jpg"}],"twitter_misc":{"Written by":"ulqini","Est. reading time":"2 minutes"},"schema":{"@context":"https:\/\/schema.org","@graph":[{"@type":"WebSite","@id":"https:\/\/www.visit-ulcinj.com\/blog\/#website","url":"https:\/\/www.visit-ulcinj.com\/blog\/","name":"Lajme nga Ulqini","description":"Lajme,Vijesti,Ulqini,Ulqin,Crna Gora,Mali i Zi","potentialAction":[{"@type":"SearchAction","target":{"@type":"EntryPoint","urlTemplate":"https:\/\/www.visit-ulcinj.com\/blog\/?s={search_term_string}"},"query-input":"required name=search_term_string"}],"inLanguage":"en-US"},{"@type":"ImageObject","inLanguage":"en-US","@id":"https:\/\/www.visit-ulcinj.com\/blog\/2017\/03\/22\/musa-gjoka-interviste-me-z-shefika-gjoni-video\/#primaryimage","url":"https:\/\/www.visit-ulcinj.com\/blog\/wp-content\/uploads\/2017\/03\/Musa-GJOKA-INTERVIJU-ME-z.-SHEFIKA-GJONI.jpg","contentUrl":"https:\/\/www.visit-ulcinj.com\/blog\/wp-content\/uploads\/2017\/03\/Musa-GJOKA-INTERVIJU-ME-z.-SHEFIKA-GJONI.jpg","width":619,"height":311},{"@type":"WebPage","@id":"https:\/\/www.visit-ulcinj.com\/blog\/2017\/03\/22\/musa-gjoka-interviste-me-z-shefika-gjoni-video\/#webpage","url":"https:\/\/www.visit-ulcinj.com\/blog\/2017\/03\/22\/musa-gjoka-interviste-me-z-shefika-gjoni-video\/","name":"Musa Gjoka Intervist\u00eb me z. Shefika Gjoni - Video - Lajme nga Ulqini","isPartOf":{"@id":"https:\/\/www.visit-ulcinj.com\/blog\/#website"},"primaryImageOfPage":{"@id":"https:\/\/www.visit-ulcinj.com\/blog\/2017\/03\/22\/musa-gjoka-interviste-me-z-shefika-gjoni-video\/#primaryimage"},"datePublished":"2017-03-22T18:06:20+00:00","dateModified":"2017-03-22T18:06:50+00:00","author":{"@id":"https:\/\/www.visit-ulcinj.com\/blog\/#\/schema\/person\/dcab619c614d3038751c63bc2aadc06d"},"description":"Kryetaria e deg\u00ebs s\u00eb shoqat\u00ebs \u201cRrjeti global i gruas shqiptare\u201d p\u00ebr Malin e Zi, Shefika Gjoni tha p\u00ebr intervist\u00eb, se p\u00ebrmes k\u00ebtij projekti angazhohemi p\u00ebr","breadcrumb":{"@id":"https:\/\/www.visit-ulcinj.com\/blog\/2017\/03\/22\/musa-gjoka-interviste-me-z-shefika-gjoni-video\/#breadcrumb"},"inLanguage":"en-US","potentialAction":[{"@type":"ReadAction","target":["https:\/\/www.visit-ulcinj.com\/blog\/2017\/03\/22\/musa-gjoka-interviste-me-z-shefika-gjoni-video\/"]}]},{"@type":"BreadcrumbList","@id":"https:\/\/www.visit-ulcinj.com\/blog\/2017\/03\/22\/musa-gjoka-interviste-me-z-shefika-gjoni-video\/#breadcrumb","itemListElement":[{"@type":"ListItem","position":1,"name":"Musa Gjoka Intervist\u00eb me z. Shefika Gjoni &#8211; Video"}]},{"@type":"Person","@id":"https:\/\/www.visit-ulcinj.com\/blog\/#\/schema\/person\/dcab619c614d3038751c63bc2aadc06d","name":"ulqini","sameAs":["http:\/\/www.visit-ulcinj.com"],"url":"https:\/\/www.visit-ulcinj.com\/blog\/author\/admin\/"}]}},"jetpack_featured_media_url":"","jetpack_sharing_enabled":true,"jetpack_shortlink":"https:\/\/wp.me\/pe6lTn-qZ0","_links":{"self":[{"href":"https:\/\/www.visit-ulcinj.com\/blog\/wp-json\/wp\/v2\/posts\/103726"}],"collection":[{"href":"https:\/\/www.visit-ulcinj.com\/blog\/wp-json\/wp\/v2\/posts"}],"about":[{"href":"https:\/\/www.visit-ulcinj.com\/blog\/wp-json\/wp\/v2\/types\/post"}],"author":[{"embeddable":true,"href":"https:\/\/www.visit-ulcinj.com\/blog\/wp-json\/wp\/v2\/users\/1"}],"replies":[{"embeddable":true,"href":"https:\/\/www.visit-ulcinj.com\/blog\/wp-json\/wp\/v2\/comments?post=103726"}],"version-history":[{"count":2,"href":"https:\/\/www.visit-ulcinj.com\/blog\/wp-json\/wp\/v2\/posts\/103726\/revisions"}],"predecessor-version":[{"id":103729,"href":"https:\/\/www.visit-ulcinj.com\/blog\/wp-json\/wp\/v2\/posts\/103726\/revisions\/103729"}],"wp:attachment":[{"href":"https:\/\/www.visit-ulcinj.com\/blog\/wp-json\/wp\/v2\/media?parent=103726"}],"wp:term":[{"taxonomy":"category","embeddable":true,"href":"https:\/\/www.visit-ulcinj.com\/blog\/wp-json\/wp\/v2\/categories?post=103726"},{"taxonomy":"post_tag","embeddable":true,"href":"https:\/\/www.visit-ulcinj.com\/blog\/wp-json\/wp\/v2\/tags?post=103726"}],"curies":[{"name":"wp","href":"https:\/\/api.w.org\/{rel}","templated":true}]}}