{"id":103739,"date":"2017-03-23T15:28:23","date_gmt":"2017-03-23T14:28:23","guid":{"rendered":"http:\/\/www.visit-ulcinj.com\/blog\/?p=103739"},"modified":"2017-03-23T15:32:37","modified_gmt":"2017-03-23T14:32:37","slug":"cungu-aprovohet-ligji-per-tuzin-komune-e-plote","status":"publish","type":"post","link":"https:\/\/www.visit-ulcinj.com\/blog\/2017\/03\/23\/cungu-aprovohet-ligji-per-tuzin-komune-e-plote\/","title":{"rendered":"Cungu: Aprovohet ligji p\u00ebr Tuzin, Komun\u00eb e Plot\u00eb"},"content":{"rendered":"<p><span class=\"st\"><strong><a href=\"http:\/\/www.visit-ulcinj.com\/blog\/wp-content\/uploads\/2017\/03\/Gjukanoviq-Cungu.jpg\"><img loading=\"lazy\" class=\"alignleft wp-image-103740\" src=\"http:\/\/www.visit-ulcinj.com\/blog\/wp-content\/uploads\/2017\/03\/Gjukanoviq-Cungu.jpg\" alt=\"Gjukanoviq-Cungu\" width=\"508\" height=\"380\" srcset=\"https:\/\/www.visit-ulcinj.com\/blog\/wp-content\/uploads\/2017\/03\/Gjukanoviq-Cungu.jpg 900w, https:\/\/www.visit-ulcinj.com\/blog\/wp-content\/uploads\/2017\/03\/Gjukanoviq-Cungu-300x224.jpg 300w, https:\/\/www.visit-ulcinj.com\/blog\/wp-content\/uploads\/2017\/03\/Gjukanoviq-Cungu-768x574.jpg 768w\" sizes=\"(max-width: 508px) 100vw, 508px\" \/><\/a>Me k\u00ebt\u00eb rast kryetari i Komun\u00ebs s\u00eb Ulqinit Nazif Cungu, n\u00eb faq\u00ebn e tij t\u00eb Facebookut njofton se sot\u00eb u aprovua ligji per Komun\u00ebn e plot\u00eb t\u00eb Tuzit ku thuhet<\/strong><\/span><\/p>\n<p>T\u00eb dashur miq sot qeveria kaloi ligjin p\u00ebr Organizimin Territorial i cili formon Komun\u00ebn e shum\u00ebpritur t\u00eb Tuzit. N\u00eb k\u00ebt\u00eb m\u00ebnyr\u00eb ne po ia dalim q\u00eb t\u00eb p\u00ebrmbushim nj\u00eb nd\u00ebr k\u00ebrkesat kryesore t\u00eb shqiptar\u00ebve t\u00eb Malit t\u00eb Zi duke realizuar gjithashtu nj\u00eb premtim t\u00eb kamotsh\u00ebm t\u00eb Forc\u00ebs s\u00eb Re Demokratike. Un\u00eb ju fal\u00ebnderoj p\u00ebr mb\u00ebshtetjen e vazhdueshme q\u00eb na keni dh\u00ebn\u00eb, fal votave tuaja ne kemi mund\u00ebsuar q\u00eb t\u00eb v\u00ebm\u00eb n\u00eb jet\u00eb aspirat\u00ebn e popullit ton\u00eb p\u00ebr t\u00eb pasur komun\u00ebn e dyt\u00eb me shumic\u00eb shqiptar\u00eb n\u00eb Mal t\u00eb Zi, thuhet n\u00eb faqen e Facebookut t\u00eb kryetarit t\u00eb Ulqinit Nazif Cungu.<\/p>\n<p>&nbsp;<\/p>\n<p class=\"entry-title\"><strong>Qeveria voton ligjin: Tuzi, Komun\u00eb e Plot\u00eb<\/strong><\/p>\n<p class=\"entry-title\"><strong>Autor: Lajme.me<\/strong><\/p>\n<p>Sot ne mbledhjen e qeveris\u00eb u aprovua Ligji p\u00ebr organizimin Territorial ku Komuna e Tuzit parashikohet te jet\u00eb komun\u00eb e plot\u00eb. Ky ligj do t\u00eb shkojn\u00eb n\u00eb parlament ku pritet edhe aprovimi nga ana e Kuvendit t\u00eb Malit t\u00eb Zi me t\u00eb cil\u00ebn Komuna e Tuzit do t\u00eb behet Komun\u00eb Plot\u00eb.<\/p>\n<p><a href=\"http:\/\/lajm.me\/wp-content\/uploads\/2017\/03\/forca-udsh-ash-02.jpg\"><img loading=\"lazy\" class=\"alignleft size-medium wp-image-18184 td-animation-stack-type0-2\" src=\"http:\/\/lajm.me\/wp-content\/uploads\/2017\/03\/forca-udsh-ash-02-300x141.jpg\" sizes=\"(max-width: 300px) 100vw, 300px\" srcset=\"http:\/\/lajm.me\/wp-content\/uploads\/2017\/03\/forca-udsh-ash-02-300x141.jpg 300w, http:\/\/lajm.me\/wp-content\/uploads\/2017\/03\/forca-udsh-ash-02-768x362.jpg 768w, http:\/\/lajm.me\/wp-content\/uploads\/2017\/03\/forca-udsh-ash-02-1024x482.jpg 1024w, http:\/\/lajm.me\/wp-content\/uploads\/2017\/03\/forca-udsh-ash-02-696x328.jpg 696w, http:\/\/lajm.me\/wp-content\/uploads\/2017\/03\/forca-udsh-ash-02-1068x503.jpg 1068w, http:\/\/lajm.me\/wp-content\/uploads\/2017\/03\/forca-udsh-ash-02-892x420.jpg 892w, http:\/\/lajm.me\/wp-content\/uploads\/2017\/03\/forca-udsh-ash-02.jpg 1157w\" alt=\"\" width=\"300\" height=\"141\" \/><\/a><\/p>\n<p>Kjo \u00ebsht\u00eb edhe nj\u00eb d\u00ebshmi q\u00eb marr\u00ebveshja e koalicionit <strong>\u201cShqiptaret e Vendosur\u201d<\/strong> \u00a0\u00ebsht\u00eb duke u realizuar pasi q\u00eb ishte nj\u00eb nd\u00ebr k\u00ebrkesave m\u00eb t\u00eb r\u00ebnd\u00ebsishme t\u00eb marr\u00ebveshjes s\u00eb koalicionit. \u00a0Me k\u00ebt\u00eb shqiptaret do t\u00eb p\u00ebrmbushin nj\u00eb nga aspiratat me te m\u00ebdha Komb\u00ebtare, te ken\u00eb Komun\u00eb t\u00eb plot\u00eb t\u00eb Tuzit.<\/p>\n<p>Pas komun\u00ebs s\u00eb Ulqinit, Tuzi t\u00eb jet\u00eb komuna e dyt\u00eb me shumic\u00eb shqiptar\u00eb n\u00eb Mal t\u00eb Zi.<\/p>\n","protected":false},"excerpt":{"rendered":"<p>Me k\u00ebt\u00eb rast kryetari i Komun\u00ebs s\u00eb Ulqinit Nazif Cungu, n\u00eb faq\u00ebn e tij t\u00eb Facebookut njofton se sot\u00eb u aprovua ligji per Komun\u00ebn e plot\u00eb t\u00eb Tuzit ku thuhet T\u00eb dashur miq sot qeveria kaloi ligjin p\u00ebr Organizimin Territorial i cili formon Komun\u00ebn e shum\u00ebpritur t\u00eb Tuzit. N\u00eb k\u00ebt\u00eb m\u00ebnyr\u00eb ne po ia dalim [&hellip;]<\/p>\n","protected":false},"author":1,"featured_media":0,"comment_status":"closed","ping_status":"closed","sticky":false,"template":"","format":"standard","meta":{"spay_email":"","jetpack_publicize_message":"","jetpack_is_tweetstorm":false,"jetpack_publicize_feature_enabled":true},"categories":[1],"tags":[],"jetpack_publicize_connections":[],"yoast_head":"<!-- This site is optimized with the Yoast SEO plugin v19.1 - https:\/\/yoast.com\/wordpress\/plugins\/seo\/ -->\n<title>Cungu: Aprovohet ligji p\u00ebr Tuzin, Komun\u00eb e Plot\u00eb - Lajme nga Ulqini<\/title>\n<meta name=\"description\" content=\"Me k\u00ebt\u00eb rast kryetari i Komun\u00ebs s\u00eb Ulqinit Nazif Cungu, n\u00eb faq\u00ebn e tij t\u00eb Facebookut njofton se sot\u00eb u aprovua ligji per Komun\u00ebn e plot\u00eb t\u00eb Tuzit ku\" \/>\n<meta name=\"robots\" content=\"index, follow, max-snippet:-1, max-image-preview:large, max-video-preview:-1\" \/>\n<link rel=\"canonical\" href=\"https:\/\/www.visit-ulcinj.com\/blog\/2017\/03\/23\/cungu-aprovohet-ligji-per-tuzin-komune-e-plote\/\" \/>\n<meta property=\"og:locale\" content=\"en_US\" \/>\n<meta property=\"og:type\" content=\"article\" \/>\n<meta property=\"og:title\" content=\"Cungu: Aprovohet ligji p\u00ebr Tuzin, Komun\u00eb e Plot\u00eb - Lajme nga Ulqini\" \/>\n<meta property=\"og:description\" content=\"Me k\u00ebt\u00eb rast kryetari i Komun\u00ebs s\u00eb Ulqinit Nazif Cungu, n\u00eb faq\u00ebn e tij t\u00eb Facebookut njofton se sot\u00eb u aprovua ligji per Komun\u00ebn e plot\u00eb t\u00eb Tuzit ku\" \/>\n<meta property=\"og:url\" content=\"https:\/\/www.visit-ulcinj.com\/blog\/2017\/03\/23\/cungu-aprovohet-ligji-per-tuzin-komune-e-plote\/\" \/>\n<meta property=\"og:site_name\" content=\"Lajme nga Ulqini\" \/>\n<meta property=\"article:published_time\" content=\"2017-03-23T14:28:23+00:00\" \/>\n<meta property=\"article:modified_time\" content=\"2017-03-23T14:32:37+00:00\" \/>\n<meta property=\"og:image\" content=\"http:\/\/www.visit-ulcinj.com\/blog\/wp-content\/uploads\/2017\/03\/Gjukanoviq-Cungu.jpg\" \/>\n<meta name=\"twitter:label1\" content=\"Written by\" \/>\n\t<meta name=\"twitter:data1\" content=\"ulqini\" \/>\n\t<meta name=\"twitter:label2\" content=\"Est. reading time\" \/>\n\t<meta name=\"twitter:data2\" content=\"1 minute\" \/>\n<script type=\"application\/ld+json\" class=\"yoast-schema-graph\">{\"@context\":\"https:\/\/schema.org\",\"@graph\":[{\"@type\":\"WebSite\",\"@id\":\"https:\/\/www.visit-ulcinj.com\/blog\/#website\",\"url\":\"https:\/\/www.visit-ulcinj.com\/blog\/\",\"name\":\"Lajme nga Ulqini\",\"description\":\"Lajme,Vijesti,Ulqini,Ulqin,Crna Gora,Mali i Zi\",\"potentialAction\":[{\"@type\":\"SearchAction\",\"target\":{\"@type\":\"EntryPoint\",\"urlTemplate\":\"https:\/\/www.visit-ulcinj.com\/blog\/?s={search_term_string}\"},\"query-input\":\"required name=search_term_string\"}],\"inLanguage\":\"en-US\"},{\"@type\":\"ImageObject\",\"inLanguage\":\"en-US\",\"@id\":\"https:\/\/www.visit-ulcinj.com\/blog\/2017\/03\/23\/cungu-aprovohet-ligji-per-tuzin-komune-e-plote\/#primaryimage\",\"url\":\"https:\/\/www.visit-ulcinj.com\/blog\/wp-content\/uploads\/2017\/03\/Gjukanoviq-Cungu.jpg\",\"contentUrl\":\"https:\/\/www.visit-ulcinj.com\/blog\/wp-content\/uploads\/2017\/03\/Gjukanoviq-Cungu.jpg\",\"width\":900,\"height\":673},{\"@type\":\"WebPage\",\"@id\":\"https:\/\/www.visit-ulcinj.com\/blog\/2017\/03\/23\/cungu-aprovohet-ligji-per-tuzin-komune-e-plote\/#webpage\",\"url\":\"https:\/\/www.visit-ulcinj.com\/blog\/2017\/03\/23\/cungu-aprovohet-ligji-per-tuzin-komune-e-plote\/\",\"name\":\"Cungu: Aprovohet ligji p\u00ebr Tuzin, Komun\u00eb e Plot\u00eb - Lajme nga Ulqini\",\"isPartOf\":{\"@id\":\"https:\/\/www.visit-ulcinj.com\/blog\/#website\"},\"primaryImageOfPage\":{\"@id\":\"https:\/\/www.visit-ulcinj.com\/blog\/2017\/03\/23\/cungu-aprovohet-ligji-per-tuzin-komune-e-plote\/#primaryimage\"},\"datePublished\":\"2017-03-23T14:28:23+00:00\",\"dateModified\":\"2017-03-23T14:32:37+00:00\",\"author\":{\"@id\":\"https:\/\/www.visit-ulcinj.com\/blog\/#\/schema\/person\/dcab619c614d3038751c63bc2aadc06d\"},\"description\":\"Me k\u00ebt\u00eb rast kryetari i Komun\u00ebs s\u00eb Ulqinit Nazif Cungu, n\u00eb faq\u00ebn e tij t\u00eb Facebookut njofton se sot\u00eb u aprovua ligji per Komun\u00ebn e plot\u00eb t\u00eb Tuzit ku\",\"breadcrumb\":{\"@id\":\"https:\/\/www.visit-ulcinj.com\/blog\/2017\/03\/23\/cungu-aprovohet-ligji-per-tuzin-komune-e-plote\/#breadcrumb\"},\"inLanguage\":\"en-US\",\"potentialAction\":[{\"@type\":\"ReadAction\",\"target\":[\"https:\/\/www.visit-ulcinj.com\/blog\/2017\/03\/23\/cungu-aprovohet-ligji-per-tuzin-komune-e-plote\/\"]}]},{\"@type\":\"BreadcrumbList\",\"@id\":\"https:\/\/www.visit-ulcinj.com\/blog\/2017\/03\/23\/cungu-aprovohet-ligji-per-tuzin-komune-e-plote\/#breadcrumb\",\"itemListElement\":[{\"@type\":\"ListItem\",\"position\":1,\"name\":\"Cungu: Aprovohet ligji p\u00ebr Tuzin, Komun\u00eb e Plot\u00eb\"}]},{\"@type\":\"Person\",\"@id\":\"https:\/\/www.visit-ulcinj.com\/blog\/#\/schema\/person\/dcab619c614d3038751c63bc2aadc06d\",\"name\":\"ulqini\",\"sameAs\":[\"http:\/\/www.visit-ulcinj.com\"],\"url\":\"https:\/\/www.visit-ulcinj.com\/blog\/author\/admin\/\"}]}<\/script>\n<!-- \/ Yoast SEO plugin. -->","yoast_head_json":{"title":"Cungu: Aprovohet ligji p\u00ebr Tuzin, Komun\u00eb e Plot\u00eb - Lajme nga Ulqini","description":"Me k\u00ebt\u00eb rast kryetari i Komun\u00ebs s\u00eb Ulqinit Nazif Cungu, n\u00eb faq\u00ebn e tij t\u00eb Facebookut njofton se sot\u00eb u aprovua ligji per Komun\u00ebn e plot\u00eb t\u00eb Tuzit ku","robots":{"index":"index","follow":"follow","max-snippet":"max-snippet:-1","max-image-preview":"max-image-preview:large","max-video-preview":"max-video-preview:-1"},"canonical":"https:\/\/www.visit-ulcinj.com\/blog\/2017\/03\/23\/cungu-aprovohet-ligji-per-tuzin-komune-e-plote\/","og_locale":"en_US","og_type":"article","og_title":"Cungu: Aprovohet ligji p\u00ebr Tuzin, Komun\u00eb e Plot\u00eb - Lajme nga Ulqini","og_description":"Me k\u00ebt\u00eb rast kryetari i Komun\u00ebs s\u00eb Ulqinit Nazif Cungu, n\u00eb faq\u00ebn e tij t\u00eb Facebookut njofton se sot\u00eb u aprovua ligji per Komun\u00ebn e plot\u00eb t\u00eb Tuzit ku","og_url":"https:\/\/www.visit-ulcinj.com\/blog\/2017\/03\/23\/cungu-aprovohet-ligji-per-tuzin-komune-e-plote\/","og_site_name":"Lajme nga Ulqini","article_published_time":"2017-03-23T14:28:23+00:00","article_modified_time":"2017-03-23T14:32:37+00:00","og_image":[{"url":"http:\/\/www.visit-ulcinj.com\/blog\/wp-content\/uploads\/2017\/03\/Gjukanoviq-Cungu.jpg"}],"twitter_misc":{"Written by":"ulqini","Est. reading time":"1 minute"},"schema":{"@context":"https:\/\/schema.org","@graph":[{"@type":"WebSite","@id":"https:\/\/www.visit-ulcinj.com\/blog\/#website","url":"https:\/\/www.visit-ulcinj.com\/blog\/","name":"Lajme nga Ulqini","description":"Lajme,Vijesti,Ulqini,Ulqin,Crna Gora,Mali i Zi","potentialAction":[{"@type":"SearchAction","target":{"@type":"EntryPoint","urlTemplate":"https:\/\/www.visit-ulcinj.com\/blog\/?s={search_term_string}"},"query-input":"required name=search_term_string"}],"inLanguage":"en-US"},{"@type":"ImageObject","inLanguage":"en-US","@id":"https:\/\/www.visit-ulcinj.com\/blog\/2017\/03\/23\/cungu-aprovohet-ligji-per-tuzin-komune-e-plote\/#primaryimage","url":"https:\/\/www.visit-ulcinj.com\/blog\/wp-content\/uploads\/2017\/03\/Gjukanoviq-Cungu.jpg","contentUrl":"https:\/\/www.visit-ulcinj.com\/blog\/wp-content\/uploads\/2017\/03\/Gjukanoviq-Cungu.jpg","width":900,"height":673},{"@type":"WebPage","@id":"https:\/\/www.visit-ulcinj.com\/blog\/2017\/03\/23\/cungu-aprovohet-ligji-per-tuzin-komune-e-plote\/#webpage","url":"https:\/\/www.visit-ulcinj.com\/blog\/2017\/03\/23\/cungu-aprovohet-ligji-per-tuzin-komune-e-plote\/","name":"Cungu: Aprovohet ligji p\u00ebr Tuzin, Komun\u00eb e Plot\u00eb - Lajme nga Ulqini","isPartOf":{"@id":"https:\/\/www.visit-ulcinj.com\/blog\/#website"},"primaryImageOfPage":{"@id":"https:\/\/www.visit-ulcinj.com\/blog\/2017\/03\/23\/cungu-aprovohet-ligji-per-tuzin-komune-e-plote\/#primaryimage"},"datePublished":"2017-03-23T14:28:23+00:00","dateModified":"2017-03-23T14:32:37+00:00","author":{"@id":"https:\/\/www.visit-ulcinj.com\/blog\/#\/schema\/person\/dcab619c614d3038751c63bc2aadc06d"},"description":"Me k\u00ebt\u00eb rast kryetari i Komun\u00ebs s\u00eb Ulqinit Nazif Cungu, n\u00eb faq\u00ebn e tij t\u00eb Facebookut njofton se sot\u00eb u aprovua ligji per Komun\u00ebn e plot\u00eb t\u00eb Tuzit ku","breadcrumb":{"@id":"https:\/\/www.visit-ulcinj.com\/blog\/2017\/03\/23\/cungu-aprovohet-ligji-per-tuzin-komune-e-plote\/#breadcrumb"},"inLanguage":"en-US","potentialAction":[{"@type":"ReadAction","target":["https:\/\/www.visit-ulcinj.com\/blog\/2017\/03\/23\/cungu-aprovohet-ligji-per-tuzin-komune-e-plote\/"]}]},{"@type":"BreadcrumbList","@id":"https:\/\/www.visit-ulcinj.com\/blog\/2017\/03\/23\/cungu-aprovohet-ligji-per-tuzin-komune-e-plote\/#breadcrumb","itemListElement":[{"@type":"ListItem","position":1,"name":"Cungu: Aprovohet ligji p\u00ebr Tuzin, Komun\u00eb e Plot\u00eb"}]},{"@type":"Person","@id":"https:\/\/www.visit-ulcinj.com\/blog\/#\/schema\/person\/dcab619c614d3038751c63bc2aadc06d","name":"ulqini","sameAs":["http:\/\/www.visit-ulcinj.com"],"url":"https:\/\/www.visit-ulcinj.com\/blog\/author\/admin\/"}]}},"jetpack_featured_media_url":"","jetpack_sharing_enabled":true,"jetpack_shortlink":"https:\/\/wp.me\/pe6lTn-qZd","_links":{"self":[{"href":"https:\/\/www.visit-ulcinj.com\/blog\/wp-json\/wp\/v2\/posts\/103739"}],"collection":[{"href":"https:\/\/www.visit-ulcinj.com\/blog\/wp-json\/wp\/v2\/posts"}],"about":[{"href":"https:\/\/www.visit-ulcinj.com\/blog\/wp-json\/wp\/v2\/types\/post"}],"author":[{"embeddable":true,"href":"https:\/\/www.visit-ulcinj.com\/blog\/wp-json\/wp\/v2\/users\/1"}],"replies":[{"embeddable":true,"href":"https:\/\/www.visit-ulcinj.com\/blog\/wp-json\/wp\/v2\/comments?post=103739"}],"version-history":[{"count":2,"href":"https:\/\/www.visit-ulcinj.com\/blog\/wp-json\/wp\/v2\/posts\/103739\/revisions"}],"predecessor-version":[{"id":103742,"href":"https:\/\/www.visit-ulcinj.com\/blog\/wp-json\/wp\/v2\/posts\/103739\/revisions\/103742"}],"wp:attachment":[{"href":"https:\/\/www.visit-ulcinj.com\/blog\/wp-json\/wp\/v2\/media?parent=103739"}],"wp:term":[{"taxonomy":"category","embeddable":true,"href":"https:\/\/www.visit-ulcinj.com\/blog\/wp-json\/wp\/v2\/categories?post=103739"},{"taxonomy":"post_tag","embeddable":true,"href":"https:\/\/www.visit-ulcinj.com\/blog\/wp-json\/wp\/v2\/tags?post=103739"}],"curies":[{"name":"wp","href":"https:\/\/api.w.org\/{rel}","templated":true}]}}