{"id":103756,"date":"2017-03-24T15:17:15","date_gmt":"2017-03-24T14:17:15","guid":{"rendered":"http:\/\/www.visit-ulcinj.com\/blog\/?p=103756"},"modified":"2017-03-24T15:17:15","modified_gmt":"2017-03-24T14:17:15","slug":"promovohet-turizmi-ulqinit-ne-panairin-nderkombetar-te-turizmit-tirana-2017","status":"publish","type":"post","link":"https:\/\/www.visit-ulcinj.com\/blog\/2017\/03\/24\/promovohet-turizmi-ulqinit-ne-panairin-nderkombetar-te-turizmit-tirana-2017\/","title":{"rendered":"Promovohet turizmi i Ulqinit n\u00eb Panairin Nd\u00ebrkomb\u00ebtar t\u00eb Turizmit \u201cTirana 2017\u201d"},"content":{"rendered":"<p><strong><a href=\"http:\/\/www.visit-ulcinj.com\/blog\/wp-content\/uploads\/2017\/03\/romovohet-turizmi-i-Ulqinit-n\u00eb-Panairin-Nd\u00ebrkomb\u00ebtar-t\u00eb-Turizmit-Tirana-2017.jpg\"><img loading=\"lazy\" class=\"alignleft wp-image-103757\" src=\"http:\/\/www.visit-ulcinj.com\/blog\/wp-content\/uploads\/2017\/03\/romovohet-turizmi-i-Ulqinit-n\u00eb-Panairin-Nd\u00ebrkomb\u00ebtar-t\u00eb-Turizmit-Tirana-2017.jpg\" alt=\"romovohet turizmi i Ulqinit n\u00eb Panairin Nd\u00ebrkomb\u00ebtar t\u00eb Turizmit Tirana 2017\" width=\"508\" height=\"677\" srcset=\"https:\/\/www.visit-ulcinj.com\/blog\/wp-content\/uploads\/2017\/03\/romovohet-turizmi-i-Ulqinit-n\u00eb-Panairin-Nd\u00ebrkomb\u00ebtar-t\u00eb-Turizmit-Tirana-2017.jpg 463w, https:\/\/www.visit-ulcinj.com\/blog\/wp-content\/uploads\/2017\/03\/romovohet-turizmi-i-Ulqinit-n\u00eb-Panairin-Nd\u00ebrkomb\u00ebtar-t\u00eb-Turizmit-Tirana-2017-225x300.jpg 225w\" sizes=\"(max-width: 508px) 100vw, 508px\" \/><\/a>Tirana 2017<\/strong><\/p>\n<p>Organizata Turistike e Ulqinit p\u00ebr her\u00eb t\u00eb tret\u00eb \u00ebsht\u00eb duke marr\u00eb pjes\u00eb n\u00eb panairin e Tiran\u00ebs q\u00eb mbahet me 24 dhe 25 mars 2017. K\u00ebt\u00eb vit Organizata e Ulqinit \u00ebsht\u00eb edhe bart\u00ebse dhe organizatore e k\u00ebtij panairi dhe n\u00eb kuad\u00ebr t\u00eb stend\u00ebs son\u00eb jan\u00eb prezent Ministria e turizmit, Organizata Nacionale e Malit t\u00eb Zi, OT e Budv\u00ebs, Tivarit, Podgoric\u00ebs, Zhablakut, Kolashinit, si dhe shum\u00eb afarist\u00eb dhe hotelijere si\u00e7 jan\u00eb hotel Hilton nga Podgorica, hotelet Mediteran, Llolla, Cruiser, Continental, Eneida nga Ulqini.<\/p>\n<p>Panairi i Tiran\u00ebs organizohet nga firma e njohur p\u00ebr panaire n\u00eb Shqip\u00ebri Albexpo Group n\u00eb bashk\u00ebpunim me\u00a0 shoqat\u00ebn e turizmit t\u00eb Shqip\u00ebris\u00eb dhe Agjensionin nacional t\u00eb turizmit, dhe ky panair mbledh p\u00ebr rreth 100 operatere turistike nga t\u00eb gjithe vendet e Shqip\u00ebris\u00eb n\u00eb m\u00ebnyr\u00eb q\u00eb t\u00eb promovohet oferta turistike n\u00eb nivel sa m\u00eb t\u00eb lart\u00eb.<\/p>\n<p>Ne hapjen zyrtare q\u00eb \u00ebsht\u00eb b\u00ebr\u00eb sot, fjal\u00ebn p\u00ebrshendet\u00ebse e pati edhe drejtori i OT Mr Fuad Haxhibeti i cili shprehi k\u00ebnaq\u00ebsin\u00eb p\u00ebr prezencen n\u00eb k\u00ebt\u00eb panair duke shpresuar q\u00eb marredh\u00ebnjet e mir\u00eb me Shqip\u00ebrin\u00eb do ti kemi edhe n\u00eb t\u00eb ardhmen por, shpreson q\u00eb edhe bashk\u00ebpunimi n\u00eb l\u00ebmin e turizmit te zgjerohet edhe m\u00eb tep\u00ebr. Gjat\u00eb dit\u00ebs drejtori ka japur edhe shum\u00eb intervista p\u00ebr gazetar\u00eb\u00a0 dhe televizonet m\u00eb t\u00eb njohura t\u00eb k\u00ebtij vendi t\u00eb cil\u00ebt poashtu pat\u00ebn mund\u00ebsin\u00eb t\u00eb in\u00e7izojn\u00eb stenden ton\u00eb dhe t\u00eb degustojn\u00eb disa nga \u00ebmb\u00eblsirat tradicionale , vererat dhe rakine nga Mali i Zi.<\/p>\n<p>Nj\u00eb vizit\u00eb t\u00eb shkurt\u00ebr e ka b\u00ebre edhe kryetari i bashk\u00ebsis\u00eb s\u00eb Tiran\u00ebs z.Erion Veliu i cili poashtu ka patur fjal\u00ebn p\u00ebrsh\u00ebndet\u00ebse n\u00eb hapjen e panairit.<\/p>\n<p>Shqip\u00ebria \u00ebsht\u00eb nj\u00eb treg i r\u00ebnd\u00ebsish\u00ebm p\u00ebr Malin e Zi n\u00eb p\u00ebrgjith\u00ebsi sepse koh\u00ebve t\u00eb fundit kemi rritje t\u00eb numrit t\u00eb turist\u00ebve nga ky vend por sigurisht q\u00eb duhet t\u00eb punojm\u00eb sa m\u00eb tep\u00ebr n\u00eb promovimin e ofert\u00ebs turistike. Ky panair do t\u00eb zgjas\u00eb edhe nes\u00ebr me 25 mars dhe mund t\u00eb themi q\u00eb stenda e Malit t\u00eb Zi ka ngjallur interesim t\u00eb madh nga t\u00eb gjth\u00eb vizitor\u00ebt.<\/p>\n<p>Gjate vitit 2016 Ulqinin e kane vizituar 7.079 turiste nga Shqiperia qe kane realizuar 37.351 fjetje.<\/p>\n<p>&nbsp;<\/p>\n<p>Sh\u00ebrbimi i OT Ulqin<\/p>\n\n\t\t<style type=\"text\/css\">\n\t\t\t#gallery-1 {\n\t\t\t\tmargin: auto;\n\t\t\t}\n\t\t\t#gallery-1 .gallery-item {\n\t\t\t\tfloat: left;\n\t\t\t\tmargin-top: 10px;\n\t\t\t\ttext-align: center;\n\t\t\t\twidth: 33%;\n\t\t\t}\n\t\t\t#gallery-1 img {\n\t\t\t\tborder: 2px solid #cfcfcf;\n\t\t\t}\n\t\t\t#gallery-1 .gallery-caption {\n\t\t\t\tmargin-left: 0;\n\t\t\t}\n\t\t\t\/* see gallery_shortcode() in wp-includes\/media.php *\/\n\t\t<\/style>\n\t\t<div id='gallery-1' class='gallery galleryid-103756 gallery-columns-3 gallery-size-thumbnail'><dl class='gallery-item'>\n\t\t\t<dt class='gallery-icon portrait'>\n\t\t\t\t<a href='https:\/\/www.visit-ulcinj.com\/blog\/2017\/03\/24\/promovohet-turizmi-ulqinit-ne-panairin-nderkombetar-te-turizmit-tirana-2017\/promovohet-turizmi-i-ulqinit-ne-tiran-2\/'><img width=\"150\" height=\"150\" src=\"https:\/\/www.visit-ulcinj.com\/blog\/wp-content\/uploads\/2017\/03\/Promovohet-turizmi-i-Ulqinit-NE-TIRAN-2-150x150.jpg\" class=\"attachment-thumbnail size-thumbnail\" alt=\"\" loading=\"lazy\" \/><\/a>\n\t\t\t<\/dt><\/dl><dl class='gallery-item'>\n\t\t\t<dt class='gallery-icon portrait'>\n\t\t\t\t<a href='https:\/\/www.visit-ulcinj.com\/blog\/2017\/03\/24\/promovohet-turizmi-ulqinit-ne-panairin-nderkombetar-te-turizmit-tirana-2017\/promovohet-turizmi-i-ulqinit-ne-tiran-3\/'><img width=\"150\" height=\"150\" src=\"https:\/\/www.visit-ulcinj.com\/blog\/wp-content\/uploads\/2017\/03\/Promovohet-turizmi-i-Ulqinit-NE-TIRAN-3-150x150.jpg\" class=\"attachment-thumbnail size-thumbnail\" alt=\"\" loading=\"lazy\" \/><\/a>\n\t\t\t<\/dt><\/dl><dl class='gallery-item'>\n\t\t\t<dt class='gallery-icon portrait'>\n\t\t\t\t<a href='https:\/\/www.visit-ulcinj.com\/blog\/2017\/03\/24\/promovohet-turizmi-ulqinit-ne-panairin-nderkombetar-te-turizmit-tirana-2017\/promovohet-turizmi-i-ulqinit-ne-tiran\/'><img width=\"150\" height=\"150\" src=\"https:\/\/www.visit-ulcinj.com\/blog\/wp-content\/uploads\/2017\/03\/Promovohet-turizmi-i-Ulqinit-NE-TIRAN-150x150.jpg\" class=\"attachment-thumbnail size-thumbnail\" alt=\"\" loading=\"lazy\" \/><\/a>\n\t\t\t<\/dt><\/dl><br style=\"clear: both\" \/>\n\t\t<\/div>\n\n","protected":false},"excerpt":{"rendered":"<p>Tirana 2017 Organizata Turistike e Ulqinit p\u00ebr her\u00eb t\u00eb tret\u00eb \u00ebsht\u00eb duke marr\u00eb pjes\u00eb n\u00eb panairin e Tiran\u00ebs q\u00eb mbahet me 24 dhe 25 mars 2017. K\u00ebt\u00eb vit Organizata e Ulqinit \u00ebsht\u00eb edhe bart\u00ebse dhe organizatore e k\u00ebtij panairi dhe n\u00eb kuad\u00ebr t\u00eb stend\u00ebs son\u00eb jan\u00eb prezent Ministria e turizmit, Organizata Nacionale e Malit t\u00eb [&hellip;]<\/p>\n","protected":false},"author":1,"featured_media":0,"comment_status":"closed","ping_status":"closed","sticky":false,"template":"","format":"standard","meta":{"spay_email":"","jetpack_publicize_message":"","jetpack_is_tweetstorm":false,"jetpack_publicize_feature_enabled":true},"categories":[15],"tags":[],"jetpack_publicize_connections":[],"yoast_head":"<!-- This site is optimized with the Yoast SEO plugin v19.1 - https:\/\/yoast.com\/wordpress\/plugins\/seo\/ -->\n<title>Promovohet turizmi i Ulqinit n\u00eb Panairin Nd\u00ebrkomb\u00ebtar t\u00eb Turizmit \u201cTirana 2017\u201d - Lajme nga Ulqini<\/title>\n<meta name=\"description\" content=\"Tirana 2017 Organizata Turistike e Ulqinit p\u00ebr her\u00eb t\u00eb tret\u00eb \u00ebsht\u00eb duke marr\u00eb pjes\u00eb n\u00eb panairin e Tiran\u00ebs q\u00eb mbahet me 24 dhe 25 mars 2017. K\u00ebt\u00eb vit\" \/>\n<meta name=\"robots\" content=\"index, follow, max-snippet:-1, max-image-preview:large, max-video-preview:-1\" \/>\n<link rel=\"canonical\" href=\"https:\/\/www.visit-ulcinj.com\/blog\/2017\/03\/24\/promovohet-turizmi-ulqinit-ne-panairin-nderkombetar-te-turizmit-tirana-2017\/\" \/>\n<meta property=\"og:locale\" content=\"en_US\" \/>\n<meta property=\"og:type\" content=\"article\" \/>\n<meta property=\"og:title\" content=\"Promovohet turizmi i Ulqinit n\u00eb Panairin Nd\u00ebrkomb\u00ebtar t\u00eb Turizmit \u201cTirana 2017\u201d - Lajme nga Ulqini\" \/>\n<meta property=\"og:description\" content=\"Tirana 2017 Organizata Turistike e Ulqinit p\u00ebr her\u00eb t\u00eb tret\u00eb \u00ebsht\u00eb duke marr\u00eb pjes\u00eb n\u00eb panairin e Tiran\u00ebs q\u00eb mbahet me 24 dhe 25 mars 2017. K\u00ebt\u00eb vit\" \/>\n<meta property=\"og:url\" content=\"https:\/\/www.visit-ulcinj.com\/blog\/2017\/03\/24\/promovohet-turizmi-ulqinit-ne-panairin-nderkombetar-te-turizmit-tirana-2017\/\" \/>\n<meta property=\"og:site_name\" content=\"Lajme nga Ulqini\" \/>\n<meta property=\"article:published_time\" content=\"2017-03-24T14:17:15+00:00\" \/>\n<meta property=\"og:image\" content=\"https:\/\/www.visit-ulcinj.com\/blog\/wp-content\/uploads\/2017\/03\/Promovohet-turizmi-i-Ulqinit-NE-TIRAN-2-150x150.jpg\" \/>\n<meta name=\"twitter:label1\" content=\"Written by\" \/>\n\t<meta name=\"twitter:data1\" content=\"ulqini\" \/>\n\t<meta name=\"twitter:label2\" content=\"Est. reading time\" \/>\n\t<meta name=\"twitter:data2\" content=\"2 minutes\" \/>\n<script type=\"application\/ld+json\" class=\"yoast-schema-graph\">{\"@context\":\"https:\/\/schema.org\",\"@graph\":[{\"@type\":\"WebSite\",\"@id\":\"https:\/\/www.visit-ulcinj.com\/blog\/#website\",\"url\":\"https:\/\/www.visit-ulcinj.com\/blog\/\",\"name\":\"Lajme nga Ulqini\",\"description\":\"Lajme,Vijesti,Ulqini,Ulqin,Crna Gora,Mali i Zi\",\"potentialAction\":[{\"@type\":\"SearchAction\",\"target\":{\"@type\":\"EntryPoint\",\"urlTemplate\":\"https:\/\/www.visit-ulcinj.com\/blog\/?s={search_term_string}\"},\"query-input\":\"required name=search_term_string\"}],\"inLanguage\":\"en-US\"},{\"@type\":\"WebPage\",\"@id\":\"https:\/\/www.visit-ulcinj.com\/blog\/2017\/03\/24\/promovohet-turizmi-ulqinit-ne-panairin-nderkombetar-te-turizmit-tirana-2017\/#webpage\",\"url\":\"https:\/\/www.visit-ulcinj.com\/blog\/2017\/03\/24\/promovohet-turizmi-ulqinit-ne-panairin-nderkombetar-te-turizmit-tirana-2017\/\",\"name\":\"Promovohet turizmi i Ulqinit n\u00eb Panairin Nd\u00ebrkomb\u00ebtar t\u00eb Turizmit \u201cTirana 2017\u201d - Lajme nga Ulqini\",\"isPartOf\":{\"@id\":\"https:\/\/www.visit-ulcinj.com\/blog\/#website\"},\"datePublished\":\"2017-03-24T14:17:15+00:00\",\"dateModified\":\"2017-03-24T14:17:15+00:00\",\"author\":{\"@id\":\"https:\/\/www.visit-ulcinj.com\/blog\/#\/schema\/person\/dcab619c614d3038751c63bc2aadc06d\"},\"description\":\"Tirana 2017 Organizata Turistike e Ulqinit p\u00ebr her\u00eb t\u00eb tret\u00eb \u00ebsht\u00eb duke marr\u00eb pjes\u00eb n\u00eb panairin e Tiran\u00ebs q\u00eb mbahet me 24 dhe 25 mars 2017. K\u00ebt\u00eb vit\",\"breadcrumb\":{\"@id\":\"https:\/\/www.visit-ulcinj.com\/blog\/2017\/03\/24\/promovohet-turizmi-ulqinit-ne-panairin-nderkombetar-te-turizmit-tirana-2017\/#breadcrumb\"},\"inLanguage\":\"en-US\",\"potentialAction\":[{\"@type\":\"ReadAction\",\"target\":[\"https:\/\/www.visit-ulcinj.com\/blog\/2017\/03\/24\/promovohet-turizmi-ulqinit-ne-panairin-nderkombetar-te-turizmit-tirana-2017\/\"]}]},{\"@type\":\"BreadcrumbList\",\"@id\":\"https:\/\/www.visit-ulcinj.com\/blog\/2017\/03\/24\/promovohet-turizmi-ulqinit-ne-panairin-nderkombetar-te-turizmit-tirana-2017\/#breadcrumb\",\"itemListElement\":[{\"@type\":\"ListItem\",\"position\":1,\"name\":\"Promovohet turizmi i Ulqinit n\u00eb Panairin Nd\u00ebrkomb\u00ebtar t\u00eb Turizmit \u201cTirana 2017\u201d\"}]},{\"@type\":\"Person\",\"@id\":\"https:\/\/www.visit-ulcinj.com\/blog\/#\/schema\/person\/dcab619c614d3038751c63bc2aadc06d\",\"name\":\"ulqini\",\"sameAs\":[\"http:\/\/www.visit-ulcinj.com\"],\"url\":\"https:\/\/www.visit-ulcinj.com\/blog\/author\/admin\/\"}]}<\/script>\n<!-- \/ Yoast SEO plugin. -->","yoast_head_json":{"title":"Promovohet turizmi i Ulqinit n\u00eb Panairin Nd\u00ebrkomb\u00ebtar t\u00eb Turizmit \u201cTirana 2017\u201d - Lajme nga Ulqini","description":"Tirana 2017 Organizata Turistike e Ulqinit p\u00ebr her\u00eb t\u00eb tret\u00eb \u00ebsht\u00eb duke marr\u00eb pjes\u00eb n\u00eb panairin e Tiran\u00ebs q\u00eb mbahet me 24 dhe 25 mars 2017. K\u00ebt\u00eb vit","robots":{"index":"index","follow":"follow","max-snippet":"max-snippet:-1","max-image-preview":"max-image-preview:large","max-video-preview":"max-video-preview:-1"},"canonical":"https:\/\/www.visit-ulcinj.com\/blog\/2017\/03\/24\/promovohet-turizmi-ulqinit-ne-panairin-nderkombetar-te-turizmit-tirana-2017\/","og_locale":"en_US","og_type":"article","og_title":"Promovohet turizmi i Ulqinit n\u00eb Panairin Nd\u00ebrkomb\u00ebtar t\u00eb Turizmit \u201cTirana 2017\u201d - Lajme nga Ulqini","og_description":"Tirana 2017 Organizata Turistike e Ulqinit p\u00ebr her\u00eb t\u00eb tret\u00eb \u00ebsht\u00eb duke marr\u00eb pjes\u00eb n\u00eb panairin e Tiran\u00ebs q\u00eb mbahet me 24 dhe 25 mars 2017. K\u00ebt\u00eb vit","og_url":"https:\/\/www.visit-ulcinj.com\/blog\/2017\/03\/24\/promovohet-turizmi-ulqinit-ne-panairin-nderkombetar-te-turizmit-tirana-2017\/","og_site_name":"Lajme nga Ulqini","article_published_time":"2017-03-24T14:17:15+00:00","og_image":[{"url":"https:\/\/www.visit-ulcinj.com\/blog\/wp-content\/uploads\/2017\/03\/Promovohet-turizmi-i-Ulqinit-NE-TIRAN-2-150x150.jpg"}],"twitter_misc":{"Written by":"ulqini","Est. reading time":"2 minutes"},"schema":{"@context":"https:\/\/schema.org","@graph":[{"@type":"WebSite","@id":"https:\/\/www.visit-ulcinj.com\/blog\/#website","url":"https:\/\/www.visit-ulcinj.com\/blog\/","name":"Lajme nga Ulqini","description":"Lajme,Vijesti,Ulqini,Ulqin,Crna Gora,Mali i Zi","potentialAction":[{"@type":"SearchAction","target":{"@type":"EntryPoint","urlTemplate":"https:\/\/www.visit-ulcinj.com\/blog\/?s={search_term_string}"},"query-input":"required name=search_term_string"}],"inLanguage":"en-US"},{"@type":"WebPage","@id":"https:\/\/www.visit-ulcinj.com\/blog\/2017\/03\/24\/promovohet-turizmi-ulqinit-ne-panairin-nderkombetar-te-turizmit-tirana-2017\/#webpage","url":"https:\/\/www.visit-ulcinj.com\/blog\/2017\/03\/24\/promovohet-turizmi-ulqinit-ne-panairin-nderkombetar-te-turizmit-tirana-2017\/","name":"Promovohet turizmi i Ulqinit n\u00eb Panairin Nd\u00ebrkomb\u00ebtar t\u00eb Turizmit \u201cTirana 2017\u201d - Lajme nga Ulqini","isPartOf":{"@id":"https:\/\/www.visit-ulcinj.com\/blog\/#website"},"datePublished":"2017-03-24T14:17:15+00:00","dateModified":"2017-03-24T14:17:15+00:00","author":{"@id":"https:\/\/www.visit-ulcinj.com\/blog\/#\/schema\/person\/dcab619c614d3038751c63bc2aadc06d"},"description":"Tirana 2017 Organizata Turistike e Ulqinit p\u00ebr her\u00eb t\u00eb tret\u00eb \u00ebsht\u00eb duke marr\u00eb pjes\u00eb n\u00eb panairin e Tiran\u00ebs q\u00eb mbahet me 24 dhe 25 mars 2017. K\u00ebt\u00eb vit","breadcrumb":{"@id":"https:\/\/www.visit-ulcinj.com\/blog\/2017\/03\/24\/promovohet-turizmi-ulqinit-ne-panairin-nderkombetar-te-turizmit-tirana-2017\/#breadcrumb"},"inLanguage":"en-US","potentialAction":[{"@type":"ReadAction","target":["https:\/\/www.visit-ulcinj.com\/blog\/2017\/03\/24\/promovohet-turizmi-ulqinit-ne-panairin-nderkombetar-te-turizmit-tirana-2017\/"]}]},{"@type":"BreadcrumbList","@id":"https:\/\/www.visit-ulcinj.com\/blog\/2017\/03\/24\/promovohet-turizmi-ulqinit-ne-panairin-nderkombetar-te-turizmit-tirana-2017\/#breadcrumb","itemListElement":[{"@type":"ListItem","position":1,"name":"Promovohet turizmi i Ulqinit n\u00eb Panairin Nd\u00ebrkomb\u00ebtar t\u00eb Turizmit \u201cTirana 2017\u201d"}]},{"@type":"Person","@id":"https:\/\/www.visit-ulcinj.com\/blog\/#\/schema\/person\/dcab619c614d3038751c63bc2aadc06d","name":"ulqini","sameAs":["http:\/\/www.visit-ulcinj.com"],"url":"https:\/\/www.visit-ulcinj.com\/blog\/author\/admin\/"}]}},"jetpack_featured_media_url":"","jetpack_sharing_enabled":true,"jetpack_shortlink":"https:\/\/wp.me\/pe6lTn-qZu","_links":{"self":[{"href":"https:\/\/www.visit-ulcinj.com\/blog\/wp-json\/wp\/v2\/posts\/103756"}],"collection":[{"href":"https:\/\/www.visit-ulcinj.com\/blog\/wp-json\/wp\/v2\/posts"}],"about":[{"href":"https:\/\/www.visit-ulcinj.com\/blog\/wp-json\/wp\/v2\/types\/post"}],"author":[{"embeddable":true,"href":"https:\/\/www.visit-ulcinj.com\/blog\/wp-json\/wp\/v2\/users\/1"}],"replies":[{"embeddable":true,"href":"https:\/\/www.visit-ulcinj.com\/blog\/wp-json\/wp\/v2\/comments?post=103756"}],"version-history":[{"count":1,"href":"https:\/\/www.visit-ulcinj.com\/blog\/wp-json\/wp\/v2\/posts\/103756\/revisions"}],"predecessor-version":[{"id":103762,"href":"https:\/\/www.visit-ulcinj.com\/blog\/wp-json\/wp\/v2\/posts\/103756\/revisions\/103762"}],"wp:attachment":[{"href":"https:\/\/www.visit-ulcinj.com\/blog\/wp-json\/wp\/v2\/media?parent=103756"}],"wp:term":[{"taxonomy":"category","embeddable":true,"href":"https:\/\/www.visit-ulcinj.com\/blog\/wp-json\/wp\/v2\/categories?post=103756"},{"taxonomy":"post_tag","embeddable":true,"href":"https:\/\/www.visit-ulcinj.com\/blog\/wp-json\/wp\/v2\/tags?post=103756"}],"curies":[{"name":"wp","href":"https:\/\/api.w.org\/{rel}","templated":true}]}}