{"id":103763,"date":"2017-03-24T15:21:12","date_gmt":"2017-03-24T14:21:12","guid":{"rendered":"http:\/\/www.visit-ulcinj.com\/blog\/?p=103763"},"modified":"2017-03-24T15:21:12","modified_gmt":"2017-03-24T14:21:12","slug":"ulcinj-na-sajmu-turizma-u-tirani-2017","status":"publish","type":"post","link":"https:\/\/www.visit-ulcinj.com\/blog\/2017\/03\/24\/ulcinj-na-sajmu-turizma-u-tirani-2017\/","title":{"rendered":"TO Ulcinj na sajmu turizma u Tirani 2017"},"content":{"rendered":"<p><a href=\"http:\/\/www.visit-ulcinj.com\/blog\/wp-content\/uploads\/2017\/03\/romovohet-turizmi-i-Ulqinit-n\u00eb-Panairin-Nd\u00ebrkomb\u00ebtar-t\u00eb-Turizmit-Tirana-2017.jpg\"><img loading=\"lazy\" class=\"alignleft wp-image-103757\" src=\"http:\/\/www.visit-ulcinj.com\/blog\/wp-content\/uploads\/2017\/03\/romovohet-turizmi-i-Ulqinit-n\u00eb-Panairin-Nd\u00ebrkomb\u00ebtar-t\u00eb-Turizmit-Tirana-2017.jpg\" alt=\"romovohet turizmi i Ulqinit n\u00eb Panairin Nd\u00ebrkomb\u00ebtar t\u00eb Turizmit Tirana 2017\" width=\"508\" height=\"677\" srcset=\"https:\/\/www.visit-ulcinj.com\/blog\/wp-content\/uploads\/2017\/03\/romovohet-turizmi-i-Ulqinit-n\u00eb-Panairin-Nd\u00ebrkomb\u00ebtar-t\u00eb-Turizmit-Tirana-2017.jpg 463w, https:\/\/www.visit-ulcinj.com\/blog\/wp-content\/uploads\/2017\/03\/romovohet-turizmi-i-Ulqinit-n\u00eb-Panairin-Nd\u00ebrkomb\u00ebtar-t\u00eb-Turizmit-Tirana-2017-225x300.jpg 225w\" sizes=\"(max-width: 508px) 100vw, 508px\" \/><\/a>Turisti\u010dka Organizacija Ulcinj po tre\u0107i put nastupa na sajmu turizma u Tirani koji se odr\u017eava 24 i 25.marta. Ove godine TO Ulcinj je organizator sajma uz podr\u0161ku Nacionalne Turisti\u010dke Organizacije CG a zajedno sa nama prisutni su i kolege iz Ministarstva odr\u017eivog razvoja i turizma, NTO, TO Budva, Bar, Podgorica, Kola\u0161in, \u017dabljak kao i privrednici i hotelijeri kao \u0161to su hotel Hilton iz Podgorice, Mediteran, Llolla, Cruiser, Continental, Eneida iz Ulcinja.<\/p>\n<p>Sajam organizuje poznata firma u Albaniji za sajmove Albexpo Group u saradnji sa Albanskim Udru\u017eenjem turista i Nacionalnom Agencijom turizma a u\u010destvuje preko 100 turisti\u010dkih operatera kako bi promovisali svoje turisti\u010dke ponude i usluge.<\/p>\n<p>Na otvaranju sajma pozdravnu rije\u010d je imao i direktor TO ulcinj g.Mr Fuad Had\u017eibeti koji je izrazio zadovoljstvo nalaze\u0107i se na ovom sajmu, nada se da \u0107e se dobri me\u0111usobni odnosi nastaviti i u budu\u0107e, \u00a0rekao je da Ulcinj sprema dobru turisti\u010dku sezonu a tako\u0111e pozvao turiste iz Albanije da ove godine posjete Ulcinj i Crnu Goru. Tokom prvog dana direktor je dao brojne intervjue za najpoznatije albanske televizije, a novinari na \u0161tandu CG su imali priliku da degustiraju ulcinjske tradicionalne poslastice i crnogorsko vino i rakiju.<\/p>\n<p>\u0160tand Crne Gore je danas posjetio i gradona\u010deknik Tirane Erion Veliu koji se tako\u0111e obratio prisutnima na otvaranju sajma.<\/p>\n<p>Albanija je va\u017eno tr\u017ei\u0161te za Crnu Goru, jer zadnjih godina imamo sve ve\u0107i broj turista sa ovog podru\u010dja ali svakako da moramo vi\u0161e raditi na promociju turisti\u010dke ponude. Sajam \u0107e trajati jo\u0161 sjutra 25.marta i mo\u017eemo re\u0107i da je na\u0161a turisti\u010dka ponuda probudila veliko interesovanje.<\/p>\n<p>Tokom 2016.godine Ulcinj je posjetilo 7.079 registrovanih turista iz Albanije koji su realizovali 37.351 no\u0107enja.<\/p>\n<p>Stru\u010dna slu\u017eba TO Ulcinj<\/p>\n\n\t\t<style type=\"text\/css\">\n\t\t\t#gallery-1 {\n\t\t\t\tmargin: auto;\n\t\t\t}\n\t\t\t#gallery-1 .gallery-item {\n\t\t\t\tfloat: left;\n\t\t\t\tmargin-top: 10px;\n\t\t\t\ttext-align: center;\n\t\t\t\twidth: 33%;\n\t\t\t}\n\t\t\t#gallery-1 img {\n\t\t\t\tborder: 2px solid #cfcfcf;\n\t\t\t}\n\t\t\t#gallery-1 .gallery-caption {\n\t\t\t\tmargin-left: 0;\n\t\t\t}\n\t\t\t\/* see gallery_shortcode() in wp-includes\/media.php *\/\n\t\t<\/style>\n\t\t<div id='gallery-1' class='gallery galleryid-103763 gallery-columns-3 gallery-size-thumbnail'><dl class='gallery-item'>\n\t\t\t<dt class='gallery-icon portrait'>\n\t\t\t\t<a href='https:\/\/www.visit-ulcinj.com\/blog\/2017\/03\/24\/promovohet-turizmi-ulqinit-ne-panairin-nderkombetar-te-turizmit-tirana-2017\/promovohet-turizmi-i-ulqinit-ne-tiran\/'><img width=\"150\" height=\"150\" src=\"https:\/\/www.visit-ulcinj.com\/blog\/wp-content\/uploads\/2017\/03\/Promovohet-turizmi-i-Ulqinit-NE-TIRAN-150x150.jpg\" class=\"attachment-thumbnail size-thumbnail\" alt=\"\" loading=\"lazy\" \/><\/a>\n\t\t\t<\/dt><\/dl><dl class='gallery-item'>\n\t\t\t<dt class='gallery-icon portrait'>\n\t\t\t\t<a href='https:\/\/www.visit-ulcinj.com\/blog\/2017\/03\/24\/promovohet-turizmi-ulqinit-ne-panairin-nderkombetar-te-turizmit-tirana-2017\/promovohet-turizmi-i-ulqinit-ne-tiran-3\/'><img width=\"150\" height=\"150\" src=\"https:\/\/www.visit-ulcinj.com\/blog\/wp-content\/uploads\/2017\/03\/Promovohet-turizmi-i-Ulqinit-NE-TIRAN-3-150x150.jpg\" class=\"attachment-thumbnail size-thumbnail\" alt=\"\" loading=\"lazy\" \/><\/a>\n\t\t\t<\/dt><\/dl><dl class='gallery-item'>\n\t\t\t<dt class='gallery-icon portrait'>\n\t\t\t\t<a href='https:\/\/www.visit-ulcinj.com\/blog\/2017\/03\/24\/promovohet-turizmi-ulqinit-ne-panairin-nderkombetar-te-turizmit-tirana-2017\/promovohet-turizmi-i-ulqinit-ne-tiran-2\/'><img width=\"150\" height=\"150\" src=\"https:\/\/www.visit-ulcinj.com\/blog\/wp-content\/uploads\/2017\/03\/Promovohet-turizmi-i-Ulqinit-NE-TIRAN-2-150x150.jpg\" class=\"attachment-thumbnail size-thumbnail\" alt=\"\" loading=\"lazy\" \/><\/a>\n\t\t\t<\/dt><\/dl><br style=\"clear: both\" \/>\n\t\t<\/div>\n\n<p>&nbsp;<\/p>\n<p>&nbsp;<\/p>\n<p>&nbsp;<\/p>\n","protected":false},"excerpt":{"rendered":"<p>Turisti\u010dka Organizacija Ulcinj po tre\u0107i put nastupa na sajmu turizma u Tirani koji se odr\u017eava 24 i 25.marta. Ove godine TO Ulcinj je organizator sajma uz podr\u0161ku Nacionalne Turisti\u010dke Organizacije CG a zajedno sa nama prisutni su i kolege iz Ministarstva odr\u017eivog razvoja i turizma, NTO, TO Budva, Bar, Podgorica, Kola\u0161in, \u017dabljak kao i privrednici [&hellip;]<\/p>\n","protected":false},"author":1,"featured_media":0,"comment_status":"closed","ping_status":"closed","sticky":false,"template":"","format":"standard","meta":{"spay_email":"","jetpack_publicize_message":"","jetpack_is_tweetstorm":false,"jetpack_publicize_feature_enabled":true},"categories":[8337],"tags":[],"jetpack_publicize_connections":[],"yoast_head":"<!-- This site is optimized with the Yoast SEO plugin v19.1 - https:\/\/yoast.com\/wordpress\/plugins\/seo\/ -->\n<title>TO Ulcinj na sajmu turizma u Tirani 2017 - Lajme nga Ulqini<\/title>\n<meta name=\"description\" content=\"Turisti\u010dka Organizacija Ulcinj po tre\u0107i put nastupa na sajmu turizma u Tirani koji se odr\u017eava 24 i 25.marta. Ove godine TO Ulcinj je organizator sajma uz\" \/>\n<meta name=\"robots\" content=\"index, follow, max-snippet:-1, max-image-preview:large, max-video-preview:-1\" \/>\n<link rel=\"canonical\" href=\"https:\/\/www.visit-ulcinj.com\/blog\/2017\/03\/24\/ulcinj-na-sajmu-turizma-u-tirani-2017\/\" \/>\n<meta property=\"og:locale\" content=\"en_US\" \/>\n<meta property=\"og:type\" content=\"article\" \/>\n<meta property=\"og:title\" content=\"TO Ulcinj na sajmu turizma u Tirani 2017 - Lajme nga Ulqini\" \/>\n<meta property=\"og:description\" content=\"Turisti\u010dka Organizacija Ulcinj po tre\u0107i put nastupa na sajmu turizma u Tirani koji se odr\u017eava 24 i 25.marta. Ove godine TO Ulcinj je organizator sajma uz\" \/>\n<meta property=\"og:url\" content=\"https:\/\/www.visit-ulcinj.com\/blog\/2017\/03\/24\/ulcinj-na-sajmu-turizma-u-tirani-2017\/\" \/>\n<meta property=\"og:site_name\" content=\"Lajme nga Ulqini\" \/>\n<meta property=\"article:published_time\" content=\"2017-03-24T14:21:12+00:00\" \/>\n<meta property=\"og:image\" content=\"https:\/\/www.visit-ulcinj.com\/blog\/wp-content\/uploads\/2017\/03\/Promovohet-turizmi-i-Ulqinit-NE-TIRAN-150x150.jpg\" \/>\n<meta name=\"twitter:label1\" content=\"Written by\" \/>\n\t<meta name=\"twitter:data1\" content=\"ulqini\" \/>\n\t<meta name=\"twitter:label2\" content=\"Est. reading time\" \/>\n\t<meta name=\"twitter:data2\" content=\"2 minutes\" \/>\n<script type=\"application\/ld+json\" class=\"yoast-schema-graph\">{\"@context\":\"https:\/\/schema.org\",\"@graph\":[{\"@type\":\"WebSite\",\"@id\":\"https:\/\/www.visit-ulcinj.com\/blog\/#website\",\"url\":\"https:\/\/www.visit-ulcinj.com\/blog\/\",\"name\":\"Lajme nga Ulqini\",\"description\":\"Lajme,Vijesti,Ulqini,Ulqin,Crna Gora,Mali i Zi\",\"potentialAction\":[{\"@type\":\"SearchAction\",\"target\":{\"@type\":\"EntryPoint\",\"urlTemplate\":\"https:\/\/www.visit-ulcinj.com\/blog\/?s={search_term_string}\"},\"query-input\":\"required name=search_term_string\"}],\"inLanguage\":\"en-US\"},{\"@type\":\"WebPage\",\"@id\":\"https:\/\/www.visit-ulcinj.com\/blog\/2017\/03\/24\/ulcinj-na-sajmu-turizma-u-tirani-2017\/#webpage\",\"url\":\"https:\/\/www.visit-ulcinj.com\/blog\/2017\/03\/24\/ulcinj-na-sajmu-turizma-u-tirani-2017\/\",\"name\":\"TO Ulcinj na sajmu turizma u Tirani 2017 - Lajme nga Ulqini\",\"isPartOf\":{\"@id\":\"https:\/\/www.visit-ulcinj.com\/blog\/#website\"},\"datePublished\":\"2017-03-24T14:21:12+00:00\",\"dateModified\":\"2017-03-24T14:21:12+00:00\",\"author\":{\"@id\":\"https:\/\/www.visit-ulcinj.com\/blog\/#\/schema\/person\/dcab619c614d3038751c63bc2aadc06d\"},\"description\":\"Turisti\u010dka Organizacija Ulcinj po tre\u0107i put nastupa na sajmu turizma u Tirani koji se odr\u017eava 24 i 25.marta. Ove godine TO Ulcinj je organizator sajma uz\",\"breadcrumb\":{\"@id\":\"https:\/\/www.visit-ulcinj.com\/blog\/2017\/03\/24\/ulcinj-na-sajmu-turizma-u-tirani-2017\/#breadcrumb\"},\"inLanguage\":\"en-US\",\"potentialAction\":[{\"@type\":\"ReadAction\",\"target\":[\"https:\/\/www.visit-ulcinj.com\/blog\/2017\/03\/24\/ulcinj-na-sajmu-turizma-u-tirani-2017\/\"]}]},{\"@type\":\"BreadcrumbList\",\"@id\":\"https:\/\/www.visit-ulcinj.com\/blog\/2017\/03\/24\/ulcinj-na-sajmu-turizma-u-tirani-2017\/#breadcrumb\",\"itemListElement\":[{\"@type\":\"ListItem\",\"position\":1,\"name\":\"TO Ulcinj na sajmu turizma u Tirani 2017\"}]},{\"@type\":\"Person\",\"@id\":\"https:\/\/www.visit-ulcinj.com\/blog\/#\/schema\/person\/dcab619c614d3038751c63bc2aadc06d\",\"name\":\"ulqini\",\"sameAs\":[\"http:\/\/www.visit-ulcinj.com\"],\"url\":\"https:\/\/www.visit-ulcinj.com\/blog\/author\/admin\/\"}]}<\/script>\n<!-- \/ Yoast SEO plugin. -->","yoast_head_json":{"title":"TO Ulcinj na sajmu turizma u Tirani 2017 - Lajme nga Ulqini","description":"Turisti\u010dka Organizacija Ulcinj po tre\u0107i put nastupa na sajmu turizma u Tirani koji se odr\u017eava 24 i 25.marta. Ove godine TO Ulcinj je organizator sajma uz","robots":{"index":"index","follow":"follow","max-snippet":"max-snippet:-1","max-image-preview":"max-image-preview:large","max-video-preview":"max-video-preview:-1"},"canonical":"https:\/\/www.visit-ulcinj.com\/blog\/2017\/03\/24\/ulcinj-na-sajmu-turizma-u-tirani-2017\/","og_locale":"en_US","og_type":"article","og_title":"TO Ulcinj na sajmu turizma u Tirani 2017 - Lajme nga Ulqini","og_description":"Turisti\u010dka Organizacija Ulcinj po tre\u0107i put nastupa na sajmu turizma u Tirani koji se odr\u017eava 24 i 25.marta. Ove godine TO Ulcinj je organizator sajma uz","og_url":"https:\/\/www.visit-ulcinj.com\/blog\/2017\/03\/24\/ulcinj-na-sajmu-turizma-u-tirani-2017\/","og_site_name":"Lajme nga Ulqini","article_published_time":"2017-03-24T14:21:12+00:00","og_image":[{"url":"https:\/\/www.visit-ulcinj.com\/blog\/wp-content\/uploads\/2017\/03\/Promovohet-turizmi-i-Ulqinit-NE-TIRAN-150x150.jpg"}],"twitter_misc":{"Written by":"ulqini","Est. reading time":"2 minutes"},"schema":{"@context":"https:\/\/schema.org","@graph":[{"@type":"WebSite","@id":"https:\/\/www.visit-ulcinj.com\/blog\/#website","url":"https:\/\/www.visit-ulcinj.com\/blog\/","name":"Lajme nga Ulqini","description":"Lajme,Vijesti,Ulqini,Ulqin,Crna Gora,Mali i Zi","potentialAction":[{"@type":"SearchAction","target":{"@type":"EntryPoint","urlTemplate":"https:\/\/www.visit-ulcinj.com\/blog\/?s={search_term_string}"},"query-input":"required name=search_term_string"}],"inLanguage":"en-US"},{"@type":"WebPage","@id":"https:\/\/www.visit-ulcinj.com\/blog\/2017\/03\/24\/ulcinj-na-sajmu-turizma-u-tirani-2017\/#webpage","url":"https:\/\/www.visit-ulcinj.com\/blog\/2017\/03\/24\/ulcinj-na-sajmu-turizma-u-tirani-2017\/","name":"TO Ulcinj na sajmu turizma u Tirani 2017 - Lajme nga Ulqini","isPartOf":{"@id":"https:\/\/www.visit-ulcinj.com\/blog\/#website"},"datePublished":"2017-03-24T14:21:12+00:00","dateModified":"2017-03-24T14:21:12+00:00","author":{"@id":"https:\/\/www.visit-ulcinj.com\/blog\/#\/schema\/person\/dcab619c614d3038751c63bc2aadc06d"},"description":"Turisti\u010dka Organizacija Ulcinj po tre\u0107i put nastupa na sajmu turizma u Tirani koji se odr\u017eava 24 i 25.marta. Ove godine TO Ulcinj je organizator sajma uz","breadcrumb":{"@id":"https:\/\/www.visit-ulcinj.com\/blog\/2017\/03\/24\/ulcinj-na-sajmu-turizma-u-tirani-2017\/#breadcrumb"},"inLanguage":"en-US","potentialAction":[{"@type":"ReadAction","target":["https:\/\/www.visit-ulcinj.com\/blog\/2017\/03\/24\/ulcinj-na-sajmu-turizma-u-tirani-2017\/"]}]},{"@type":"BreadcrumbList","@id":"https:\/\/www.visit-ulcinj.com\/blog\/2017\/03\/24\/ulcinj-na-sajmu-turizma-u-tirani-2017\/#breadcrumb","itemListElement":[{"@type":"ListItem","position":1,"name":"TO Ulcinj na sajmu turizma u Tirani 2017"}]},{"@type":"Person","@id":"https:\/\/www.visit-ulcinj.com\/blog\/#\/schema\/person\/dcab619c614d3038751c63bc2aadc06d","name":"ulqini","sameAs":["http:\/\/www.visit-ulcinj.com"],"url":"https:\/\/www.visit-ulcinj.com\/blog\/author\/admin\/"}]}},"jetpack_featured_media_url":"","jetpack_sharing_enabled":true,"jetpack_shortlink":"https:\/\/wp.me\/pe6lTn-qZB","_links":{"self":[{"href":"https:\/\/www.visit-ulcinj.com\/blog\/wp-json\/wp\/v2\/posts\/103763"}],"collection":[{"href":"https:\/\/www.visit-ulcinj.com\/blog\/wp-json\/wp\/v2\/posts"}],"about":[{"href":"https:\/\/www.visit-ulcinj.com\/blog\/wp-json\/wp\/v2\/types\/post"}],"author":[{"embeddable":true,"href":"https:\/\/www.visit-ulcinj.com\/blog\/wp-json\/wp\/v2\/users\/1"}],"replies":[{"embeddable":true,"href":"https:\/\/www.visit-ulcinj.com\/blog\/wp-json\/wp\/v2\/comments?post=103763"}],"version-history":[{"count":1,"href":"https:\/\/www.visit-ulcinj.com\/blog\/wp-json\/wp\/v2\/posts\/103763\/revisions"}],"predecessor-version":[{"id":103764,"href":"https:\/\/www.visit-ulcinj.com\/blog\/wp-json\/wp\/v2\/posts\/103763\/revisions\/103764"}],"wp:attachment":[{"href":"https:\/\/www.visit-ulcinj.com\/blog\/wp-json\/wp\/v2\/media?parent=103763"}],"wp:term":[{"taxonomy":"category","embeddable":true,"href":"https:\/\/www.visit-ulcinj.com\/blog\/wp-json\/wp\/v2\/categories?post=103763"},{"taxonomy":"post_tag","embeddable":true,"href":"https:\/\/www.visit-ulcinj.com\/blog\/wp-json\/wp\/v2\/tags?post=103763"}],"curies":[{"name":"wp","href":"https:\/\/api.w.org\/{rel}","templated":true}]}}