{"id":103765,"date":"2017-03-24T17:58:11","date_gmt":"2017-03-24T16:58:11","guid":{"rendered":"http:\/\/www.visit-ulcinj.com\/blog\/?p=103765"},"modified":"2017-03-31T07:39:59","modified_gmt":"2017-03-31T06:39:59","slug":"ore-perkujtimore-ne-ulqin-per-diana-rexhen","status":"publish","type":"post","link":"https:\/\/www.visit-ulcinj.com\/blog\/2017\/03\/24\/ore-perkujtimore-ne-ulqin-per-diana-rexhen\/","title":{"rendered":"Or\u00eb p\u00ebrkujtimore n\u00eb Ulqin p\u00ebr Diana Rexh\u00ebn &#8211; Video"},"content":{"rendered":"<p><a href=\"http:\/\/www.visit-ulcinj.com\/blog\/wp-content\/uploads\/2017\/03\/Or\u00eb-p\u00ebrkujtimore-p\u00ebr-Diana-Rexh\u00ebn.jpg\"><img loading=\"lazy\" class=\"alignleft wp-image-103766\" src=\"http:\/\/www.visit-ulcinj.com\/blog\/wp-content\/uploads\/2017\/03\/Or\u00eb-p\u00ebrkujtimore-p\u00ebr-Diana-Rexh\u00ebn.jpg\" alt=\"Or\u00eb p\u00ebrkujtimore p\u00ebr Diana Rexh\u00ebn\" width=\"508\" height=\"538\" srcset=\"https:\/\/www.visit-ulcinj.com\/blog\/wp-content\/uploads\/2017\/03\/Or\u00eb-p\u00ebrkujtimore-p\u00ebr-Diana-Rexh\u00ebn.jpg 463w, https:\/\/www.visit-ulcinj.com\/blog\/wp-content\/uploads\/2017\/03\/Or\u00eb-p\u00ebrkujtimore-p\u00ebr-Diana-Rexh\u00ebn-283x300.jpg 283w\" sizes=\"(max-width: 508px) 100vw, 508px\" \/><\/a><\/p>\n<h4>Nes\u00ebr n\u00eb Ulqin mbahet or\u00eb p\u00ebrkujtimore me rastin e vdekjes s\u00eb\u00a0profesoresh\u00ebs s\u00eb gjuh\u00ebs angleze e\u00a0 cila u nda nga kjo jet\u00eb para disa dit\u00ebve.<\/h4>\n<p>Shoqata e Artist\u00ebve dhe Intelektual\u00ebve \u201cArt Club\u201d do t\u00eb organizoj\u00eb Or\u00eb p\u00ebrkujtimore me rastin e vdekjes s\u00eb profesoresh\u00ebs s\u00eb gjuh\u00ebs angleze dhe p\u00ebrkthyeses Diana Rexha, an\u00ebtare e shoqat\u00ebs son\u00eb.<\/p>\n<p><strong>Ora p\u00ebrkujtimore do t\u00eb mbahet t\u00eb shtun\u00ebn, m\u00eb 25 mars 2017, n\u00eb or\u00ebn 11.00, n\u00eb sall\u00ebn e Kuvendit t\u00eb Komun\u00ebs s\u00eb Ulqinit.\u00a0<\/strong><\/p>\n<p><iframe loading=\"lazy\" frameborder=\"0\" width=\"508\" height=\"340\" src=\"\/\/www.dailymotion.com\/embed\/video\/x5gj7th\" allowfullscreen><\/iframe><\/p>\n","protected":false},"excerpt":{"rendered":"<p>Nes\u00ebr n\u00eb Ulqin mbahet or\u00eb p\u00ebrkujtimore me rastin e vdekjes s\u00eb\u00a0profesoresh\u00ebs s\u00eb gjuh\u00ebs angleze e\u00a0 cila u nda nga kjo jet\u00eb para disa dit\u00ebve. Shoqata e Artist\u00ebve dhe Intelektual\u00ebve \u201cArt Club\u201d do t\u00eb organizoj\u00eb Or\u00eb p\u00ebrkujtimore me rastin e vdekjes s\u00eb profesoresh\u00ebs s\u00eb gjuh\u00ebs angleze dhe p\u00ebrkthyeses Diana Rexha, an\u00ebtare e shoqat\u00ebs son\u00eb. Ora p\u00ebrkujtimore [&hellip;]<\/p>\n","protected":false},"author":1,"featured_media":0,"comment_status":"closed","ping_status":"closed","sticky":false,"template":"","format":"standard","meta":{"spay_email":"","jetpack_publicize_message":"","jetpack_is_tweetstorm":false,"jetpack_publicize_feature_enabled":true},"categories":[1],"tags":[],"jetpack_publicize_connections":[],"yoast_head":"<!-- This site is optimized with the Yoast SEO plugin v19.1 - https:\/\/yoast.com\/wordpress\/plugins\/seo\/ -->\n<title>Or\u00eb p\u00ebrkujtimore n\u00eb Ulqin p\u00ebr Diana Rexh\u00ebn - Video - Lajme nga Ulqini<\/title>\n<meta name=\"description\" content=\"Nes\u00ebr n\u00eb Ulqin mbahet or\u00eb p\u00ebrkujtimore me rastin e vdekjes s\u00eb\u00a0profesoresh\u00ebs s\u00eb gjuh\u00ebs angleze e\u00a0 cila u nda nga kjo jet\u00eb para disa dit\u00ebve. Shoqata e\" \/>\n<meta name=\"robots\" content=\"index, follow, max-snippet:-1, max-image-preview:large, max-video-preview:-1\" \/>\n<link rel=\"canonical\" href=\"https:\/\/www.visit-ulcinj.com\/blog\/2017\/03\/24\/ore-perkujtimore-ne-ulqin-per-diana-rexhen\/\" \/>\n<meta property=\"og:locale\" content=\"en_US\" \/>\n<meta property=\"og:type\" content=\"article\" \/>\n<meta property=\"og:title\" content=\"Or\u00eb p\u00ebrkujtimore n\u00eb Ulqin p\u00ebr Diana Rexh\u00ebn - Video - Lajme nga Ulqini\" \/>\n<meta property=\"og:description\" content=\"Nes\u00ebr n\u00eb Ulqin mbahet or\u00eb p\u00ebrkujtimore me rastin e vdekjes s\u00eb\u00a0profesoresh\u00ebs s\u00eb gjuh\u00ebs angleze e\u00a0 cila u nda nga kjo jet\u00eb para disa dit\u00ebve. Shoqata e\" \/>\n<meta property=\"og:url\" content=\"https:\/\/www.visit-ulcinj.com\/blog\/2017\/03\/24\/ore-perkujtimore-ne-ulqin-per-diana-rexhen\/\" \/>\n<meta property=\"og:site_name\" content=\"Lajme nga Ulqini\" \/>\n<meta property=\"article:published_time\" content=\"2017-03-24T16:58:11+00:00\" \/>\n<meta property=\"article:modified_time\" content=\"2017-03-31T06:39:59+00:00\" \/>\n<meta name=\"twitter:label1\" content=\"Written by\" \/>\n\t<meta name=\"twitter:data1\" content=\"ulqini\" \/>\n<script type=\"application\/ld+json\" class=\"yoast-schema-graph\">{\"@context\":\"https:\/\/schema.org\",\"@graph\":[{\"@type\":\"WebSite\",\"@id\":\"https:\/\/www.visit-ulcinj.com\/blog\/#website\",\"url\":\"https:\/\/www.visit-ulcinj.com\/blog\/\",\"name\":\"Lajme nga Ulqini\",\"description\":\"Lajme,Vijesti,Ulqini,Ulqin,Crna Gora,Mali i Zi\",\"potentialAction\":[{\"@type\":\"SearchAction\",\"target\":{\"@type\":\"EntryPoint\",\"urlTemplate\":\"https:\/\/www.visit-ulcinj.com\/blog\/?s={search_term_string}\"},\"query-input\":\"required name=search_term_string\"}],\"inLanguage\":\"en-US\"},{\"@type\":\"WebPage\",\"@id\":\"https:\/\/www.visit-ulcinj.com\/blog\/2017\/03\/24\/ore-perkujtimore-ne-ulqin-per-diana-rexhen\/#webpage\",\"url\":\"https:\/\/www.visit-ulcinj.com\/blog\/2017\/03\/24\/ore-perkujtimore-ne-ulqin-per-diana-rexhen\/\",\"name\":\"Or\u00eb p\u00ebrkujtimore n\u00eb Ulqin p\u00ebr Diana Rexh\u00ebn - Video - Lajme nga Ulqini\",\"isPartOf\":{\"@id\":\"https:\/\/www.visit-ulcinj.com\/blog\/#website\"},\"datePublished\":\"2017-03-24T16:58:11+00:00\",\"dateModified\":\"2017-03-31T06:39:59+00:00\",\"author\":{\"@id\":\"https:\/\/www.visit-ulcinj.com\/blog\/#\/schema\/person\/dcab619c614d3038751c63bc2aadc06d\"},\"description\":\"Nes\u00ebr n\u00eb Ulqin mbahet or\u00eb p\u00ebrkujtimore me rastin e vdekjes s\u00eb\u00a0profesoresh\u00ebs s\u00eb gjuh\u00ebs angleze e\u00a0 cila u nda nga kjo jet\u00eb para disa dit\u00ebve. Shoqata e\",\"breadcrumb\":{\"@id\":\"https:\/\/www.visit-ulcinj.com\/blog\/2017\/03\/24\/ore-perkujtimore-ne-ulqin-per-diana-rexhen\/#breadcrumb\"},\"inLanguage\":\"en-US\",\"potentialAction\":[{\"@type\":\"ReadAction\",\"target\":[\"https:\/\/www.visit-ulcinj.com\/blog\/2017\/03\/24\/ore-perkujtimore-ne-ulqin-per-diana-rexhen\/\"]}]},{\"@type\":\"BreadcrumbList\",\"@id\":\"https:\/\/www.visit-ulcinj.com\/blog\/2017\/03\/24\/ore-perkujtimore-ne-ulqin-per-diana-rexhen\/#breadcrumb\",\"itemListElement\":[{\"@type\":\"ListItem\",\"position\":1,\"name\":\"Or\u00eb p\u00ebrkujtimore n\u00eb Ulqin p\u00ebr Diana Rexh\u00ebn &#8211; Video\"}]},{\"@type\":\"Person\",\"@id\":\"https:\/\/www.visit-ulcinj.com\/blog\/#\/schema\/person\/dcab619c614d3038751c63bc2aadc06d\",\"name\":\"ulqini\",\"sameAs\":[\"http:\/\/www.visit-ulcinj.com\"],\"url\":\"https:\/\/www.visit-ulcinj.com\/blog\/author\/admin\/\"}]}<\/script>\n<!-- \/ Yoast SEO plugin. -->","yoast_head_json":{"title":"Or\u00eb p\u00ebrkujtimore n\u00eb Ulqin p\u00ebr Diana Rexh\u00ebn - Video - Lajme nga Ulqini","description":"Nes\u00ebr n\u00eb Ulqin mbahet or\u00eb p\u00ebrkujtimore me rastin e vdekjes s\u00eb\u00a0profesoresh\u00ebs s\u00eb gjuh\u00ebs angleze e\u00a0 cila u nda nga kjo jet\u00eb para disa dit\u00ebve. Shoqata e","robots":{"index":"index","follow":"follow","max-snippet":"max-snippet:-1","max-image-preview":"max-image-preview:large","max-video-preview":"max-video-preview:-1"},"canonical":"https:\/\/www.visit-ulcinj.com\/blog\/2017\/03\/24\/ore-perkujtimore-ne-ulqin-per-diana-rexhen\/","og_locale":"en_US","og_type":"article","og_title":"Or\u00eb p\u00ebrkujtimore n\u00eb Ulqin p\u00ebr Diana Rexh\u00ebn - Video - Lajme nga Ulqini","og_description":"Nes\u00ebr n\u00eb Ulqin mbahet or\u00eb p\u00ebrkujtimore me rastin e vdekjes s\u00eb\u00a0profesoresh\u00ebs s\u00eb gjuh\u00ebs angleze e\u00a0 cila u nda nga kjo jet\u00eb para disa dit\u00ebve. Shoqata e","og_url":"https:\/\/www.visit-ulcinj.com\/blog\/2017\/03\/24\/ore-perkujtimore-ne-ulqin-per-diana-rexhen\/","og_site_name":"Lajme nga Ulqini","article_published_time":"2017-03-24T16:58:11+00:00","article_modified_time":"2017-03-31T06:39:59+00:00","twitter_misc":{"Written by":"ulqini"},"schema":{"@context":"https:\/\/schema.org","@graph":[{"@type":"WebSite","@id":"https:\/\/www.visit-ulcinj.com\/blog\/#website","url":"https:\/\/www.visit-ulcinj.com\/blog\/","name":"Lajme nga Ulqini","description":"Lajme,Vijesti,Ulqini,Ulqin,Crna Gora,Mali i Zi","potentialAction":[{"@type":"SearchAction","target":{"@type":"EntryPoint","urlTemplate":"https:\/\/www.visit-ulcinj.com\/blog\/?s={search_term_string}"},"query-input":"required name=search_term_string"}],"inLanguage":"en-US"},{"@type":"WebPage","@id":"https:\/\/www.visit-ulcinj.com\/blog\/2017\/03\/24\/ore-perkujtimore-ne-ulqin-per-diana-rexhen\/#webpage","url":"https:\/\/www.visit-ulcinj.com\/blog\/2017\/03\/24\/ore-perkujtimore-ne-ulqin-per-diana-rexhen\/","name":"Or\u00eb p\u00ebrkujtimore n\u00eb Ulqin p\u00ebr Diana Rexh\u00ebn - Video - Lajme nga Ulqini","isPartOf":{"@id":"https:\/\/www.visit-ulcinj.com\/blog\/#website"},"datePublished":"2017-03-24T16:58:11+00:00","dateModified":"2017-03-31T06:39:59+00:00","author":{"@id":"https:\/\/www.visit-ulcinj.com\/blog\/#\/schema\/person\/dcab619c614d3038751c63bc2aadc06d"},"description":"Nes\u00ebr n\u00eb Ulqin mbahet or\u00eb p\u00ebrkujtimore me rastin e vdekjes s\u00eb\u00a0profesoresh\u00ebs s\u00eb gjuh\u00ebs angleze e\u00a0 cila u nda nga kjo jet\u00eb para disa dit\u00ebve. Shoqata e","breadcrumb":{"@id":"https:\/\/www.visit-ulcinj.com\/blog\/2017\/03\/24\/ore-perkujtimore-ne-ulqin-per-diana-rexhen\/#breadcrumb"},"inLanguage":"en-US","potentialAction":[{"@type":"ReadAction","target":["https:\/\/www.visit-ulcinj.com\/blog\/2017\/03\/24\/ore-perkujtimore-ne-ulqin-per-diana-rexhen\/"]}]},{"@type":"BreadcrumbList","@id":"https:\/\/www.visit-ulcinj.com\/blog\/2017\/03\/24\/ore-perkujtimore-ne-ulqin-per-diana-rexhen\/#breadcrumb","itemListElement":[{"@type":"ListItem","position":1,"name":"Or\u00eb p\u00ebrkujtimore n\u00eb Ulqin p\u00ebr Diana Rexh\u00ebn &#8211; Video"}]},{"@type":"Person","@id":"https:\/\/www.visit-ulcinj.com\/blog\/#\/schema\/person\/dcab619c614d3038751c63bc2aadc06d","name":"ulqini","sameAs":["http:\/\/www.visit-ulcinj.com"],"url":"https:\/\/www.visit-ulcinj.com\/blog\/author\/admin\/"}]}},"jetpack_featured_media_url":"","jetpack_sharing_enabled":true,"jetpack_shortlink":"https:\/\/wp.me\/pe6lTn-qZD","_links":{"self":[{"href":"https:\/\/www.visit-ulcinj.com\/blog\/wp-json\/wp\/v2\/posts\/103765"}],"collection":[{"href":"https:\/\/www.visit-ulcinj.com\/blog\/wp-json\/wp\/v2\/posts"}],"about":[{"href":"https:\/\/www.visit-ulcinj.com\/blog\/wp-json\/wp\/v2\/types\/post"}],"author":[{"embeddable":true,"href":"https:\/\/www.visit-ulcinj.com\/blog\/wp-json\/wp\/v2\/users\/1"}],"replies":[{"embeddable":true,"href":"https:\/\/www.visit-ulcinj.com\/blog\/wp-json\/wp\/v2\/comments?post=103765"}],"version-history":[{"count":2,"href":"https:\/\/www.visit-ulcinj.com\/blog\/wp-json\/wp\/v2\/posts\/103765\/revisions"}],"predecessor-version":[{"id":103945,"href":"https:\/\/www.visit-ulcinj.com\/blog\/wp-json\/wp\/v2\/posts\/103765\/revisions\/103945"}],"wp:attachment":[{"href":"https:\/\/www.visit-ulcinj.com\/blog\/wp-json\/wp\/v2\/media?parent=103765"}],"wp:term":[{"taxonomy":"category","embeddable":true,"href":"https:\/\/www.visit-ulcinj.com\/blog\/wp-json\/wp\/v2\/categories?post=103765"},{"taxonomy":"post_tag","embeddable":true,"href":"https:\/\/www.visit-ulcinj.com\/blog\/wp-json\/wp\/v2\/tags?post=103765"}],"curies":[{"name":"wp","href":"https:\/\/api.w.org\/{rel}","templated":true}]}}