{"id":103768,"date":"2017-03-24T18:16:09","date_gmt":"2017-03-24T17:16:09","guid":{"rendered":"http:\/\/www.visit-ulcinj.com\/blog\/?p=103768"},"modified":"2017-03-24T18:16:09","modified_gmt":"2017-03-24T17:16:09","slug":"amulli-emri-del-te-jete-rrenje-te-pa-diskutueshme-ilire","status":"publish","type":"post","link":"https:\/\/www.visit-ulcinj.com\/blog\/2017\/03\/24\/amulli-emri-del-te-jete-rrenje-te-pa-diskutueshme-ilire\/","title":{"rendered":"Amulli, emri del t\u00eb jet\u00eb me rr\u00ebnj\u00eb t\u00eb pa diskutueshme ilire"},"content":{"rendered":"<p><strong><a href=\"http:\/\/www.visit-ulcinj.com\/blog\/wp-content\/uploads\/2017\/03\/Amulli-Fotoalbum.jpg\"><img loading=\"lazy\" class=\"alignleft wp-image-103769\" src=\"http:\/\/www.visit-ulcinj.com\/blog\/wp-content\/uploads\/2017\/03\/Amulli-Fotoalbum.jpg\" alt=\"Amulli - Fotoalbum\" width=\"508\" height=\"292\" srcset=\"https:\/\/www.visit-ulcinj.com\/blog\/wp-content\/uploads\/2017\/03\/Amulli-Fotoalbum.jpg 625w, https:\/\/www.visit-ulcinj.com\/blog\/wp-content\/uploads\/2017\/03\/Amulli-Fotoalbum-300x172.jpg 300w\" sizes=\"(max-width: 508px) 100vw, 508px\" \/><\/a>Fotoalbum: Ulqini dhe Shasi nj\u00eb histori ndryshe<\/strong><\/p>\n<p>Fshat af\u00ebr Shasit emri duket se \u00ebsht\u00eb hidronim i dal\u00eb nga fjala shqipe i amb\u00ebl,uj\u00eb i amb\u00ebl ose uj\u00eb i pijsh\u00ebm i ndenjur- Kujto edhe ub\u00ebl(vend \u2013 pus uji n\u00eb Kraj\u00eb), por del edhe si mikro toponim\u00a0 Ballkanik . \u00a0Dhe k\u00ebshtu p.sh. Ombla \u00ebsht\u00eb lum\u00eb i cili kalon af\u00ebr Dubrovnikut. Kurse hidronimet e tipit ubla si mikro toponime\u00a0 gjenden n\u00eb disa hap\u00ebsira t\u00eb gjeografis\u00eb ilire n\u00eb Ballkan , si ato n\u00eb Bosnje ; vendbanimi Ubla &#8211; Trebinj\u00eb ,Ublat n\u00eb Zhupanin\u00eb e Dubrovnikut\u00a0 te Neretva(lum) , Uble te Lastovo etj, q\u00eb jan\u00eb t\u00eb p\u00ebrhapura n\u00eb t\u00ebr\u00eb territorin e p\u00ebrmendur ku tash m\u00eb\u00a0 nuk flitet\u00a0 shqip, por d\u00ebshmojn\u00eb prezenc\u00ebn e shqipes ilire si mikro toponime.<\/p>\n<p>Kjo fjal\u00eb ka ushtruar dhe ushtron ndikim t\u00eb madh n\u00eb formimin leksikor t\u00eb serbishtes sepse shum\u00eb fjal\u00eb t\u00eb saja formohen nga kjo prapashtes\u00eb\u00a0 kurse kuptimi i fjal\u00ebs Dublje , sikur i jep shpjegim ose \u00ebsht\u00eb sinonim i fjal\u00ebs shqipe ubla&#8230;?!<\/p>\n<p><strong><em>URA E KLLEZN\u00cbS SI MOTIV MASON\u00a0 <\/em><\/strong><\/p>\n<p><a href=\"http:\/\/www.visit-ulcinj.com\/blog\/wp-content\/uploads\/2013\/03\/Ura-e-Klleznes_Ana-Malit_Ulqin.2.jpg\"><img loading=\"lazy\" class=\"alignleft wp-image-69876\" src=\"http:\/\/www.visit-ulcinj.com\/blog\/wp-content\/uploads\/2013\/03\/Ura-e-Klleznes_Ana-Malit_Ulqin.2.jpg\" alt=\"Ura e Klleznes_Ana Malit_Ulqin.2\" width=\"508\" height=\"381\" srcset=\"https:\/\/www.visit-ulcinj.com\/blog\/wp-content\/uploads\/2013\/03\/Ura-e-Klleznes_Ana-Malit_Ulqin.2.jpg 960w, https:\/\/www.visit-ulcinj.com\/blog\/wp-content\/uploads\/2013\/03\/Ura-e-Klleznes_Ana-Malit_Ulqin.2-300x225.jpg 300w\" sizes=\"(max-width: 508px) 100vw, 508px\" \/><\/a><\/p>\n<p>Masoneria si grupim i esnaf\u00ebve murator\u00eb q\u00eb ruajn\u00eb\u00a0 \u00a0diku me fanatiz\u00ebm sekretin\u00a0 e pushtetit qiellor\u00a0 n\u00eb nd\u00ebrtimtari dhe zhvillim teknik t\u00eb humbur n\u00eb tok\u00eb q\u00eb nga koha e profetit Sollomon,\u00a0 \u00ebsht\u00eb e p\u00ebrhapur si mit n\u00eb t\u00ebr\u00eb bot\u00ebn. Solomonit- Sylejmanit a.s. i ish dh\u00ebn\u00eb pushtet i pakufizuar hyjnor dhe\u00a0 i bie t\u00eb jet\u00eb mbreti\u00a0 i fundit hebre\u00a0 t\u00eb cilin iu p\u00ebrzgjodhi vet\u00eb zoti\u00a0 p\u00ebr t\u2019i qeverisur\u00a0 mir\u00eb e drejt\u00eb . D\u00ebshmohet se atij Zoti\u00a0 p\u00ebr k\u00ebt\u00eb pun\u00eb i kish n\u00ebnshtruar \u00e7do gj\u00eb\u00a0 deri edhe vet\u00eb er\u00ebn- \u00a0kujto qilimat fluturues t\u00eb tij&#8230;, dinte gjuh\u00ebn e kafsh\u00ebve dhe t\u00eb zogjve si dhe i kish n\u00ebnshtruar me urdh\u00ebr t\u00eb\u00a0 Zotit edhe vet\u00eb \u00a0\u00a0xhind\u00ebt \u2013 nj\u00eb bot\u00eb paralele sipas islamit q\u00eb jeton me ne. K\u00ebto i detyroheshin atij \u00a0q\u00eb \u00a0t\u00eb zhyteshin thell\u00eb n\u00eb det e \u00a0t\u00eb nxirrnin\u00a0 gur\u00eb xhevahiri nga fundi i \u00a0tij. Gur\u00ebt p\u00ebrdoreshin si dekorim p\u00ebr pallatet e izraelit.<\/p>\n<p>Gjith\u00eb kjo kishte b\u00ebr\u00eb\u00a0 q\u00eb t\u00eb lul\u00ebzonte nj\u00eb arkitektur\u00eb\u00a0 shum\u00eb e avancuar dhe e sofistikuar p\u00ebr koh\u00ebn n\u00eb mbret\u00ebrin\u00eb \u00e7ifute. Thjesht\u00eb i binte q\u00eb ai me urdh\u00ebr nga Zoti , po nd\u00ebrtonte\u00a0 nj\u00eb parajs\u00eb\u00a0 t\u00eb dyt\u00eb n\u00eb tok\u00eb . Sipas do teorive konspirative\u00a0 ata- \u00e7ifut\u00ebt mbi k\u00ebto sekrete t\u00eb dijes s\u00eb Solomonit, po p\u00ebrpiqen t\u00eb nd\u00ebrtojn\u00eb edhe sot bot\u00ebn vitromene q\u00eb ia p\u00ebrngjet parajs\u00ebs.<\/p>\n<p>K\u00ebto legjenda \u00a0q\u00eb ndeshen \u00a0n\u00eb \u00a0t\u00ebr\u00eb bot\u00ebn po edhe n\u00eb kultur\u00ebn shqiptare \u00a0i gjejm\u00eb edhe t\u00eb legjenda e\u00a0 nd\u00ebrtimit t\u00eb Ur\u00ebs s\u00eb Kllezn\u00ebs (fshat n\u00eb kufi t\u00eb\u00a0 \u00a0An\u00ebs s\u00eb Malit me Ulqin).<\/p>\n<p>Ndodhia e mjeshtrit\u00a0 t\u00eb\u00a0 ur\u00ebs\u00a0 duket se \u00ebsht\u00eb\u00a0 nj\u00eb\u00a0 mot\u00ebrzim i variantit t\u00eb\u00a0 asgj\u00ebsimit t\u00eb\u00a0 kryemjeshtrit Abif t\u00eb koh\u00ebs s\u00eb Solomonit te legjendat masone t\u00eb hebrenjve. Akti pat ndodhur \u00a0nga forcat e err\u00ebta q\u00eb kishin asgj\u00ebsuar shkrimin e dijes s\u00eb\u00a0 projekteve\u00a0 t\u00eb shenjta p\u00ebr arsye xhelozie dhe smire duke vrar\u00eb edhe vet\u00eb kryemjeshtrin\u00a0 e dijes hyjnore n\u00eb nd\u00ebrtim bashk\u00eb me projekt t\u00eb pallatit t\u00eb porositur. .?!<\/p>\n<p>Praktika e asgj\u00ebsimit t\u00eb mjeshtrit p\u00ebr pun\u00eb primati dhe pushteti \u00a0shohim t\u00eb ishte \u00a0me natyr\u00eb njer\u00ebzore dhe e nj\u00ebjt\u00eb si t\u00eb hebrenjt\u00eb si t\u00eb legjenda shqiptare \u00a0e Kllezn\u00ebs.<\/p>\n<p><strong>\u00c7far\u00eb thot\u00eb legjenda?!<\/strong><\/p>\n<p>Sipas legjend\u00ebs \u00a0banoret e fshatit Kllez\u00ebn kishin dashur t\u00eb\u00a0 nd\u00ebrtonin nj\u00eb ur\u00eb\u00a0 mir\u00ebpo duke mos pasur gurgdhend\u00ebs ishin shtr\u00ebnguar ta k\u00ebrkonin n\u00eb\u00a0 vende tjera dhe ai ishte gjetur.<\/p>\n<p>N\u00eb\u00a0 fillim mjeshtri kish k\u00ebrkuar nga fshatar\u00ebt \u00a0te \u201edigjnin\u201c nj\u00eb g\u00eblqere, ta lenin at\u00eb\u00a0 disa vite e kur t\u00eb vinte koha ai vet\u00eb\u00a0 ka p\u00ebr\u00a0 tu paraqitur para banor\u00ebve\u00a0 t\u00eb\u00a0 fshatit. Dhe k\u00ebshtu ngjau, koha erdhi e ai u paraqit\u00a0 me disa shegert\u00eb\u00a0 t\u00eb\u00a0 vet\u00eb&#8230;, mir\u00ebpo shegert\u00ebt t\u00eb\u00a0 shtyr\u00eb\u00a0 nga egoizmi \u00a0i dijes\u00a0 dhe monopoli\u00a0 n\u00eb te vendos\u00ebn dhe e mbyten mjeshtrin cili u varros n\u00eb\u00a0 tok\u00ebn\u00a0 e NJ\u00cbRIT nga banoret e fshatit ku gjendet edhe sot e k\u00ebsaj dite&#8230;.Shpresojm\u00eb se nuk gabojm\u00eb n\u00ebse k\u00ebt\u00eb ndodhi e lidhim me p\u00ebrvoj\u00ebn hebraike t\u00eb mbytjes s\u00eb Abifit te legjendat e tyre..<\/p>\n<p>&nbsp;<\/p>\n","protected":false},"excerpt":{"rendered":"<p>Fotoalbum: Ulqini dhe Shasi nj\u00eb histori ndryshe Fshat af\u00ebr Shasit emri duket se \u00ebsht\u00eb hidronim i dal\u00eb nga fjala shqipe i amb\u00ebl,uj\u00eb i amb\u00ebl ose uj\u00eb i pijsh\u00ebm i ndenjur- Kujto edhe ub\u00ebl(vend \u2013 pus uji n\u00eb Kraj\u00eb), por del edhe si mikro toponim\u00a0 Ballkanik . \u00a0Dhe k\u00ebshtu p.sh. Ombla \u00ebsht\u00eb lum\u00eb i cili kalon [&hellip;]<\/p>\n","protected":false},"author":1,"featured_media":0,"comment_status":"closed","ping_status":"closed","sticky":false,"template":"","format":"standard","meta":{"spay_email":"","jetpack_publicize_message":"","jetpack_is_tweetstorm":false,"jetpack_publicize_feature_enabled":true},"categories":[14249],"tags":[],"jetpack_publicize_connections":[],"yoast_head":"<!-- This site is optimized with the Yoast SEO plugin v19.1 - https:\/\/yoast.com\/wordpress\/plugins\/seo\/ -->\n<title>Amulli, emri del t\u00eb jet\u00eb me rr\u00ebnj\u00eb t\u00eb pa diskutueshme ilire - Lajme nga Ulqini<\/title>\n<meta name=\"description\" content=\"Fotoalbum: Ulqini dhe Shasi nj\u00eb histori ndryshe Fshat af\u00ebr Shasit emri duket se \u00ebsht\u00eb hidronim i dal\u00eb nga fjala shqipe i amb\u00ebl,uj\u00eb i amb\u00ebl ose uj\u00eb i\" \/>\n<meta name=\"robots\" content=\"index, follow, max-snippet:-1, max-image-preview:large, max-video-preview:-1\" \/>\n<link rel=\"canonical\" href=\"https:\/\/www.visit-ulcinj.com\/blog\/2017\/03\/24\/amulli-emri-del-te-jete-rrenje-te-pa-diskutueshme-ilire\/\" \/>\n<meta property=\"og:locale\" content=\"en_US\" \/>\n<meta property=\"og:type\" content=\"article\" \/>\n<meta property=\"og:title\" content=\"Amulli, emri del t\u00eb jet\u00eb me rr\u00ebnj\u00eb t\u00eb pa diskutueshme ilire - Lajme nga Ulqini\" \/>\n<meta property=\"og:description\" content=\"Fotoalbum: Ulqini dhe Shasi nj\u00eb histori ndryshe Fshat af\u00ebr Shasit emri duket se \u00ebsht\u00eb hidronim i dal\u00eb nga fjala shqipe i amb\u00ebl,uj\u00eb i amb\u00ebl ose uj\u00eb i\" \/>\n<meta property=\"og:url\" content=\"https:\/\/www.visit-ulcinj.com\/blog\/2017\/03\/24\/amulli-emri-del-te-jete-rrenje-te-pa-diskutueshme-ilire\/\" \/>\n<meta property=\"og:site_name\" content=\"Lajme nga Ulqini\" \/>\n<meta property=\"article:published_time\" content=\"2017-03-24T17:16:09+00:00\" \/>\n<meta property=\"og:image\" content=\"http:\/\/www.visit-ulcinj.com\/blog\/wp-content\/uploads\/2017\/03\/Amulli-Fotoalbum.jpg\" \/>\n<meta name=\"twitter:label1\" content=\"Written by\" \/>\n\t<meta name=\"twitter:data1\" content=\"ulqini\" \/>\n\t<meta name=\"twitter:label2\" content=\"Est. reading time\" \/>\n\t<meta name=\"twitter:data2\" content=\"4 minutes\" \/>\n<script type=\"application\/ld+json\" class=\"yoast-schema-graph\">{\"@context\":\"https:\/\/schema.org\",\"@graph\":[{\"@type\":\"WebSite\",\"@id\":\"https:\/\/www.visit-ulcinj.com\/blog\/#website\",\"url\":\"https:\/\/www.visit-ulcinj.com\/blog\/\",\"name\":\"Lajme nga Ulqini\",\"description\":\"Lajme,Vijesti,Ulqini,Ulqin,Crna Gora,Mali i Zi\",\"potentialAction\":[{\"@type\":\"SearchAction\",\"target\":{\"@type\":\"EntryPoint\",\"urlTemplate\":\"https:\/\/www.visit-ulcinj.com\/blog\/?s={search_term_string}\"},\"query-input\":\"required name=search_term_string\"}],\"inLanguage\":\"en-US\"},{\"@type\":\"ImageObject\",\"inLanguage\":\"en-US\",\"@id\":\"https:\/\/www.visit-ulcinj.com\/blog\/2017\/03\/24\/amulli-emri-del-te-jete-rrenje-te-pa-diskutueshme-ilire\/#primaryimage\",\"url\":\"https:\/\/www.visit-ulcinj.com\/blog\/wp-content\/uploads\/2017\/03\/Amulli-Fotoalbum.jpg\",\"contentUrl\":\"https:\/\/www.visit-ulcinj.com\/blog\/wp-content\/uploads\/2017\/03\/Amulli-Fotoalbum.jpg\",\"width\":625,\"height\":359},{\"@type\":\"WebPage\",\"@id\":\"https:\/\/www.visit-ulcinj.com\/blog\/2017\/03\/24\/amulli-emri-del-te-jete-rrenje-te-pa-diskutueshme-ilire\/#webpage\",\"url\":\"https:\/\/www.visit-ulcinj.com\/blog\/2017\/03\/24\/amulli-emri-del-te-jete-rrenje-te-pa-diskutueshme-ilire\/\",\"name\":\"Amulli, emri del t\u00eb jet\u00eb me rr\u00ebnj\u00eb t\u00eb pa diskutueshme ilire - Lajme nga Ulqini\",\"isPartOf\":{\"@id\":\"https:\/\/www.visit-ulcinj.com\/blog\/#website\"},\"primaryImageOfPage\":{\"@id\":\"https:\/\/www.visit-ulcinj.com\/blog\/2017\/03\/24\/amulli-emri-del-te-jete-rrenje-te-pa-diskutueshme-ilire\/#primaryimage\"},\"datePublished\":\"2017-03-24T17:16:09+00:00\",\"dateModified\":\"2017-03-24T17:16:09+00:00\",\"author\":{\"@id\":\"https:\/\/www.visit-ulcinj.com\/blog\/#\/schema\/person\/dcab619c614d3038751c63bc2aadc06d\"},\"description\":\"Fotoalbum: Ulqini dhe Shasi nj\u00eb histori ndryshe Fshat af\u00ebr Shasit emri duket se \u00ebsht\u00eb hidronim i dal\u00eb nga fjala shqipe i amb\u00ebl,uj\u00eb i amb\u00ebl ose uj\u00eb i\",\"breadcrumb\":{\"@id\":\"https:\/\/www.visit-ulcinj.com\/blog\/2017\/03\/24\/amulli-emri-del-te-jete-rrenje-te-pa-diskutueshme-ilire\/#breadcrumb\"},\"inLanguage\":\"en-US\",\"potentialAction\":[{\"@type\":\"ReadAction\",\"target\":[\"https:\/\/www.visit-ulcinj.com\/blog\/2017\/03\/24\/amulli-emri-del-te-jete-rrenje-te-pa-diskutueshme-ilire\/\"]}]},{\"@type\":\"BreadcrumbList\",\"@id\":\"https:\/\/www.visit-ulcinj.com\/blog\/2017\/03\/24\/amulli-emri-del-te-jete-rrenje-te-pa-diskutueshme-ilire\/#breadcrumb\",\"itemListElement\":[{\"@type\":\"ListItem\",\"position\":1,\"name\":\"Amulli, emri del t\u00eb jet\u00eb me rr\u00ebnj\u00eb t\u00eb pa diskutueshme ilire\"}]},{\"@type\":\"Person\",\"@id\":\"https:\/\/www.visit-ulcinj.com\/blog\/#\/schema\/person\/dcab619c614d3038751c63bc2aadc06d\",\"name\":\"ulqini\",\"sameAs\":[\"http:\/\/www.visit-ulcinj.com\"],\"url\":\"https:\/\/www.visit-ulcinj.com\/blog\/author\/admin\/\"}]}<\/script>\n<!-- \/ Yoast SEO plugin. -->","yoast_head_json":{"title":"Amulli, emri del t\u00eb jet\u00eb me rr\u00ebnj\u00eb t\u00eb pa diskutueshme ilire - Lajme nga Ulqini","description":"Fotoalbum: Ulqini dhe Shasi nj\u00eb histori ndryshe Fshat af\u00ebr Shasit emri duket se \u00ebsht\u00eb hidronim i dal\u00eb nga fjala shqipe i amb\u00ebl,uj\u00eb i amb\u00ebl ose uj\u00eb i","robots":{"index":"index","follow":"follow","max-snippet":"max-snippet:-1","max-image-preview":"max-image-preview:large","max-video-preview":"max-video-preview:-1"},"canonical":"https:\/\/www.visit-ulcinj.com\/blog\/2017\/03\/24\/amulli-emri-del-te-jete-rrenje-te-pa-diskutueshme-ilire\/","og_locale":"en_US","og_type":"article","og_title":"Amulli, emri del t\u00eb jet\u00eb me rr\u00ebnj\u00eb t\u00eb pa diskutueshme ilire - Lajme nga Ulqini","og_description":"Fotoalbum: Ulqini dhe Shasi nj\u00eb histori ndryshe Fshat af\u00ebr Shasit emri duket se \u00ebsht\u00eb hidronim i dal\u00eb nga fjala shqipe i amb\u00ebl,uj\u00eb i amb\u00ebl ose uj\u00eb i","og_url":"https:\/\/www.visit-ulcinj.com\/blog\/2017\/03\/24\/amulli-emri-del-te-jete-rrenje-te-pa-diskutueshme-ilire\/","og_site_name":"Lajme nga Ulqini","article_published_time":"2017-03-24T17:16:09+00:00","og_image":[{"url":"http:\/\/www.visit-ulcinj.com\/blog\/wp-content\/uploads\/2017\/03\/Amulli-Fotoalbum.jpg"}],"twitter_misc":{"Written by":"ulqini","Est. reading time":"4 minutes"},"schema":{"@context":"https:\/\/schema.org","@graph":[{"@type":"WebSite","@id":"https:\/\/www.visit-ulcinj.com\/blog\/#website","url":"https:\/\/www.visit-ulcinj.com\/blog\/","name":"Lajme nga Ulqini","description":"Lajme,Vijesti,Ulqini,Ulqin,Crna Gora,Mali i Zi","potentialAction":[{"@type":"SearchAction","target":{"@type":"EntryPoint","urlTemplate":"https:\/\/www.visit-ulcinj.com\/blog\/?s={search_term_string}"},"query-input":"required name=search_term_string"}],"inLanguage":"en-US"},{"@type":"ImageObject","inLanguage":"en-US","@id":"https:\/\/www.visit-ulcinj.com\/blog\/2017\/03\/24\/amulli-emri-del-te-jete-rrenje-te-pa-diskutueshme-ilire\/#primaryimage","url":"https:\/\/www.visit-ulcinj.com\/blog\/wp-content\/uploads\/2017\/03\/Amulli-Fotoalbum.jpg","contentUrl":"https:\/\/www.visit-ulcinj.com\/blog\/wp-content\/uploads\/2017\/03\/Amulli-Fotoalbum.jpg","width":625,"height":359},{"@type":"WebPage","@id":"https:\/\/www.visit-ulcinj.com\/blog\/2017\/03\/24\/amulli-emri-del-te-jete-rrenje-te-pa-diskutueshme-ilire\/#webpage","url":"https:\/\/www.visit-ulcinj.com\/blog\/2017\/03\/24\/amulli-emri-del-te-jete-rrenje-te-pa-diskutueshme-ilire\/","name":"Amulli, emri del t\u00eb jet\u00eb me rr\u00ebnj\u00eb t\u00eb pa diskutueshme ilire - Lajme nga Ulqini","isPartOf":{"@id":"https:\/\/www.visit-ulcinj.com\/blog\/#website"},"primaryImageOfPage":{"@id":"https:\/\/www.visit-ulcinj.com\/blog\/2017\/03\/24\/amulli-emri-del-te-jete-rrenje-te-pa-diskutueshme-ilire\/#primaryimage"},"datePublished":"2017-03-24T17:16:09+00:00","dateModified":"2017-03-24T17:16:09+00:00","author":{"@id":"https:\/\/www.visit-ulcinj.com\/blog\/#\/schema\/person\/dcab619c614d3038751c63bc2aadc06d"},"description":"Fotoalbum: Ulqini dhe Shasi nj\u00eb histori ndryshe Fshat af\u00ebr Shasit emri duket se \u00ebsht\u00eb hidronim i dal\u00eb nga fjala shqipe i amb\u00ebl,uj\u00eb i amb\u00ebl ose uj\u00eb i","breadcrumb":{"@id":"https:\/\/www.visit-ulcinj.com\/blog\/2017\/03\/24\/amulli-emri-del-te-jete-rrenje-te-pa-diskutueshme-ilire\/#breadcrumb"},"inLanguage":"en-US","potentialAction":[{"@type":"ReadAction","target":["https:\/\/www.visit-ulcinj.com\/blog\/2017\/03\/24\/amulli-emri-del-te-jete-rrenje-te-pa-diskutueshme-ilire\/"]}]},{"@type":"BreadcrumbList","@id":"https:\/\/www.visit-ulcinj.com\/blog\/2017\/03\/24\/amulli-emri-del-te-jete-rrenje-te-pa-diskutueshme-ilire\/#breadcrumb","itemListElement":[{"@type":"ListItem","position":1,"name":"Amulli, emri del t\u00eb jet\u00eb me rr\u00ebnj\u00eb t\u00eb pa diskutueshme ilire"}]},{"@type":"Person","@id":"https:\/\/www.visit-ulcinj.com\/blog\/#\/schema\/person\/dcab619c614d3038751c63bc2aadc06d","name":"ulqini","sameAs":["http:\/\/www.visit-ulcinj.com"],"url":"https:\/\/www.visit-ulcinj.com\/blog\/author\/admin\/"}]}},"jetpack_featured_media_url":"","jetpack_sharing_enabled":true,"jetpack_shortlink":"https:\/\/wp.me\/pe6lTn-qZG","_links":{"self":[{"href":"https:\/\/www.visit-ulcinj.com\/blog\/wp-json\/wp\/v2\/posts\/103768"}],"collection":[{"href":"https:\/\/www.visit-ulcinj.com\/blog\/wp-json\/wp\/v2\/posts"}],"about":[{"href":"https:\/\/www.visit-ulcinj.com\/blog\/wp-json\/wp\/v2\/types\/post"}],"author":[{"embeddable":true,"href":"https:\/\/www.visit-ulcinj.com\/blog\/wp-json\/wp\/v2\/users\/1"}],"replies":[{"embeddable":true,"href":"https:\/\/www.visit-ulcinj.com\/blog\/wp-json\/wp\/v2\/comments?post=103768"}],"version-history":[{"count":1,"href":"https:\/\/www.visit-ulcinj.com\/blog\/wp-json\/wp\/v2\/posts\/103768\/revisions"}],"predecessor-version":[{"id":103770,"href":"https:\/\/www.visit-ulcinj.com\/blog\/wp-json\/wp\/v2\/posts\/103768\/revisions\/103770"}],"wp:attachment":[{"href":"https:\/\/www.visit-ulcinj.com\/blog\/wp-json\/wp\/v2\/media?parent=103768"}],"wp:term":[{"taxonomy":"category","embeddable":true,"href":"https:\/\/www.visit-ulcinj.com\/blog\/wp-json\/wp\/v2\/categories?post=103768"},{"taxonomy":"post_tag","embeddable":true,"href":"https:\/\/www.visit-ulcinj.com\/blog\/wp-json\/wp\/v2\/tags?post=103768"}],"curies":[{"name":"wp","href":"https:\/\/api.w.org\/{rel}","templated":true}]}}