{"id":10377,"date":"2009-02-03T19:17:26","date_gmt":"2009-02-03T18:17:26","guid":{"rendered":"http:\/\/www.visit-ulcinj.com\/blog\/?p=10377"},"modified":"2009-02-03T19:17:32","modified_gmt":"2009-02-03T18:17:32","slug":"lideret-e-tri-partive-shqiptare-takohen-ne-tuz","status":"publish","type":"post","link":"https:\/\/www.visit-ulcinj.com\/blog\/2009\/02\/03\/lideret-e-tri-partive-shqiptare-takohen-ne-tuz\/","title":{"rendered":"Lider\u00ebt e tri partive shqiptare takohen n\u00eb Tuz"},"content":{"rendered":"<p><a rel=\"attachment wp-att-10378\" href=\"http:\/\/www.visit-ulcinj.com\/blog\/2009\/02\/03\/lideret-e-tri-partive-shqiptare-takohen-ne-tuz\/lideret-e-tri-partive-shqiptare-takohen-ne-tuz\/\"><img loading=\"lazy\" class=\"alignleft size-full wp-image-10378\" title=\"lideret-e-tri-partive-shqiptare-takohen-ne-tuz\" src=\"http:\/\/www.visit-ulcinj.com\/blog\/wp-content\/uploads\/2009\/02\/lideret-e-tri-partive-shqiptare-takohen-ne-tuz.jpg\" alt=\"lideret-e-tri-partive-shqiptare-takohen-ne-tuz\" width=\"318\" height=\"271\" srcset=\"https:\/\/www.visit-ulcinj.com\/blog\/wp-content\/uploads\/2009\/02\/lideret-e-tri-partive-shqiptare-takohen-ne-tuz.jpg 318w, https:\/\/www.visit-ulcinj.com\/blog\/wp-content\/uploads\/2009\/02\/lideret-e-tri-partive-shqiptare-takohen-ne-tuz-300x255.jpg 300w\" sizes=\"(max-width: 318px) 100vw, 318px\" \/><\/a>P\u00ebrfaq\u00ebsuesit e Alternativ\u00ebs Shqiptare, Lidhjes Demokratike dhe Forc\u00ebs t\u00eb shtun\u00ebn n\u00eb restorantin Troja, n\u00eb Tuz, pat\u00ebn nj\u00eb takim me qellim t\u00eb shqyrtimit t\u00eb mund\u00ebsis\u00eb t\u00eb daljes s\u00eb p\u00ebrbashk\u00ebt n\u00eb zgjedhjet parlamentare t\u00eb 29 marsit, njofton &#8220;Vijesti&#8221;.<br \/>\nN\u00eb k\u00ebto bisedime prezent ishin Gjergj Camaj (ASH), Mehmet Bardhi (LD), Nazif Cungu (Forca) me bashk\u00ebpun\u00ebtor\u00ebt e tyre t\u00eb af\u00ebrt.<br \/>\nSipas informatave jozyrtare, t\u00eb gjith\u00eb ran\u00eb dakord p\u00ebr bashk\u00ebpunim megjithat\u00eb nuk pati propozime konkrete se si do t\u00eb duket ky koalicion.\u00a0 Ata u akorduan q\u00eb bisedimet intensive t\u00eb vazhdojn\u00eb n\u00eb 15 dit\u00ebt e ardhshme, ku do t\u00eb punohet plani i qart\u00eb p\u00ebr daljen e p\u00ebrbashk\u00ebt ne zgjedhje.<br \/>\nSipas bashk\u00ebbiseduesit t\u00eb &#8220;Vijesti&#8221; n\u00eb k\u00ebt\u00eb takim nuk ishin t\u00eb ftuar p\u00ebrfaq\u00ebsues t\u00eb UDSH-s\u00eb p\u00ebr arsye se ky ishte takimi iniciues ku \u00ebsht\u00eb biseduar p\u00ebr projektin dhe q\u00ebllimin e koalicionit t\u00eb mundsh\u00ebm. &#8220;N\u00ebse akordohemi me projektin at\u00ebher\u00eb do t\u00eb ftojm\u00eb edhe tjerat subjekte nacionale t\u00eb bashkohen rreth k\u00ebtyre q\u00ebllimeve&#8221;.<br \/>\nNd\u00ebr q\u00ebllimet kryesore jan\u00eb funksionimi i komun\u00ebs s\u00eb plot\u00eb t\u00eb pavarur t\u00eb Tuzit dhe bashk\u00ebveprimi n\u00eb nivelin lokal n\u00eb Ulqin.<\/p>\n<p><strong>Burimi \/\u00a0\u00a0\u00a0 Malesia.org<\/strong><\/p>\n","protected":false},"excerpt":{"rendered":"<p>P\u00ebrfaq\u00ebsuesit e Alternativ\u00ebs Shqiptare, Lidhjes Demokratike dhe Forc\u00ebs t\u00eb shtun\u00ebn n\u00eb restorantin Troja, n\u00eb Tuz, pat\u00ebn nj\u00eb takim me qellim t\u00eb shqyrtimit t\u00eb mund\u00ebsis\u00eb t\u00eb daljes s\u00eb p\u00ebrbashk\u00ebt n\u00eb zgjedhjet parlamentare t\u00eb 29 marsit, njofton &#8220;Vijesti&#8221;. N\u00eb k\u00ebto bisedime prezent ishin Gjergj Camaj (ASH), Mehmet Bardhi (LD), Nazif Cungu (Forca) me bashk\u00ebpun\u00ebtor\u00ebt e tyre t\u00eb [&hellip;]<\/p>\n","protected":false},"author":1,"featured_media":0,"comment_status":"open","ping_status":"closed","sticky":false,"template":"","format":"standard","meta":{"spay_email":"","jetpack_publicize_message":"","jetpack_is_tweetstorm":false,"jetpack_publicize_feature_enabled":true},"categories":[1],"tags":[6376,6373,6371,6372,6374,6375],"jetpack_publicize_connections":[],"yoast_head":"<!-- This site is optimized with the Yoast SEO plugin v19.1 - https:\/\/yoast.com\/wordpress\/plugins\/seo\/ -->\n<title>Lider\u00ebt e tri partive shqiptare takohen n\u00eb Tuz - Lajme nga Ulqini<\/title>\n<meta name=\"description\" content=\"P\u00ebrfaq\u00ebsuesit e Alternativ\u00ebs Shqiptare, Lidhjes Demokratike dhe Forc\u00ebs t\u00eb shtun\u00ebn n\u00eb restorantin Troja, n\u00eb Tuz, pat\u00ebn nj\u00eb takim me qellim t\u00eb shqyrtimit t\u00eb\" \/>\n<meta name=\"robots\" content=\"index, follow, max-snippet:-1, max-image-preview:large, max-video-preview:-1\" \/>\n<link rel=\"canonical\" href=\"https:\/\/www.visit-ulcinj.com\/blog\/2009\/02\/03\/lideret-e-tri-partive-shqiptare-takohen-ne-tuz\/\" \/>\n<meta property=\"og:locale\" content=\"en_US\" \/>\n<meta property=\"og:type\" content=\"article\" \/>\n<meta property=\"og:title\" content=\"Lider\u00ebt e tri partive shqiptare takohen n\u00eb Tuz - Lajme nga Ulqini\" \/>\n<meta property=\"og:description\" content=\"P\u00ebrfaq\u00ebsuesit e Alternativ\u00ebs Shqiptare, Lidhjes Demokratike dhe Forc\u00ebs t\u00eb shtun\u00ebn n\u00eb restorantin Troja, n\u00eb Tuz, pat\u00ebn nj\u00eb takim me qellim t\u00eb shqyrtimit t\u00eb\" \/>\n<meta property=\"og:url\" content=\"https:\/\/www.visit-ulcinj.com\/blog\/2009\/02\/03\/lideret-e-tri-partive-shqiptare-takohen-ne-tuz\/\" \/>\n<meta property=\"og:site_name\" content=\"Lajme nga Ulqini\" \/>\n<meta property=\"article:published_time\" content=\"2009-02-03T18:17:26+00:00\" \/>\n<meta property=\"article:modified_time\" content=\"2009-02-03T18:17:32+00:00\" \/>\n<meta property=\"og:image\" content=\"http:\/\/www.visit-ulcinj.com\/blog\/wp-content\/uploads\/2009\/02\/lideret-e-tri-partive-shqiptare-takohen-ne-tuz.jpg\" \/>\n<meta name=\"twitter:label1\" content=\"Written by\" \/>\n\t<meta name=\"twitter:data1\" content=\"ulqini\" \/>\n\t<meta name=\"twitter:label2\" content=\"Est. reading time\" \/>\n\t<meta name=\"twitter:data2\" content=\"1 minute\" \/>\n<script type=\"application\/ld+json\" class=\"yoast-schema-graph\">{\"@context\":\"https:\/\/schema.org\",\"@graph\":[{\"@type\":\"WebSite\",\"@id\":\"https:\/\/www.visit-ulcinj.com\/blog\/#website\",\"url\":\"https:\/\/www.visit-ulcinj.com\/blog\/\",\"name\":\"Lajme nga Ulqini\",\"description\":\"Lajme,Vijesti,Ulqini,Ulqin,Crna Gora,Mali i Zi\",\"potentialAction\":[{\"@type\":\"SearchAction\",\"target\":{\"@type\":\"EntryPoint\",\"urlTemplate\":\"https:\/\/www.visit-ulcinj.com\/blog\/?s={search_term_string}\"},\"query-input\":\"required name=search_term_string\"}],\"inLanguage\":\"en-US\"},{\"@type\":\"ImageObject\",\"inLanguage\":\"en-US\",\"@id\":\"https:\/\/www.visit-ulcinj.com\/blog\/2009\/02\/03\/lideret-e-tri-partive-shqiptare-takohen-ne-tuz\/#primaryimage\",\"url\":\"https:\/\/www.visit-ulcinj.com\/blog\/wp-content\/uploads\/2009\/02\/lideret-e-tri-partive-shqiptare-takohen-ne-tuz.jpg\",\"contentUrl\":\"https:\/\/www.visit-ulcinj.com\/blog\/wp-content\/uploads\/2009\/02\/lideret-e-tri-partive-shqiptare-takohen-ne-tuz.jpg\",\"width\":\"318\",\"height\":\"271\"},{\"@type\":\"WebPage\",\"@id\":\"https:\/\/www.visit-ulcinj.com\/blog\/2009\/02\/03\/lideret-e-tri-partive-shqiptare-takohen-ne-tuz\/#webpage\",\"url\":\"https:\/\/www.visit-ulcinj.com\/blog\/2009\/02\/03\/lideret-e-tri-partive-shqiptare-takohen-ne-tuz\/\",\"name\":\"Lider\u00ebt e tri partive shqiptare takohen n\u00eb Tuz - Lajme nga Ulqini\",\"isPartOf\":{\"@id\":\"https:\/\/www.visit-ulcinj.com\/blog\/#website\"},\"primaryImageOfPage\":{\"@id\":\"https:\/\/www.visit-ulcinj.com\/blog\/2009\/02\/03\/lideret-e-tri-partive-shqiptare-takohen-ne-tuz\/#primaryimage\"},\"datePublished\":\"2009-02-03T18:17:26+00:00\",\"dateModified\":\"2009-02-03T18:17:32+00:00\",\"author\":{\"@id\":\"https:\/\/www.visit-ulcinj.com\/blog\/#\/schema\/person\/dcab619c614d3038751c63bc2aadc06d\"},\"description\":\"P\u00ebrfaq\u00ebsuesit e Alternativ\u00ebs Shqiptare, Lidhjes Demokratike dhe Forc\u00ebs t\u00eb shtun\u00ebn n\u00eb restorantin Troja, n\u00eb Tuz, pat\u00ebn nj\u00eb takim me qellim t\u00eb shqyrtimit t\u00eb\",\"breadcrumb\":{\"@id\":\"https:\/\/www.visit-ulcinj.com\/blog\/2009\/02\/03\/lideret-e-tri-partive-shqiptare-takohen-ne-tuz\/#breadcrumb\"},\"inLanguage\":\"en-US\",\"potentialAction\":[{\"@type\":\"ReadAction\",\"target\":[\"https:\/\/www.visit-ulcinj.com\/blog\/2009\/02\/03\/lideret-e-tri-partive-shqiptare-takohen-ne-tuz\/\"]}]},{\"@type\":\"BreadcrumbList\",\"@id\":\"https:\/\/www.visit-ulcinj.com\/blog\/2009\/02\/03\/lideret-e-tri-partive-shqiptare-takohen-ne-tuz\/#breadcrumb\",\"itemListElement\":[{\"@type\":\"ListItem\",\"position\":1,\"name\":\"Lider\u00ebt e tri partive shqiptare takohen n\u00eb Tuz\"}]},{\"@type\":\"Person\",\"@id\":\"https:\/\/www.visit-ulcinj.com\/blog\/#\/schema\/person\/dcab619c614d3038751c63bc2aadc06d\",\"name\":\"ulqini\",\"sameAs\":[\"http:\/\/www.visit-ulcinj.com\"],\"url\":\"https:\/\/www.visit-ulcinj.com\/blog\/author\/admin\/\"}]}<\/script>\n<!-- \/ Yoast SEO plugin. -->","yoast_head_json":{"title":"Lider\u00ebt e tri partive shqiptare takohen n\u00eb Tuz - Lajme nga Ulqini","description":"P\u00ebrfaq\u00ebsuesit e Alternativ\u00ebs Shqiptare, Lidhjes Demokratike dhe Forc\u00ebs t\u00eb shtun\u00ebn n\u00eb restorantin Troja, n\u00eb Tuz, pat\u00ebn nj\u00eb takim me qellim t\u00eb shqyrtimit t\u00eb","robots":{"index":"index","follow":"follow","max-snippet":"max-snippet:-1","max-image-preview":"max-image-preview:large","max-video-preview":"max-video-preview:-1"},"canonical":"https:\/\/www.visit-ulcinj.com\/blog\/2009\/02\/03\/lideret-e-tri-partive-shqiptare-takohen-ne-tuz\/","og_locale":"en_US","og_type":"article","og_title":"Lider\u00ebt e tri partive shqiptare takohen n\u00eb Tuz - Lajme nga Ulqini","og_description":"P\u00ebrfaq\u00ebsuesit e Alternativ\u00ebs Shqiptare, Lidhjes Demokratike dhe Forc\u00ebs t\u00eb shtun\u00ebn n\u00eb restorantin Troja, n\u00eb Tuz, pat\u00ebn nj\u00eb takim me qellim t\u00eb shqyrtimit t\u00eb","og_url":"https:\/\/www.visit-ulcinj.com\/blog\/2009\/02\/03\/lideret-e-tri-partive-shqiptare-takohen-ne-tuz\/","og_site_name":"Lajme nga Ulqini","article_published_time":"2009-02-03T18:17:26+00:00","article_modified_time":"2009-02-03T18:17:32+00:00","og_image":[{"url":"http:\/\/www.visit-ulcinj.com\/blog\/wp-content\/uploads\/2009\/02\/lideret-e-tri-partive-shqiptare-takohen-ne-tuz.jpg"}],"twitter_misc":{"Written by":"ulqini","Est. reading time":"1 minute"},"schema":{"@context":"https:\/\/schema.org","@graph":[{"@type":"WebSite","@id":"https:\/\/www.visit-ulcinj.com\/blog\/#website","url":"https:\/\/www.visit-ulcinj.com\/blog\/","name":"Lajme nga Ulqini","description":"Lajme,Vijesti,Ulqini,Ulqin,Crna Gora,Mali i Zi","potentialAction":[{"@type":"SearchAction","target":{"@type":"EntryPoint","urlTemplate":"https:\/\/www.visit-ulcinj.com\/blog\/?s={search_term_string}"},"query-input":"required name=search_term_string"}],"inLanguage":"en-US"},{"@type":"ImageObject","inLanguage":"en-US","@id":"https:\/\/www.visit-ulcinj.com\/blog\/2009\/02\/03\/lideret-e-tri-partive-shqiptare-takohen-ne-tuz\/#primaryimage","url":"https:\/\/www.visit-ulcinj.com\/blog\/wp-content\/uploads\/2009\/02\/lideret-e-tri-partive-shqiptare-takohen-ne-tuz.jpg","contentUrl":"https:\/\/www.visit-ulcinj.com\/blog\/wp-content\/uploads\/2009\/02\/lideret-e-tri-partive-shqiptare-takohen-ne-tuz.jpg","width":"318","height":"271"},{"@type":"WebPage","@id":"https:\/\/www.visit-ulcinj.com\/blog\/2009\/02\/03\/lideret-e-tri-partive-shqiptare-takohen-ne-tuz\/#webpage","url":"https:\/\/www.visit-ulcinj.com\/blog\/2009\/02\/03\/lideret-e-tri-partive-shqiptare-takohen-ne-tuz\/","name":"Lider\u00ebt e tri partive shqiptare takohen n\u00eb Tuz - Lajme nga Ulqini","isPartOf":{"@id":"https:\/\/www.visit-ulcinj.com\/blog\/#website"},"primaryImageOfPage":{"@id":"https:\/\/www.visit-ulcinj.com\/blog\/2009\/02\/03\/lideret-e-tri-partive-shqiptare-takohen-ne-tuz\/#primaryimage"},"datePublished":"2009-02-03T18:17:26+00:00","dateModified":"2009-02-03T18:17:32+00:00","author":{"@id":"https:\/\/www.visit-ulcinj.com\/blog\/#\/schema\/person\/dcab619c614d3038751c63bc2aadc06d"},"description":"P\u00ebrfaq\u00ebsuesit e Alternativ\u00ebs Shqiptare, Lidhjes Demokratike dhe Forc\u00ebs t\u00eb shtun\u00ebn n\u00eb restorantin Troja, n\u00eb Tuz, pat\u00ebn nj\u00eb takim me qellim t\u00eb shqyrtimit t\u00eb","breadcrumb":{"@id":"https:\/\/www.visit-ulcinj.com\/blog\/2009\/02\/03\/lideret-e-tri-partive-shqiptare-takohen-ne-tuz\/#breadcrumb"},"inLanguage":"en-US","potentialAction":[{"@type":"ReadAction","target":["https:\/\/www.visit-ulcinj.com\/blog\/2009\/02\/03\/lideret-e-tri-partive-shqiptare-takohen-ne-tuz\/"]}]},{"@type":"BreadcrumbList","@id":"https:\/\/www.visit-ulcinj.com\/blog\/2009\/02\/03\/lideret-e-tri-partive-shqiptare-takohen-ne-tuz\/#breadcrumb","itemListElement":[{"@type":"ListItem","position":1,"name":"Lider\u00ebt e tri partive shqiptare takohen n\u00eb Tuz"}]},{"@type":"Person","@id":"https:\/\/www.visit-ulcinj.com\/blog\/#\/schema\/person\/dcab619c614d3038751c63bc2aadc06d","name":"ulqini","sameAs":["http:\/\/www.visit-ulcinj.com"],"url":"https:\/\/www.visit-ulcinj.com\/blog\/author\/admin\/"}]}},"jetpack_featured_media_url":"","jetpack_sharing_enabled":true,"jetpack_shortlink":"https:\/\/wp.me\/pe6lTn-2Hn","_links":{"self":[{"href":"https:\/\/www.visit-ulcinj.com\/blog\/wp-json\/wp\/v2\/posts\/10377"}],"collection":[{"href":"https:\/\/www.visit-ulcinj.com\/blog\/wp-json\/wp\/v2\/posts"}],"about":[{"href":"https:\/\/www.visit-ulcinj.com\/blog\/wp-json\/wp\/v2\/types\/post"}],"author":[{"embeddable":true,"href":"https:\/\/www.visit-ulcinj.com\/blog\/wp-json\/wp\/v2\/users\/1"}],"replies":[{"embeddable":true,"href":"https:\/\/www.visit-ulcinj.com\/blog\/wp-json\/wp\/v2\/comments?post=10377"}],"version-history":[{"count":0,"href":"https:\/\/www.visit-ulcinj.com\/blog\/wp-json\/wp\/v2\/posts\/10377\/revisions"}],"wp:attachment":[{"href":"https:\/\/www.visit-ulcinj.com\/blog\/wp-json\/wp\/v2\/media?parent=10377"}],"wp:term":[{"taxonomy":"category","embeddable":true,"href":"https:\/\/www.visit-ulcinj.com\/blog\/wp-json\/wp\/v2\/categories?post=10377"},{"taxonomy":"post_tag","embeddable":true,"href":"https:\/\/www.visit-ulcinj.com\/blog\/wp-json\/wp\/v2\/tags?post=10377"}],"curies":[{"name":"wp","href":"https:\/\/api.w.org\/{rel}","templated":true}]}}