{"id":103771,"date":"2017-03-25T15:02:14","date_gmt":"2017-03-25T14:02:14","guid":{"rendered":"http:\/\/www.visit-ulcinj.com\/blog\/?p=103771"},"modified":"2017-03-25T15:02:14","modified_gmt":"2017-03-25T14:02:14","slug":"refuzohet-bartja-administrative-e-prones-nht-riviera-e-ulqinit-nga-xhevdet-capriqi","status":"publish","type":"post","link":"https:\/\/www.visit-ulcinj.com\/blog\/2017\/03\/25\/refuzohet-bartja-administrative-e-prones-nht-riviera-e-ulqinit-nga-xhevdet-capriqi\/","title":{"rendered":"Refuzohet bartja administrative e pron\u00ebs NHT \u201cRiviera e Ulqinit&#8221; nga Xhevdet \u00c7apriqi"},"content":{"rendered":"<p><strong><a href=\"http:\/\/www.visit-ulcinj.com\/blog\/wp-content\/uploads\/2017\/03\/Xhevdet-Capriq-Dzevdet-Capric-Ulcinj-Ulqin.jpg\"><img loading=\"lazy\" class=\"alignleft wp-image-103772 size-medium\" src=\"http:\/\/www.visit-ulcinj.com\/blog\/wp-content\/uploads\/2017\/03\/Xhevdet-Capriq-Dzevdet-Capric-Ulcinj-Ulqin-265x300.jpg\" alt=\"Xhevdet-Capriq-Dzevdet-Capric-Ulcinj-Ulqin\" width=\"265\" height=\"300\" srcset=\"https:\/\/www.visit-ulcinj.com\/blog\/wp-content\/uploads\/2017\/03\/Xhevdet-Capriq-Dzevdet-Capric-Ulcinj-Ulqin-265x300.jpg 265w, https:\/\/www.visit-ulcinj.com\/blog\/wp-content\/uploads\/2017\/03\/Xhevdet-Capriq-Dzevdet-Capric-Ulcinj-Ulqin.jpg 300w\" sizes=\"(max-width: 265px) 100vw, 265px\" \/><\/a>\u201cVijesti\u201d: \u00c7APRIQ NUK IA JEP AD\u00cbN \u201cRIVIER\u00cbS S\u00cb ULQINIT\u201d<\/strong><\/p>\n<p>Nd\u00ebrmarrja hotelerike turistike \u201cRiviera e Ulqinit\u201d ka dor\u00ebzuar ankes\u00ebn e re n\u00eb vendimin e Nj\u00ebsis\u00eb zonale t\u00eb Drejtoris\u00eb p\u00ebr patundshm\u00ebri n\u00eb Ulqin, me t\u00eb cilin refuzohet k\u00ebrkesa e tyre q\u00eb t\u00eb ju regjistrohet e drejta e pron\u00ebsore e tok\u00ebs n\u00eb Ishullin e Bun\u00ebs, shkruan \u201cVijesti\u201d, raporton portali Ul.info.<\/p>\n<p>Shefi i Kadastr\u00ebs Xhevdet \u00c7apriq thirret n\u00eb vendimin e z\u00ebvend\u00ebsit t\u00eb mbrojt\u00ebsit t\u00eb marr\u00ebdh\u00ebnieve pron\u00ebsore \u2013 juridike n\u00eb baz\u00eb t\u00eb t\u00eb cilit nuk jan\u00eb plot\u00ebsuar kushtet q\u00eb e drejta e shfryt\u00ebzimit t\u00eb k\u00ebtij ishull t\u00eb shnd\u00ebrrohet n\u00eb t\u00eb drejt\u00eb pron\u00ebsore, sepse paraqet pasuri natyrore t\u00eb Malit t\u00eb Zi n\u00eb zon\u00ebn e T\u00eb mirave detare.<\/p>\n<p>Si\u00e7 shkruan \u201cVijesti\u201d, Ministria e financave si organ i shkall\u00ebs s\u00eb dyt\u00eb ka anuluar vendimin e kadastr\u00ebs s\u00eb Ulqinit n\u00eb k\u00ebt\u00eb rast.<\/p>\n<p>NHT \u201cRiviera e Ulqinit\u201d \u00ebsht\u00eb shoq\u00ebri aksionare ku shteti \u00ebsht\u00eb pronar shumic\u00eb.<\/p>\n<p>&nbsp;<\/p>\n","protected":false},"excerpt":{"rendered":"<p>\u201cVijesti\u201d: \u00c7APRIQ NUK IA JEP AD\u00cbN \u201cRIVIER\u00cbS S\u00cb ULQINIT\u201d Nd\u00ebrmarrja hotelerike turistike \u201cRiviera e Ulqinit\u201d ka dor\u00ebzuar ankes\u00ebn e re n\u00eb vendimin e Nj\u00ebsis\u00eb zonale t\u00eb Drejtoris\u00eb p\u00ebr patundshm\u00ebri n\u00eb Ulqin, me t\u00eb cilin refuzohet k\u00ebrkesa e tyre q\u00eb t\u00eb ju regjistrohet e drejta e pron\u00ebsore e tok\u00ebs n\u00eb Ishullin e Bun\u00ebs, shkruan \u201cVijesti\u201d, raporton [&hellip;]<\/p>\n","protected":false},"author":1,"featured_media":0,"comment_status":"closed","ping_status":"closed","sticky":false,"template":"","format":"standard","meta":{"spay_email":"","jetpack_publicize_message":"","jetpack_is_tweetstorm":false,"jetpack_publicize_feature_enabled":true},"categories":[10],"tags":[],"jetpack_publicize_connections":[],"yoast_head":"<!-- This site is optimized with the Yoast SEO plugin v19.1 - https:\/\/yoast.com\/wordpress\/plugins\/seo\/ -->\n<title>Refuzohet bartja administrative e pron\u00ebs NHT \u201cRiviera e Ulqinit&quot; nga Xhevdet \u00c7apriqi - Lajme nga Ulqini<\/title>\n<meta name=\"description\" content=\"\u201cVijesti\u201d: \u00c7APRIQ NUK IA JEP AD\u00cbN \u201cRIVIER\u00cbS S\u00cb ULQINIT\u201d Nd\u00ebrmarrja hotelerike turistike \u201cRiviera e Ulqinit\u201d ka dor\u00ebzuar ankes\u00ebn e re n\u00eb vendimin e Nj\u00ebsis\u00eb\" \/>\n<meta name=\"robots\" content=\"index, follow, max-snippet:-1, max-image-preview:large, max-video-preview:-1\" \/>\n<link rel=\"canonical\" href=\"https:\/\/www.visit-ulcinj.com\/blog\/2017\/03\/25\/refuzohet-bartja-administrative-e-prones-nht-riviera-e-ulqinit-nga-xhevdet-capriqi\/\" \/>\n<meta property=\"og:locale\" content=\"en_US\" \/>\n<meta property=\"og:type\" content=\"article\" \/>\n<meta property=\"og:title\" content=\"Refuzohet bartja administrative e pron\u00ebs NHT \u201cRiviera e Ulqinit&quot; nga Xhevdet \u00c7apriqi - Lajme nga Ulqini\" \/>\n<meta property=\"og:description\" content=\"\u201cVijesti\u201d: \u00c7APRIQ NUK IA JEP AD\u00cbN \u201cRIVIER\u00cbS S\u00cb ULQINIT\u201d Nd\u00ebrmarrja hotelerike turistike \u201cRiviera e Ulqinit\u201d ka dor\u00ebzuar ankes\u00ebn e re n\u00eb vendimin e Nj\u00ebsis\u00eb\" \/>\n<meta property=\"og:url\" content=\"https:\/\/www.visit-ulcinj.com\/blog\/2017\/03\/25\/refuzohet-bartja-administrative-e-prones-nht-riviera-e-ulqinit-nga-xhevdet-capriqi\/\" \/>\n<meta property=\"og:site_name\" content=\"Lajme nga Ulqini\" \/>\n<meta property=\"article:published_time\" content=\"2017-03-25T14:02:14+00:00\" \/>\n<meta property=\"og:image\" content=\"http:\/\/www.visit-ulcinj.com\/blog\/wp-content\/uploads\/2017\/03\/Xhevdet-Capriq-Dzevdet-Capric-Ulcinj-Ulqin-265x300.jpg\" \/>\n<meta name=\"twitter:label1\" content=\"Written by\" \/>\n\t<meta name=\"twitter:data1\" content=\"ulqini\" \/>\n\t<meta name=\"twitter:label2\" content=\"Est. reading time\" \/>\n\t<meta name=\"twitter:data2\" content=\"1 minute\" \/>\n<script type=\"application\/ld+json\" class=\"yoast-schema-graph\">{\"@context\":\"https:\/\/schema.org\",\"@graph\":[{\"@type\":\"WebSite\",\"@id\":\"https:\/\/www.visit-ulcinj.com\/blog\/#website\",\"url\":\"https:\/\/www.visit-ulcinj.com\/blog\/\",\"name\":\"Lajme nga Ulqini\",\"description\":\"Lajme,Vijesti,Ulqini,Ulqin,Crna Gora,Mali i Zi\",\"potentialAction\":[{\"@type\":\"SearchAction\",\"target\":{\"@type\":\"EntryPoint\",\"urlTemplate\":\"https:\/\/www.visit-ulcinj.com\/blog\/?s={search_term_string}\"},\"query-input\":\"required name=search_term_string\"}],\"inLanguage\":\"en-US\"},{\"@type\":\"ImageObject\",\"inLanguage\":\"en-US\",\"@id\":\"https:\/\/www.visit-ulcinj.com\/blog\/2017\/03\/25\/refuzohet-bartja-administrative-e-prones-nht-riviera-e-ulqinit-nga-xhevdet-capriqi\/#primaryimage\",\"url\":\"https:\/\/www.visit-ulcinj.com\/blog\/wp-content\/uploads\/2017\/03\/Xhevdet-Capriq-Dzevdet-Capric-Ulcinj-Ulqin.jpg\",\"contentUrl\":\"https:\/\/www.visit-ulcinj.com\/blog\/wp-content\/uploads\/2017\/03\/Xhevdet-Capriq-Dzevdet-Capric-Ulcinj-Ulqin.jpg\",\"width\":300,\"height\":339},{\"@type\":\"WebPage\",\"@id\":\"https:\/\/www.visit-ulcinj.com\/blog\/2017\/03\/25\/refuzohet-bartja-administrative-e-prones-nht-riviera-e-ulqinit-nga-xhevdet-capriqi\/#webpage\",\"url\":\"https:\/\/www.visit-ulcinj.com\/blog\/2017\/03\/25\/refuzohet-bartja-administrative-e-prones-nht-riviera-e-ulqinit-nga-xhevdet-capriqi\/\",\"name\":\"Refuzohet bartja administrative e pron\u00ebs NHT \u201cRiviera e Ulqinit\\\" nga Xhevdet \u00c7apriqi - Lajme nga Ulqini\",\"isPartOf\":{\"@id\":\"https:\/\/www.visit-ulcinj.com\/blog\/#website\"},\"primaryImageOfPage\":{\"@id\":\"https:\/\/www.visit-ulcinj.com\/blog\/2017\/03\/25\/refuzohet-bartja-administrative-e-prones-nht-riviera-e-ulqinit-nga-xhevdet-capriqi\/#primaryimage\"},\"datePublished\":\"2017-03-25T14:02:14+00:00\",\"dateModified\":\"2017-03-25T14:02:14+00:00\",\"author\":{\"@id\":\"https:\/\/www.visit-ulcinj.com\/blog\/#\/schema\/person\/dcab619c614d3038751c63bc2aadc06d\"},\"description\":\"\u201cVijesti\u201d: \u00c7APRIQ NUK IA JEP AD\u00cbN \u201cRIVIER\u00cbS S\u00cb ULQINIT\u201d Nd\u00ebrmarrja hotelerike turistike \u201cRiviera e Ulqinit\u201d ka dor\u00ebzuar ankes\u00ebn e re n\u00eb vendimin e Nj\u00ebsis\u00eb\",\"breadcrumb\":{\"@id\":\"https:\/\/www.visit-ulcinj.com\/blog\/2017\/03\/25\/refuzohet-bartja-administrative-e-prones-nht-riviera-e-ulqinit-nga-xhevdet-capriqi\/#breadcrumb\"},\"inLanguage\":\"en-US\",\"potentialAction\":[{\"@type\":\"ReadAction\",\"target\":[\"https:\/\/www.visit-ulcinj.com\/blog\/2017\/03\/25\/refuzohet-bartja-administrative-e-prones-nht-riviera-e-ulqinit-nga-xhevdet-capriqi\/\"]}]},{\"@type\":\"BreadcrumbList\",\"@id\":\"https:\/\/www.visit-ulcinj.com\/blog\/2017\/03\/25\/refuzohet-bartja-administrative-e-prones-nht-riviera-e-ulqinit-nga-xhevdet-capriqi\/#breadcrumb\",\"itemListElement\":[{\"@type\":\"ListItem\",\"position\":1,\"name\":\"Refuzohet bartja administrative e pron\u00ebs NHT \u201cRiviera e Ulqinit&#8221; nga Xhevdet \u00c7apriqi\"}]},{\"@type\":\"Person\",\"@id\":\"https:\/\/www.visit-ulcinj.com\/blog\/#\/schema\/person\/dcab619c614d3038751c63bc2aadc06d\",\"name\":\"ulqini\",\"sameAs\":[\"http:\/\/www.visit-ulcinj.com\"],\"url\":\"https:\/\/www.visit-ulcinj.com\/blog\/author\/admin\/\"}]}<\/script>\n<!-- \/ Yoast SEO plugin. -->","yoast_head_json":{"title":"Refuzohet bartja administrative e pron\u00ebs NHT \u201cRiviera e Ulqinit\" nga Xhevdet \u00c7apriqi - Lajme nga Ulqini","description":"\u201cVijesti\u201d: \u00c7APRIQ NUK IA JEP AD\u00cbN \u201cRIVIER\u00cbS S\u00cb ULQINIT\u201d Nd\u00ebrmarrja hotelerike turistike \u201cRiviera e Ulqinit\u201d ka dor\u00ebzuar ankes\u00ebn e re n\u00eb vendimin e Nj\u00ebsis\u00eb","robots":{"index":"index","follow":"follow","max-snippet":"max-snippet:-1","max-image-preview":"max-image-preview:large","max-video-preview":"max-video-preview:-1"},"canonical":"https:\/\/www.visit-ulcinj.com\/blog\/2017\/03\/25\/refuzohet-bartja-administrative-e-prones-nht-riviera-e-ulqinit-nga-xhevdet-capriqi\/","og_locale":"en_US","og_type":"article","og_title":"Refuzohet bartja administrative e pron\u00ebs NHT \u201cRiviera e Ulqinit\" nga Xhevdet \u00c7apriqi - Lajme nga Ulqini","og_description":"\u201cVijesti\u201d: \u00c7APRIQ NUK IA JEP AD\u00cbN \u201cRIVIER\u00cbS S\u00cb ULQINIT\u201d Nd\u00ebrmarrja hotelerike turistike \u201cRiviera e Ulqinit\u201d ka dor\u00ebzuar ankes\u00ebn e re n\u00eb vendimin e Nj\u00ebsis\u00eb","og_url":"https:\/\/www.visit-ulcinj.com\/blog\/2017\/03\/25\/refuzohet-bartja-administrative-e-prones-nht-riviera-e-ulqinit-nga-xhevdet-capriqi\/","og_site_name":"Lajme nga Ulqini","article_published_time":"2017-03-25T14:02:14+00:00","og_image":[{"url":"http:\/\/www.visit-ulcinj.com\/blog\/wp-content\/uploads\/2017\/03\/Xhevdet-Capriq-Dzevdet-Capric-Ulcinj-Ulqin-265x300.jpg"}],"twitter_misc":{"Written by":"ulqini","Est. reading time":"1 minute"},"schema":{"@context":"https:\/\/schema.org","@graph":[{"@type":"WebSite","@id":"https:\/\/www.visit-ulcinj.com\/blog\/#website","url":"https:\/\/www.visit-ulcinj.com\/blog\/","name":"Lajme nga Ulqini","description":"Lajme,Vijesti,Ulqini,Ulqin,Crna Gora,Mali i Zi","potentialAction":[{"@type":"SearchAction","target":{"@type":"EntryPoint","urlTemplate":"https:\/\/www.visit-ulcinj.com\/blog\/?s={search_term_string}"},"query-input":"required name=search_term_string"}],"inLanguage":"en-US"},{"@type":"ImageObject","inLanguage":"en-US","@id":"https:\/\/www.visit-ulcinj.com\/blog\/2017\/03\/25\/refuzohet-bartja-administrative-e-prones-nht-riviera-e-ulqinit-nga-xhevdet-capriqi\/#primaryimage","url":"https:\/\/www.visit-ulcinj.com\/blog\/wp-content\/uploads\/2017\/03\/Xhevdet-Capriq-Dzevdet-Capric-Ulcinj-Ulqin.jpg","contentUrl":"https:\/\/www.visit-ulcinj.com\/blog\/wp-content\/uploads\/2017\/03\/Xhevdet-Capriq-Dzevdet-Capric-Ulcinj-Ulqin.jpg","width":300,"height":339},{"@type":"WebPage","@id":"https:\/\/www.visit-ulcinj.com\/blog\/2017\/03\/25\/refuzohet-bartja-administrative-e-prones-nht-riviera-e-ulqinit-nga-xhevdet-capriqi\/#webpage","url":"https:\/\/www.visit-ulcinj.com\/blog\/2017\/03\/25\/refuzohet-bartja-administrative-e-prones-nht-riviera-e-ulqinit-nga-xhevdet-capriqi\/","name":"Refuzohet bartja administrative e pron\u00ebs NHT \u201cRiviera e Ulqinit\" nga Xhevdet \u00c7apriqi - Lajme nga Ulqini","isPartOf":{"@id":"https:\/\/www.visit-ulcinj.com\/blog\/#website"},"primaryImageOfPage":{"@id":"https:\/\/www.visit-ulcinj.com\/blog\/2017\/03\/25\/refuzohet-bartja-administrative-e-prones-nht-riviera-e-ulqinit-nga-xhevdet-capriqi\/#primaryimage"},"datePublished":"2017-03-25T14:02:14+00:00","dateModified":"2017-03-25T14:02:14+00:00","author":{"@id":"https:\/\/www.visit-ulcinj.com\/blog\/#\/schema\/person\/dcab619c614d3038751c63bc2aadc06d"},"description":"\u201cVijesti\u201d: \u00c7APRIQ NUK IA JEP AD\u00cbN \u201cRIVIER\u00cbS S\u00cb ULQINIT\u201d Nd\u00ebrmarrja hotelerike turistike \u201cRiviera e Ulqinit\u201d ka dor\u00ebzuar ankes\u00ebn e re n\u00eb vendimin e Nj\u00ebsis\u00eb","breadcrumb":{"@id":"https:\/\/www.visit-ulcinj.com\/blog\/2017\/03\/25\/refuzohet-bartja-administrative-e-prones-nht-riviera-e-ulqinit-nga-xhevdet-capriqi\/#breadcrumb"},"inLanguage":"en-US","potentialAction":[{"@type":"ReadAction","target":["https:\/\/www.visit-ulcinj.com\/blog\/2017\/03\/25\/refuzohet-bartja-administrative-e-prones-nht-riviera-e-ulqinit-nga-xhevdet-capriqi\/"]}]},{"@type":"BreadcrumbList","@id":"https:\/\/www.visit-ulcinj.com\/blog\/2017\/03\/25\/refuzohet-bartja-administrative-e-prones-nht-riviera-e-ulqinit-nga-xhevdet-capriqi\/#breadcrumb","itemListElement":[{"@type":"ListItem","position":1,"name":"Refuzohet bartja administrative e pron\u00ebs NHT \u201cRiviera e Ulqinit&#8221; nga Xhevdet \u00c7apriqi"}]},{"@type":"Person","@id":"https:\/\/www.visit-ulcinj.com\/blog\/#\/schema\/person\/dcab619c614d3038751c63bc2aadc06d","name":"ulqini","sameAs":["http:\/\/www.visit-ulcinj.com"],"url":"https:\/\/www.visit-ulcinj.com\/blog\/author\/admin\/"}]}},"jetpack_featured_media_url":"","jetpack_sharing_enabled":true,"jetpack_shortlink":"https:\/\/wp.me\/pe6lTn-qZJ","_links":{"self":[{"href":"https:\/\/www.visit-ulcinj.com\/blog\/wp-json\/wp\/v2\/posts\/103771"}],"collection":[{"href":"https:\/\/www.visit-ulcinj.com\/blog\/wp-json\/wp\/v2\/posts"}],"about":[{"href":"https:\/\/www.visit-ulcinj.com\/blog\/wp-json\/wp\/v2\/types\/post"}],"author":[{"embeddable":true,"href":"https:\/\/www.visit-ulcinj.com\/blog\/wp-json\/wp\/v2\/users\/1"}],"replies":[{"embeddable":true,"href":"https:\/\/www.visit-ulcinj.com\/blog\/wp-json\/wp\/v2\/comments?post=103771"}],"version-history":[{"count":1,"href":"https:\/\/www.visit-ulcinj.com\/blog\/wp-json\/wp\/v2\/posts\/103771\/revisions"}],"predecessor-version":[{"id":103773,"href":"https:\/\/www.visit-ulcinj.com\/blog\/wp-json\/wp\/v2\/posts\/103771\/revisions\/103773"}],"wp:attachment":[{"href":"https:\/\/www.visit-ulcinj.com\/blog\/wp-json\/wp\/v2\/media?parent=103771"}],"wp:term":[{"taxonomy":"category","embeddable":true,"href":"https:\/\/www.visit-ulcinj.com\/blog\/wp-json\/wp\/v2\/categories?post=103771"},{"taxonomy":"post_tag","embeddable":true,"href":"https:\/\/www.visit-ulcinj.com\/blog\/wp-json\/wp\/v2\/tags?post=103771"}],"curies":[{"name":"wp","href":"https:\/\/api.w.org\/{rel}","templated":true}]}}