{"id":103776,"date":"2017-03-25T22:50:38","date_gmt":"2017-03-25T21:50:38","guid":{"rendered":"http:\/\/www.visit-ulcinj.com\/blog\/?p=103776"},"modified":"2017-03-31T07:38:32","modified_gmt":"2017-03-31T06:38:32","slug":"u-mbajte-ore-perkujtimore-rastin-e-vdekjes-se-profesoreshes-diana-rexhes","status":"publish","type":"post","link":"https:\/\/www.visit-ulcinj.com\/blog\/2017\/03\/25\/u-mbajte-ore-perkujtimore-rastin-e-vdekjes-se-profesoreshes-diana-rexhes\/","title":{"rendered":"U mbajt\u00eb or\u00eb p\u00ebrkujtimore me rastin e vdekjes s\u00eb profesoresh\u00ebs Diana Rexh\u00ebs"},"content":{"rendered":"<p><a href=\"http:\/\/www.visit-ulcinj.com\/blog\/wp-content\/uploads\/2017\/03\/U-mbajt\u00eb-or\u00eb-p\u00ebrkujtimore-Diana-Rexha-Ulqin.jpg\"><img loading=\"lazy\" class=\"alignleft wp-image-103777\" src=\"http:\/\/www.visit-ulcinj.com\/blog\/wp-content\/uploads\/2017\/03\/U-mbajt\u00eb-or\u00eb-p\u00ebrkujtimore-Diana-Rexha-Ulqin.jpg\" alt=\"U mbajt\u00eb or\u00eb p\u00ebrkujtimore Diana Rexha-Ulqin\" width=\"508\" height=\"381\" srcset=\"https:\/\/www.visit-ulcinj.com\/blog\/wp-content\/uploads\/2017\/03\/U-mbajt\u00eb-or\u00eb-p\u00ebrkujtimore-Diana-Rexha-Ulqin.jpg 960w, https:\/\/www.visit-ulcinj.com\/blog\/wp-content\/uploads\/2017\/03\/U-mbajt\u00eb-or\u00eb-p\u00ebrkujtimore-Diana-Rexha-Ulqin-300x225.jpg 300w, https:\/\/www.visit-ulcinj.com\/blog\/wp-content\/uploads\/2017\/03\/U-mbajt\u00eb-or\u00eb-p\u00ebrkujtimore-Diana-Rexha-Ulqin-768x576.jpg 768w\" sizes=\"(max-width: 508px) 100vw, 508px\" \/><\/a>25.03.2017<br \/>\nIN MEMORIAM :<br \/>\nSot n\u00eb Sall\u00ebn e madhe t\u00eb Kuvendit t\u00eb Komun\u00ebs s\u00eb Ulqinit, Shoqata e Artist\u00ebve dhe Intelektual\u00ebve \u201cArt Club\u201d organizoi sot or\u00ebn p\u00ebrkujtimore me rastin e vdekjes s\u00eb profesoresh\u00ebs dhe p\u00ebrkthyes\u00ebs mir\u00ebfillt\u00eb Diana REXHA. Nj\u00eb koh\u00eb t\u00eb gjat\u00eb kemi dhen\u00eb m\u00ebsim n\u00eb gjimnazin e Ulqinit, prandaj mund t\u00eb them se kam pas nder ta njoh. Diana ka qen\u00eb nj\u00eb \u00ebngj\u00ebll n\u00eb form\u00eb t\u00eb njeriut. Asnj\u00ebher\u00eb nuk e kam v\u00ebrejtur se ajo ndonj\u00ebher\u00eb e ka ngritur z\u00ebrin as te n<span class=\"text_exposed_show\">x\u00ebn\u00ebsit ose te koleg\u00eb.<\/span><\/p>\n<p><span class=\"text_exposed_show\"><a href=\"http:\/\/www.visit-ulcinj.com\/blog\/wp-content\/uploads\/2017\/03\/Or\u00eb-p\u00ebrkujtimore-p\u00ebr-Diana-Rexh\u00ebn.jpg\"><img loading=\"lazy\" class=\"alignleft wp-image-103766\" src=\"http:\/\/www.visit-ulcinj.com\/blog\/wp-content\/uploads\/2017\/03\/Or\u00eb-p\u00ebrkujtimore-p\u00ebr-Diana-Rexh\u00ebn.jpg\" alt=\"Or\u00eb p\u00ebrkujtimore p\u00ebr Diana Rexh\u00ebn\" width=\"508\" height=\"538\" srcset=\"https:\/\/www.visit-ulcinj.com\/blog\/wp-content\/uploads\/2017\/03\/Or\u00eb-p\u00ebrkujtimore-p\u00ebr-Diana-Rexh\u00ebn.jpg 463w, https:\/\/www.visit-ulcinj.com\/blog\/wp-content\/uploads\/2017\/03\/Or\u00eb-p\u00ebrkujtimore-p\u00ebr-Diana-Rexh\u00ebn-283x300.jpg 283w\" sizes=\"(max-width: 508px) 100vw, 508px\" \/><\/a><br \/>\nDiana ka qen\u00eb njoh\u00ebse e mir\u00eb e gjuh\u00ebs angleze, pedagoge e aft dhe p\u00ebrkthyese e mir\u00eb, modeste, e qet\u00eb, nj\u00eb zonj\u00eb n\u00eb kuptim t\u00eb plot\u00eb t\u00eb fjal\u00ebs, gjithmon\u00eb e qeshur. N\u00eb sall\u00eb t\u00eb mbushur plot\u00eb me koleg\u00eb, n\u00eb pranin\u00eb e an\u00ebtar\u00ebve t\u00eb familjes si edhe intelektual\u00ebve t\u00eb profileve t\u00eb ndryshme, p\u00ebr jet\u00ebn e Dian\u00ebs foli profesoresha zonja Nepe Peraj. M\u00eb duket se pas fjal\u00ebs e saj, e cila m\u00eb nj\u00eb pikllim t\u00eb thell\u00eb foli p\u00ebr jet\u00ebn e shkurt t\u00eb Dian\u00ebs, \u00e7do fjal\u00eb tjet\u00ebr \u00ebsht\u00eb e tep\u00ebrt. Diana nd\u00ebrroi jet\u00eb, por ajo do t\u00eb mbetet p\u00ebrgjithmon\u00eb n\u00eb kujtimet tona, n\u00eb ve\u00e7anti te t\u00eb af\u00ebrmit e saj.<br \/>\nDasht Zoti, inshalla spirti i saj gjen prehje n\u00eb Xhehnet.<\/span><\/p>\n<p><strong><a class=\"_hli\" href=\"https:\/\/www.facebook.com\/ismet.karamanaga\" data-hovercard=\"\/ajax\/hovercard\/user.php?id=1359492972\" data-hovercard-prefer-more-content-show=\"1\">Ismet Karamanaga <\/a>Facebook<\/strong><\/p>\n<p><a href=\"http:\/\/www.visit-ulcinj.com\/blog\/wp-content\/uploads\/2017\/03\/U-mbajt\u00eb-or\u00eb-p\u00ebrkujtimore-Diana-Rexha-Ulqin-1.jpg\"><img loading=\"lazy\" class=\"alignleft wp-image-103778\" src=\"http:\/\/www.visit-ulcinj.com\/blog\/wp-content\/uploads\/2017\/03\/U-mbajt\u00eb-or\u00eb-p\u00ebrkujtimore-Diana-Rexha-Ulqin-1.jpg\" alt=\"U mbajt\u00eb or\u00eb p\u00ebrkujtimore Diana Rexha-Ulqin-1\" width=\"508\" height=\"381\" srcset=\"https:\/\/www.visit-ulcinj.com\/blog\/wp-content\/uploads\/2017\/03\/U-mbajt\u00eb-or\u00eb-p\u00ebrkujtimore-Diana-Rexha-Ulqin-1.jpg 960w, https:\/\/www.visit-ulcinj.com\/blog\/wp-content\/uploads\/2017\/03\/U-mbajt\u00eb-or\u00eb-p\u00ebrkujtimore-Diana-Rexha-Ulqin-1-300x225.jpg 300w, https:\/\/www.visit-ulcinj.com\/blog\/wp-content\/uploads\/2017\/03\/U-mbajt\u00eb-or\u00eb-p\u00ebrkujtimore-Diana-Rexha-Ulqin-1-768x576.jpg 768w\" sizes=\"(max-width: 508px) 100vw, 508px\" \/><\/a><\/p>\n<p>Hava PEREZIQI dhe Nepe PERAJ, dje pran\u00eb Sall\u00ebs s\u00eb madhe t\u00eb Kuvendit t\u00eb Komun\u00ebs. Ulqinak\u00ebt nd\u00ebrmjet t\u00eb tjerash, e kan\u00eb pasur gjithmon\u00eb nj\u00eb shprehje t\u00eb &#8220;fort&#8221; kur \u00ebsht\u00eb dashur mu ve\u00e7u ndonj\u00eb karakteristik\u00eb e ve\u00e7ant\u00eb e posa\u00e7me ke ndonj\u00eb personalitet. P\u00ebr gra t\u00eb cilat kan\u00eb pasur nj\u00eb autoritet t\u00eb madh n\u00eb shoq\u00ebri, gjithmon\u00eb e kan\u00eb pas shprehjen &#8220;zonj\u00eb e r\u00ebnd\u00eb&#8221;. Zonja Hava dhe zonja Nepe pa dyshim e kan\u00eb merituar dhe e meritojn\u00eb k\u00ebt\u00eb epitet.<\/p>\n<p><a href=\"http:\/\/www.visit-ulcinj.com\/blog\/wp-content\/uploads\/2017\/03\/Hava-PEREZIQI-dhe-Nepe-PERAJ-para-salles-te-kuvendit-komunal.jpg\"><img loading=\"lazy\" class=\"alignleft wp-image-103781\" src=\"http:\/\/www.visit-ulcinj.com\/blog\/wp-content\/uploads\/2017\/03\/Hava-PEREZIQI-dhe-Nepe-PERAJ-para-salles-te-kuvendit-komunal.jpg\" alt=\"Hava PEREZIQI dhe Nepe PERAJ -para salles te kuvendit komunal\" width=\"508\" height=\"381\" srcset=\"https:\/\/www.visit-ulcinj.com\/blog\/wp-content\/uploads\/2017\/03\/Hava-PEREZIQI-dhe-Nepe-PERAJ-para-salles-te-kuvendit-komunal.jpg 960w, https:\/\/www.visit-ulcinj.com\/blog\/wp-content\/uploads\/2017\/03\/Hava-PEREZIQI-dhe-Nepe-PERAJ-para-salles-te-kuvendit-komunal-300x225.jpg 300w, https:\/\/www.visit-ulcinj.com\/blog\/wp-content\/uploads\/2017\/03\/Hava-PEREZIQI-dhe-Nepe-PERAJ-para-salles-te-kuvendit-komunal-768x576.jpg 768w\" sizes=\"(max-width: 508px) 100vw, 508px\" \/><\/a><\/p>\n<p class=\"post-title\"><strong>Ora p\u00ebrkujtimore p\u00ebr Diana Rexh\u00ebn nga TV Teuta<\/strong><\/p>\n<p>Shoqata e Artisteve dhe Intelektualeve \u201cArt Club\u201d ne sallen e kuvendit te Komunes se Ulqinit organizoi or\u00eb perkujtimore me rastin e vdekjes se profesoreshes se gjuhes angleze dhe perkthyeses Diana Rexha.<\/p>\n<p>Ne kujtim te njeriut te dashur dhe te vecante , sic ishte edhe profesoreshe Diana, ishin prezent nje numer i madh i figurave intelektuale te vendit, familjare, miq e kolege te se ndjeres. Me lot nder sy Dianen e kujtuan te gjithe, sidomos n\u00ebp\u00ebrmjet fjaleve prekese te cilat i foli profesoresha e nderuar e gjuhes dhe leterise shqipe, Nepe Peraj, e cila foli mbi jeten dhe veprimtarine e te ndjeres. Blond Rexha , djali i Dianes ne mes dhimbjes u shpreh mirenjoehes ndaj te gjithe te pranishmeve, duke thene se mbeshtetja e te gjithe familjareve, miqeve e kolegeve, eshte ajo qe po u jep force ne keto momente te veshtira. Diana Rexha u nda nga jeta ne moshen 51 vjecare, duke lene pas dashurine dhe rrespketin qe e posedonte ndaj te gjitheve.<\/p>\n<p><a href=\"http:\/\/www.visit-ulcinj.com\/blog\/wp-content\/uploads\/2017\/03\/ismet-KALABA-NEPE-PERAJ.jpg\"><img loading=\"lazy\" class=\"alignleft wp-image-103783\" src=\"http:\/\/www.visit-ulcinj.com\/blog\/wp-content\/uploads\/2017\/03\/ismet-KALABA-NEPE-PERAJ.jpg\" alt=\"ismet-KALABA-NEPE PERAJ\" width=\"508\" height=\"381\" srcset=\"https:\/\/www.visit-ulcinj.com\/blog\/wp-content\/uploads\/2017\/03\/ismet-KALABA-NEPE-PERAJ.jpg 960w, https:\/\/www.visit-ulcinj.com\/blog\/wp-content\/uploads\/2017\/03\/ismet-KALABA-NEPE-PERAJ-300x225.jpg 300w, https:\/\/www.visit-ulcinj.com\/blog\/wp-content\/uploads\/2017\/03\/ismet-KALABA-NEPE-PERAJ-768x576.jpg 768w\" sizes=\"(max-width: 508px) 100vw, 508px\" \/><\/a><\/p>\n<p><iframe loading=\"lazy\" frameborder=\"0\" width=\"508\" height=\"340\" src=\"\/\/www.dailymotion.com\/embed\/video\/x5gj7th\" allowfullscreen><\/iframe><\/p>\n","protected":false},"excerpt":{"rendered":"<p>25.03.2017 IN MEMORIAM : Sot n\u00eb Sall\u00ebn e madhe t\u00eb Kuvendit t\u00eb Komun\u00ebs s\u00eb Ulqinit, Shoqata e Artist\u00ebve dhe Intelektual\u00ebve \u201cArt Club\u201d organizoi sot or\u00ebn p\u00ebrkujtimore me rastin e vdekjes s\u00eb profesoresh\u00ebs dhe p\u00ebrkthyes\u00ebs mir\u00ebfillt\u00eb Diana REXHA. Nj\u00eb koh\u00eb t\u00eb gjat\u00eb kemi dhen\u00eb m\u00ebsim n\u00eb gjimnazin e Ulqinit, prandaj mund t\u00eb them se kam pas [&hellip;]<\/p>\n","protected":false},"author":1,"featured_media":0,"comment_status":"closed","ping_status":"closed","sticky":false,"template":"","format":"standard","meta":{"spay_email":"","jetpack_publicize_message":"","jetpack_is_tweetstorm":false,"jetpack_publicize_feature_enabled":true},"categories":[1,6950],"tags":[],"jetpack_publicize_connections":[],"yoast_head":"<!-- This site is optimized with the Yoast SEO plugin v19.1 - https:\/\/yoast.com\/wordpress\/plugins\/seo\/ -->\n<title>U mbajt\u00eb or\u00eb p\u00ebrkujtimore me rastin e vdekjes s\u00eb profesoresh\u00ebs Diana Rexh\u00ebs - Lajme nga Ulqini<\/title>\n<meta name=\"description\" content=\"25.03.2017 IN MEMORIAM : Sot n\u00eb Sall\u00ebn e madhe t\u00eb Kuvendit t\u00eb Komun\u00ebs s\u00eb Ulqinit, Shoqata e Artist\u00ebve dhe Intelektual\u00ebve \u201cArt Club\u201d organizoi sot or\u00ebn\" \/>\n<meta name=\"robots\" content=\"index, follow, max-snippet:-1, max-image-preview:large, max-video-preview:-1\" \/>\n<link rel=\"canonical\" href=\"https:\/\/www.visit-ulcinj.com\/blog\/2017\/03\/25\/u-mbajte-ore-perkujtimore-rastin-e-vdekjes-se-profesoreshes-diana-rexhes\/\" \/>\n<meta property=\"og:locale\" content=\"en_US\" \/>\n<meta property=\"og:type\" content=\"article\" \/>\n<meta property=\"og:title\" content=\"U mbajt\u00eb or\u00eb p\u00ebrkujtimore me rastin e vdekjes s\u00eb profesoresh\u00ebs Diana Rexh\u00ebs - Lajme nga Ulqini\" \/>\n<meta property=\"og:description\" content=\"25.03.2017 IN MEMORIAM : Sot n\u00eb Sall\u00ebn e madhe t\u00eb Kuvendit t\u00eb Komun\u00ebs s\u00eb Ulqinit, Shoqata e Artist\u00ebve dhe Intelektual\u00ebve \u201cArt Club\u201d organizoi sot or\u00ebn\" \/>\n<meta property=\"og:url\" content=\"https:\/\/www.visit-ulcinj.com\/blog\/2017\/03\/25\/u-mbajte-ore-perkujtimore-rastin-e-vdekjes-se-profesoreshes-diana-rexhes\/\" \/>\n<meta property=\"og:site_name\" content=\"Lajme nga Ulqini\" \/>\n<meta property=\"article:published_time\" content=\"2017-03-25T21:50:38+00:00\" \/>\n<meta property=\"article:modified_time\" content=\"2017-03-31T06:38:32+00:00\" \/>\n<meta property=\"og:image\" content=\"http:\/\/www.visit-ulcinj.com\/blog\/wp-content\/uploads\/2017\/03\/Hava-PEREZIQI-dhe-Nepe-PERAJ-para-salles-te-kuvendit-komunal.jpg\" \/>\n<meta name=\"twitter:label1\" content=\"Written by\" \/>\n\t<meta name=\"twitter:data1\" content=\"ulqini\" \/>\n\t<meta name=\"twitter:label2\" content=\"Est. reading time\" \/>\n\t<meta name=\"twitter:data2\" content=\"2 minutes\" \/>\n<script type=\"application\/ld+json\" class=\"yoast-schema-graph\">{\"@context\":\"https:\/\/schema.org\",\"@graph\":[{\"@type\":\"WebSite\",\"@id\":\"https:\/\/www.visit-ulcinj.com\/blog\/#website\",\"url\":\"https:\/\/www.visit-ulcinj.com\/blog\/\",\"name\":\"Lajme nga Ulqini\",\"description\":\"Lajme,Vijesti,Ulqini,Ulqin,Crna Gora,Mali i Zi\",\"potentialAction\":[{\"@type\":\"SearchAction\",\"target\":{\"@type\":\"EntryPoint\",\"urlTemplate\":\"https:\/\/www.visit-ulcinj.com\/blog\/?s={search_term_string}\"},\"query-input\":\"required name=search_term_string\"}],\"inLanguage\":\"en-US\"},{\"@type\":\"ImageObject\",\"inLanguage\":\"en-US\",\"@id\":\"https:\/\/www.visit-ulcinj.com\/blog\/2017\/03\/25\/u-mbajte-ore-perkujtimore-rastin-e-vdekjes-se-profesoreshes-diana-rexhes\/#primaryimage\",\"url\":\"https:\/\/www.visit-ulcinj.com\/blog\/wp-content\/uploads\/2017\/03\/Hava-PEREZIQI-dhe-Nepe-PERAJ-para-salles-te-kuvendit-komunal.jpg\",\"contentUrl\":\"https:\/\/www.visit-ulcinj.com\/blog\/wp-content\/uploads\/2017\/03\/Hava-PEREZIQI-dhe-Nepe-PERAJ-para-salles-te-kuvendit-komunal.jpg\",\"width\":960,\"height\":720},{\"@type\":\"WebPage\",\"@id\":\"https:\/\/www.visit-ulcinj.com\/blog\/2017\/03\/25\/u-mbajte-ore-perkujtimore-rastin-e-vdekjes-se-profesoreshes-diana-rexhes\/#webpage\",\"url\":\"https:\/\/www.visit-ulcinj.com\/blog\/2017\/03\/25\/u-mbajte-ore-perkujtimore-rastin-e-vdekjes-se-profesoreshes-diana-rexhes\/\",\"name\":\"U mbajt\u00eb or\u00eb p\u00ebrkujtimore me rastin e vdekjes s\u00eb profesoresh\u00ebs Diana Rexh\u00ebs - Lajme nga Ulqini\",\"isPartOf\":{\"@id\":\"https:\/\/www.visit-ulcinj.com\/blog\/#website\"},\"primaryImageOfPage\":{\"@id\":\"https:\/\/www.visit-ulcinj.com\/blog\/2017\/03\/25\/u-mbajte-ore-perkujtimore-rastin-e-vdekjes-se-profesoreshes-diana-rexhes\/#primaryimage\"},\"datePublished\":\"2017-03-25T21:50:38+00:00\",\"dateModified\":\"2017-03-31T06:38:32+00:00\",\"author\":{\"@id\":\"https:\/\/www.visit-ulcinj.com\/blog\/#\/schema\/person\/dcab619c614d3038751c63bc2aadc06d\"},\"description\":\"25.03.2017 IN MEMORIAM : Sot n\u00eb Sall\u00ebn e madhe t\u00eb Kuvendit t\u00eb Komun\u00ebs s\u00eb Ulqinit, Shoqata e Artist\u00ebve dhe Intelektual\u00ebve \u201cArt Club\u201d organizoi sot or\u00ebn\",\"breadcrumb\":{\"@id\":\"https:\/\/www.visit-ulcinj.com\/blog\/2017\/03\/25\/u-mbajte-ore-perkujtimore-rastin-e-vdekjes-se-profesoreshes-diana-rexhes\/#breadcrumb\"},\"inLanguage\":\"en-US\",\"potentialAction\":[{\"@type\":\"ReadAction\",\"target\":[\"https:\/\/www.visit-ulcinj.com\/blog\/2017\/03\/25\/u-mbajte-ore-perkujtimore-rastin-e-vdekjes-se-profesoreshes-diana-rexhes\/\"]}]},{\"@type\":\"BreadcrumbList\",\"@id\":\"https:\/\/www.visit-ulcinj.com\/blog\/2017\/03\/25\/u-mbajte-ore-perkujtimore-rastin-e-vdekjes-se-profesoreshes-diana-rexhes\/#breadcrumb\",\"itemListElement\":[{\"@type\":\"ListItem\",\"position\":1,\"name\":\"U mbajt\u00eb or\u00eb p\u00ebrkujtimore me rastin e vdekjes s\u00eb profesoresh\u00ebs Diana Rexh\u00ebs\"}]},{\"@type\":\"Person\",\"@id\":\"https:\/\/www.visit-ulcinj.com\/blog\/#\/schema\/person\/dcab619c614d3038751c63bc2aadc06d\",\"name\":\"ulqini\",\"sameAs\":[\"http:\/\/www.visit-ulcinj.com\"],\"url\":\"https:\/\/www.visit-ulcinj.com\/blog\/author\/admin\/\"}]}<\/script>\n<!-- \/ Yoast SEO plugin. -->","yoast_head_json":{"title":"U mbajt\u00eb or\u00eb p\u00ebrkujtimore me rastin e vdekjes s\u00eb profesoresh\u00ebs Diana Rexh\u00ebs - Lajme nga Ulqini","description":"25.03.2017 IN MEMORIAM : Sot n\u00eb Sall\u00ebn e madhe t\u00eb Kuvendit t\u00eb Komun\u00ebs s\u00eb Ulqinit, Shoqata e Artist\u00ebve dhe Intelektual\u00ebve \u201cArt Club\u201d organizoi sot or\u00ebn","robots":{"index":"index","follow":"follow","max-snippet":"max-snippet:-1","max-image-preview":"max-image-preview:large","max-video-preview":"max-video-preview:-1"},"canonical":"https:\/\/www.visit-ulcinj.com\/blog\/2017\/03\/25\/u-mbajte-ore-perkujtimore-rastin-e-vdekjes-se-profesoreshes-diana-rexhes\/","og_locale":"en_US","og_type":"article","og_title":"U mbajt\u00eb or\u00eb p\u00ebrkujtimore me rastin e vdekjes s\u00eb profesoresh\u00ebs Diana Rexh\u00ebs - Lajme nga Ulqini","og_description":"25.03.2017 IN MEMORIAM : Sot n\u00eb Sall\u00ebn e madhe t\u00eb Kuvendit t\u00eb Komun\u00ebs s\u00eb Ulqinit, Shoqata e Artist\u00ebve dhe Intelektual\u00ebve \u201cArt Club\u201d organizoi sot or\u00ebn","og_url":"https:\/\/www.visit-ulcinj.com\/blog\/2017\/03\/25\/u-mbajte-ore-perkujtimore-rastin-e-vdekjes-se-profesoreshes-diana-rexhes\/","og_site_name":"Lajme nga Ulqini","article_published_time":"2017-03-25T21:50:38+00:00","article_modified_time":"2017-03-31T06:38:32+00:00","og_image":[{"url":"http:\/\/www.visit-ulcinj.com\/blog\/wp-content\/uploads\/2017\/03\/Hava-PEREZIQI-dhe-Nepe-PERAJ-para-salles-te-kuvendit-komunal.jpg"}],"twitter_misc":{"Written by":"ulqini","Est. reading time":"2 minutes"},"schema":{"@context":"https:\/\/schema.org","@graph":[{"@type":"WebSite","@id":"https:\/\/www.visit-ulcinj.com\/blog\/#website","url":"https:\/\/www.visit-ulcinj.com\/blog\/","name":"Lajme nga Ulqini","description":"Lajme,Vijesti,Ulqini,Ulqin,Crna Gora,Mali i Zi","potentialAction":[{"@type":"SearchAction","target":{"@type":"EntryPoint","urlTemplate":"https:\/\/www.visit-ulcinj.com\/blog\/?s={search_term_string}"},"query-input":"required name=search_term_string"}],"inLanguage":"en-US"},{"@type":"ImageObject","inLanguage":"en-US","@id":"https:\/\/www.visit-ulcinj.com\/blog\/2017\/03\/25\/u-mbajte-ore-perkujtimore-rastin-e-vdekjes-se-profesoreshes-diana-rexhes\/#primaryimage","url":"https:\/\/www.visit-ulcinj.com\/blog\/wp-content\/uploads\/2017\/03\/Hava-PEREZIQI-dhe-Nepe-PERAJ-para-salles-te-kuvendit-komunal.jpg","contentUrl":"https:\/\/www.visit-ulcinj.com\/blog\/wp-content\/uploads\/2017\/03\/Hava-PEREZIQI-dhe-Nepe-PERAJ-para-salles-te-kuvendit-komunal.jpg","width":960,"height":720},{"@type":"WebPage","@id":"https:\/\/www.visit-ulcinj.com\/blog\/2017\/03\/25\/u-mbajte-ore-perkujtimore-rastin-e-vdekjes-se-profesoreshes-diana-rexhes\/#webpage","url":"https:\/\/www.visit-ulcinj.com\/blog\/2017\/03\/25\/u-mbajte-ore-perkujtimore-rastin-e-vdekjes-se-profesoreshes-diana-rexhes\/","name":"U mbajt\u00eb or\u00eb p\u00ebrkujtimore me rastin e vdekjes s\u00eb profesoresh\u00ebs Diana Rexh\u00ebs - Lajme nga Ulqini","isPartOf":{"@id":"https:\/\/www.visit-ulcinj.com\/blog\/#website"},"primaryImageOfPage":{"@id":"https:\/\/www.visit-ulcinj.com\/blog\/2017\/03\/25\/u-mbajte-ore-perkujtimore-rastin-e-vdekjes-se-profesoreshes-diana-rexhes\/#primaryimage"},"datePublished":"2017-03-25T21:50:38+00:00","dateModified":"2017-03-31T06:38:32+00:00","author":{"@id":"https:\/\/www.visit-ulcinj.com\/blog\/#\/schema\/person\/dcab619c614d3038751c63bc2aadc06d"},"description":"25.03.2017 IN MEMORIAM : Sot n\u00eb Sall\u00ebn e madhe t\u00eb Kuvendit t\u00eb Komun\u00ebs s\u00eb Ulqinit, Shoqata e Artist\u00ebve dhe Intelektual\u00ebve \u201cArt Club\u201d organizoi sot or\u00ebn","breadcrumb":{"@id":"https:\/\/www.visit-ulcinj.com\/blog\/2017\/03\/25\/u-mbajte-ore-perkujtimore-rastin-e-vdekjes-se-profesoreshes-diana-rexhes\/#breadcrumb"},"inLanguage":"en-US","potentialAction":[{"@type":"ReadAction","target":["https:\/\/www.visit-ulcinj.com\/blog\/2017\/03\/25\/u-mbajte-ore-perkujtimore-rastin-e-vdekjes-se-profesoreshes-diana-rexhes\/"]}]},{"@type":"BreadcrumbList","@id":"https:\/\/www.visit-ulcinj.com\/blog\/2017\/03\/25\/u-mbajte-ore-perkujtimore-rastin-e-vdekjes-se-profesoreshes-diana-rexhes\/#breadcrumb","itemListElement":[{"@type":"ListItem","position":1,"name":"U mbajt\u00eb or\u00eb p\u00ebrkujtimore me rastin e vdekjes s\u00eb profesoresh\u00ebs Diana Rexh\u00ebs"}]},{"@type":"Person","@id":"https:\/\/www.visit-ulcinj.com\/blog\/#\/schema\/person\/dcab619c614d3038751c63bc2aadc06d","name":"ulqini","sameAs":["http:\/\/www.visit-ulcinj.com"],"url":"https:\/\/www.visit-ulcinj.com\/blog\/author\/admin\/"}]}},"jetpack_featured_media_url":"","jetpack_sharing_enabled":true,"jetpack_shortlink":"https:\/\/wp.me\/pe6lTn-qZO","_links":{"self":[{"href":"https:\/\/www.visit-ulcinj.com\/blog\/wp-json\/wp\/v2\/posts\/103776"}],"collection":[{"href":"https:\/\/www.visit-ulcinj.com\/blog\/wp-json\/wp\/v2\/posts"}],"about":[{"href":"https:\/\/www.visit-ulcinj.com\/blog\/wp-json\/wp\/v2\/types\/post"}],"author":[{"embeddable":true,"href":"https:\/\/www.visit-ulcinj.com\/blog\/wp-json\/wp\/v2\/users\/1"}],"replies":[{"embeddable":true,"href":"https:\/\/www.visit-ulcinj.com\/blog\/wp-json\/wp\/v2\/comments?post=103776"}],"version-history":[{"count":5,"href":"https:\/\/www.visit-ulcinj.com\/blog\/wp-json\/wp\/v2\/posts\/103776\/revisions"}],"predecessor-version":[{"id":103944,"href":"https:\/\/www.visit-ulcinj.com\/blog\/wp-json\/wp\/v2\/posts\/103776\/revisions\/103944"}],"wp:attachment":[{"href":"https:\/\/www.visit-ulcinj.com\/blog\/wp-json\/wp\/v2\/media?parent=103776"}],"wp:term":[{"taxonomy":"category","embeddable":true,"href":"https:\/\/www.visit-ulcinj.com\/blog\/wp-json\/wp\/v2\/categories?post=103776"},{"taxonomy":"post_tag","embeddable":true,"href":"https:\/\/www.visit-ulcinj.com\/blog\/wp-json\/wp\/v2\/tags?post=103776"}],"curies":[{"name":"wp","href":"https:\/\/api.w.org\/{rel}","templated":true}]}}