{"id":103785,"date":"2017-03-26T14:10:55","date_gmt":"2017-03-26T13:10:55","guid":{"rendered":"http:\/\/www.visit-ulcinj.com\/blog\/?p=103785"},"modified":"2017-03-26T14:10:55","modified_gmt":"2017-03-26T13:10:55","slug":"katastar-ne-da-adu-ulcinjskoj-rivijeri","status":"publish","type":"post","link":"https:\/\/www.visit-ulcinj.com\/blog\/2017\/03\/26\/katastar-ne-da-adu-ulcinjskoj-rivijeri\/","title":{"rendered":"Katastar ne da Adu Ulcinjskoj rivijeri"},"content":{"rendered":"<p><strong><a href=\"http:\/\/www.visit-ulcinj.com\/blog\/wp-content\/uploads\/2009\/08\/ada-bojana.jpg\"><img loading=\"lazy\" class=\"alignleft wp-image-24215\" src=\"http:\/\/www.visit-ulcinj.com\/blog\/wp-content\/uploads\/2009\/08\/ada-bojana.jpg\" alt=\"ada bojana\" width=\"508\" height=\"410\" srcset=\"https:\/\/www.visit-ulcinj.com\/blog\/wp-content\/uploads\/2009\/08\/ada-bojana.jpg 786w, https:\/\/www.visit-ulcinj.com\/blog\/wp-content\/uploads\/2009\/08\/ada-bojana-300x242.jpg 300w\" sizes=\"(max-width: 508px) 100vw, 508px\" \/><\/a>\u201cO\u010digledno je da prvostepeni organ pogre\u0161nim tuma\u010denjem definicije morskog dobra \u017eeli u potpunosti da izjedna\u010di taj termin sa terminom morska obala\u201d, isti\u010de u \u017ealbi advokat Ulcinjske rivijere Branislav Lutovac<\/strong><\/p>\n<p><span class=\"credits__author\"> <strong>Autor: <a href=\"http:\/\/www.vijesti.me\/autori\/milorad-milosevic-58\/profil\">Milorad Milo\u0161evi\u0107<\/a> <\/strong><\/span><\/p>\n<p>Hotelsko turisti\u010dko preduze\u0107e (HTP) Ulcinjska rivijera ulo\u017eilo je novu \u017ealbu na rje\u0161enje podru\u010dne jedinice Uprave za nekretnine u Ulcinju koja im je, u prvoj polovini februara ove godine, odbila \u00a0zahtjev za upis prava svojine na zemlji\u0161tu Ade Bojane.<\/p>\n<p>Lokalni katastar u kontinuitetu osporava pravo svojine ovog hotelskog preduze\u0107a nad Adom Bojanom, a Ministarstvo finansija u drugostepenom postupku do sada je poni\u0161tavalo prvostepena rje\u0161enja katastra.<\/p>\n<p>\u201cO\u010digledno je da prvostepeni organ pogre\u0161nim tuma\u010denjem definicije morskog dobra \u017eeli u potpunosti da izjedna\u010di taj termin sa terminom morska obala\u201d, isti\u010de u \u017ealbi advokat Ulcinjske rivijere Branislav Lutovac.<\/p>\n<p><a href=\"http:\/\/www.visit-ulcinj.com\/blog\/wp-content\/uploads\/2017\/03\/Xhevdet-Capriq-Dzevdet-Capric-Ulcinj-Ulqin.jpg\"><img loading=\"lazy\" class=\"alignleft wp-image-103772 size-medium\" src=\"http:\/\/www.visit-ulcinj.com\/blog\/wp-content\/uploads\/2017\/03\/Xhevdet-Capriq-Dzevdet-Capric-Ulcinj-Ulqin-265x300.jpg\" alt=\"Xhevdet-Capriq-Dzevdet-Capric-Ulcinj-Ulqin\" width=\"265\" height=\"300\" srcset=\"https:\/\/www.visit-ulcinj.com\/blog\/wp-content\/uploads\/2017\/03\/Xhevdet-Capriq-Dzevdet-Capric-Ulcinj-Ulqin-265x300.jpg 265w, https:\/\/www.visit-ulcinj.com\/blog\/wp-content\/uploads\/2017\/03\/Xhevdet-Capriq-Dzevdet-Capric-Ulcinj-Ulqin.jpg 300w\" sizes=\"(max-width: 265px) 100vw, 265px\" \/><\/a>Posljednjim rje\u0161enjem lokalni katastar i njegov \u0161ef D\u017eevdet \u010capri\u0107 se pozivaju na mi\u0161ljenje zamjenika za\u0161titnika imovinsko-pravnih odnosa i isti\u010du da nijesu ispunjeni uslovi za usvajanje zahtjeva hotelskog preduze\u0107a i pretvaranje prava kori\u0161\u0107enja nad Adom \u00a0u pravo svojine, jer predstavljaju prirodno bogatstvo Crne Gore u zoni Morskog dobra.<\/p>\n<p>\u201cProizlazi da su sve predmetne nepokretnosti dobra od op\u0161teg interesa i prirodno bogatstvo (morsko dobro), te kao takve ne mogu biti predmet privatne svojine\u201d, isti\u010de se, izme\u0111u ostalog u rje\u0161enju koje je potpisao \u010capri\u0107.<\/p>\n<p>Advokat Lutovac u \u017ealbi napominje, me\u0111utim, da prema zakonskim odredbama morska obala jeste morsko dobro, ali da taj pojam obuhvata jo\u0161 niz drugih nepokretnosti.<\/p>\n<p>\u201cSvakako ostaje nejasno na osnovu \u010dega je prvostepeni organ zaklju\u010dio da predmetne nepokretnosti predstavljaju morsku obalu, odnosno, prirodna bogatstva, niti je to ijednom rije\u010dju obrazlo\u017eio. Prvostepeni organ se samo poziva na upis tereta u G listu u vidu zabilje\u017ebe \u00a0\u201cmorskog dobra\u201d koje mo\u017ee obuhvatiti vi\u0161e razli\u010ditih nepokretnosti, kao i na navode za\u0161titnika imovinsko-pravnih interesa \u00a0koji nijesu potkrijepljeni nijednim dokazom. Ovakvim postupanjem je nesumnjivo do\u0161lo do bitne povrede pravila upravnog postupka jer nijesu dati valjani razlozi zbog kojih je zahtjev neosnovan, niti ima razloga o odlu\u010dnim \u010dinjenicama\u201d, istakao je \u00a0u \u017ealbi advokat Lutovac.<\/p>\n<p>On je napomenuo da sami teret \u201cmorsko dobro\u201d ne predstavlja smetnju za promjenu prava svojine.<\/p>\n<p>\u201cNa kraju treba ista\u0107i da je Vlada \u00a0u odluci koja je donijeta 4. decembra 2014. i objavljena u Sl. Listu \u00a0br 12\/2015 konstatovala da HTP Ulcinjska rivijera ispunjava uslove da se upi\u0161e kao nosilac prava svojine na predmetnim nepokretnostima. Ovo posebno ako se ima u vidu da HTP Ulcinjska rivijera u kontinuitetu ve\u0107 40 godina koristi predmetne nepokretnosti, dakle i prije nego \u0161to je 1992. godine stupio na snagu Zakon o morskom dobru\u201d, naglasio je u \u017ealbi Lutovac.<\/p>\n<p>Ulicinjska rivijera je sada akcionarsko dru\u0161tvu \u010diji je ve\u0107inski vlasnik dr\u017eava. Mali akcionari ovog preduze\u0107a strahuju da bi zemlji\u0161te, koje bi bilo izuzeto iz Ulcinjske rivijere, ukoliko se ne uknji\u017ei na kompaniju, moglo postati predmet zahtjeva za restituciju.<\/p>\n<p><strong>\u010capri\u0107 \u017ealbu jo\u0161 nije proslijedio<\/strong><\/p>\n<p>Na pitanje \u201eVijesti\u201c da li je i kada nova \u017ealba dostavljena Ministarstvu finansija, iz tog vladinog resoru ju\u010de su odgovorili:<\/p>\n<p>&#8220;Provjerom u arhivskoj gra\u0111i Direktorata za imovinsko pravne poslove odnosno Direkcije za drugostepeni upravni postupak u Ministarstvu finansija, utvrdili smo da nam jo\u0161 uvijek nije stigla \u017ealba koja je predmet novinarskog pitanja\u201c.<\/p>\n<p>Advokat Lutovac \u017ealbu Ministarstvu finansija posredstvom lokalne jedinice Uprave za nekretnine, kojom rukovodi D\u017eevdet \u010capri\u0107 predao je prije vi\u0161e od mjesec, 16. februara ove godine.<br \/>\nKrajnji rok da \u010capri\u0107i proslijedi \u017ealbu Ministarstvu finansija je 60 dana.<\/p>\n<p><strong>Izvor: Vijesti Online<\/strong><\/p>\n<p>&nbsp;<\/p>\n","protected":false},"excerpt":{"rendered":"<p>\u201cO\u010digledno je da prvostepeni organ pogre\u0161nim tuma\u010denjem definicije morskog dobra \u017eeli u potpunosti da izjedna\u010di taj termin sa terminom morska obala\u201d, isti\u010de u \u017ealbi advokat Ulcinjske rivijere Branislav Lutovac Autor: Milorad Milo\u0161evi\u0107 Hotelsko turisti\u010dko preduze\u0107e (HTP) Ulcinjska rivijera ulo\u017eilo je novu \u017ealbu na rje\u0161enje podru\u010dne jedinice Uprave za nekretnine u Ulcinju koja im je, u [&hellip;]<\/p>\n","protected":false},"author":1,"featured_media":0,"comment_status":"closed","ping_status":"closed","sticky":false,"template":"","format":"standard","meta":{"spay_email":"","jetpack_publicize_message":"","jetpack_is_tweetstorm":false,"jetpack_publicize_feature_enabled":true},"categories":[8337],"tags":[],"jetpack_publicize_connections":[],"yoast_head":"<!-- This site is optimized with the Yoast SEO plugin v19.1 - https:\/\/yoast.com\/wordpress\/plugins\/seo\/ -->\n<title>Katastar ne da Adu Ulcinjskoj rivijeri - Lajme nga Ulqini<\/title>\n<meta name=\"description\" content=\"\u201cO\u010digledno je da prvostepeni organ pogre\u0161nim tuma\u010denjem definicije morskog dobra \u017eeli u potpunosti da izjedna\u010di taj termin sa terminom morska obala\u201d,\" \/>\n<meta name=\"robots\" content=\"index, follow, max-snippet:-1, max-image-preview:large, max-video-preview:-1\" \/>\n<link rel=\"canonical\" href=\"https:\/\/www.visit-ulcinj.com\/blog\/2017\/03\/26\/katastar-ne-da-adu-ulcinjskoj-rivijeri\/\" \/>\n<meta property=\"og:locale\" content=\"en_US\" \/>\n<meta property=\"og:type\" content=\"article\" \/>\n<meta property=\"og:title\" content=\"Katastar ne da Adu Ulcinjskoj rivijeri - Lajme nga Ulqini\" \/>\n<meta property=\"og:description\" content=\"\u201cO\u010digledno je da prvostepeni organ pogre\u0161nim tuma\u010denjem definicije morskog dobra \u017eeli u potpunosti da izjedna\u010di taj termin sa terminom morska obala\u201d,\" \/>\n<meta property=\"og:url\" content=\"https:\/\/www.visit-ulcinj.com\/blog\/2017\/03\/26\/katastar-ne-da-adu-ulcinjskoj-rivijeri\/\" \/>\n<meta property=\"og:site_name\" content=\"Lajme nga Ulqini\" \/>\n<meta property=\"article:published_time\" content=\"2017-03-26T13:10:55+00:00\" \/>\n<meta property=\"og:image\" content=\"http:\/\/www.visit-ulcinj.com\/blog\/wp-content\/uploads\/2009\/08\/ada-bojana.jpg\" \/>\n<meta name=\"twitter:label1\" content=\"Written by\" \/>\n\t<meta name=\"twitter:data1\" content=\"ulqini\" \/>\n\t<meta name=\"twitter:label2\" content=\"Est. reading time\" \/>\n\t<meta name=\"twitter:data2\" content=\"3 minutes\" \/>\n<script type=\"application\/ld+json\" class=\"yoast-schema-graph\">{\"@context\":\"https:\/\/schema.org\",\"@graph\":[{\"@type\":\"WebSite\",\"@id\":\"https:\/\/www.visit-ulcinj.com\/blog\/#website\",\"url\":\"https:\/\/www.visit-ulcinj.com\/blog\/\",\"name\":\"Lajme nga Ulqini\",\"description\":\"Lajme,Vijesti,Ulqini,Ulqin,Crna Gora,Mali i Zi\",\"potentialAction\":[{\"@type\":\"SearchAction\",\"target\":{\"@type\":\"EntryPoint\",\"urlTemplate\":\"https:\/\/www.visit-ulcinj.com\/blog\/?s={search_term_string}\"},\"query-input\":\"required name=search_term_string\"}],\"inLanguage\":\"en-US\"},{\"@type\":\"ImageObject\",\"inLanguage\":\"en-US\",\"@id\":\"https:\/\/www.visit-ulcinj.com\/blog\/2017\/03\/26\/katastar-ne-da-adu-ulcinjskoj-rivijeri\/#primaryimage\",\"url\":\"https:\/\/www.visit-ulcinj.com\/blog\/wp-content\/uploads\/2009\/08\/ada-bojana.jpg\",\"contentUrl\":\"https:\/\/www.visit-ulcinj.com\/blog\/wp-content\/uploads\/2009\/08\/ada-bojana.jpg\",\"width\":\"786\",\"height\":\"635\"},{\"@type\":\"WebPage\",\"@id\":\"https:\/\/www.visit-ulcinj.com\/blog\/2017\/03\/26\/katastar-ne-da-adu-ulcinjskoj-rivijeri\/#webpage\",\"url\":\"https:\/\/www.visit-ulcinj.com\/blog\/2017\/03\/26\/katastar-ne-da-adu-ulcinjskoj-rivijeri\/\",\"name\":\"Katastar ne da Adu Ulcinjskoj rivijeri - Lajme nga Ulqini\",\"isPartOf\":{\"@id\":\"https:\/\/www.visit-ulcinj.com\/blog\/#website\"},\"primaryImageOfPage\":{\"@id\":\"https:\/\/www.visit-ulcinj.com\/blog\/2017\/03\/26\/katastar-ne-da-adu-ulcinjskoj-rivijeri\/#primaryimage\"},\"datePublished\":\"2017-03-26T13:10:55+00:00\",\"dateModified\":\"2017-03-26T13:10:55+00:00\",\"author\":{\"@id\":\"https:\/\/www.visit-ulcinj.com\/blog\/#\/schema\/person\/dcab619c614d3038751c63bc2aadc06d\"},\"description\":\"\u201cO\u010digledno je da prvostepeni organ pogre\u0161nim tuma\u010denjem definicije morskog dobra \u017eeli u potpunosti da izjedna\u010di taj termin sa terminom morska obala\u201d,\",\"breadcrumb\":{\"@id\":\"https:\/\/www.visit-ulcinj.com\/blog\/2017\/03\/26\/katastar-ne-da-adu-ulcinjskoj-rivijeri\/#breadcrumb\"},\"inLanguage\":\"en-US\",\"potentialAction\":[{\"@type\":\"ReadAction\",\"target\":[\"https:\/\/www.visit-ulcinj.com\/blog\/2017\/03\/26\/katastar-ne-da-adu-ulcinjskoj-rivijeri\/\"]}]},{\"@type\":\"BreadcrumbList\",\"@id\":\"https:\/\/www.visit-ulcinj.com\/blog\/2017\/03\/26\/katastar-ne-da-adu-ulcinjskoj-rivijeri\/#breadcrumb\",\"itemListElement\":[{\"@type\":\"ListItem\",\"position\":1,\"name\":\"Katastar ne da Adu Ulcinjskoj rivijeri\"}]},{\"@type\":\"Person\",\"@id\":\"https:\/\/www.visit-ulcinj.com\/blog\/#\/schema\/person\/dcab619c614d3038751c63bc2aadc06d\",\"name\":\"ulqini\",\"sameAs\":[\"http:\/\/www.visit-ulcinj.com\"],\"url\":\"https:\/\/www.visit-ulcinj.com\/blog\/author\/admin\/\"}]}<\/script>\n<!-- \/ Yoast SEO plugin. -->","yoast_head_json":{"title":"Katastar ne da Adu Ulcinjskoj rivijeri - Lajme nga Ulqini","description":"\u201cO\u010digledno je da prvostepeni organ pogre\u0161nim tuma\u010denjem definicije morskog dobra \u017eeli u potpunosti da izjedna\u010di taj termin sa terminom morska obala\u201d,","robots":{"index":"index","follow":"follow","max-snippet":"max-snippet:-1","max-image-preview":"max-image-preview:large","max-video-preview":"max-video-preview:-1"},"canonical":"https:\/\/www.visit-ulcinj.com\/blog\/2017\/03\/26\/katastar-ne-da-adu-ulcinjskoj-rivijeri\/","og_locale":"en_US","og_type":"article","og_title":"Katastar ne da Adu Ulcinjskoj rivijeri - Lajme nga Ulqini","og_description":"\u201cO\u010digledno je da prvostepeni organ pogre\u0161nim tuma\u010denjem definicije morskog dobra \u017eeli u potpunosti da izjedna\u010di taj termin sa terminom morska obala\u201d,","og_url":"https:\/\/www.visit-ulcinj.com\/blog\/2017\/03\/26\/katastar-ne-da-adu-ulcinjskoj-rivijeri\/","og_site_name":"Lajme nga Ulqini","article_published_time":"2017-03-26T13:10:55+00:00","og_image":[{"url":"http:\/\/www.visit-ulcinj.com\/blog\/wp-content\/uploads\/2009\/08\/ada-bojana.jpg"}],"twitter_misc":{"Written by":"ulqini","Est. reading time":"3 minutes"},"schema":{"@context":"https:\/\/schema.org","@graph":[{"@type":"WebSite","@id":"https:\/\/www.visit-ulcinj.com\/blog\/#website","url":"https:\/\/www.visit-ulcinj.com\/blog\/","name":"Lajme nga Ulqini","description":"Lajme,Vijesti,Ulqini,Ulqin,Crna Gora,Mali i Zi","potentialAction":[{"@type":"SearchAction","target":{"@type":"EntryPoint","urlTemplate":"https:\/\/www.visit-ulcinj.com\/blog\/?s={search_term_string}"},"query-input":"required name=search_term_string"}],"inLanguage":"en-US"},{"@type":"ImageObject","inLanguage":"en-US","@id":"https:\/\/www.visit-ulcinj.com\/blog\/2017\/03\/26\/katastar-ne-da-adu-ulcinjskoj-rivijeri\/#primaryimage","url":"https:\/\/www.visit-ulcinj.com\/blog\/wp-content\/uploads\/2009\/08\/ada-bojana.jpg","contentUrl":"https:\/\/www.visit-ulcinj.com\/blog\/wp-content\/uploads\/2009\/08\/ada-bojana.jpg","width":"786","height":"635"},{"@type":"WebPage","@id":"https:\/\/www.visit-ulcinj.com\/blog\/2017\/03\/26\/katastar-ne-da-adu-ulcinjskoj-rivijeri\/#webpage","url":"https:\/\/www.visit-ulcinj.com\/blog\/2017\/03\/26\/katastar-ne-da-adu-ulcinjskoj-rivijeri\/","name":"Katastar ne da Adu Ulcinjskoj rivijeri - Lajme nga Ulqini","isPartOf":{"@id":"https:\/\/www.visit-ulcinj.com\/blog\/#website"},"primaryImageOfPage":{"@id":"https:\/\/www.visit-ulcinj.com\/blog\/2017\/03\/26\/katastar-ne-da-adu-ulcinjskoj-rivijeri\/#primaryimage"},"datePublished":"2017-03-26T13:10:55+00:00","dateModified":"2017-03-26T13:10:55+00:00","author":{"@id":"https:\/\/www.visit-ulcinj.com\/blog\/#\/schema\/person\/dcab619c614d3038751c63bc2aadc06d"},"description":"\u201cO\u010digledno je da prvostepeni organ pogre\u0161nim tuma\u010denjem definicije morskog dobra \u017eeli u potpunosti da izjedna\u010di taj termin sa terminom morska obala\u201d,","breadcrumb":{"@id":"https:\/\/www.visit-ulcinj.com\/blog\/2017\/03\/26\/katastar-ne-da-adu-ulcinjskoj-rivijeri\/#breadcrumb"},"inLanguage":"en-US","potentialAction":[{"@type":"ReadAction","target":["https:\/\/www.visit-ulcinj.com\/blog\/2017\/03\/26\/katastar-ne-da-adu-ulcinjskoj-rivijeri\/"]}]},{"@type":"BreadcrumbList","@id":"https:\/\/www.visit-ulcinj.com\/blog\/2017\/03\/26\/katastar-ne-da-adu-ulcinjskoj-rivijeri\/#breadcrumb","itemListElement":[{"@type":"ListItem","position":1,"name":"Katastar ne da Adu Ulcinjskoj rivijeri"}]},{"@type":"Person","@id":"https:\/\/www.visit-ulcinj.com\/blog\/#\/schema\/person\/dcab619c614d3038751c63bc2aadc06d","name":"ulqini","sameAs":["http:\/\/www.visit-ulcinj.com"],"url":"https:\/\/www.visit-ulcinj.com\/blog\/author\/admin\/"}]}},"jetpack_featured_media_url":"","jetpack_sharing_enabled":true,"jetpack_shortlink":"https:\/\/wp.me\/pe6lTn-qZX","_links":{"self":[{"href":"https:\/\/www.visit-ulcinj.com\/blog\/wp-json\/wp\/v2\/posts\/103785"}],"collection":[{"href":"https:\/\/www.visit-ulcinj.com\/blog\/wp-json\/wp\/v2\/posts"}],"about":[{"href":"https:\/\/www.visit-ulcinj.com\/blog\/wp-json\/wp\/v2\/types\/post"}],"author":[{"embeddable":true,"href":"https:\/\/www.visit-ulcinj.com\/blog\/wp-json\/wp\/v2\/users\/1"}],"replies":[{"embeddable":true,"href":"https:\/\/www.visit-ulcinj.com\/blog\/wp-json\/wp\/v2\/comments?post=103785"}],"version-history":[{"count":1,"href":"https:\/\/www.visit-ulcinj.com\/blog\/wp-json\/wp\/v2\/posts\/103785\/revisions"}],"predecessor-version":[{"id":103786,"href":"https:\/\/www.visit-ulcinj.com\/blog\/wp-json\/wp\/v2\/posts\/103785\/revisions\/103786"}],"wp:attachment":[{"href":"https:\/\/www.visit-ulcinj.com\/blog\/wp-json\/wp\/v2\/media?parent=103785"}],"wp:term":[{"taxonomy":"category","embeddable":true,"href":"https:\/\/www.visit-ulcinj.com\/blog\/wp-json\/wp\/v2\/categories?post=103785"},{"taxonomy":"post_tag","embeddable":true,"href":"https:\/\/www.visit-ulcinj.com\/blog\/wp-json\/wp\/v2\/tags?post=103785"}],"curies":[{"name":"wp","href":"https:\/\/api.w.org\/{rel}","templated":true}]}}