{"id":103815,"date":"2017-03-28T12:28:01","date_gmt":"2017-03-28T11:28:01","guid":{"rendered":"http:\/\/www.visit-ulcinj.com\/blog\/?p=103815"},"modified":"2017-03-28T18:26:46","modified_gmt":"2017-03-28T17:26:46","slug":"karisma-ta-merr-menaxhimin-e-rivieres-se-ulqinit-video","status":"publish","type":"post","link":"https:\/\/www.visit-ulcinj.com\/blog\/2017\/03\/28\/karisma-ta-merr-menaxhimin-e-rivieres-se-ulqinit-video\/","title":{"rendered":"Karisma do ta merr menaxhimin e Rivier\u00ebs se Ulqinit &#8211; Video"},"content":{"rendered":"<p><a href=\"http:\/\/www.visit-ulcinj.com\/blog\/wp-content\/uploads\/2017\/03\/Neil-Evans-Director-of-TUI-Travel-Hotels-Mr.-Lundgren-From-Karisma-Hotels-Adriatic-Veljko-Ostojic.jpg\"><img loading=\"lazy\" class=\"alignleft wp-image-103817\" src=\"http:\/\/www.visit-ulcinj.com\/blog\/wp-content\/uploads\/2017\/03\/Neil-Evans-Director-of-TUI-Travel-Hotels-Mr.-Lundgren-From-Karisma-Hotels-Adriatic-Veljko-Ostojic.jpg\" alt=\"Neil Evans, Director of TUI Travel Hotels &amp; Mr. Lundgren-From Karisma Hotels -Adriatic-Veljko Ostojic\" width=\"508\" height=\"339\" \/><\/a>Administrata e Nd\u00ebrmarrjes hotelerike turistike \u201cRiviera e Ulqinit\u201d ka caktuar p\u00ebr dat\u00ebn 27 prill mbledhjen e jasht\u00ebzakonshme t\u00eb aksionar\u00ebve ku do t\u00eb sillet vendimi p\u00ebr qiradh\u00ebnien afatgjat\u00eb t\u00eb pjes\u00ebve t\u00eb pron\u00ebs n\u00eb periudh\u00ebn deri n\u00eb 30 vjet, raporton portali Ul.info.<\/p>\n<p>Si\u00e7 shkruan \u201cVijesti\u201d, b\u00ebhet fjal\u00eb p\u00ebr dh\u00ebnien me qira afatgjat\u00eb t\u00eb hotelit <strong>Belvi, Olimpik<\/strong> dhe t\u00eb kampit <strong>Neptun<\/strong>, p\u00ebr t\u00eb cil\u00ebt \u00ebsht\u00eb e interesuar kompania kroate e menaxhmentit p\u00ebr hotele <strong>Karisma Hotels Adriatic,<\/strong>\u00a0t\u00eb cil\u00ebn e p\u00ebrb\u00ebjn\u00eb Agrokori kroat, zinxhiri i hoteleve meksikane Karisma dhe turoperatori gjerman TUI.<\/p>\n<p><a href=\"http:\/\/www.visit-ulcinj.com\/blog\/wp-content\/uploads\/2017\/03\/Karisma-Hotels-Adriatic.jpg\"><img loading=\"lazy\" class=\"alignleft wp-image-103818\" src=\"http:\/\/www.visit-ulcinj.com\/blog\/wp-content\/uploads\/2017\/03\/Karisma-Hotels-Adriatic.jpg\" alt=\"Karisma Hotels Adriatic\" width=\"508\" height=\"282\" srcset=\"https:\/\/www.visit-ulcinj.com\/blog\/wp-content\/uploads\/2017\/03\/Karisma-Hotels-Adriatic.jpg 660w, https:\/\/www.visit-ulcinj.com\/blog\/wp-content\/uploads\/2017\/03\/Karisma-Hotels-Adriatic-300x167.jpg 300w\" sizes=\"(max-width: 508px) 100vw, 508px\" \/><\/a><\/p>\n<p>Burime t\u00eb k\u00ebsaj gazet\u00eb thon\u00eb se konzorciumi i Todoriqit n\u00eb periudh\u00ebn e kaluar \u00ebsht\u00eb interesuar tek zyrtar\u00ebt qeveritar p\u00ebr hotelet e Ulqinit.<\/p>\n<p>Ato jan\u00eb interesuar edhe p\u00ebr qiramarrja afatgjate t\u00eb Ad\u00ebs s\u00eb Bun\u00ebs, por p\u00ebr k\u00ebt\u00eb ide, p\u00ebr momentin, me siguri nuk do t\u00eb diskutohet n\u00eb kuvendin e ardhsh\u00ebm t\u00eb aksionar\u00ebve.<\/p>\n<p><iframe loading=\"lazy\" style=\"border: none; overflow: hidden;\" src=\"https:\/\/www.facebook.com\/plugins\/video.php?href=https%3A%2F%2Fwww.facebook.com%2FWindRoseResort%2Fvideos%2F10153987606766482%2F&amp;show_text=0&amp;width=508\" width=\"508\" height=\"335\" frameborder=\"0\" scrolling=\"no\" allowfullscreen=\"allowfullscreen\"><\/iframe><\/p>\n","protected":false},"excerpt":{"rendered":"<p>Administrata e Nd\u00ebrmarrjes hotelerike turistike \u201cRiviera e Ulqinit\u201d ka caktuar p\u00ebr dat\u00ebn 27 prill mbledhjen e jasht\u00ebzakonshme t\u00eb aksionar\u00ebve ku do t\u00eb sillet vendimi p\u00ebr qiradh\u00ebnien afatgjat\u00eb t\u00eb pjes\u00ebve t\u00eb pron\u00ebs n\u00eb periudh\u00ebn deri n\u00eb 30 vjet, raporton portali Ul.info. Si\u00e7 shkruan \u201cVijesti\u201d, b\u00ebhet fjal\u00eb p\u00ebr dh\u00ebnien me qira afatgjat\u00eb t\u00eb hotelit Belvi, Olimpik dhe [&hellip;]<\/p>\n","protected":false},"author":1,"featured_media":0,"comment_status":"closed","ping_status":"closed","sticky":false,"template":"","format":"standard","meta":{"spay_email":"","jetpack_publicize_message":"","jetpack_is_tweetstorm":false,"jetpack_publicize_feature_enabled":true},"categories":[1,15],"tags":[],"jetpack_publicize_connections":[],"yoast_head":"<!-- This site is optimized with the Yoast SEO plugin v19.1 - https:\/\/yoast.com\/wordpress\/plugins\/seo\/ -->\n<title>Karisma do ta merr menaxhimin e Rivier\u00ebs se Ulqinit - Video - Lajme nga Ulqini<\/title>\n<meta name=\"description\" content=\"Administrata e Nd\u00ebrmarrjes hotelerike turistike \u201cRiviera e Ulqinit\u201d ka caktuar p\u00ebr dat\u00ebn 27 prill mbledhjen e jasht\u00ebzakonshme t\u00eb aksionar\u00ebve ku do t\u00eb\" \/>\n<meta name=\"robots\" content=\"index, follow, max-snippet:-1, max-image-preview:large, max-video-preview:-1\" \/>\n<link rel=\"canonical\" href=\"https:\/\/www.visit-ulcinj.com\/blog\/2017\/03\/28\/karisma-ta-merr-menaxhimin-e-rivieres-se-ulqinit-video\/\" \/>\n<meta property=\"og:locale\" content=\"en_US\" \/>\n<meta property=\"og:type\" content=\"article\" \/>\n<meta property=\"og:title\" content=\"Karisma do ta merr menaxhimin e Rivier\u00ebs se Ulqinit - Video - Lajme nga Ulqini\" \/>\n<meta property=\"og:description\" content=\"Administrata e Nd\u00ebrmarrjes hotelerike turistike \u201cRiviera e Ulqinit\u201d ka caktuar p\u00ebr dat\u00ebn 27 prill mbledhjen e jasht\u00ebzakonshme t\u00eb aksionar\u00ebve ku do t\u00eb\" \/>\n<meta property=\"og:url\" content=\"https:\/\/www.visit-ulcinj.com\/blog\/2017\/03\/28\/karisma-ta-merr-menaxhimin-e-rivieres-se-ulqinit-video\/\" \/>\n<meta property=\"og:site_name\" content=\"Lajme nga Ulqini\" \/>\n<meta property=\"article:published_time\" content=\"2017-03-28T11:28:01+00:00\" \/>\n<meta property=\"article:modified_time\" content=\"2017-03-28T17:26:46+00:00\" \/>\n<meta property=\"og:image\" content=\"http:\/\/www.visit-ulcinj.com\/blog\/wp-content\/uploads\/2017\/03\/Neil-Evans-Director-of-TUI-Travel-Hotels-Mr.-Lundgren-From-Karisma-Hotels-Adriatic-Veljko-Ostojic.jpg\" \/>\n<meta name=\"twitter:label1\" content=\"Written by\" \/>\n\t<meta name=\"twitter:data1\" content=\"ulqini\" \/>\n\t<meta name=\"twitter:label2\" content=\"Est. reading time\" \/>\n\t<meta name=\"twitter:data2\" content=\"1 minute\" \/>\n<script type=\"application\/ld+json\" class=\"yoast-schema-graph\">{\"@context\":\"https:\/\/schema.org\",\"@graph\":[{\"@type\":\"WebSite\",\"@id\":\"https:\/\/www.visit-ulcinj.com\/blog\/#website\",\"url\":\"https:\/\/www.visit-ulcinj.com\/blog\/\",\"name\":\"Lajme nga Ulqini\",\"description\":\"Lajme,Vijesti,Ulqini,Ulqin,Crna Gora,Mali i Zi\",\"potentialAction\":[{\"@type\":\"SearchAction\",\"target\":{\"@type\":\"EntryPoint\",\"urlTemplate\":\"https:\/\/www.visit-ulcinj.com\/blog\/?s={search_term_string}\"},\"query-input\":\"required name=search_term_string\"}],\"inLanguage\":\"en-US\"},{\"@type\":\"ImageObject\",\"inLanguage\":\"en-US\",\"@id\":\"https:\/\/www.visit-ulcinj.com\/blog\/2017\/03\/28\/karisma-ta-merr-menaxhimin-e-rivieres-se-ulqinit-video\/#primaryimage\",\"url\":\"http:\/\/www.visit-ulcinj.com\/blog\/wp-content\/uploads\/2017\/03\/Neil-Evans-Director-of-TUI-Travel-Hotels-Mr.-Lundgren-From-Karisma-Hotels-Adriatic-Veljko-Ostojic.jpg\",\"contentUrl\":\"http:\/\/www.visit-ulcinj.com\/blog\/wp-content\/uploads\/2017\/03\/Neil-Evans-Director-of-TUI-Travel-Hotels-Mr.-Lundgren-From-Karisma-Hotels-Adriatic-Veljko-Ostojic.jpg\"},{\"@type\":\"WebPage\",\"@id\":\"https:\/\/www.visit-ulcinj.com\/blog\/2017\/03\/28\/karisma-ta-merr-menaxhimin-e-rivieres-se-ulqinit-video\/#webpage\",\"url\":\"https:\/\/www.visit-ulcinj.com\/blog\/2017\/03\/28\/karisma-ta-merr-menaxhimin-e-rivieres-se-ulqinit-video\/\",\"name\":\"Karisma do ta merr menaxhimin e Rivier\u00ebs se Ulqinit - Video - Lajme nga Ulqini\",\"isPartOf\":{\"@id\":\"https:\/\/www.visit-ulcinj.com\/blog\/#website\"},\"primaryImageOfPage\":{\"@id\":\"https:\/\/www.visit-ulcinj.com\/blog\/2017\/03\/28\/karisma-ta-merr-menaxhimin-e-rivieres-se-ulqinit-video\/#primaryimage\"},\"datePublished\":\"2017-03-28T11:28:01+00:00\",\"dateModified\":\"2017-03-28T17:26:46+00:00\",\"author\":{\"@id\":\"https:\/\/www.visit-ulcinj.com\/blog\/#\/schema\/person\/dcab619c614d3038751c63bc2aadc06d\"},\"description\":\"Administrata e Nd\u00ebrmarrjes hotelerike turistike \u201cRiviera e Ulqinit\u201d ka caktuar p\u00ebr dat\u00ebn 27 prill mbledhjen e jasht\u00ebzakonshme t\u00eb aksionar\u00ebve ku do t\u00eb\",\"breadcrumb\":{\"@id\":\"https:\/\/www.visit-ulcinj.com\/blog\/2017\/03\/28\/karisma-ta-merr-menaxhimin-e-rivieres-se-ulqinit-video\/#breadcrumb\"},\"inLanguage\":\"en-US\",\"potentialAction\":[{\"@type\":\"ReadAction\",\"target\":[\"https:\/\/www.visit-ulcinj.com\/blog\/2017\/03\/28\/karisma-ta-merr-menaxhimin-e-rivieres-se-ulqinit-video\/\"]}]},{\"@type\":\"BreadcrumbList\",\"@id\":\"https:\/\/www.visit-ulcinj.com\/blog\/2017\/03\/28\/karisma-ta-merr-menaxhimin-e-rivieres-se-ulqinit-video\/#breadcrumb\",\"itemListElement\":[{\"@type\":\"ListItem\",\"position\":1,\"name\":\"Karisma do ta merr menaxhimin e Rivier\u00ebs se Ulqinit &#8211; Video\"}]},{\"@type\":\"Person\",\"@id\":\"https:\/\/www.visit-ulcinj.com\/blog\/#\/schema\/person\/dcab619c614d3038751c63bc2aadc06d\",\"name\":\"ulqini\",\"sameAs\":[\"http:\/\/www.visit-ulcinj.com\"],\"url\":\"https:\/\/www.visit-ulcinj.com\/blog\/author\/admin\/\"}]}<\/script>\n<!-- \/ Yoast SEO plugin. -->","yoast_head_json":{"title":"Karisma do ta merr menaxhimin e Rivier\u00ebs se Ulqinit - Video - Lajme nga Ulqini","description":"Administrata e Nd\u00ebrmarrjes hotelerike turistike \u201cRiviera e Ulqinit\u201d ka caktuar p\u00ebr dat\u00ebn 27 prill mbledhjen e jasht\u00ebzakonshme t\u00eb aksionar\u00ebve ku do t\u00eb","robots":{"index":"index","follow":"follow","max-snippet":"max-snippet:-1","max-image-preview":"max-image-preview:large","max-video-preview":"max-video-preview:-1"},"canonical":"https:\/\/www.visit-ulcinj.com\/blog\/2017\/03\/28\/karisma-ta-merr-menaxhimin-e-rivieres-se-ulqinit-video\/","og_locale":"en_US","og_type":"article","og_title":"Karisma do ta merr menaxhimin e Rivier\u00ebs se Ulqinit - Video - Lajme nga Ulqini","og_description":"Administrata e Nd\u00ebrmarrjes hotelerike turistike \u201cRiviera e Ulqinit\u201d ka caktuar p\u00ebr dat\u00ebn 27 prill mbledhjen e jasht\u00ebzakonshme t\u00eb aksionar\u00ebve ku do t\u00eb","og_url":"https:\/\/www.visit-ulcinj.com\/blog\/2017\/03\/28\/karisma-ta-merr-menaxhimin-e-rivieres-se-ulqinit-video\/","og_site_name":"Lajme nga Ulqini","article_published_time":"2017-03-28T11:28:01+00:00","article_modified_time":"2017-03-28T17:26:46+00:00","og_image":[{"url":"http:\/\/www.visit-ulcinj.com\/blog\/wp-content\/uploads\/2017\/03\/Neil-Evans-Director-of-TUI-Travel-Hotels-Mr.-Lundgren-From-Karisma-Hotels-Adriatic-Veljko-Ostojic.jpg"}],"twitter_misc":{"Written by":"ulqini","Est. reading time":"1 minute"},"schema":{"@context":"https:\/\/schema.org","@graph":[{"@type":"WebSite","@id":"https:\/\/www.visit-ulcinj.com\/blog\/#website","url":"https:\/\/www.visit-ulcinj.com\/blog\/","name":"Lajme nga Ulqini","description":"Lajme,Vijesti,Ulqini,Ulqin,Crna Gora,Mali i Zi","potentialAction":[{"@type":"SearchAction","target":{"@type":"EntryPoint","urlTemplate":"https:\/\/www.visit-ulcinj.com\/blog\/?s={search_term_string}"},"query-input":"required name=search_term_string"}],"inLanguage":"en-US"},{"@type":"ImageObject","inLanguage":"en-US","@id":"https:\/\/www.visit-ulcinj.com\/blog\/2017\/03\/28\/karisma-ta-merr-menaxhimin-e-rivieres-se-ulqinit-video\/#primaryimage","url":"http:\/\/www.visit-ulcinj.com\/blog\/wp-content\/uploads\/2017\/03\/Neil-Evans-Director-of-TUI-Travel-Hotels-Mr.-Lundgren-From-Karisma-Hotels-Adriatic-Veljko-Ostojic.jpg","contentUrl":"http:\/\/www.visit-ulcinj.com\/blog\/wp-content\/uploads\/2017\/03\/Neil-Evans-Director-of-TUI-Travel-Hotels-Mr.-Lundgren-From-Karisma-Hotels-Adriatic-Veljko-Ostojic.jpg"},{"@type":"WebPage","@id":"https:\/\/www.visit-ulcinj.com\/blog\/2017\/03\/28\/karisma-ta-merr-menaxhimin-e-rivieres-se-ulqinit-video\/#webpage","url":"https:\/\/www.visit-ulcinj.com\/blog\/2017\/03\/28\/karisma-ta-merr-menaxhimin-e-rivieres-se-ulqinit-video\/","name":"Karisma do ta merr menaxhimin e Rivier\u00ebs se Ulqinit - Video - Lajme nga Ulqini","isPartOf":{"@id":"https:\/\/www.visit-ulcinj.com\/blog\/#website"},"primaryImageOfPage":{"@id":"https:\/\/www.visit-ulcinj.com\/blog\/2017\/03\/28\/karisma-ta-merr-menaxhimin-e-rivieres-se-ulqinit-video\/#primaryimage"},"datePublished":"2017-03-28T11:28:01+00:00","dateModified":"2017-03-28T17:26:46+00:00","author":{"@id":"https:\/\/www.visit-ulcinj.com\/blog\/#\/schema\/person\/dcab619c614d3038751c63bc2aadc06d"},"description":"Administrata e Nd\u00ebrmarrjes hotelerike turistike \u201cRiviera e Ulqinit\u201d ka caktuar p\u00ebr dat\u00ebn 27 prill mbledhjen e jasht\u00ebzakonshme t\u00eb aksionar\u00ebve ku do t\u00eb","breadcrumb":{"@id":"https:\/\/www.visit-ulcinj.com\/blog\/2017\/03\/28\/karisma-ta-merr-menaxhimin-e-rivieres-se-ulqinit-video\/#breadcrumb"},"inLanguage":"en-US","potentialAction":[{"@type":"ReadAction","target":["https:\/\/www.visit-ulcinj.com\/blog\/2017\/03\/28\/karisma-ta-merr-menaxhimin-e-rivieres-se-ulqinit-video\/"]}]},{"@type":"BreadcrumbList","@id":"https:\/\/www.visit-ulcinj.com\/blog\/2017\/03\/28\/karisma-ta-merr-menaxhimin-e-rivieres-se-ulqinit-video\/#breadcrumb","itemListElement":[{"@type":"ListItem","position":1,"name":"Karisma do ta merr menaxhimin e Rivier\u00ebs se Ulqinit &#8211; Video"}]},{"@type":"Person","@id":"https:\/\/www.visit-ulcinj.com\/blog\/#\/schema\/person\/dcab619c614d3038751c63bc2aadc06d","name":"ulqini","sameAs":["http:\/\/www.visit-ulcinj.com"],"url":"https:\/\/www.visit-ulcinj.com\/blog\/author\/admin\/"}]}},"jetpack_featured_media_url":"","jetpack_sharing_enabled":true,"jetpack_shortlink":"https:\/\/wp.me\/pe6lTn-r0r","_links":{"self":[{"href":"https:\/\/www.visit-ulcinj.com\/blog\/wp-json\/wp\/v2\/posts\/103815"}],"collection":[{"href":"https:\/\/www.visit-ulcinj.com\/blog\/wp-json\/wp\/v2\/posts"}],"about":[{"href":"https:\/\/www.visit-ulcinj.com\/blog\/wp-json\/wp\/v2\/types\/post"}],"author":[{"embeddable":true,"href":"https:\/\/www.visit-ulcinj.com\/blog\/wp-json\/wp\/v2\/users\/1"}],"replies":[{"embeddable":true,"href":"https:\/\/www.visit-ulcinj.com\/blog\/wp-json\/wp\/v2\/comments?post=103815"}],"version-history":[{"count":1,"href":"https:\/\/www.visit-ulcinj.com\/blog\/wp-json\/wp\/v2\/posts\/103815\/revisions"}],"predecessor-version":[{"id":103819,"href":"https:\/\/www.visit-ulcinj.com\/blog\/wp-json\/wp\/v2\/posts\/103815\/revisions\/103819"}],"wp:attachment":[{"href":"https:\/\/www.visit-ulcinj.com\/blog\/wp-json\/wp\/v2\/media?parent=103815"}],"wp:term":[{"taxonomy":"category","embeddable":true,"href":"https:\/\/www.visit-ulcinj.com\/blog\/wp-json\/wp\/v2\/categories?post=103815"},{"taxonomy":"post_tag","embeddable":true,"href":"https:\/\/www.visit-ulcinj.com\/blog\/wp-json\/wp\/v2\/tags?post=103815"}],"curies":[{"name":"wp","href":"https:\/\/api.w.org\/{rel}","templated":true}]}}