{"id":103821,"date":"2017-03-28T13:46:56","date_gmt":"2017-03-28T12:46:56","guid":{"rendered":"http:\/\/www.visit-ulcinj.com\/blog\/?p=103821"},"modified":"2017-03-28T13:46:56","modified_gmt":"2017-03-28T12:46:56","slug":"shb-rumia-organizon-ecje-nga-tivari-deri-ne-brisk-e-krajes","status":"publish","type":"post","link":"https:\/\/www.visit-ulcinj.com\/blog\/2017\/03\/28\/shb-rumia-organizon-ecje-nga-tivari-deri-ne-brisk-e-krajes\/","title":{"rendered":"SHB &#8221;Rumia&#8221; organizon ecje nga Tivari deri n\u00eb Brisk \u00eb Kraj\u00ebs"},"content":{"rendered":"<p><strong><a href=\"http:\/\/www.visit-ulcinj.com\/blog\/wp-content\/uploads\/2017\/03\/SHB-Rumia-organizon-ecje-nga-Tivari-deri-n\u00eb-Brisk-\u00eb-Kraj\u00ebs.jpg\"><img loading=\"lazy\" class=\"alignleft wp-image-103822\" src=\"http:\/\/www.visit-ulcinj.com\/blog\/wp-content\/uploads\/2017\/03\/SHB-Rumia-organizon-ecje-nga-Tivari-deri-n\u00eb-Brisk-\u00eb-Kraj\u00ebs.jpg\" alt=\"SHB Rumia organizon ecje nga Tivari deri n\u00eb Brisk \u00eb Kraj\u00ebs\" width=\"508\" height=\"339\" srcset=\"https:\/\/www.visit-ulcinj.com\/blog\/wp-content\/uploads\/2017\/03\/SHB-Rumia-organizon-ecje-nga-Tivari-deri-n\u00eb-Brisk-\u00eb-Kraj\u00ebs.jpg 525w, https:\/\/www.visit-ulcinj.com\/blog\/wp-content\/uploads\/2017\/03\/SHB-Rumia-organizon-ecje-nga-Tivari-deri-n\u00eb-Brisk-\u00eb-Kraj\u00ebs-300x200.jpg 300w\" sizes=\"(max-width: 508px) 100vw, 508px\" \/><\/a>SHB &#8221;Rumia&#8221; organizon ecje nga Tivari deri n\u00eb Brisk \u00eb Kraj\u00ebs<\/strong><br \/>\n&#8221;Rrug\u00ebs s\u00eb t\u00eb mbijetuar\u00ebve t\u00eb Masakres s\u00eb Tivari&#8221;, k\u00ebshtu \u00ebsht\u00eb em\u00ebrtuar aktiviteti i cili do t\u00eb organizohet nga SHB &#8221;Rumia&#8221; k\u00ebsaj t\u00eb diele, me 02.02.2017.<\/p>\n<p>Detajet e aktivitetit<br \/>\nOra<span class=\"text_exposed_show\"><br \/>\n07:00 Nisja nga Komuna e Ulqinit<br \/>\n08:00 Vizit ish nd\u00ebrtes\u00ebs s\u00eb Monopolit t\u00eb Duhanit n\u00eb Tivar<br \/>\n09:00 Nisja nga Tivari i vjet\u00ebr (Kalaja) p\u00ebr n\u00eb Brisk t\u00eb Kraj\u00ebs<br \/>\nOr\u00ebt e pasdrek\u00ebs, mb\u00ebrritja n\u00eb Brisk dhe shp\u00ebrndarja e bjeshkatar\u00ebve<\/span><\/p>\n<div class=\"text_exposed_show\">\n<p>Gjat\u00ebsia e k\u00ebtij shtegu \u00ebsht\u00eb 12km dhe i takon shkall\u00ebs s\u00eb v\u00ebshtir\u00ebsis\u00eb s\u00eb mesme. \u00cbsht\u00eb rast i bukur q\u00eb t\u00eb kalohet edhe n\u00ebp\u00ebr vendet si Shpella e Kuqe, Baltna, Kroni i Shkall\u00ebs etj q\u00eb jan\u00eb p\u00ebrgjat\u00eb k\u00ebtij shtegu.<\/p>\n<p>Poashtu njoftojm\u00eb q\u00eb p\u00ebr dit\u00ebn e diel, transporti do t\u00eb jet\u00eb i organizuar! \u00c7mimi i bilet\u00ebs \u00ebsht\u00eb 8\u20ac p\u00ebr person. N\u00eb bilet\u00eb \u00ebsht\u00eb i p\u00ebrfshir\u00eb udh\u00ebtimi nga Ulqini deri n\u00eb Tivar si dhe kthimi nga fshati Brisk (Kraj\u00eb) p\u00ebr n\u00eb Ulqin.<\/p>\n<p>Personi kontaktues p\u00ebr rezervim \u00ebsht\u00eb z. Muhamed Kollari me k\u00ebt\u00eb num\u00ebr telefoni 069 444 348.<\/p>\n<p>Shuhemi t\u00eb dielen!<\/p>\n<p id=\"js_7pr\" class=\"_5pbw _5vra\" data-ft=\"{&quot;tn&quot;:&quot;C&quot;}\"><strong><span class=\"fwn fcg\"><span class=\"fcg\"><span class=\"fwb\"><a class=\"profileLink\" href=\"https:\/\/www.facebook.com\/ShoqataEBjeshkatareverumia\/?hc_ref=NEWSFEED\" data-ft=\"{&quot;tn&quot;:&quot;k&quot;}\" data-hovercard=\"\/ajax\/hovercard\/page.php?id=135197926672115&amp;extragetparams=%7B%22hc_ref%22%3A%22NEWSFEED%22%7D\" data-hovercard-prefer-more-content-show=\"1\">Shoqata e bjeshkatar\u00ebve &#8220;Rumia&#8221; &#8211; Ulqin Facebook<\/a><\/span><\/span><\/span><\/strong><\/p>\n<\/div>\n","protected":false},"excerpt":{"rendered":"<p>SHB &#8221;Rumia&#8221; organizon ecje nga Tivari deri n\u00eb Brisk \u00eb Kraj\u00ebs &#8221;Rrug\u00ebs s\u00eb t\u00eb mbijetuar\u00ebve t\u00eb Masakres s\u00eb Tivari&#8221;, k\u00ebshtu \u00ebsht\u00eb em\u00ebrtuar aktiviteti i cili do t\u00eb organizohet nga SHB &#8221;Rumia&#8221; k\u00ebsaj t\u00eb diele, me 02.02.2017. Detajet e aktivitetit Ora 07:00 Nisja nga Komuna e Ulqinit 08:00 Vizit ish nd\u00ebrtes\u00ebs s\u00eb Monopolit t\u00eb Duhanit n\u00eb [&hellip;]<\/p>\n","protected":false},"author":1,"featured_media":0,"comment_status":"closed","ping_status":"closed","sticky":false,"template":"","format":"standard","meta":{"spay_email":"","jetpack_publicize_message":"","jetpack_is_tweetstorm":false,"jetpack_publicize_feature_enabled":true},"categories":[6950],"tags":[],"jetpack_publicize_connections":[],"yoast_head":"<!-- This site is optimized with the Yoast SEO plugin v19.1 - https:\/\/yoast.com\/wordpress\/plugins\/seo\/ -->\n<title>SHB &#039;&#039;Rumia&#039;&#039; organizon ecje nga Tivari deri n\u00eb Brisk \u00eb Kraj\u00ebs - Lajme nga Ulqini<\/title>\n<meta name=\"description\" content=\"SHB &#039;&#039;Rumia&#039;&#039; organizon ecje nga Tivari deri n\u00eb Brisk \u00eb Kraj\u00ebs &#039;&#039;Rrug\u00ebs s\u00eb t\u00eb mbijetuar\u00ebve t\u00eb Masakres s\u00eb Tivari&#039;&#039;, k\u00ebshtu \u00ebsht\u00eb em\u00ebrtuar aktiviteti i\" \/>\n<meta name=\"robots\" content=\"index, follow, max-snippet:-1, max-image-preview:large, max-video-preview:-1\" \/>\n<link rel=\"canonical\" href=\"https:\/\/www.visit-ulcinj.com\/blog\/2017\/03\/28\/shb-rumia-organizon-ecje-nga-tivari-deri-ne-brisk-e-krajes\/\" \/>\n<meta property=\"og:locale\" content=\"en_US\" \/>\n<meta property=\"og:type\" content=\"article\" \/>\n<meta property=\"og:title\" content=\"SHB &#039;&#039;Rumia&#039;&#039; organizon ecje nga Tivari deri n\u00eb Brisk \u00eb Kraj\u00ebs - Lajme nga Ulqini\" \/>\n<meta property=\"og:description\" content=\"SHB &#039;&#039;Rumia&#039;&#039; organizon ecje nga Tivari deri n\u00eb Brisk \u00eb Kraj\u00ebs &#039;&#039;Rrug\u00ebs s\u00eb t\u00eb mbijetuar\u00ebve t\u00eb Masakres s\u00eb Tivari&#039;&#039;, k\u00ebshtu \u00ebsht\u00eb em\u00ebrtuar aktiviteti i\" \/>\n<meta property=\"og:url\" content=\"https:\/\/www.visit-ulcinj.com\/blog\/2017\/03\/28\/shb-rumia-organizon-ecje-nga-tivari-deri-ne-brisk-e-krajes\/\" \/>\n<meta property=\"og:site_name\" content=\"Lajme nga Ulqini\" \/>\n<meta property=\"article:published_time\" content=\"2017-03-28T12:46:56+00:00\" \/>\n<meta name=\"twitter:label1\" content=\"Written by\" \/>\n\t<meta name=\"twitter:data1\" content=\"ulqini\" \/>\n\t<meta name=\"twitter:label2\" content=\"Est. reading time\" \/>\n\t<meta name=\"twitter:data2\" content=\"1 minute\" \/>\n<script type=\"application\/ld+json\" class=\"yoast-schema-graph\">{\"@context\":\"https:\/\/schema.org\",\"@graph\":[{\"@type\":\"WebSite\",\"@id\":\"https:\/\/www.visit-ulcinj.com\/blog\/#website\",\"url\":\"https:\/\/www.visit-ulcinj.com\/blog\/\",\"name\":\"Lajme nga Ulqini\",\"description\":\"Lajme,Vijesti,Ulqini,Ulqin,Crna Gora,Mali i Zi\",\"potentialAction\":[{\"@type\":\"SearchAction\",\"target\":{\"@type\":\"EntryPoint\",\"urlTemplate\":\"https:\/\/www.visit-ulcinj.com\/blog\/?s={search_term_string}\"},\"query-input\":\"required name=search_term_string\"}],\"inLanguage\":\"en-US\"},{\"@type\":\"WebPage\",\"@id\":\"https:\/\/www.visit-ulcinj.com\/blog\/2017\/03\/28\/shb-rumia-organizon-ecje-nga-tivari-deri-ne-brisk-e-krajes\/#webpage\",\"url\":\"https:\/\/www.visit-ulcinj.com\/blog\/2017\/03\/28\/shb-rumia-organizon-ecje-nga-tivari-deri-ne-brisk-e-krajes\/\",\"name\":\"SHB ''Rumia'' organizon ecje nga Tivari deri n\u00eb Brisk \u00eb Kraj\u00ebs - Lajme nga Ulqini\",\"isPartOf\":{\"@id\":\"https:\/\/www.visit-ulcinj.com\/blog\/#website\"},\"datePublished\":\"2017-03-28T12:46:56+00:00\",\"dateModified\":\"2017-03-28T12:46:56+00:00\",\"author\":{\"@id\":\"https:\/\/www.visit-ulcinj.com\/blog\/#\/schema\/person\/dcab619c614d3038751c63bc2aadc06d\"},\"description\":\"SHB ''Rumia'' organizon ecje nga Tivari deri n\u00eb Brisk \u00eb Kraj\u00ebs ''Rrug\u00ebs s\u00eb t\u00eb mbijetuar\u00ebve t\u00eb Masakres s\u00eb Tivari'', k\u00ebshtu \u00ebsht\u00eb em\u00ebrtuar aktiviteti i\",\"breadcrumb\":{\"@id\":\"https:\/\/www.visit-ulcinj.com\/blog\/2017\/03\/28\/shb-rumia-organizon-ecje-nga-tivari-deri-ne-brisk-e-krajes\/#breadcrumb\"},\"inLanguage\":\"en-US\",\"potentialAction\":[{\"@type\":\"ReadAction\",\"target\":[\"https:\/\/www.visit-ulcinj.com\/blog\/2017\/03\/28\/shb-rumia-organizon-ecje-nga-tivari-deri-ne-brisk-e-krajes\/\"]}]},{\"@type\":\"BreadcrumbList\",\"@id\":\"https:\/\/www.visit-ulcinj.com\/blog\/2017\/03\/28\/shb-rumia-organizon-ecje-nga-tivari-deri-ne-brisk-e-krajes\/#breadcrumb\",\"itemListElement\":[{\"@type\":\"ListItem\",\"position\":1,\"name\":\"SHB &#8221;Rumia&#8221; organizon ecje nga Tivari deri n\u00eb Brisk \u00eb Kraj\u00ebs\"}]},{\"@type\":\"Person\",\"@id\":\"https:\/\/www.visit-ulcinj.com\/blog\/#\/schema\/person\/dcab619c614d3038751c63bc2aadc06d\",\"name\":\"ulqini\",\"sameAs\":[\"http:\/\/www.visit-ulcinj.com\"],\"url\":\"https:\/\/www.visit-ulcinj.com\/blog\/author\/admin\/\"}]}<\/script>\n<!-- \/ Yoast SEO plugin. -->","yoast_head_json":{"title":"SHB ''Rumia'' organizon ecje nga Tivari deri n\u00eb Brisk \u00eb Kraj\u00ebs - Lajme nga Ulqini","description":"SHB ''Rumia'' organizon ecje nga Tivari deri n\u00eb Brisk \u00eb Kraj\u00ebs ''Rrug\u00ebs s\u00eb t\u00eb mbijetuar\u00ebve t\u00eb Masakres s\u00eb Tivari'', k\u00ebshtu \u00ebsht\u00eb em\u00ebrtuar aktiviteti i","robots":{"index":"index","follow":"follow","max-snippet":"max-snippet:-1","max-image-preview":"max-image-preview:large","max-video-preview":"max-video-preview:-1"},"canonical":"https:\/\/www.visit-ulcinj.com\/blog\/2017\/03\/28\/shb-rumia-organizon-ecje-nga-tivari-deri-ne-brisk-e-krajes\/","og_locale":"en_US","og_type":"article","og_title":"SHB ''Rumia'' organizon ecje nga Tivari deri n\u00eb Brisk \u00eb Kraj\u00ebs - Lajme nga Ulqini","og_description":"SHB ''Rumia'' organizon ecje nga Tivari deri n\u00eb Brisk \u00eb Kraj\u00ebs ''Rrug\u00ebs s\u00eb t\u00eb mbijetuar\u00ebve t\u00eb Masakres s\u00eb Tivari'', k\u00ebshtu \u00ebsht\u00eb em\u00ebrtuar aktiviteti i","og_url":"https:\/\/www.visit-ulcinj.com\/blog\/2017\/03\/28\/shb-rumia-organizon-ecje-nga-tivari-deri-ne-brisk-e-krajes\/","og_site_name":"Lajme nga Ulqini","article_published_time":"2017-03-28T12:46:56+00:00","twitter_misc":{"Written by":"ulqini","Est. reading time":"1 minute"},"schema":{"@context":"https:\/\/schema.org","@graph":[{"@type":"WebSite","@id":"https:\/\/www.visit-ulcinj.com\/blog\/#website","url":"https:\/\/www.visit-ulcinj.com\/blog\/","name":"Lajme nga Ulqini","description":"Lajme,Vijesti,Ulqini,Ulqin,Crna Gora,Mali i Zi","potentialAction":[{"@type":"SearchAction","target":{"@type":"EntryPoint","urlTemplate":"https:\/\/www.visit-ulcinj.com\/blog\/?s={search_term_string}"},"query-input":"required name=search_term_string"}],"inLanguage":"en-US"},{"@type":"WebPage","@id":"https:\/\/www.visit-ulcinj.com\/blog\/2017\/03\/28\/shb-rumia-organizon-ecje-nga-tivari-deri-ne-brisk-e-krajes\/#webpage","url":"https:\/\/www.visit-ulcinj.com\/blog\/2017\/03\/28\/shb-rumia-organizon-ecje-nga-tivari-deri-ne-brisk-e-krajes\/","name":"SHB ''Rumia'' organizon ecje nga Tivari deri n\u00eb Brisk \u00eb Kraj\u00ebs - Lajme nga Ulqini","isPartOf":{"@id":"https:\/\/www.visit-ulcinj.com\/blog\/#website"},"datePublished":"2017-03-28T12:46:56+00:00","dateModified":"2017-03-28T12:46:56+00:00","author":{"@id":"https:\/\/www.visit-ulcinj.com\/blog\/#\/schema\/person\/dcab619c614d3038751c63bc2aadc06d"},"description":"SHB ''Rumia'' organizon ecje nga Tivari deri n\u00eb Brisk \u00eb Kraj\u00ebs ''Rrug\u00ebs s\u00eb t\u00eb mbijetuar\u00ebve t\u00eb Masakres s\u00eb Tivari'', k\u00ebshtu \u00ebsht\u00eb em\u00ebrtuar aktiviteti i","breadcrumb":{"@id":"https:\/\/www.visit-ulcinj.com\/blog\/2017\/03\/28\/shb-rumia-organizon-ecje-nga-tivari-deri-ne-brisk-e-krajes\/#breadcrumb"},"inLanguage":"en-US","potentialAction":[{"@type":"ReadAction","target":["https:\/\/www.visit-ulcinj.com\/blog\/2017\/03\/28\/shb-rumia-organizon-ecje-nga-tivari-deri-ne-brisk-e-krajes\/"]}]},{"@type":"BreadcrumbList","@id":"https:\/\/www.visit-ulcinj.com\/blog\/2017\/03\/28\/shb-rumia-organizon-ecje-nga-tivari-deri-ne-brisk-e-krajes\/#breadcrumb","itemListElement":[{"@type":"ListItem","position":1,"name":"SHB &#8221;Rumia&#8221; organizon ecje nga Tivari deri n\u00eb Brisk \u00eb Kraj\u00ebs"}]},{"@type":"Person","@id":"https:\/\/www.visit-ulcinj.com\/blog\/#\/schema\/person\/dcab619c614d3038751c63bc2aadc06d","name":"ulqini","sameAs":["http:\/\/www.visit-ulcinj.com"],"url":"https:\/\/www.visit-ulcinj.com\/blog\/author\/admin\/"}]}},"jetpack_featured_media_url":"","jetpack_sharing_enabled":true,"jetpack_shortlink":"https:\/\/wp.me\/pe6lTn-r0x","_links":{"self":[{"href":"https:\/\/www.visit-ulcinj.com\/blog\/wp-json\/wp\/v2\/posts\/103821"}],"collection":[{"href":"https:\/\/www.visit-ulcinj.com\/blog\/wp-json\/wp\/v2\/posts"}],"about":[{"href":"https:\/\/www.visit-ulcinj.com\/blog\/wp-json\/wp\/v2\/types\/post"}],"author":[{"embeddable":true,"href":"https:\/\/www.visit-ulcinj.com\/blog\/wp-json\/wp\/v2\/users\/1"}],"replies":[{"embeddable":true,"href":"https:\/\/www.visit-ulcinj.com\/blog\/wp-json\/wp\/v2\/comments?post=103821"}],"version-history":[{"count":1,"href":"https:\/\/www.visit-ulcinj.com\/blog\/wp-json\/wp\/v2\/posts\/103821\/revisions"}],"predecessor-version":[{"id":103823,"href":"https:\/\/www.visit-ulcinj.com\/blog\/wp-json\/wp\/v2\/posts\/103821\/revisions\/103823"}],"wp:attachment":[{"href":"https:\/\/www.visit-ulcinj.com\/blog\/wp-json\/wp\/v2\/media?parent=103821"}],"wp:term":[{"taxonomy":"category","embeddable":true,"href":"https:\/\/www.visit-ulcinj.com\/blog\/wp-json\/wp\/v2\/categories?post=103821"},{"taxonomy":"post_tag","embeddable":true,"href":"https:\/\/www.visit-ulcinj.com\/blog\/wp-json\/wp\/v2\/tags?post=103821"}],"curies":[{"name":"wp","href":"https:\/\/api.w.org\/{rel}","templated":true}]}}