{"id":103828,"date":"2017-03-28T17:29:29","date_gmt":"2017-03-28T16:29:29","guid":{"rendered":"http:\/\/www.visit-ulcinj.com\/blog\/?p=103828"},"modified":"2017-03-28T17:29:29","modified_gmt":"2017-03-28T16:29:29","slug":"na-ulcinjskoj-solani-cudesna-slika-jato-od-350-flamingosa","status":"publish","type":"post","link":"https:\/\/www.visit-ulcinj.com\/blog\/2017\/03\/28\/na-ulcinjskoj-solani-cudesna-slika-jato-od-350-flamingosa\/","title":{"rendered":"Na ulcinjskoj solani \u010dudesna slika &#8211; jato od 350 flamingosa"},"content":{"rendered":"<p><strong><a href=\"http:\/\/www.visit-ulcinj.com\/blog\/wp-content\/uploads\/2017\/03\/Na-ulcinjskoj-solani-350-flamingosa.jpg\"><img loading=\"lazy\" class=\"alignleft wp-image-103829\" src=\"http:\/\/www.visit-ulcinj.com\/blog\/wp-content\/uploads\/2017\/03\/Na-ulcinjskoj-solani-350-flamingosa.jpg\" alt=\"Na ulcinjskoj solani 350 flamingosa\" width=\"508\" height=\"150\" \/><\/a>Foto: <a id=\"js_i6o\" class=\"_hli\" href=\"https:\/\/www.facebook.com\/kalina.giel\" data-hovercard=\"\/ajax\/hovercard\/user.php?id=100000188119477\" data-hovercard-prefer-more-content-show=\"1\">Kalina Giel<\/a><\/strong><\/p>\n<p><strong>Zaposleni u Javnom preduze\u0107u za nacionalne parkove Crne Gore tokom redovnog monitoringa na Solani utvrdili su prethodnih dana da na tom podru\u010dju boravi preko 350 flamingosa.<\/strong><\/p>\n<p>Ta brojka znatno je ve\u0107a od one koja je registrovana po\u010detkom marta, kada ih je na Solani bilo oko 80, saop\u0161teno je iz NPCG.<\/p>\n<p>Navode da je prolje\u0107nja migracija jedinstvena prirodna pojava, a tokom ovih dana ljubitelji ptica na Solani mogu vidjeti jata koja broje po nekoliko hiljada jedinki &#8211; pataka, \u0161ljukarica, lasta, itd.<\/p>\n<p>&#8220;Da bi omogu\u0107ili pticama pogodnije uslove, kada je ishrana i eventualno gnije\u017e\u0111enje na Solani u pitanju, Javno preduze\u0107e za nacionalne parkove Crne Gore vodi ra\u010duna o tome da se re\u017eim vode na lokaciji jezero 2 i bazenima 18 i 19 odr\u017eava na nivou koji je potreban, imaju\u0107i u vidu da su na ovim mjestima pro\u0161le godine flamingosi po\u010deli gnije\u0111enje. Upravo je iz tog razloga 20. marta 2017. ura\u0111eno i probno uklju\u010divanje postrojenja \u0110erane, te je konstatovano da je isto ispravno i spremno za upumpavanje slane vode na prostor Solane&#8221;, navodi se u saop\u0161tenju.<\/p>\n<p><a href=\"http:\/\/www.visit-ulcinj.com\/blog\/wp-content\/uploads\/2017\/03\/Na-ulcinjskoj-solani-350-flamingosa-1.jpg\"><img loading=\"lazy\" class=\"alignleft wp-image-103830\" src=\"http:\/\/www.visit-ulcinj.com\/blog\/wp-content\/uploads\/2017\/03\/Na-ulcinjskoj-solani-350-flamingosa-1.jpg\" alt=\"Na ulcinjskoj solani 350 flamingosa-1\" width=\"508\" height=\"381\" srcset=\"https:\/\/www.visit-ulcinj.com\/blog\/wp-content\/uploads\/2017\/03\/Na-ulcinjskoj-solani-350-flamingosa-1.jpg 960w, https:\/\/www.visit-ulcinj.com\/blog\/wp-content\/uploads\/2017\/03\/Na-ulcinjskoj-solani-350-flamingosa-1-300x225.jpg 300w, https:\/\/www.visit-ulcinj.com\/blog\/wp-content\/uploads\/2017\/03\/Na-ulcinjskoj-solani-350-flamingosa-1-768x576.jpg 768w\" sizes=\"(max-width: 508px) 100vw, 508px\" \/><\/a><\/p>\n<p><strong>Foto: <a class=\"_hli\" href=\"https:\/\/www.facebook.com\/profile.php?id=100007959256776\" data-hovercard=\"\/ajax\/hovercard\/user.php?id=100007959256776\" data-hovercard-prefer-more-content-show=\"1\">Ulcinjska Solana<\/a><\/strong><\/p>\n<p>Tako\u0111e, iz NPCG su kazali da je zavr\u0161eno i \u010di\u0161\u0107enje solanskog kanala od razli\u010ditih vrsta otpada kako bi voda mogla nesmetano da proti\u010de od \u0110erana do Solane.<\/p>\n<p>Zato apeluju na gra\u0111ane da ne bacaju otpad u taj kanal i ne ispu\u0161taju otpadne vode kako bi u NPCG mogli kvalitetno da upravlja vodama ovog podru\u010dja.<\/p>\n<p>&#8220;Pumpa \u0110erane uklju\u010dena je u srijedu 22. marta i do danas je radila 144 \u010dasa, a na\u0161e ekipe prate situaciju na terenu, salinitet i u skladu sa tim organizuju rad pumpnih postrojenja&#8221;, podsje\u0107aju iz NPCG.<\/p>\n<p>Nacionalni parkovi Crne Gore upravljaju ulcinjskom Solanom ve\u0107 drugu godinu zaredom, nakon \u0161to je u avgustu 2016. produ\u017een Ugovor o jednogodi\u0161njem zakupu cjelokupne imovine privrednog dru\u0161tva AD Solana \u201eBajo Sekuli\u0107\u201c.<\/p>\n<p>Uhva\u0107eni u kra\u0111i kablova<\/p>\n<p>Radnici obezbje\u0111enja tokom 24 satas rade na za\u0161titi prostora Solane, a prethodnih dana zatekli su dvije osobe u poku\u0161aju nezakonitog otu\u0111ivanja kablova koji su imovina Solane, saop\u0161teno je iz NPCG.<\/p>\n<p>Osobe zate\u010dene na prostoru Solane predate su pripadnicima Uprave policije i nadle\u017enom tu\u017eiocu.<\/p>\n<p>Izvor: TVCG<\/p>\n","protected":false},"excerpt":{"rendered":"<p>Foto: Kalina Giel Zaposleni u Javnom preduze\u0107u za nacionalne parkove Crne Gore tokom redovnog monitoringa na Solani utvrdili su prethodnih dana da na tom podru\u010dju boravi preko 350 flamingosa. Ta brojka znatno je ve\u0107a od one koja je registrovana po\u010detkom marta, kada ih je na Solani bilo oko 80, saop\u0161teno je iz NPCG. Navode da [&hellip;]<\/p>\n","protected":false},"author":1,"featured_media":0,"comment_status":"closed","ping_status":"closed","sticky":false,"template":"","format":"standard","meta":{"spay_email":"","jetpack_publicize_message":"","jetpack_is_tweetstorm":false,"jetpack_publicize_feature_enabled":true},"categories":[6950],"tags":[],"jetpack_publicize_connections":[],"yoast_head":"<!-- This site is optimized with the Yoast SEO plugin v19.1 - https:\/\/yoast.com\/wordpress\/plugins\/seo\/ -->\n<title>Na ulcinjskoj solani \u010dudesna slika - jato od 350 flamingosa - Lajme nga Ulqini<\/title>\n<meta name=\"description\" content=\"Foto: Kalina Giel Zaposleni u Javnom preduze\u0107u za nacionalne parkove Crne Gore tokom redovnog monitoringa na Solani utvrdili su prethodnih dana da na tom\" \/>\n<meta name=\"robots\" content=\"index, follow, max-snippet:-1, max-image-preview:large, max-video-preview:-1\" \/>\n<link rel=\"canonical\" href=\"https:\/\/www.visit-ulcinj.com\/blog\/2017\/03\/28\/na-ulcinjskoj-solani-cudesna-slika-jato-od-350-flamingosa\/\" \/>\n<meta property=\"og:locale\" content=\"en_US\" \/>\n<meta property=\"og:type\" content=\"article\" \/>\n<meta property=\"og:title\" content=\"Na ulcinjskoj solani \u010dudesna slika - jato od 350 flamingosa - Lajme nga Ulqini\" \/>\n<meta property=\"og:description\" content=\"Foto: Kalina Giel Zaposleni u Javnom preduze\u0107u za nacionalne parkove Crne Gore tokom redovnog monitoringa na Solani utvrdili su prethodnih dana da na tom\" \/>\n<meta property=\"og:url\" content=\"https:\/\/www.visit-ulcinj.com\/blog\/2017\/03\/28\/na-ulcinjskoj-solani-cudesna-slika-jato-od-350-flamingosa\/\" \/>\n<meta property=\"og:site_name\" content=\"Lajme nga Ulqini\" \/>\n<meta property=\"article:published_time\" content=\"2017-03-28T16:29:29+00:00\" \/>\n<meta property=\"og:image\" content=\"http:\/\/www.visit-ulcinj.com\/blog\/wp-content\/uploads\/2017\/03\/Na-ulcinjskoj-solani-350-flamingosa.jpg\" \/>\n<meta name=\"twitter:label1\" content=\"Written by\" \/>\n\t<meta name=\"twitter:data1\" content=\"ulqini\" \/>\n\t<meta name=\"twitter:label2\" content=\"Est. reading time\" \/>\n\t<meta name=\"twitter:data2\" content=\"2 minutes\" \/>\n<script type=\"application\/ld+json\" class=\"yoast-schema-graph\">{\"@context\":\"https:\/\/schema.org\",\"@graph\":[{\"@type\":\"WebSite\",\"@id\":\"https:\/\/www.visit-ulcinj.com\/blog\/#website\",\"url\":\"https:\/\/www.visit-ulcinj.com\/blog\/\",\"name\":\"Lajme nga Ulqini\",\"description\":\"Lajme,Vijesti,Ulqini,Ulqin,Crna Gora,Mali i Zi\",\"potentialAction\":[{\"@type\":\"SearchAction\",\"target\":{\"@type\":\"EntryPoint\",\"urlTemplate\":\"https:\/\/www.visit-ulcinj.com\/blog\/?s={search_term_string}\"},\"query-input\":\"required name=search_term_string\"}],\"inLanguage\":\"en-US\"},{\"@type\":\"ImageObject\",\"inLanguage\":\"en-US\",\"@id\":\"https:\/\/www.visit-ulcinj.com\/blog\/2017\/03\/28\/na-ulcinjskoj-solani-cudesna-slika-jato-od-350-flamingosa\/#primaryimage\",\"url\":\"http:\/\/www.visit-ulcinj.com\/blog\/wp-content\/uploads\/2017\/03\/Na-ulcinjskoj-solani-350-flamingosa.jpg\",\"contentUrl\":\"http:\/\/www.visit-ulcinj.com\/blog\/wp-content\/uploads\/2017\/03\/Na-ulcinjskoj-solani-350-flamingosa.jpg\"},{\"@type\":\"WebPage\",\"@id\":\"https:\/\/www.visit-ulcinj.com\/blog\/2017\/03\/28\/na-ulcinjskoj-solani-cudesna-slika-jato-od-350-flamingosa\/#webpage\",\"url\":\"https:\/\/www.visit-ulcinj.com\/blog\/2017\/03\/28\/na-ulcinjskoj-solani-cudesna-slika-jato-od-350-flamingosa\/\",\"name\":\"Na ulcinjskoj solani \u010dudesna slika - jato od 350 flamingosa - Lajme nga Ulqini\",\"isPartOf\":{\"@id\":\"https:\/\/www.visit-ulcinj.com\/blog\/#website\"},\"primaryImageOfPage\":{\"@id\":\"https:\/\/www.visit-ulcinj.com\/blog\/2017\/03\/28\/na-ulcinjskoj-solani-cudesna-slika-jato-od-350-flamingosa\/#primaryimage\"},\"datePublished\":\"2017-03-28T16:29:29+00:00\",\"dateModified\":\"2017-03-28T16:29:29+00:00\",\"author\":{\"@id\":\"https:\/\/www.visit-ulcinj.com\/blog\/#\/schema\/person\/dcab619c614d3038751c63bc2aadc06d\"},\"description\":\"Foto: Kalina Giel Zaposleni u Javnom preduze\u0107u za nacionalne parkove Crne Gore tokom redovnog monitoringa na Solani utvrdili su prethodnih dana da na tom\",\"breadcrumb\":{\"@id\":\"https:\/\/www.visit-ulcinj.com\/blog\/2017\/03\/28\/na-ulcinjskoj-solani-cudesna-slika-jato-od-350-flamingosa\/#breadcrumb\"},\"inLanguage\":\"en-US\",\"potentialAction\":[{\"@type\":\"ReadAction\",\"target\":[\"https:\/\/www.visit-ulcinj.com\/blog\/2017\/03\/28\/na-ulcinjskoj-solani-cudesna-slika-jato-od-350-flamingosa\/\"]}]},{\"@type\":\"BreadcrumbList\",\"@id\":\"https:\/\/www.visit-ulcinj.com\/blog\/2017\/03\/28\/na-ulcinjskoj-solani-cudesna-slika-jato-od-350-flamingosa\/#breadcrumb\",\"itemListElement\":[{\"@type\":\"ListItem\",\"position\":1,\"name\":\"Na ulcinjskoj solani \u010dudesna slika &#8211; jato od 350 flamingosa\"}]},{\"@type\":\"Person\",\"@id\":\"https:\/\/www.visit-ulcinj.com\/blog\/#\/schema\/person\/dcab619c614d3038751c63bc2aadc06d\",\"name\":\"ulqini\",\"sameAs\":[\"http:\/\/www.visit-ulcinj.com\"],\"url\":\"https:\/\/www.visit-ulcinj.com\/blog\/author\/admin\/\"}]}<\/script>\n<!-- \/ Yoast SEO plugin. -->","yoast_head_json":{"title":"Na ulcinjskoj solani \u010dudesna slika - jato od 350 flamingosa - Lajme nga Ulqini","description":"Foto: Kalina Giel Zaposleni u Javnom preduze\u0107u za nacionalne parkove Crne Gore tokom redovnog monitoringa na Solani utvrdili su prethodnih dana da na tom","robots":{"index":"index","follow":"follow","max-snippet":"max-snippet:-1","max-image-preview":"max-image-preview:large","max-video-preview":"max-video-preview:-1"},"canonical":"https:\/\/www.visit-ulcinj.com\/blog\/2017\/03\/28\/na-ulcinjskoj-solani-cudesna-slika-jato-od-350-flamingosa\/","og_locale":"en_US","og_type":"article","og_title":"Na ulcinjskoj solani \u010dudesna slika - jato od 350 flamingosa - Lajme nga Ulqini","og_description":"Foto: Kalina Giel Zaposleni u Javnom preduze\u0107u za nacionalne parkove Crne Gore tokom redovnog monitoringa na Solani utvrdili su prethodnih dana da na tom","og_url":"https:\/\/www.visit-ulcinj.com\/blog\/2017\/03\/28\/na-ulcinjskoj-solani-cudesna-slika-jato-od-350-flamingosa\/","og_site_name":"Lajme nga Ulqini","article_published_time":"2017-03-28T16:29:29+00:00","og_image":[{"url":"http:\/\/www.visit-ulcinj.com\/blog\/wp-content\/uploads\/2017\/03\/Na-ulcinjskoj-solani-350-flamingosa.jpg"}],"twitter_misc":{"Written by":"ulqini","Est. reading time":"2 minutes"},"schema":{"@context":"https:\/\/schema.org","@graph":[{"@type":"WebSite","@id":"https:\/\/www.visit-ulcinj.com\/blog\/#website","url":"https:\/\/www.visit-ulcinj.com\/blog\/","name":"Lajme nga Ulqini","description":"Lajme,Vijesti,Ulqini,Ulqin,Crna Gora,Mali i Zi","potentialAction":[{"@type":"SearchAction","target":{"@type":"EntryPoint","urlTemplate":"https:\/\/www.visit-ulcinj.com\/blog\/?s={search_term_string}"},"query-input":"required name=search_term_string"}],"inLanguage":"en-US"},{"@type":"ImageObject","inLanguage":"en-US","@id":"https:\/\/www.visit-ulcinj.com\/blog\/2017\/03\/28\/na-ulcinjskoj-solani-cudesna-slika-jato-od-350-flamingosa\/#primaryimage","url":"http:\/\/www.visit-ulcinj.com\/blog\/wp-content\/uploads\/2017\/03\/Na-ulcinjskoj-solani-350-flamingosa.jpg","contentUrl":"http:\/\/www.visit-ulcinj.com\/blog\/wp-content\/uploads\/2017\/03\/Na-ulcinjskoj-solani-350-flamingosa.jpg"},{"@type":"WebPage","@id":"https:\/\/www.visit-ulcinj.com\/blog\/2017\/03\/28\/na-ulcinjskoj-solani-cudesna-slika-jato-od-350-flamingosa\/#webpage","url":"https:\/\/www.visit-ulcinj.com\/blog\/2017\/03\/28\/na-ulcinjskoj-solani-cudesna-slika-jato-od-350-flamingosa\/","name":"Na ulcinjskoj solani \u010dudesna slika - jato od 350 flamingosa - Lajme nga Ulqini","isPartOf":{"@id":"https:\/\/www.visit-ulcinj.com\/blog\/#website"},"primaryImageOfPage":{"@id":"https:\/\/www.visit-ulcinj.com\/blog\/2017\/03\/28\/na-ulcinjskoj-solani-cudesna-slika-jato-od-350-flamingosa\/#primaryimage"},"datePublished":"2017-03-28T16:29:29+00:00","dateModified":"2017-03-28T16:29:29+00:00","author":{"@id":"https:\/\/www.visit-ulcinj.com\/blog\/#\/schema\/person\/dcab619c614d3038751c63bc2aadc06d"},"description":"Foto: Kalina Giel Zaposleni u Javnom preduze\u0107u za nacionalne parkove Crne Gore tokom redovnog monitoringa na Solani utvrdili su prethodnih dana da na tom","breadcrumb":{"@id":"https:\/\/www.visit-ulcinj.com\/blog\/2017\/03\/28\/na-ulcinjskoj-solani-cudesna-slika-jato-od-350-flamingosa\/#breadcrumb"},"inLanguage":"en-US","potentialAction":[{"@type":"ReadAction","target":["https:\/\/www.visit-ulcinj.com\/blog\/2017\/03\/28\/na-ulcinjskoj-solani-cudesna-slika-jato-od-350-flamingosa\/"]}]},{"@type":"BreadcrumbList","@id":"https:\/\/www.visit-ulcinj.com\/blog\/2017\/03\/28\/na-ulcinjskoj-solani-cudesna-slika-jato-od-350-flamingosa\/#breadcrumb","itemListElement":[{"@type":"ListItem","position":1,"name":"Na ulcinjskoj solani \u010dudesna slika &#8211; jato od 350 flamingosa"}]},{"@type":"Person","@id":"https:\/\/www.visit-ulcinj.com\/blog\/#\/schema\/person\/dcab619c614d3038751c63bc2aadc06d","name":"ulqini","sameAs":["http:\/\/www.visit-ulcinj.com"],"url":"https:\/\/www.visit-ulcinj.com\/blog\/author\/admin\/"}]}},"jetpack_featured_media_url":"","jetpack_sharing_enabled":true,"jetpack_shortlink":"https:\/\/wp.me\/pe6lTn-r0E","_links":{"self":[{"href":"https:\/\/www.visit-ulcinj.com\/blog\/wp-json\/wp\/v2\/posts\/103828"}],"collection":[{"href":"https:\/\/www.visit-ulcinj.com\/blog\/wp-json\/wp\/v2\/posts"}],"about":[{"href":"https:\/\/www.visit-ulcinj.com\/blog\/wp-json\/wp\/v2\/types\/post"}],"author":[{"embeddable":true,"href":"https:\/\/www.visit-ulcinj.com\/blog\/wp-json\/wp\/v2\/users\/1"}],"replies":[{"embeddable":true,"href":"https:\/\/www.visit-ulcinj.com\/blog\/wp-json\/wp\/v2\/comments?post=103828"}],"version-history":[{"count":1,"href":"https:\/\/www.visit-ulcinj.com\/blog\/wp-json\/wp\/v2\/posts\/103828\/revisions"}],"predecessor-version":[{"id":103831,"href":"https:\/\/www.visit-ulcinj.com\/blog\/wp-json\/wp\/v2\/posts\/103828\/revisions\/103831"}],"wp:attachment":[{"href":"https:\/\/www.visit-ulcinj.com\/blog\/wp-json\/wp\/v2\/media?parent=103828"}],"wp:term":[{"taxonomy":"category","embeddable":true,"href":"https:\/\/www.visit-ulcinj.com\/blog\/wp-json\/wp\/v2\/categories?post=103828"},{"taxonomy":"post_tag","embeddable":true,"href":"https:\/\/www.visit-ulcinj.com\/blog\/wp-json\/wp\/v2\/tags?post=103828"}],"curies":[{"name":"wp","href":"https:\/\/api.w.org\/{rel}","templated":true}]}}