{"id":103854,"date":"2017-03-29T18:04:16","date_gmt":"2017-03-29T17:04:16","guid":{"rendered":"http:\/\/www.visit-ulcinj.com\/blog\/?p=103854"},"modified":"2017-03-29T18:04:16","modified_gmt":"2017-03-29T17:04:16","slug":"kryelajmi-eshte-se-gjuha-shqipe-jete-gjuhe-zyrtare-ne-mal-te-zi","status":"publish","type":"post","link":"https:\/\/www.visit-ulcinj.com\/blog\/2017\/03\/29\/kryelajmi-eshte-se-gjuha-shqipe-jete-gjuhe-zyrtare-ne-mal-te-zi\/","title":{"rendered":"Kryelajmi \u00ebsht\u00eb se gjuha shqipe do jet\u00eb gjuh\u00eb zyrtare n\u00eb Mal t\u00eb Zi"},"content":{"rendered":"<p><strong><a href=\"http:\/\/www.visit-ulcinj.com\/blog\/wp-content\/uploads\/2017\/03\/mal-i-zi.jpg\"><img loading=\"lazy\" class=\"alignleft wp-image-103855 size-full\" src=\"http:\/\/www.visit-ulcinj.com\/blog\/wp-content\/uploads\/2017\/03\/mal-i-zi.jpg\" alt=\"mal-i-zi\" width=\"508\" height=\"423\" srcset=\"https:\/\/www.visit-ulcinj.com\/blog\/wp-content\/uploads\/2017\/03\/mal-i-zi.jpg 508w, https:\/\/www.visit-ulcinj.com\/blog\/wp-content\/uploads\/2017\/03\/mal-i-zi-300x250.jpg 300w\" sizes=\"(max-width: 508px) 100vw, 508px\" \/><\/a>Gjuha shqipe tani zyrtare n\u00eb: Podgoric\u00eb, Ulqin, Tivar, Plav\u00eb, Rozhaj\u00eb dhe Tuz<\/strong><\/p>\n<p><strong>Sipas autoriteteve malazeze gjuha shqipe p\u00ebrve\u00e7 n\u00eb Ulqin, Tuz dhe Plav\u00eb me ligjin e ri zyrtarizohet tani edhe n\u00eb Rozhaj\u00eb, Podgoric\u00eb dhe Tivar. Kjo p\u00ebrb\u00ebn nj\u00eb hap t\u00eb madh n\u00eb drejtim t\u00eb avansimit t\u00eb drejtave t\u00eb shqiptar\u00ebve n\u00eb Mal t\u00eb Zi.<\/strong><\/p>\n<p>Ndryshimi i ligjit mbi t\u00eb drejtat dhe lirit\u00eb e pakicave n\u00eb Mal t\u00eb Zi, parashikon zyrtarizimin e gjuh\u00ebs s\u00eb pakicave n\u00eb t\u00eb gjitha komunat ku ato p\u00ebrb\u00ebjn\u00eb 5% t\u00eb popullsis\u00eb, raporton Fakte.<\/p>\n<p>Sipas autoriteteve malazeze gjuha shqipe p\u00ebrve\u00e7 n\u00eb Ulqin, Tuz dhe Plav\u00eb me ligjin e ri zyrtarizohet tani edhe n\u00eb Rozhaj\u00eb, Podgoric\u00eb dhe Tivar. Kjo p\u00ebrb\u00ebn nj\u00eb hap t\u00eb madh n\u00eb drejtim t\u00eb avansimit t\u00eb drejtave t\u00eb shqiptar\u00ebve n\u00eb Mal t\u00eb Zi.<\/p>\n<p><strong>Lajmi.net<\/strong><\/p>\n","protected":false},"excerpt":{"rendered":"<p>Gjuha shqipe tani zyrtare n\u00eb: Podgoric\u00eb, Ulqin, Tivar, Plav\u00eb, Rozhaj\u00eb dhe Tuz Sipas autoriteteve malazeze gjuha shqipe p\u00ebrve\u00e7 n\u00eb Ulqin, Tuz dhe Plav\u00eb me ligjin e ri zyrtarizohet tani edhe n\u00eb Rozhaj\u00eb, Podgoric\u00eb dhe Tivar. Kjo p\u00ebrb\u00ebn nj\u00eb hap t\u00eb madh n\u00eb drejtim t\u00eb avansimit t\u00eb drejtave t\u00eb shqiptar\u00ebve n\u00eb Mal t\u00eb Zi. Ndryshimi i [&hellip;]<\/p>\n","protected":false},"author":1,"featured_media":0,"comment_status":"closed","ping_status":"closed","sticky":false,"template":"","format":"standard","meta":{"spay_email":"","jetpack_publicize_message":"","jetpack_is_tweetstorm":false,"jetpack_publicize_feature_enabled":true},"categories":[13],"tags":[],"jetpack_publicize_connections":[],"yoast_head":"<!-- This site is optimized with the Yoast SEO plugin v19.1 - https:\/\/yoast.com\/wordpress\/plugins\/seo\/ -->\n<title>Kryelajmi \u00ebsht\u00eb se gjuha shqipe do jet\u00eb gjuh\u00eb zyrtare n\u00eb Mal t\u00eb Zi - Lajme nga Ulqini<\/title>\n<meta name=\"description\" content=\"Gjuha shqipe tani zyrtare n\u00eb: Podgoric\u00eb, Ulqin, Tivar, Plav\u00eb, Rozhaj\u00eb dhe Tuz Sipas autoriteteve malazeze gjuha shqipe p\u00ebrve\u00e7 n\u00eb Ulqin, Tuz dhe Plav\u00eb me\" \/>\n<meta name=\"robots\" content=\"index, follow, max-snippet:-1, max-image-preview:large, max-video-preview:-1\" \/>\n<link rel=\"canonical\" href=\"https:\/\/www.visit-ulcinj.com\/blog\/2017\/03\/29\/kryelajmi-eshte-se-gjuha-shqipe-jete-gjuhe-zyrtare-ne-mal-te-zi\/\" \/>\n<meta property=\"og:locale\" content=\"en_US\" \/>\n<meta property=\"og:type\" content=\"article\" \/>\n<meta property=\"og:title\" content=\"Kryelajmi \u00ebsht\u00eb se gjuha shqipe do jet\u00eb gjuh\u00eb zyrtare n\u00eb Mal t\u00eb Zi - Lajme nga Ulqini\" \/>\n<meta property=\"og:description\" content=\"Gjuha shqipe tani zyrtare n\u00eb: Podgoric\u00eb, Ulqin, Tivar, Plav\u00eb, Rozhaj\u00eb dhe Tuz Sipas autoriteteve malazeze gjuha shqipe p\u00ebrve\u00e7 n\u00eb Ulqin, Tuz dhe Plav\u00eb me\" \/>\n<meta property=\"og:url\" content=\"https:\/\/www.visit-ulcinj.com\/blog\/2017\/03\/29\/kryelajmi-eshte-se-gjuha-shqipe-jete-gjuhe-zyrtare-ne-mal-te-zi\/\" \/>\n<meta property=\"og:site_name\" content=\"Lajme nga Ulqini\" \/>\n<meta property=\"article:published_time\" content=\"2017-03-29T17:04:16+00:00\" \/>\n<meta property=\"og:image\" content=\"http:\/\/www.visit-ulcinj.com\/blog\/wp-content\/uploads\/2017\/03\/mal-i-zi.jpg\" \/>\n<meta name=\"twitter:label1\" content=\"Written by\" \/>\n\t<meta name=\"twitter:data1\" content=\"ulqini\" \/>\n\t<meta name=\"twitter:label2\" content=\"Est. reading time\" \/>\n\t<meta name=\"twitter:data2\" content=\"1 minute\" \/>\n<script type=\"application\/ld+json\" class=\"yoast-schema-graph\">{\"@context\":\"https:\/\/schema.org\",\"@graph\":[{\"@type\":\"WebSite\",\"@id\":\"https:\/\/www.visit-ulcinj.com\/blog\/#website\",\"url\":\"https:\/\/www.visit-ulcinj.com\/blog\/\",\"name\":\"Lajme nga Ulqini\",\"description\":\"Lajme,Vijesti,Ulqini,Ulqin,Crna Gora,Mali i Zi\",\"potentialAction\":[{\"@type\":\"SearchAction\",\"target\":{\"@type\":\"EntryPoint\",\"urlTemplate\":\"https:\/\/www.visit-ulcinj.com\/blog\/?s={search_term_string}\"},\"query-input\":\"required name=search_term_string\"}],\"inLanguage\":\"en-US\"},{\"@type\":\"ImageObject\",\"inLanguage\":\"en-US\",\"@id\":\"https:\/\/www.visit-ulcinj.com\/blog\/2017\/03\/29\/kryelajmi-eshte-se-gjuha-shqipe-jete-gjuhe-zyrtare-ne-mal-te-zi\/#primaryimage\",\"url\":\"https:\/\/www.visit-ulcinj.com\/blog\/wp-content\/uploads\/2017\/03\/mal-i-zi.jpg\",\"contentUrl\":\"https:\/\/www.visit-ulcinj.com\/blog\/wp-content\/uploads\/2017\/03\/mal-i-zi.jpg\",\"width\":508,\"height\":423},{\"@type\":\"WebPage\",\"@id\":\"https:\/\/www.visit-ulcinj.com\/blog\/2017\/03\/29\/kryelajmi-eshte-se-gjuha-shqipe-jete-gjuhe-zyrtare-ne-mal-te-zi\/#webpage\",\"url\":\"https:\/\/www.visit-ulcinj.com\/blog\/2017\/03\/29\/kryelajmi-eshte-se-gjuha-shqipe-jete-gjuhe-zyrtare-ne-mal-te-zi\/\",\"name\":\"Kryelajmi \u00ebsht\u00eb se gjuha shqipe do jet\u00eb gjuh\u00eb zyrtare n\u00eb Mal t\u00eb Zi - Lajme nga Ulqini\",\"isPartOf\":{\"@id\":\"https:\/\/www.visit-ulcinj.com\/blog\/#website\"},\"primaryImageOfPage\":{\"@id\":\"https:\/\/www.visit-ulcinj.com\/blog\/2017\/03\/29\/kryelajmi-eshte-se-gjuha-shqipe-jete-gjuhe-zyrtare-ne-mal-te-zi\/#primaryimage\"},\"datePublished\":\"2017-03-29T17:04:16+00:00\",\"dateModified\":\"2017-03-29T17:04:16+00:00\",\"author\":{\"@id\":\"https:\/\/www.visit-ulcinj.com\/blog\/#\/schema\/person\/dcab619c614d3038751c63bc2aadc06d\"},\"description\":\"Gjuha shqipe tani zyrtare n\u00eb: Podgoric\u00eb, Ulqin, Tivar, Plav\u00eb, Rozhaj\u00eb dhe Tuz Sipas autoriteteve malazeze gjuha shqipe p\u00ebrve\u00e7 n\u00eb Ulqin, Tuz dhe Plav\u00eb me\",\"breadcrumb\":{\"@id\":\"https:\/\/www.visit-ulcinj.com\/blog\/2017\/03\/29\/kryelajmi-eshte-se-gjuha-shqipe-jete-gjuhe-zyrtare-ne-mal-te-zi\/#breadcrumb\"},\"inLanguage\":\"en-US\",\"potentialAction\":[{\"@type\":\"ReadAction\",\"target\":[\"https:\/\/www.visit-ulcinj.com\/blog\/2017\/03\/29\/kryelajmi-eshte-se-gjuha-shqipe-jete-gjuhe-zyrtare-ne-mal-te-zi\/\"]}]},{\"@type\":\"BreadcrumbList\",\"@id\":\"https:\/\/www.visit-ulcinj.com\/blog\/2017\/03\/29\/kryelajmi-eshte-se-gjuha-shqipe-jete-gjuhe-zyrtare-ne-mal-te-zi\/#breadcrumb\",\"itemListElement\":[{\"@type\":\"ListItem\",\"position\":1,\"name\":\"Kryelajmi \u00ebsht\u00eb se gjuha shqipe do jet\u00eb gjuh\u00eb zyrtare n\u00eb Mal t\u00eb Zi\"}]},{\"@type\":\"Person\",\"@id\":\"https:\/\/www.visit-ulcinj.com\/blog\/#\/schema\/person\/dcab619c614d3038751c63bc2aadc06d\",\"name\":\"ulqini\",\"sameAs\":[\"http:\/\/www.visit-ulcinj.com\"],\"url\":\"https:\/\/www.visit-ulcinj.com\/blog\/author\/admin\/\"}]}<\/script>\n<!-- \/ Yoast SEO plugin. -->","yoast_head_json":{"title":"Kryelajmi \u00ebsht\u00eb se gjuha shqipe do jet\u00eb gjuh\u00eb zyrtare n\u00eb Mal t\u00eb Zi - Lajme nga Ulqini","description":"Gjuha shqipe tani zyrtare n\u00eb: Podgoric\u00eb, Ulqin, Tivar, Plav\u00eb, Rozhaj\u00eb dhe Tuz Sipas autoriteteve malazeze gjuha shqipe p\u00ebrve\u00e7 n\u00eb Ulqin, Tuz dhe Plav\u00eb me","robots":{"index":"index","follow":"follow","max-snippet":"max-snippet:-1","max-image-preview":"max-image-preview:large","max-video-preview":"max-video-preview:-1"},"canonical":"https:\/\/www.visit-ulcinj.com\/blog\/2017\/03\/29\/kryelajmi-eshte-se-gjuha-shqipe-jete-gjuhe-zyrtare-ne-mal-te-zi\/","og_locale":"en_US","og_type":"article","og_title":"Kryelajmi \u00ebsht\u00eb se gjuha shqipe do jet\u00eb gjuh\u00eb zyrtare n\u00eb Mal t\u00eb Zi - Lajme nga Ulqini","og_description":"Gjuha shqipe tani zyrtare n\u00eb: Podgoric\u00eb, Ulqin, Tivar, Plav\u00eb, Rozhaj\u00eb dhe Tuz Sipas autoriteteve malazeze gjuha shqipe p\u00ebrve\u00e7 n\u00eb Ulqin, Tuz dhe Plav\u00eb me","og_url":"https:\/\/www.visit-ulcinj.com\/blog\/2017\/03\/29\/kryelajmi-eshte-se-gjuha-shqipe-jete-gjuhe-zyrtare-ne-mal-te-zi\/","og_site_name":"Lajme nga Ulqini","article_published_time":"2017-03-29T17:04:16+00:00","og_image":[{"url":"http:\/\/www.visit-ulcinj.com\/blog\/wp-content\/uploads\/2017\/03\/mal-i-zi.jpg"}],"twitter_misc":{"Written by":"ulqini","Est. reading time":"1 minute"},"schema":{"@context":"https:\/\/schema.org","@graph":[{"@type":"WebSite","@id":"https:\/\/www.visit-ulcinj.com\/blog\/#website","url":"https:\/\/www.visit-ulcinj.com\/blog\/","name":"Lajme nga Ulqini","description":"Lajme,Vijesti,Ulqini,Ulqin,Crna Gora,Mali i Zi","potentialAction":[{"@type":"SearchAction","target":{"@type":"EntryPoint","urlTemplate":"https:\/\/www.visit-ulcinj.com\/blog\/?s={search_term_string}"},"query-input":"required name=search_term_string"}],"inLanguage":"en-US"},{"@type":"ImageObject","inLanguage":"en-US","@id":"https:\/\/www.visit-ulcinj.com\/blog\/2017\/03\/29\/kryelajmi-eshte-se-gjuha-shqipe-jete-gjuhe-zyrtare-ne-mal-te-zi\/#primaryimage","url":"https:\/\/www.visit-ulcinj.com\/blog\/wp-content\/uploads\/2017\/03\/mal-i-zi.jpg","contentUrl":"https:\/\/www.visit-ulcinj.com\/blog\/wp-content\/uploads\/2017\/03\/mal-i-zi.jpg","width":508,"height":423},{"@type":"WebPage","@id":"https:\/\/www.visit-ulcinj.com\/blog\/2017\/03\/29\/kryelajmi-eshte-se-gjuha-shqipe-jete-gjuhe-zyrtare-ne-mal-te-zi\/#webpage","url":"https:\/\/www.visit-ulcinj.com\/blog\/2017\/03\/29\/kryelajmi-eshte-se-gjuha-shqipe-jete-gjuhe-zyrtare-ne-mal-te-zi\/","name":"Kryelajmi \u00ebsht\u00eb se gjuha shqipe do jet\u00eb gjuh\u00eb zyrtare n\u00eb Mal t\u00eb Zi - Lajme nga Ulqini","isPartOf":{"@id":"https:\/\/www.visit-ulcinj.com\/blog\/#website"},"primaryImageOfPage":{"@id":"https:\/\/www.visit-ulcinj.com\/blog\/2017\/03\/29\/kryelajmi-eshte-se-gjuha-shqipe-jete-gjuhe-zyrtare-ne-mal-te-zi\/#primaryimage"},"datePublished":"2017-03-29T17:04:16+00:00","dateModified":"2017-03-29T17:04:16+00:00","author":{"@id":"https:\/\/www.visit-ulcinj.com\/blog\/#\/schema\/person\/dcab619c614d3038751c63bc2aadc06d"},"description":"Gjuha shqipe tani zyrtare n\u00eb: Podgoric\u00eb, Ulqin, Tivar, Plav\u00eb, Rozhaj\u00eb dhe Tuz Sipas autoriteteve malazeze gjuha shqipe p\u00ebrve\u00e7 n\u00eb Ulqin, Tuz dhe Plav\u00eb me","breadcrumb":{"@id":"https:\/\/www.visit-ulcinj.com\/blog\/2017\/03\/29\/kryelajmi-eshte-se-gjuha-shqipe-jete-gjuhe-zyrtare-ne-mal-te-zi\/#breadcrumb"},"inLanguage":"en-US","potentialAction":[{"@type":"ReadAction","target":["https:\/\/www.visit-ulcinj.com\/blog\/2017\/03\/29\/kryelajmi-eshte-se-gjuha-shqipe-jete-gjuhe-zyrtare-ne-mal-te-zi\/"]}]},{"@type":"BreadcrumbList","@id":"https:\/\/www.visit-ulcinj.com\/blog\/2017\/03\/29\/kryelajmi-eshte-se-gjuha-shqipe-jete-gjuhe-zyrtare-ne-mal-te-zi\/#breadcrumb","itemListElement":[{"@type":"ListItem","position":1,"name":"Kryelajmi \u00ebsht\u00eb se gjuha shqipe do jet\u00eb gjuh\u00eb zyrtare n\u00eb Mal t\u00eb Zi"}]},{"@type":"Person","@id":"https:\/\/www.visit-ulcinj.com\/blog\/#\/schema\/person\/dcab619c614d3038751c63bc2aadc06d","name":"ulqini","sameAs":["http:\/\/www.visit-ulcinj.com"],"url":"https:\/\/www.visit-ulcinj.com\/blog\/author\/admin\/"}]}},"jetpack_featured_media_url":"","jetpack_sharing_enabled":true,"jetpack_shortlink":"https:\/\/wp.me\/pe6lTn-r14","_links":{"self":[{"href":"https:\/\/www.visit-ulcinj.com\/blog\/wp-json\/wp\/v2\/posts\/103854"}],"collection":[{"href":"https:\/\/www.visit-ulcinj.com\/blog\/wp-json\/wp\/v2\/posts"}],"about":[{"href":"https:\/\/www.visit-ulcinj.com\/blog\/wp-json\/wp\/v2\/types\/post"}],"author":[{"embeddable":true,"href":"https:\/\/www.visit-ulcinj.com\/blog\/wp-json\/wp\/v2\/users\/1"}],"replies":[{"embeddable":true,"href":"https:\/\/www.visit-ulcinj.com\/blog\/wp-json\/wp\/v2\/comments?post=103854"}],"version-history":[{"count":1,"href":"https:\/\/www.visit-ulcinj.com\/blog\/wp-json\/wp\/v2\/posts\/103854\/revisions"}],"predecessor-version":[{"id":103856,"href":"https:\/\/www.visit-ulcinj.com\/blog\/wp-json\/wp\/v2\/posts\/103854\/revisions\/103856"}],"wp:attachment":[{"href":"https:\/\/www.visit-ulcinj.com\/blog\/wp-json\/wp\/v2\/media?parent=103854"}],"wp:term":[{"taxonomy":"category","embeddable":true,"href":"https:\/\/www.visit-ulcinj.com\/blog\/wp-json\/wp\/v2\/categories?post=103854"},{"taxonomy":"post_tag","embeddable":true,"href":"https:\/\/www.visit-ulcinj.com\/blog\/wp-json\/wp\/v2\/tags?post=103854"}],"curies":[{"name":"wp","href":"https:\/\/api.w.org\/{rel}","templated":true}]}}