{"id":103857,"date":"2017-03-29T18:09:46","date_gmt":"2017-03-29T17:09:46","guid":{"rendered":"http:\/\/www.visit-ulcinj.com\/blog\/?p=103857"},"modified":"2017-03-29T18:09:46","modified_gmt":"2017-03-29T17:09:46","slug":"shba-te-ratifikojne-anetaresimin-e-malit-te-zi-ne-nato","status":"publish","type":"post","link":"https:\/\/www.visit-ulcinj.com\/blog\/2017\/03\/29\/shba-te-ratifikojne-anetaresimin-e-malit-te-zi-ne-nato\/","title":{"rendered":"ShBA-t\u00eb ratifikojn\u00eb an\u00ebtar\u00ebsimin e Malit t\u00eb Zi n\u00eb NATO"},"content":{"rendered":"<p><strong><a href=\"http:\/\/www.visit-ulcinj.com\/blog\/wp-content\/uploads\/2017\/03\/Mali-Zi-NATO.jpg\"><img loading=\"lazy\" class=\"alignleft wp-image-103858\" src=\"http:\/\/www.visit-ulcinj.com\/blog\/wp-content\/uploads\/2017\/03\/Mali-Zi-NATO.jpg\" alt=\"Mali Zi-NATO\" width=\"508\" height=\"343\" srcset=\"https:\/\/www.visit-ulcinj.com\/blog\/wp-content\/uploads\/2017\/03\/Mali-Zi-NATO.jpg 900w, https:\/\/www.visit-ulcinj.com\/blog\/wp-content\/uploads\/2017\/03\/Mali-Zi-NATO-300x202.jpg 300w, https:\/\/www.visit-ulcinj.com\/blog\/wp-content\/uploads\/2017\/03\/Mali-Zi-NATO-768x518.jpg 768w\" sizes=\"(max-width: 508px) 100vw, 508px\" \/><\/a>Pas kap\u00ebrcimit t\u00eb penges\u00ebs proceduriale, q\u00eb kishte mbajtur peng votimin&#8230;.<\/strong><\/p>\n<div id=\"body_vest\" class=\"panel-pane pane-entity-field pane-node-body body_vest\">\n<div class=\"pane-content\">\n<div class=\"field field-name-body field-type-text-with-summary field-label-hidden\">\n<div class=\"field-items\">\n<div class=\"field-item even\">\n<p>Pas kap\u00ebrcimit t\u00eb penges\u00ebs proceduriale, q\u00eb kishte mbajtur peng votimin, Senati amerikan e mb\u00ebshteti me nj\u00eb shumic\u00eb t\u00eb qart\u00eb votash an\u00ebtar\u00ebsimin e Malit t\u00eb Zi n\u00eb NATO, me shpres\u00eb se po d\u00ebrgon n\u00eb k\u00ebt\u00eb m\u00ebnyr\u00eb mesazhin q\u00eb Shtetet e Bashkuara do t\u2019i kund\u00ebrvihen p\u00ebrpjekjeve t\u00eb Rusis\u00eb p\u00ebr t\u00eb shtuar ndikimin e saj n\u00eb Europ\u00eb.<\/p>\n<p>Nisma tani pret firm\u00ebn e presidentit, Donald Trump, si hap i fundit p\u00ebr ratifikimin e an\u00ebtar\u00ebsimit nga ana e Amerik\u00ebs.<\/p>\n<p>Plot 97 senator\u00eb votuan n\u00eb favor t\u00eb an\u00ebtar\u00ebsimit t\u00eb Malit t\u00eb Zi, nd\u00ebrsa dy ishin kund\u00ebr. Ratifikimi k\u00ebrkonte dy t\u00eb tretat e votave t\u00eb 100 an\u00ebtar\u00ebve t\u00eb Senatit. \u201cKjo \u00ebsht\u00eb m\u00eb shum\u00eb sesa \u00e7\u00ebshtje e an\u00ebtar\u00ebsimit apo jo t\u00eb nj\u00eb kombi me 650 mij\u00eb banor\u00eb. Kjo \u00ebsht\u00eb nj\u00eb prov\u00eb n\u00eb gar\u00ebn, n\u00eb t\u00eb cil\u00ebn jemi p\u00ebrfshir\u00eb me presidentin rus, Vladimir Putin\u201d,- tha senatori, John McCain.<\/p>\n<p>Administrata e Trumpit e ka mb\u00ebshtetur an\u00ebtar\u00ebsimin e vendit t\u00eb vog\u00ebl ballkanik, ndon\u00ebse gjat\u00eb fushat\u00ebs p\u00ebr presidencialet e n\u00ebntorit ai u shfaq kritik ndaj an\u00ebtar\u00ebve t\u00eb Aleanc\u00ebs ushtarake, me argumentin se kishin d\u00ebshtuar t\u00eb paguanin detyrimet e tyre. Por, si president, ai tani premton mb\u00ebshtetje p\u00ebr NATO-n.<\/p>\n<p>Zinxhirin e zhvillimeve q\u00eb entuziazmojn\u00eb Podgoric\u00ebn e nisi sekretari i Shtetit, Rex Tillerson, me letr\u00ebn e d\u00ebrguar Senatit m\u00eb her\u00ebt gjat\u00eb muajit, ku i k\u00ebrkonte miratimin e traktatit para takimit t\u00eb lart\u00eb t\u00eb NATO-s n\u00eb muajin maj, n\u00eb t\u00eb cilin do t\u00eb marrin pjes\u00eb president\u00ebt dhe kryeministrat e vendeve an\u00ebtare.<\/p>\n<p><strong>Radio E Maqedonis\u00eb 1<\/strong><\/p>\n<\/div>\n<\/div>\n<\/div>\n<\/div>\n<\/div>\n","protected":false},"excerpt":{"rendered":"<p>Pas kap\u00ebrcimit t\u00eb penges\u00ebs proceduriale, q\u00eb kishte mbajtur peng votimin&#8230;. Pas kap\u00ebrcimit t\u00eb penges\u00ebs proceduriale, q\u00eb kishte mbajtur peng votimin, Senati amerikan e mb\u00ebshteti me nj\u00eb shumic\u00eb t\u00eb qart\u00eb votash an\u00ebtar\u00ebsimin e Malit t\u00eb Zi n\u00eb NATO, me shpres\u00eb se po d\u00ebrgon n\u00eb k\u00ebt\u00eb m\u00ebnyr\u00eb mesazhin q\u00eb Shtetet e Bashkuara do t\u2019i kund\u00ebrvihen p\u00ebrpjekjeve t\u00eb [&hellip;]<\/p>\n","protected":false},"author":1,"featured_media":0,"comment_status":"closed","ping_status":"closed","sticky":false,"template":"","format":"standard","meta":{"spay_email":"","jetpack_publicize_message":"","jetpack_is_tweetstorm":false,"jetpack_publicize_feature_enabled":true},"categories":[6950],"tags":[],"jetpack_publicize_connections":[],"yoast_head":"<!-- This site is optimized with the Yoast SEO plugin v19.1 - https:\/\/yoast.com\/wordpress\/plugins\/seo\/ -->\n<title>ShBA-t\u00eb ratifikojn\u00eb an\u00ebtar\u00ebsimin e Malit t\u00eb Zi n\u00eb NATO - Lajme nga Ulqini<\/title>\n<meta name=\"description\" content=\"Pas kap\u00ebrcimit t\u00eb penges\u00ebs proceduriale, q\u00eb kishte mbajtur peng votimin.... Pas kap\u00ebrcimit t\u00eb penges\u00ebs proceduriale, q\u00eb kishte mbajtur peng votimin,\" \/>\n<meta name=\"robots\" content=\"index, follow, max-snippet:-1, max-image-preview:large, max-video-preview:-1\" \/>\n<link rel=\"canonical\" href=\"https:\/\/www.visit-ulcinj.com\/blog\/2017\/03\/29\/shba-te-ratifikojne-anetaresimin-e-malit-te-zi-ne-nato\/\" \/>\n<meta property=\"og:locale\" content=\"en_US\" \/>\n<meta property=\"og:type\" content=\"article\" \/>\n<meta property=\"og:title\" content=\"ShBA-t\u00eb ratifikojn\u00eb an\u00ebtar\u00ebsimin e Malit t\u00eb Zi n\u00eb NATO - Lajme nga Ulqini\" \/>\n<meta property=\"og:description\" content=\"Pas kap\u00ebrcimit t\u00eb penges\u00ebs proceduriale, q\u00eb kishte mbajtur peng votimin.... Pas kap\u00ebrcimit t\u00eb penges\u00ebs proceduriale, q\u00eb kishte mbajtur peng votimin,\" \/>\n<meta property=\"og:url\" content=\"https:\/\/www.visit-ulcinj.com\/blog\/2017\/03\/29\/shba-te-ratifikojne-anetaresimin-e-malit-te-zi-ne-nato\/\" \/>\n<meta property=\"og:site_name\" content=\"Lajme nga Ulqini\" \/>\n<meta property=\"article:published_time\" content=\"2017-03-29T17:09:46+00:00\" \/>\n<meta property=\"og:image\" content=\"http:\/\/www.visit-ulcinj.com\/blog\/wp-content\/uploads\/2017\/03\/Mali-Zi-NATO.jpg\" \/>\n<meta name=\"twitter:label1\" content=\"Written by\" \/>\n\t<meta name=\"twitter:data1\" content=\"ulqini\" \/>\n\t<meta name=\"twitter:label2\" content=\"Est. reading time\" \/>\n\t<meta name=\"twitter:data2\" content=\"1 minute\" \/>\n<script type=\"application\/ld+json\" class=\"yoast-schema-graph\">{\"@context\":\"https:\/\/schema.org\",\"@graph\":[{\"@type\":\"WebSite\",\"@id\":\"https:\/\/www.visit-ulcinj.com\/blog\/#website\",\"url\":\"https:\/\/www.visit-ulcinj.com\/blog\/\",\"name\":\"Lajme nga Ulqini\",\"description\":\"Lajme,Vijesti,Ulqini,Ulqin,Crna Gora,Mali i Zi\",\"potentialAction\":[{\"@type\":\"SearchAction\",\"target\":{\"@type\":\"EntryPoint\",\"urlTemplate\":\"https:\/\/www.visit-ulcinj.com\/blog\/?s={search_term_string}\"},\"query-input\":\"required name=search_term_string\"}],\"inLanguage\":\"en-US\"},{\"@type\":\"ImageObject\",\"inLanguage\":\"en-US\",\"@id\":\"https:\/\/www.visit-ulcinj.com\/blog\/2017\/03\/29\/shba-te-ratifikojne-anetaresimin-e-malit-te-zi-ne-nato\/#primaryimage\",\"url\":\"https:\/\/www.visit-ulcinj.com\/blog\/wp-content\/uploads\/2017\/03\/Mali-Zi-NATO.jpg\",\"contentUrl\":\"https:\/\/www.visit-ulcinj.com\/blog\/wp-content\/uploads\/2017\/03\/Mali-Zi-NATO.jpg\",\"width\":900,\"height\":607},{\"@type\":\"WebPage\",\"@id\":\"https:\/\/www.visit-ulcinj.com\/blog\/2017\/03\/29\/shba-te-ratifikojne-anetaresimin-e-malit-te-zi-ne-nato\/#webpage\",\"url\":\"https:\/\/www.visit-ulcinj.com\/blog\/2017\/03\/29\/shba-te-ratifikojne-anetaresimin-e-malit-te-zi-ne-nato\/\",\"name\":\"ShBA-t\u00eb ratifikojn\u00eb an\u00ebtar\u00ebsimin e Malit t\u00eb Zi n\u00eb NATO - Lajme nga Ulqini\",\"isPartOf\":{\"@id\":\"https:\/\/www.visit-ulcinj.com\/blog\/#website\"},\"primaryImageOfPage\":{\"@id\":\"https:\/\/www.visit-ulcinj.com\/blog\/2017\/03\/29\/shba-te-ratifikojne-anetaresimin-e-malit-te-zi-ne-nato\/#primaryimage\"},\"datePublished\":\"2017-03-29T17:09:46+00:00\",\"dateModified\":\"2017-03-29T17:09:46+00:00\",\"author\":{\"@id\":\"https:\/\/www.visit-ulcinj.com\/blog\/#\/schema\/person\/dcab619c614d3038751c63bc2aadc06d\"},\"description\":\"Pas kap\u00ebrcimit t\u00eb penges\u00ebs proceduriale, q\u00eb kishte mbajtur peng votimin.... Pas kap\u00ebrcimit t\u00eb penges\u00ebs proceduriale, q\u00eb kishte mbajtur peng votimin,\",\"breadcrumb\":{\"@id\":\"https:\/\/www.visit-ulcinj.com\/blog\/2017\/03\/29\/shba-te-ratifikojne-anetaresimin-e-malit-te-zi-ne-nato\/#breadcrumb\"},\"inLanguage\":\"en-US\",\"potentialAction\":[{\"@type\":\"ReadAction\",\"target\":[\"https:\/\/www.visit-ulcinj.com\/blog\/2017\/03\/29\/shba-te-ratifikojne-anetaresimin-e-malit-te-zi-ne-nato\/\"]}]},{\"@type\":\"BreadcrumbList\",\"@id\":\"https:\/\/www.visit-ulcinj.com\/blog\/2017\/03\/29\/shba-te-ratifikojne-anetaresimin-e-malit-te-zi-ne-nato\/#breadcrumb\",\"itemListElement\":[{\"@type\":\"ListItem\",\"position\":1,\"name\":\"ShBA-t\u00eb ratifikojn\u00eb an\u00ebtar\u00ebsimin e Malit t\u00eb Zi n\u00eb NATO\"}]},{\"@type\":\"Person\",\"@id\":\"https:\/\/www.visit-ulcinj.com\/blog\/#\/schema\/person\/dcab619c614d3038751c63bc2aadc06d\",\"name\":\"ulqini\",\"sameAs\":[\"http:\/\/www.visit-ulcinj.com\"],\"url\":\"https:\/\/www.visit-ulcinj.com\/blog\/author\/admin\/\"}]}<\/script>\n<!-- \/ Yoast SEO plugin. -->","yoast_head_json":{"title":"ShBA-t\u00eb ratifikojn\u00eb an\u00ebtar\u00ebsimin e Malit t\u00eb Zi n\u00eb NATO - Lajme nga Ulqini","description":"Pas kap\u00ebrcimit t\u00eb penges\u00ebs proceduriale, q\u00eb kishte mbajtur peng votimin.... Pas kap\u00ebrcimit t\u00eb penges\u00ebs proceduriale, q\u00eb kishte mbajtur peng votimin,","robots":{"index":"index","follow":"follow","max-snippet":"max-snippet:-1","max-image-preview":"max-image-preview:large","max-video-preview":"max-video-preview:-1"},"canonical":"https:\/\/www.visit-ulcinj.com\/blog\/2017\/03\/29\/shba-te-ratifikojne-anetaresimin-e-malit-te-zi-ne-nato\/","og_locale":"en_US","og_type":"article","og_title":"ShBA-t\u00eb ratifikojn\u00eb an\u00ebtar\u00ebsimin e Malit t\u00eb Zi n\u00eb NATO - Lajme nga Ulqini","og_description":"Pas kap\u00ebrcimit t\u00eb penges\u00ebs proceduriale, q\u00eb kishte mbajtur peng votimin.... Pas kap\u00ebrcimit t\u00eb penges\u00ebs proceduriale, q\u00eb kishte mbajtur peng votimin,","og_url":"https:\/\/www.visit-ulcinj.com\/blog\/2017\/03\/29\/shba-te-ratifikojne-anetaresimin-e-malit-te-zi-ne-nato\/","og_site_name":"Lajme nga Ulqini","article_published_time":"2017-03-29T17:09:46+00:00","og_image":[{"url":"http:\/\/www.visit-ulcinj.com\/blog\/wp-content\/uploads\/2017\/03\/Mali-Zi-NATO.jpg"}],"twitter_misc":{"Written by":"ulqini","Est. reading time":"1 minute"},"schema":{"@context":"https:\/\/schema.org","@graph":[{"@type":"WebSite","@id":"https:\/\/www.visit-ulcinj.com\/blog\/#website","url":"https:\/\/www.visit-ulcinj.com\/blog\/","name":"Lajme nga Ulqini","description":"Lajme,Vijesti,Ulqini,Ulqin,Crna Gora,Mali i Zi","potentialAction":[{"@type":"SearchAction","target":{"@type":"EntryPoint","urlTemplate":"https:\/\/www.visit-ulcinj.com\/blog\/?s={search_term_string}"},"query-input":"required name=search_term_string"}],"inLanguage":"en-US"},{"@type":"ImageObject","inLanguage":"en-US","@id":"https:\/\/www.visit-ulcinj.com\/blog\/2017\/03\/29\/shba-te-ratifikojne-anetaresimin-e-malit-te-zi-ne-nato\/#primaryimage","url":"https:\/\/www.visit-ulcinj.com\/blog\/wp-content\/uploads\/2017\/03\/Mali-Zi-NATO.jpg","contentUrl":"https:\/\/www.visit-ulcinj.com\/blog\/wp-content\/uploads\/2017\/03\/Mali-Zi-NATO.jpg","width":900,"height":607},{"@type":"WebPage","@id":"https:\/\/www.visit-ulcinj.com\/blog\/2017\/03\/29\/shba-te-ratifikojne-anetaresimin-e-malit-te-zi-ne-nato\/#webpage","url":"https:\/\/www.visit-ulcinj.com\/blog\/2017\/03\/29\/shba-te-ratifikojne-anetaresimin-e-malit-te-zi-ne-nato\/","name":"ShBA-t\u00eb ratifikojn\u00eb an\u00ebtar\u00ebsimin e Malit t\u00eb Zi n\u00eb NATO - Lajme nga Ulqini","isPartOf":{"@id":"https:\/\/www.visit-ulcinj.com\/blog\/#website"},"primaryImageOfPage":{"@id":"https:\/\/www.visit-ulcinj.com\/blog\/2017\/03\/29\/shba-te-ratifikojne-anetaresimin-e-malit-te-zi-ne-nato\/#primaryimage"},"datePublished":"2017-03-29T17:09:46+00:00","dateModified":"2017-03-29T17:09:46+00:00","author":{"@id":"https:\/\/www.visit-ulcinj.com\/blog\/#\/schema\/person\/dcab619c614d3038751c63bc2aadc06d"},"description":"Pas kap\u00ebrcimit t\u00eb penges\u00ebs proceduriale, q\u00eb kishte mbajtur peng votimin.... Pas kap\u00ebrcimit t\u00eb penges\u00ebs proceduriale, q\u00eb kishte mbajtur peng votimin,","breadcrumb":{"@id":"https:\/\/www.visit-ulcinj.com\/blog\/2017\/03\/29\/shba-te-ratifikojne-anetaresimin-e-malit-te-zi-ne-nato\/#breadcrumb"},"inLanguage":"en-US","potentialAction":[{"@type":"ReadAction","target":["https:\/\/www.visit-ulcinj.com\/blog\/2017\/03\/29\/shba-te-ratifikojne-anetaresimin-e-malit-te-zi-ne-nato\/"]}]},{"@type":"BreadcrumbList","@id":"https:\/\/www.visit-ulcinj.com\/blog\/2017\/03\/29\/shba-te-ratifikojne-anetaresimin-e-malit-te-zi-ne-nato\/#breadcrumb","itemListElement":[{"@type":"ListItem","position":1,"name":"ShBA-t\u00eb ratifikojn\u00eb an\u00ebtar\u00ebsimin e Malit t\u00eb Zi n\u00eb NATO"}]},{"@type":"Person","@id":"https:\/\/www.visit-ulcinj.com\/blog\/#\/schema\/person\/dcab619c614d3038751c63bc2aadc06d","name":"ulqini","sameAs":["http:\/\/www.visit-ulcinj.com"],"url":"https:\/\/www.visit-ulcinj.com\/blog\/author\/admin\/"}]}},"jetpack_featured_media_url":"","jetpack_sharing_enabled":true,"jetpack_shortlink":"https:\/\/wp.me\/pe6lTn-r17","_links":{"self":[{"href":"https:\/\/www.visit-ulcinj.com\/blog\/wp-json\/wp\/v2\/posts\/103857"}],"collection":[{"href":"https:\/\/www.visit-ulcinj.com\/blog\/wp-json\/wp\/v2\/posts"}],"about":[{"href":"https:\/\/www.visit-ulcinj.com\/blog\/wp-json\/wp\/v2\/types\/post"}],"author":[{"embeddable":true,"href":"https:\/\/www.visit-ulcinj.com\/blog\/wp-json\/wp\/v2\/users\/1"}],"replies":[{"embeddable":true,"href":"https:\/\/www.visit-ulcinj.com\/blog\/wp-json\/wp\/v2\/comments?post=103857"}],"version-history":[{"count":1,"href":"https:\/\/www.visit-ulcinj.com\/blog\/wp-json\/wp\/v2\/posts\/103857\/revisions"}],"predecessor-version":[{"id":103859,"href":"https:\/\/www.visit-ulcinj.com\/blog\/wp-json\/wp\/v2\/posts\/103857\/revisions\/103859"}],"wp:attachment":[{"href":"https:\/\/www.visit-ulcinj.com\/blog\/wp-json\/wp\/v2\/media?parent=103857"}],"wp:term":[{"taxonomy":"category","embeddable":true,"href":"https:\/\/www.visit-ulcinj.com\/blog\/wp-json\/wp\/v2\/categories?post=103857"},{"taxonomy":"post_tag","embeddable":true,"href":"https:\/\/www.visit-ulcinj.com\/blog\/wp-json\/wp\/v2\/tags?post=103857"}],"curies":[{"name":"wp","href":"https:\/\/api.w.org\/{rel}","templated":true}]}}